{"id":16790,"date":"2021-07-22T16:13:10","date_gmt":"2021-07-22T04:13:10","guid":{"rendered":"https:\/\/www.greenpeace.org\/aotearoa\/?p=16790"},"modified":"2025-05-20T14:08:48","modified_gmt":"2025-05-20T02:08:48","slug":"cyclists-are-people-like-you-on-bikes","status":"publish","type":"post","link":"https:\/\/www.greenpeace.org\/aotearoa\/story\/cyclists-are-people-like-you-on-bikes\/","title":{"rendered":"Cyclists are people like you, on bikes"},"content":{"rendered":"\n<p>Something strange has happened to the perception of cyclists and cycling in the more than 200 years they\u2019ve been around. Once a novelty, bike riding has moved from being a critical transport mode to a children\u2019s pastime to now being popularly perceived as an <a href=\"https:\/\/www.salon.com\/2011\/12\/04\/are_urban_bicyclists_just_elite_snobs\/\">elitist activity<\/a>.<\/p>\n\n<p>This was readily apparent after the recent \u201cliberate the lane\u201d protest on Auckland\u2019s harbour bridge. Cyclists who broke a police barrier and rode onto the motorway were <a href=\"https:\/\/www.nzherald.co.nz\/nz\/teuila-fuatai-harbour-bridge-cycling-debate-spotlights-aucklands-infrastructure-tug-of-war\/XQOVWBEV4JQ52736BKHMYAOTLU\/\">variously described<\/a> as privileged, white, entitled and, yes, elitist.<\/p>\n\n<p>Ask most people what a cyclist looks like and they\u2019ll more than likely conjure an image of the stereotypical rider \u2013 decked out head to toe in lycra, absurd aerodynamic helmet, wraparound sunglasses and, of course, a futuristic bike capable of slicing through the headwinds.<\/p>\n\n<p>But that image owes much more to marketing than reality. In the 1960s and 1970s, the market was full of cheap and reliable steel ten-speed bikes. These were fantastic commuters with minimal sex appeal. At that time, the stereotypical cyclist was just an average person.<\/p>\n\n<p>Then the 1980s welcomed the newly invented mountain bike and the cycling world splintered into different camps. Road cyclists split into high-speed racing, triathlon and long-distance sub-tribes. Along the way, marketing and business were eager to sell more and more specialised gear.<\/p>\n\n<p>But mainstream cyclists have always been there, wearing everyday clothing, obeying the rules of the road and riding modest bicycles. Their averageness has contributed to their invisibility. For this mainstream, however, one thing always remained constant: cycling is cheap.<\/p>\n\n<h2 class=\"wp-block-heading\" id=\"h-low-cost-and-affordable\">Low cost and affordable<\/h2>\n\n<p>Cars are costly to own, especially compared to a bicycle. Thanks to the meticulous research of New Zealander John Meekings, we can directly compare those costs. Tracking his expenses from initial purchase for ten years and across 100,000km, he calculated the <a href=\"https:\/\/can.org.nz\/article\/bicycle-running-costs\">total cost<\/a> of owning and operating his bike was about 4 cents\/km.<\/p>\n\n<p>Logically, for cycling to be an elitist transport mode, the cost of car ownership would have to be considerably lower. So, is it? The Automobile Association did the maths using a very moderately priced NZ$26,600 car (we\u2019re in Suzuki Swift territory here).<\/p>\n\n<hr class=\"wp-block-separator has-css-opacity\"\/>\n\n<p><em><strong>Read more: <a href=\"https:\/\/theconversation.com\/ten-reasons-why-we-should-all-love-cyclists-76755\">Ten reasons why we should all love cyclists<\/a><\/strong><\/em><\/p>\n\n<hr class=\"wp-block-separator has-css-opacity\"\/>\n\n<p>Taking into account variable and fixed costs, with an average annual driving distance of 14,000km, the <a href=\"https:\/\/www.aa.co.nz\/cars\/motoring-blog\/vehicle-ownership-costs-more-than-just-the-purchase-price\/\">cost of ownership<\/a> was $21 per day. That works out to about 54 cents\/km, or more than 13 times the cost of bicycle ownership.<\/p>\n\n<p>At this difference, there is more than enough money left over for the average cyclist to buy a full lycra suit with all the accoutrements and still spend vastly less than what a typical driver pays.<\/p>\n\n<p>Better yet, cyclists could extend their mobility with an e-bike, which makes cycling accessible to a large proportion of the population. Even the most expensive e-bike is a fraction of the price of a new car, not counting the <a href=\"https:\/\/www.vtpi.org\/tca\/tca01.pdf\">unpriced environmental costs<\/a> of car ownership. A good e-bike costs less than the credit available under the government\u2019s electric vehicle \u201c<a href=\"https:\/\/www.nzherald.co.nz\/nz\/the-feebate-govt-confirms-rebates-for-buyers-of-electric-cars-but-petrol-car-buyers-will-cop-it\/TEJ3V5CF72YFTT5NPQTOWJ3AAE\/\">feebate<\/a>\u201d scheme.<\/p>\n\n<h2 class=\"wp-block-heading\" id=\"h-equitable-and-egalitarian\">Equitable and egalitarian<\/h2>\n\n<p>Cycling is far more widespread than we often think. <a href=\"https:\/\/at.govt.nz\/media\/1977266\/tra_at_activemodes_publicrelease-1.pdf\">More than 50% of Aucklanders own a bike,<\/a> and many use that bike quite frequently. Cyclists in Auckland hail from every corner of the city, not just from the wealthiest enclaves.<\/p>\n\n<p>Bikes are also an accessible and often vital transport mode for minority populations. Contrary to the accusation cycling is predominantly white and middle-class, for example, recent research indicates it\u2019s just as common among M\u0101ori as with P\u0101keh\u0101 \u2014 though <a href=\"https:\/\/onlinelibrary.wiley.com\/doi\/abs\/10.1111\/nzg.12280\">M\u0101ori may be more reliant<\/a> on the bicycle.<\/p>\n\n<p>Rather than being elitist, then, cycling is perhaps one of the most equitable forms of transport.<\/p>\n\n<p>Certainly, Auckland\u2019s proposed <a href=\"https:\/\/www.rnz.co.nz\/news\/national\/444079\/auckland-harbour-cycle-and-pedestrian-bridge-facing-criticism-from-both-sides\">$780 million bicycle and pedestrian bridge<\/a> does little to reduce the elitist image, but it is also <a href=\"https:\/\/www.stuff.co.nz\/business\/opinion-analysis\/300333655\/i-should-be-a-fan-of-aucklands-proposed-cycle-and-pedestrian-bridge--but-im-not\">not what cycling activists were demanding<\/a>.<\/p>\n\n<p>Contrary to the elitist stereotyping, cyclists aren\u2019t asking for gold-plated cycleways and separate infrastructure. They do want a fair share of the country\u2019s existing road network set aside as a relatively safe place to commute \u2014 <a href=\"https:\/\/www.nzherald.co.nz\/hawkes-bay-today\/news\/gavin-scoble-all-have-the-right-to-be-on-the-road-even-cyclists\/7UFCVWMFQ4O3EDSJ5DNVALBJFQ\/\">space for which they have paid<\/a> through taxes and rates.<\/p>\n\n<p>Even the most extravagantly lycra-clad cyclist, let alone the humble everyday pedal pusher, spends less on getting around than the most frugal motorist. By any such measure, if riders on cycleways are elitists, then so are pedestrians on footpaths.<\/p>\n\n<hr class=\"wp-block-separator has-css-opacity\"\/>\n\n<p><a href=\"https:\/\/theconversation.com\/profiles\/timothy-welch-1252494\">Timothy Welch<\/a>, Senior Lecturer in Urban Planning, <em><a href=\"https:\/\/theconversation.com\/institutions\/university-of-auckland-1305\">University of Auckland<\/a><\/em><\/p>\n\n<p>This article is republished from <a href=\"https:\/\/theconversation.com\">The Conversation<\/a> under a Creative Commons license. Read the <a href=\"https:\/\/theconversation.com\/why-calling-ordinary-kiwi-cyclists-elitist-just-doesnt-add-up-164856\">original article<\/a>.<\/p>\n\n<p class=\"has-beige-100-background-color has-background has-medium-font-size\">This article\u00a0is a guest post and doesn&#8217;t necessarily represent the views of Greenpeace.<\/p>\n","protected":false},"excerpt":{"rendered":"<p>Something strange has happened to the perception of cyclists and cycling in the more than 200 years they\u2019ve been around. Once a novelty, bike riding has moved from being a&hellip;<\/p>\n","protected":false},"author":6,"featured_media":49898,"comment_status":"open","ping_status":"closed","sticky":false,"template":"","format":"standard","meta":{"_planet4_optimize_post_is_variant":false,"_planet4_optimize_experiment_name":"","_planet4_optimize_variant_name":"","ep_exclude_from_search":false,"p4_og_title":"","p4_og_description":"","p4_og_image":"","p4_og_image_id":"","p4_seo_canonical_url":"","p4_campaign_name":"not set","p4_local_project":"not set","p4_basket_name":"not set","p4_department":"","footnotes":""},"categories":[10],"tags":[29],"p4-page-type":[6],"class_list":["post-16790","post","type-post","status-publish","format-standard","has-post-thumbnail","hentry","category-greenpeace","tag-clean-energy","p4-page-type-story"],"yoast_head":"<!-- This site is optimized with the Yoast SEO Premium plugin v26.8 (Yoast SEO v26.8) - https:\/\/yoast.com\/product\/yoast-seo-premium-wordpress\/ -->\n<title>Cyclists are people like you, on bikes<\/title>\n<meta name=\"robots\" content=\"index, follow, max-snippet:-1, max-image-preview:large, max-video-preview:-1\" \/>\n<link rel=\"canonical\" href=\"https:\/\/www.greenpeace.org\/aotearoa\/story\/cyclists-are-people-like-you-on-bikes\/\" \/>\n<meta property=\"og:locale\" content=\"en_US\" \/>\n<meta property=\"og:type\" content=\"article\" \/>\n<meta property=\"og:title\" content=\"Cyclists are people like you, on bikes\" \/>\n<meta property=\"og:description\" content=\"Something strange has happened to the perception of cyclists and cycling in the more than 200 years they\u2019ve been around. Once a novelty, bike riding has moved from being a&hellip;\" \/>\n<meta property=\"og:url\" content=\"https:\/\/www.greenpeace.org\/aotearoa\/story\/cyclists-are-people-like-you-on-bikes\/\" \/>\n<meta property=\"og:site_name\" content=\"Greenpeace Aotearoa\" \/>\n<meta property=\"article:publisher\" content=\"https:\/\/www.facebook.com\/greenpeace.nz\" \/>\n<meta property=\"article:published_time\" content=\"2021-07-22T04:13:10+00:00\" \/>\n<meta property=\"article:modified_time\" content=\"2025-05-20T02:08:48+00:00\" \/>\n<meta property=\"og:image\" content=\"https:\/\/www.greenpeace.org\/static\/planet4-aotearoa-stateless\/2021\/11\/2f281f40-thant-zin-oo-ulawim4isaw-unsplash-scaled.jpg\" \/>\n\t<meta property=\"og:image:width\" content=\"2560\" \/>\n\t<meta property=\"og:image:height\" content=\"1920\" \/>\n\t<meta property=\"og:image:type\" content=\"image\/jpeg\" \/>\n<meta name=\"author\" content=\"Nick Young\" \/>\n<meta name=\"twitter:card\" content=\"summary_large_image\" \/>\n<meta name=\"twitter:creator\" content=\"@GreenpeaceNZ\" \/>\n<meta name=\"twitter:site\" content=\"@GreenpeaceNZ\" \/>\n<meta name=\"twitter:label1\" content=\"Written by\" \/>\n\t<meta name=\"twitter:data1\" content=\"Nick Young\" \/>\n\t<meta name=\"twitter:label2\" content=\"Est. reading time\" \/>\n\t<meta name=\"twitter:data2\" content=\"4 minutes\" \/>\n<script type=\"application\/ld+json\" class=\"yoast-schema-graph\">{\"@context\":\"https:\/\/schema.org\",\"@graph\":[{\"@type\":\"Article\",\"@id\":\"https:\/\/www.greenpeace.org\/aotearoa\/story\/cyclists-are-people-like-you-on-bikes\/#article\",\"isPartOf\":{\"@id\":\"https:\/\/www.greenpeace.org\/aotearoa\/story\/cyclists-are-people-like-you-on-bikes\/\"},\"author\":{\"name\":\"Nick Young\",\"@id\":\"https:\/\/www.greenpeace.org\/aotearoa\/#\/schema\/person\/cd74b3cb7be5f23213b8b83730534221\"},\"headline\":\"Cyclists are people like you, on bikes\",\"datePublished\":\"2021-07-22T04:13:10+00:00\",\"dateModified\":\"2025-05-20T02:08:48+00:00\",\"mainEntityOfPage\":{\"@id\":\"https:\/\/www.greenpeace.org\/aotearoa\/story\/cyclists-are-people-like-you-on-bikes\/\"},\"wordCount\":754,\"commentCount\":0,\"image\":{\"@id\":\"https:\/\/www.greenpeace.org\/aotearoa\/story\/cyclists-are-people-like-you-on-bikes\/#primaryimage\"},\"thumbnailUrl\":\"https:\/\/www.greenpeace.org\/static\/planet4-aotearoa-stateless\/2021\/11\/2f281f40-thant-zin-oo-ulawim4isaw-unsplash-scaled.jpg\",\"keywords\":[\"Clean Energy\"],\"articleSection\":[\"Greenpeace\"],\"inLanguage\":\"en-US\",\"potentialAction\":[{\"@type\":\"CommentAction\",\"name\":\"Comment\",\"target\":[\"https:\/\/www.greenpeace.org\/aotearoa\/story\/cyclists-are-people-like-you-on-bikes\/#respond\"]}]},{\"@type\":\"WebPage\",\"@id\":\"https:\/\/www.greenpeace.org\/aotearoa\/story\/cyclists-are-people-like-you-on-bikes\/\",\"url\":\"https:\/\/www.greenpeace.org\/aotearoa\/story\/cyclists-are-people-like-you-on-bikes\/\",\"name\":\"Cyclists are people like you, on bikes\",\"isPartOf\":{\"@id\":\"https:\/\/www.greenpeace.org\/aotearoa\/#website\"},\"primaryImageOfPage\":{\"@id\":\"https:\/\/www.greenpeace.org\/aotearoa\/story\/cyclists-are-people-like-you-on-bikes\/#primaryimage\"},\"image\":{\"@id\":\"https:\/\/www.greenpeace.org\/aotearoa\/story\/cyclists-are-people-like-you-on-bikes\/#primaryimage\"},\"thumbnailUrl\":\"https:\/\/www.greenpeace.org\/static\/planet4-aotearoa-stateless\/2021\/11\/2f281f40-thant-zin-oo-ulawim4isaw-unsplash-scaled.jpg\",\"datePublished\":\"2021-07-22T04:13:10+00:00\",\"dateModified\":\"2025-05-20T02:08:48+00:00\",\"author\":{\"@id\":\"https:\/\/www.greenpeace.org\/aotearoa\/#\/schema\/person\/cd74b3cb7be5f23213b8b83730534221\"},\"breadcrumb\":{\"@id\":\"https:\/\/www.greenpeace.org\/aotearoa\/story\/cyclists-are-people-like-you-on-bikes\/#breadcrumb\"},\"inLanguage\":\"en-US\",\"potentialAction\":[{\"@type\":\"ReadAction\",\"target\":[\"https:\/\/www.greenpeace.org\/aotearoa\/story\/cyclists-are-people-like-you-on-bikes\/\"]}]},{\"@type\":\"ImageObject\",\"inLanguage\":\"en-US\",\"@id\":\"https:\/\/www.greenpeace.org\/aotearoa\/story\/cyclists-are-people-like-you-on-bikes\/#primaryimage\",\"url\":\"https:\/\/www.greenpeace.org\/static\/planet4-aotearoa-stateless\/2021\/11\/2f281f40-thant-zin-oo-ulawim4isaw-unsplash-scaled.jpg\",\"contentUrl\":\"https:\/\/www.greenpeace.org\/static\/planet4-aotearoa-stateless\/2021\/11\/2f281f40-thant-zin-oo-ulawim4isaw-unsplash-scaled.jpg\",\"width\":2560,\"height\":1920,\"caption\":\"Auckland bike lane\"},{\"@type\":\"BreadcrumbList\",\"@id\":\"https:\/\/www.greenpeace.org\/aotearoa\/story\/cyclists-are-people-like-you-on-bikes\/#breadcrumb\",\"itemListElement\":[{\"@type\":\"ListItem\",\"position\":1,\"name\":\"Home\",\"item\":\"http:\/\/www.greenpeace.org\/aotearoa\/\"},{\"@type\":\"ListItem\",\"position\":2,\"name\":\"Cyclists are people like you, on bikes\"}]},{\"@type\":\"WebSite\",\"@id\":\"https:\/\/www.greenpeace.org\/aotearoa\/#website\",\"url\":\"https:\/\/www.greenpeace.org\/aotearoa\/\",\"name\":\"Greenpeace Aotearoa\",\"description\":\"Our mission is to ensure Earth\u2019s ability to nurture life in all its diversity.\",\"potentialAction\":[{\"@type\":\"SearchAction\",\"target\":{\"@type\":\"EntryPoint\",\"urlTemplate\":\"https:\/\/www.greenpeace.org\/aotearoa\/?s={search_term_string}\"},\"query-input\":{\"@type\":\"PropertyValueSpecification\",\"valueRequired\":true,\"valueName\":\"search_term_string\"}}],\"inLanguage\":\"en-US\"},{\"@type\":\"Person\",\"@id\":\"https:\/\/www.greenpeace.org\/aotearoa\/#\/schema\/person\/cd74b3cb7be5f23213b8b83730534221\",\"name\":\"Nick Young\",\"image\":{\"@type\":\"ImageObject\",\"inLanguage\":\"en-US\",\"@id\":\"https:\/\/www.greenpeace.org\/aotearoa\/#\/schema\/person\/image\/\",\"url\":\"https:\/\/lh3.googleusercontent.com\/a\/ACg8ocJXAN_-aMrfD7T6ibEnGzjWzprHxw_WFoPiQQUe__I7aSNfu5_q=s96-c\",\"contentUrl\":\"https:\/\/lh3.googleusercontent.com\/a\/ACg8ocJXAN_-aMrfD7T6ibEnGzjWzprHxw_WFoPiQQUe__I7aSNfu5_q=s96-c\",\"caption\":\"Nick Young\"},\"description\":\"I've been doing digital at Greenpeace since before Facebook. Now the head of communications at Greenpeace Aotearoa. Follow me on Bluesky or Threads\",\"sameAs\":[\"https:\/\/www.greenpeace.org.nz\"],\"url\":\"https:\/\/www.greenpeace.org\/aotearoa\/author\/nyoung\/\"}]}<\/script>\n<!-- \/ Yoast SEO Premium plugin. -->","yoast_head_json":{"title":"Cyclists are people like you, on bikes","robots":{"index":"index","follow":"follow","max-snippet":"max-snippet:-1","max-image-preview":"max-image-preview:large","max-video-preview":"max-video-preview:-1"},"canonical":"https:\/\/www.greenpeace.org\/aotearoa\/story\/cyclists-are-people-like-you-on-bikes\/","og_locale":"en_US","og_type":"article","og_title":"Cyclists are people like you, on bikes","og_description":"Something strange has happened to the perception of cyclists and cycling in the more than 200 years they\u2019ve been around. Once a novelty, bike riding has moved from being a&hellip;","og_url":"https:\/\/www.greenpeace.org\/aotearoa\/story\/cyclists-are-people-like-you-on-bikes\/","og_site_name":"Greenpeace Aotearoa","article_publisher":"https:\/\/www.facebook.com\/greenpeace.nz","article_published_time":"2021-07-22T04:13:10+00:00","article_modified_time":"2025-05-20T02:08:48+00:00","og_image":[{"width":2560,"height":1920,"url":"https:\/\/www.greenpeace.org\/static\/planet4-aotearoa-stateless\/2021\/11\/2f281f40-thant-zin-oo-ulawim4isaw-unsplash-scaled.jpg","type":"image\/jpeg"}],"author":"Nick Young","twitter_card":"summary_large_image","twitter_creator":"@GreenpeaceNZ","twitter_site":"@GreenpeaceNZ","twitter_misc":{"Written by":"Nick Young","Est. reading time":"4 minutes"},"schema":{"@context":"https:\/\/schema.org","@graph":[{"@type":"Article","@id":"https:\/\/www.greenpeace.org\/aotearoa\/story\/cyclists-are-people-like-you-on-bikes\/#article","isPartOf":{"@id":"https:\/\/www.greenpeace.org\/aotearoa\/story\/cyclists-are-people-like-you-on-bikes\/"},"author":{"name":"Nick Young","@id":"https:\/\/www.greenpeace.org\/aotearoa\/#\/schema\/person\/cd74b3cb7be5f23213b8b83730534221"},"headline":"Cyclists are people like you, on bikes","datePublished":"2021-07-22T04:13:10+00:00","dateModified":"2025-05-20T02:08:48+00:00","mainEntityOfPage":{"@id":"https:\/\/www.greenpeace.org\/aotearoa\/story\/cyclists-are-people-like-you-on-bikes\/"},"wordCount":754,"commentCount":0,"image":{"@id":"https:\/\/www.greenpeace.org\/aotearoa\/story\/cyclists-are-people-like-you-on-bikes\/#primaryimage"},"thumbnailUrl":"https:\/\/www.greenpeace.org\/static\/planet4-aotearoa-stateless\/2021\/11\/2f281f40-thant-zin-oo-ulawim4isaw-unsplash-scaled.jpg","keywords":["Clean Energy"],"articleSection":["Greenpeace"],"inLanguage":"en-US","potentialAction":[{"@type":"CommentAction","name":"Comment","target":["https:\/\/www.greenpeace.org\/aotearoa\/story\/cyclists-are-people-like-you-on-bikes\/#respond"]}]},{"@type":"WebPage","@id":"https:\/\/www.greenpeace.org\/aotearoa\/story\/cyclists-are-people-like-you-on-bikes\/","url":"https:\/\/www.greenpeace.org\/aotearoa\/story\/cyclists-are-people-like-you-on-bikes\/","name":"Cyclists are people like you, on bikes","isPartOf":{"@id":"https:\/\/www.greenpeace.org\/aotearoa\/#website"},"primaryImageOfPage":{"@id":"https:\/\/www.greenpeace.org\/aotearoa\/story\/cyclists-are-people-like-you-on-bikes\/#primaryimage"},"image":{"@id":"https:\/\/www.greenpeace.org\/aotearoa\/story\/cyclists-are-people-like-you-on-bikes\/#primaryimage"},"thumbnailUrl":"https:\/\/www.greenpeace.org\/static\/planet4-aotearoa-stateless\/2021\/11\/2f281f40-thant-zin-oo-ulawim4isaw-unsplash-scaled.jpg","datePublished":"2021-07-22T04:13:10+00:00","dateModified":"2025-05-20T02:08:48+00:00","author":{"@id":"https:\/\/www.greenpeace.org\/aotearoa\/#\/schema\/person\/cd74b3cb7be5f23213b8b83730534221"},"breadcrumb":{"@id":"https:\/\/www.greenpeace.org\/aotearoa\/story\/cyclists-are-people-like-you-on-bikes\/#breadcrumb"},"inLanguage":"en-US","potentialAction":[{"@type":"ReadAction","target":["https:\/\/www.greenpeace.org\/aotearoa\/story\/cyclists-are-people-like-you-on-bikes\/"]}]},{"@type":"ImageObject","inLanguage":"en-US","@id":"https:\/\/www.greenpeace.org\/aotearoa\/story\/cyclists-are-people-like-you-on-bikes\/#primaryimage","url":"https:\/\/www.greenpeace.org\/static\/planet4-aotearoa-stateless\/2021\/11\/2f281f40-thant-zin-oo-ulawim4isaw-unsplash-scaled.jpg","contentUrl":"https:\/\/www.greenpeace.org\/static\/planet4-aotearoa-stateless\/2021\/11\/2f281f40-thant-zin-oo-ulawim4isaw-unsplash-scaled.jpg","width":2560,"height":1920,"caption":"Auckland bike lane"},{"@type":"BreadcrumbList","@id":"https:\/\/www.greenpeace.org\/aotearoa\/story\/cyclists-are-people-like-you-on-bikes\/#breadcrumb","itemListElement":[{"@type":"ListItem","position":1,"name":"Home","item":"http:\/\/www.greenpeace.org\/aotearoa\/"},{"@type":"ListItem","position":2,"name":"Cyclists are people like you, on bikes"}]},{"@type":"WebSite","@id":"https:\/\/www.greenpeace.org\/aotearoa\/#website","url":"https:\/\/www.greenpeace.org\/aotearoa\/","name":"Greenpeace Aotearoa","description":"Our mission is to ensure Earth\u2019s ability to nurture life in all its diversity.","potentialAction":[{"@type":"SearchAction","target":{"@type":"EntryPoint","urlTemplate":"https:\/\/www.greenpeace.org\/aotearoa\/?s={search_term_string}"},"query-input":{"@type":"PropertyValueSpecification","valueRequired":true,"valueName":"search_term_string"}}],"inLanguage":"en-US"},{"@type":"Person","@id":"https:\/\/www.greenpeace.org\/aotearoa\/#\/schema\/person\/cd74b3cb7be5f23213b8b83730534221","name":"Nick Young","image":{"@type":"ImageObject","inLanguage":"en-US","@id":"https:\/\/www.greenpeace.org\/aotearoa\/#\/schema\/person\/image\/","url":"https:\/\/lh3.googleusercontent.com\/a\/ACg8ocJXAN_-aMrfD7T6ibEnGzjWzprHxw_WFoPiQQUe__I7aSNfu5_q=s96-c","contentUrl":"https:\/\/lh3.googleusercontent.com\/a\/ACg8ocJXAN_-aMrfD7T6ibEnGzjWzprHxw_WFoPiQQUe__I7aSNfu5_q=s96-c","caption":"Nick Young"},"description":"I've been doing digital at Greenpeace since before Facebook. Now the head of communications at Greenpeace Aotearoa. Follow me on Bluesky or Threads","sameAs":["https:\/\/www.greenpeace.org.nz"],"url":"https:\/\/www.greenpeace.org\/aotearoa\/author\/nyoung\/"}]}},"_links":{"self":[{"href":"https:\/\/www.greenpeace.org\/aotearoa\/wp-json\/wp\/v2\/posts\/16790","targetHints":{"allow":["GET"]}}],"collection":[{"href":"https:\/\/www.greenpeace.org\/aotearoa\/wp-json\/wp\/v2\/posts"}],"about":[{"href":"https:\/\/www.greenpeace.org\/aotearoa\/wp-json\/wp\/v2\/types\/post"}],"author":[{"embeddable":true,"href":"https:\/\/www.greenpeace.org\/aotearoa\/wp-json\/wp\/v2\/users\/6"}],"replies":[{"embeddable":true,"href":"https:\/\/www.greenpeace.org\/aotearoa\/wp-json\/wp\/v2\/comments?post=16790"}],"version-history":[{"count":3,"href":"https:\/\/www.greenpeace.org\/aotearoa\/wp-json\/wp\/v2\/posts\/16790\/revisions"}],"predecessor-version":[{"id":70423,"href":"https:\/\/www.greenpeace.org\/aotearoa\/wp-json\/wp\/v2\/posts\/16790\/revisions\/70423"}],"wp:featuredmedia":[{"embeddable":true,"href":"https:\/\/www.greenpeace.org\/aotearoa\/wp-json\/wp\/v2\/media\/49898"}],"wp:attachment":[{"href":"https:\/\/www.greenpeace.org\/aotearoa\/wp-json\/wp\/v2\/media?parent=16790"}],"wp:term":[{"taxonomy":"category","embeddable":true,"href":"https:\/\/www.greenpeace.org\/aotearoa\/wp-json\/wp\/v2\/categories?post=16790"},{"taxonomy":"post_tag","embeddable":true,"href":"https:\/\/www.greenpeace.org\/aotearoa\/wp-json\/wp\/v2\/tags?post=16790"},{"taxonomy":"p4-page-type","embeddable":true,"href":"https:\/\/www.greenpeace.org\/aotearoa\/wp-json\/wp\/v2\/p4-page-type?post=16790"}],"curies":[{"name":"wp","href":"https:\/\/api.w.org\/{rel}","templated":true}]}}