{"id":10115,"date":"2020-05-08T14:43:00","date_gmt":"2020-05-08T17:43:00","guid":{"rendered":"https:\/\/www.greenpeace.org\/argentina\/?p=10115"},"modified":"2021-12-01T09:32:00","modified_gmt":"2021-12-01T12:32:00","slug":"greenpeace-apoya-reclamo-de-comunidades-mbya-guaranies-por-tala-en-sus-territorios","status":"publish","type":"post","link":"https:\/\/www.greenpeace.org\/argentina\/story\/problemas\/bosques\/greenpeace-apoya-reclamo-de-comunidades-mbya-guaranies-por-tala-en-sus-territorios\/","title":{"rendered":"Greenpeace apoya reclamo de comunidades mbya guaran\u00edes por tala en sus territorios"},"content":{"rendered":"\n<figure class=\"wp-block-image size-large  caption-style-medium caption-alignment-center\"><img loading=\"lazy\" decoding=\"async\" width=\"1024\" height=\"768\" src=\"https:\/\/www.greenpeace.org\/static\/planet4-argentina-stateless\/2020\/05\/fee5d8b1-tala-mbya-guaranies-1-1024x768.jpg\" alt=\"\" class=\"wp-image-10116\" srcset=\"https:\/\/www.greenpeace.org\/static\/planet4-argentina-stateless\/2020\/05\/fee5d8b1-tala-mbya-guaranies-1-1024x768.jpg 1024w, https:\/\/www.greenpeace.org\/static\/planet4-argentina-stateless\/2020\/05\/fee5d8b1-tala-mbya-guaranies-1-300x225.jpg 300w, https:\/\/www.greenpeace.org\/static\/planet4-argentina-stateless\/2020\/05\/fee5d8b1-tala-mbya-guaranies-1-768x576.jpg 768w, https:\/\/www.greenpeace.org\/static\/planet4-argentina-stateless\/2020\/05\/fee5d8b1-tala-mbya-guaranies-1-453x340.jpg 453w, https:\/\/www.greenpeace.org\/static\/planet4-argentina-stateless\/2020\/05\/fee5d8b1-tala-mbya-guaranies-1.jpg 1280w\" sizes=\"auto, (max-width: 1024px) 100vw, 1024px\" \/><\/figure>\n\n<p><strong>La organizaci\u00f3n ecologista apoya la denuncia de los mbya guaran\u00edes que viven en territorio de Tekoa&nbsp; Ka\u00b4a Kupe, en Campo Grande, Misiones, quienes se ven afectados por la extracci\u00f3n forestal realizada por la empresa CARBA S.A., autorizada por el Ministerio de Ecolog\u00eda y Recursos Naturales Renovables sin su consentimiento.<\/strong><\/p>\n\n<p><em>&#8220;Cualquier actividad en sus territorios debe contar con el conocimiento previo y el consenso de las comunidades. Esta destrucci\u00f3n no deber\u00eda realizarse. Ante la actual crisis sanitaria, clim\u00e1tica y de biodiversidad, lo mejor que podemos hacer es proteger la selva<\/em>&#8221; afirm\u00f3 Noem\u00ed Cruz, de la Campa\u00f1a de Bosques de Greenpeace.<\/p>\n\n<p>En febrero de este a\u00f1o, los mbya guaran\u00edes hab\u00edan logrado frenar a las motosierras y las maquinarias. Sin embargo hoy est\u00e1n imposibilitados, por las restricciones de la cuarentena, de detener la destrucci\u00f3n de la selva.<\/p>\n\n<p><em>&#8220;En un \u00e1rbol vemos remedio, alimento, cuidador del agua, cuidador de animales, la naturaleza es parte de la vida de los pueblos ind\u00edgenas&#8221;<\/em>, expres\u00f3 el Mburubicha de Kaa Kupe, Sabino Ben\u00edtez.&nbsp;<\/p>\n\n<p><em>&#8220;Queremos hablarle a la sociedad y decirle que el desmonte est\u00e1 relacionado con las enfermedades y la sequ\u00eda. La naturaleza es una protecci\u00f3n para todos. No podemos creer que el Ministerio de Ecolog\u00eda no les diga que paren. Para nosotros esto es un castigo, nos sentimos atropellados, discriminados y acorralados&#8221;,<\/em> lament\u00f3 Vera Miri, habitante de la comunidad Tekoa.<\/p>\n\n<p>Greenpeace apoya la Declaraci\u00f3n de las Naciones Unidas sobre los Derechos de los Pueblos Ind\u00edgenas, incluyendo el derecho espec\u00edfico de autodeterminaci\u00f3n, libertad, paz y seguridad, como individuos y colectivamente como pueblos distintos, y al consentimiento libre, previo e informado para las decisiones que los afectar\u00e1n, inclusive sobre cualquier proyecto en sus territorios tradicionales, y particularmente en relaci\u00f3n con la exploraci\u00f3n, el desarrollo, la utilizaci\u00f3n o explotaci\u00f3n de minerales, maderas, peces, agua o de otros recursos. Los pueblos ind\u00edgenas no ser\u00e1n desplazados por la fuerza de sus tierras o territorios tradicionales.<\/p>\n\t\t\t<section\n\t\t\tclass=\"boxout post-4400 \"\n\t\t\t\n\t\t>\n\t\t\t<a\n\t\t\t\tdata-ga-category=\"Take Action Boxout\"\n\t\t\t\tdata-ga-action=\"Image\"\n\t\t\t\tdata-ga-label=\"n\/a\"\n\t\t\t\tclass=\"cover-card-overlay\"\n\t\t\t\thref=\"https:\/\/www.greenpeace.org\/argentina\/participa\/deforestacion-cero-en-el-norte-de-argentina\/\" \n\t\t\t><\/a>\n\t\t\t\t\t\t\t<img\n\t\t\t\t\t\tsrc=\"https:\/\/www.greenpeace.org\/static\/planet4-argentina-stateless\/2020\/03\/bc092866-gpa_topadoraschaco_03-2-1024x683.jpg\"\n\t\t\t\t\t\tsrcset=\"https:\/\/www.greenpeace.org\/static\/planet4-argentina-stateless\/2020\/03\/bc092866-gpa_topadoraschaco_03-2-300x200.jpg 300w, https:\/\/www.greenpeace.org\/static\/planet4-argentina-stateless\/2020\/03\/bc092866-gpa_topadoraschaco_03-2-1024x683.jpg 1024w, https:\/\/www.greenpeace.org\/static\/planet4-argentina-stateless\/2020\/03\/bc092866-gpa_topadoraschaco_03-2-768x512.jpg 768w, https:\/\/www.greenpeace.org\/static\/planet4-argentina-stateless\/2020\/03\/bc092866-gpa_topadoraschaco_03-2-1536x1025.jpg 1536w, https:\/\/www.greenpeace.org\/static\/planet4-argentina-stateless\/2020\/03\/bc092866-gpa_topadoraschaco_03-2-510x340.jpg 510w, https:\/\/www.greenpeace.org\/static\/planet4-argentina-stateless\/2020\/03\/bc092866-gpa_topadoraschaco_03-2.jpg 2000w\"\n\t\t\t\t\t\tsizes=\"(min-width: 1000px) 358px, (min-width: 780px) 313px, 88px\"\n\t\t\t\t\t\talt=\"Topadora deforestando en Chaco.\" title=\"Topadora deforestando en Chaco.\"\n\t\t\t\t\/>\n            \t\t\t<div class=\"boxout-content\">\n\t\t\t\t\t\t\t\t\t<a\n\t\t\t\t\t\tclass=\"boxout-heading medium\"\n\t\t\t\t\t\tdata-ga-category=\"Take Action Boxout\"\n\t\t\t\t\t\tdata-ga-action=\"Title\"\n\t\t\t\t\t\tdata-ga-label=\"n\/a\"\n\t\t\t\t\t\thref=\"https:\/\/www.greenpeace.org\/argentina\/participa\/deforestacion-cero-en-el-norte-de-argentina\/\"\n\t\t\t\t\t\t\n\t\t\t\t\t>\n\t\t\t\t\t\tExig\u00ed deforestaci\u00f3n cero\n\t\t\t\t\t<\/a>\n\t\t\t\t\t\t\t\t\t\t\t\t\t<p class=\"boxout-excerpt\">Un monitoreo satelital de Greenpeace demostr\u00f3 que Chaco, por el avance de la producci\u00f3n agropecuaria, es la provincia con m\u00e1s p\u00e9rdidas de bosques nativos.<\/p>\n\t\t\t\t                                    <a\n                        class=\"btn btn-primary\"\n                        data-ga-category=\"Take Action Boxout\"\n                        data-ga-action=\"Call to Action\"\n                        data-ga-label=\"n\/a\"\n                        href=\"https:\/\/www.greenpeace.org\/argentina\/participa\/deforestacion-cero-en-el-norte-de-argentina\/\"\n                        \n                    >\n                        Particip\u00e1\n                    <\/a>\n                \t\t\t<\/div>\n\t\t\t\t\t<\/section>\n\t","protected":false},"excerpt":{"rendered":"<p>La organizaci\u00f3n ecologista apoya la denuncia de los mbya guaran\u00edes que viven en territorio de Tekoa&nbsp; Ka\u00b4a Kupe, en Campo Grande, Misiones, quienes se ven afectados por la extracci\u00f3n forestal&hellip;<\/p>\n","protected":false},"author":24,"featured_media":10116,"comment_status":"closed","ping_status":"open","sticky":false,"template":"","format":"standard","meta":{"ep_exclude_from_search":false,"p4_og_title":"","p4_og_description":"","p4_og_image":"","p4_og_image_id":"","p4_seo_canonical_url":"","p4_campaign_name":"not set","p4_local_project":"not set","p4_basket_name":"not set","p4_department":"","footnotes":""},"categories":[2],"tags":[46],"p4-page-type":[16],"class_list":["post-10115","post","type-post","status-publish","format-standard","has-post-thumbnail","hentry","category-bosques","tag-destruirbosquesesuncrimen","p4-page-type-story"],"_links":{"self":[{"href":"https:\/\/www.greenpeace.org\/argentina\/wp-json\/wp\/v2\/posts\/10115","targetHints":{"allow":["GET"]}}],"collection":[{"href":"https:\/\/www.greenpeace.org\/argentina\/wp-json\/wp\/v2\/posts"}],"about":[{"href":"https:\/\/www.greenpeace.org\/argentina\/wp-json\/wp\/v2\/types\/post"}],"author":[{"embeddable":true,"href":"https:\/\/www.greenpeace.org\/argentina\/wp-json\/wp\/v2\/users\/24"}],"replies":[{"embeddable":true,"href":"https:\/\/www.greenpeace.org\/argentina\/wp-json\/wp\/v2\/comments?post=10115"}],"version-history":[{"count":3,"href":"https:\/\/www.greenpeace.org\/argentina\/wp-json\/wp\/v2\/posts\/10115\/revisions"}],"predecessor-version":[{"id":13667,"href":"https:\/\/www.greenpeace.org\/argentina\/wp-json\/wp\/v2\/posts\/10115\/revisions\/13667"}],"wp:featuredmedia":[{"embeddable":true,"href":"https:\/\/www.greenpeace.org\/argentina\/wp-json\/wp\/v2\/media\/10116"}],"wp:attachment":[{"href":"https:\/\/www.greenpeace.org\/argentina\/wp-json\/wp\/v2\/media?parent=10115"}],"wp:term":[{"taxonomy":"category","embeddable":true,"href":"https:\/\/www.greenpeace.org\/argentina\/wp-json\/wp\/v2\/categories?post=10115"},{"taxonomy":"post_tag","embeddable":true,"href":"https:\/\/www.greenpeace.org\/argentina\/wp-json\/wp\/v2\/tags?post=10115"},{"taxonomy":"p4-page-type","embeddable":true,"href":"https:\/\/www.greenpeace.org\/argentina\/wp-json\/wp\/v2\/p4-page-type?post=10115"}],"curies":[{"name":"wp","href":"https:\/\/api.w.org\/{rel}","templated":true}]}}