{"id":10344,"date":"2020-06-16T17:54:40","date_gmt":"2020-06-16T20:54:40","guid":{"rendered":"https:\/\/www.greenpeace.org\/argentina\/?p=10344"},"modified":"2021-12-01T09:31:52","modified_gmt":"2021-12-01T12:31:52","slug":"greenpeace-alerta-sobre-la-quema-de-pastizales-y-la-expansion-de-la-ganaderia-sobre-humedales-y-bosques","status":"publish","type":"post","link":"https:\/\/www.greenpeace.org\/argentina\/story\/problemas\/bosques\/greenpeace-alerta-sobre-la-quema-de-pastizales-y-la-expansion-de-la-ganaderia-sobre-humedales-y-bosques\/","title":{"rendered":"Greenpeace alerta sobre la quema de pastizales y la expansi\u00f3n de la ganader\u00eda sobre humedales y bosques"},"content":{"rendered":"\n<figure class=\"wp-block-image size-large  caption-style-blue-overlay caption-alignment-center\"><img loading=\"lazy\" decoding=\"async\" width=\"863\" height=\"511\" src=\"https:\/\/www.greenpeace.org\/static\/planet4-argentina-stateless\/2020\/06\/abcce617-entre.png\" alt=\"\" class=\"wp-image-10345\" srcset=\"https:\/\/www.greenpeace.org\/static\/planet4-argentina-stateless\/2020\/06\/abcce617-entre.png 863w, https:\/\/www.greenpeace.org\/static\/planet4-argentina-stateless\/2020\/06\/abcce617-entre-300x178.png 300w, https:\/\/www.greenpeace.org\/static\/planet4-argentina-stateless\/2020\/06\/abcce617-entre-768x455.png 768w, https:\/\/www.greenpeace.org\/static\/planet4-argentina-stateless\/2020\/06\/abcce617-entre-510x302.png 510w\" sizes=\"auto, (max-width: 863px) 100vw, 863px\" \/><\/figure>\n\n<p>Desde Greenpeace, y junto a otras organizaciones ambientalistas, desde hace m\u00e1s de una d\u00e9cada estamos <strong>reclamando por los recurrentes incendios en los pastizales de los humedales del Delta del Paran\u00e1, con el objetivo de promover la expansi\u00f3n de la actividad ganadera.<\/strong><\/p>\n\n<p>El <strong>gobierno de Entre R\u00edos debe apagar en forma urgente los incendios de pastizales y no permitir que esta pr\u00e1ctica siga sucediendo<\/strong>, ya que afecta seriamente a la <strong>biodiversidad y la salud <\/strong>de las personas, y adem\u00e1s puede provocar accidentes automovil\u00edsticos.<\/p>\n\n<p>El <strong>delta del Paran\u00e1 <\/strong>alberga unas 700 especies de vegetales y 543 especies de vertebrados, mientras que su gran riqueza en aves, con 260 especies, representa el 31 por ciento de la avifauna de Argentina. Es necesario avanzar en forma urgente en la protecci\u00f3n de este valioso ecosistema.<\/p>\n\n<p>La <strong>presi\u00f3n para lograr nuevas tierras para uso ganadero <\/strong>es una de las facetas de un modelo agropecuario que arrasa con bosques y humedales. Cabe destacar que los<strong> sectores Agricultura, Ganader\u00eda, Silvicultura y Otros Usos de la Tierra representan el 39% de las emisiones de Gases de Efecto Invernadero<\/strong> del pa\u00eds.<\/p>\n\n<p>La expansi\u00f3n descontrolada de la industria ganadera tambi\u00e9n est\u00e1 generando un verdadero crimen sobre el Gran Chaco, el segundo ecosistema forestal de Sudam\u00e9rica, despu\u00e9s del Amazonas. All\u00ed conviven 3.400 especies de plantas, 500 especies de aves, 150 mam\u00edferos, 120 reptiles, 100 anfibios.<\/p>\n\n<p>El <strong>monitoreo de deforestaci\u00f3n<\/strong> en el norte de Argentina que realizamos desde Greenpeace, mediante la comparaci\u00f3n de im\u00e1genes satelitales revel\u00f3 que <strong>durante el aislamiento social preventivo y obligatorio se desmontaron 14.906 hect\u00e1reas<\/strong> (7.759 en Santiago del Estero, 3.073 en Formosa, 2.435 en Salta y 1.639 en Chaco). La principal causa de los desmontes es el avance de la <strong>ganader\u00eda intensiva, que en cada vez mayor proporci\u00f3n se exporta a China y Europa.<\/strong>  En las \u00faltimas tres d\u00e9cadas Argentina perdi\u00f3 cerca de 8 millones de hect\u00e1reas de bosques nativo, convirti\u00e9ndose en uno de los 10 pa\u00edses que m\u00e1s deforestan.<\/p>\n\n<p>Es por eso que estamos  impulsando una<strong> petici\u00f3n para que los gobernadores de Santiago del Estero (Gerardo Zamora), Salta (Gustavo S\u00e1enz), Chaco (Jorge Capitanich) y Formosa (Gildo Insfr\u00e1n) decreten la emergencia forestal y proh\u00edban los desmontes de manera inmediata para siempre<\/strong>. (1)<\/p>\n\n<p><strong>Nota:<\/strong><\/p>\n\n<p>1)<a href=\" https:\/\/pages.greenpeace.org.ar\/deforestacioncero\"> https:\/\/pages.greenpeace.org.ar\/deforestacioncero<\/a><\/p>\n\t\t\t<section\n\t\t\tclass=\"boxout post-10571 \"\n\t\t\t\n\t\t>\n\t\t\t<a\n\t\t\t\tdata-ga-category=\"Take Action Boxout\"\n\t\t\t\tdata-ga-action=\"Image\"\n\t\t\t\tdata-ga-label=\"n\/a\"\n\t\t\t\tclass=\"cover-card-overlay\"\n\t\t\t\thref=\"https:\/\/www.greenpeace.org\/argentina\/participa\/basta-de-incendios-ley-de-humedales-ya\/\" \n\t\t\t><\/a>\n\t\t\t\t\t\t\t<img\n\t\t\t\t\t\tsrc=\"https:\/\/www.greenpeace.org\/static\/planet4-argentina-stateless\/2020\/08\/c4f12c8b-gpa_incendiosdelta_30-1024x598.jpg\"\n\t\t\t\t\t\tsrcset=\"https:\/\/www.greenpeace.org\/static\/planet4-argentina-stateless\/2020\/08\/c4f12c8b-gpa_incendiosdelta_30-300x175.jpg 300w, https:\/\/www.greenpeace.org\/static\/planet4-argentina-stateless\/2020\/08\/c4f12c8b-gpa_incendiosdelta_30-1024x598.jpg 1024w, https:\/\/www.greenpeace.org\/static\/planet4-argentina-stateless\/2020\/08\/c4f12c8b-gpa_incendiosdelta_30-768x449.jpg 768w, https:\/\/www.greenpeace.org\/static\/planet4-argentina-stateless\/2020\/08\/c4f12c8b-gpa_incendiosdelta_30-1536x897.jpg 1536w, https:\/\/www.greenpeace.org\/static\/planet4-argentina-stateless\/2020\/08\/c4f12c8b-gpa_incendiosdelta_30-2048x1196.jpg 2048w, https:\/\/www.greenpeace.org\/static\/planet4-argentina-stateless\/2020\/08\/c4f12c8b-gpa_incendiosdelta_30-510x298.jpg 510w\"\n\t\t\t\t\t\tsizes=\"(min-width: 1000px) 358px, (min-width: 780px) 313px, 88px\"\n\t\t\t\t\t\talt=\"\" title=\"\"\n\t\t\t\t\/>\n            \t\t\t<div class=\"boxout-content\">\n\t\t\t\t\t\t\t\t\t<a\n\t\t\t\t\t\tclass=\"boxout-heading medium\"\n\t\t\t\t\t\tdata-ga-category=\"Take Action Boxout\"\n\t\t\t\t\t\tdata-ga-action=\"Title\"\n\t\t\t\t\t\tdata-ga-label=\"n\/a\"\n\t\t\t\t\t\thref=\"https:\/\/www.greenpeace.org\/argentina\/participa\/basta-de-incendios-ley-de-humedales-ya\/\"\n\t\t\t\t\t\t\n\t\t\t\t\t>\n\t\t\t\t\t\tBasta de incendios y ecocidio en los Humedales\n\t\t\t\t\t<\/a>\n\t\t\t\t\t\t\t\t\t\t\t\t\t<p class=\"boxout-excerpt\">Pedido a diputados y senadores de Argentina una Ley incluyendo inventario nacional de humedales, moratoria y multa para evitar la destrucci\u00f3n de estos ecosistemas.<\/p>\n\t\t\t\t                                    <a\n                        class=\"btn btn-primary\"\n                        data-ga-category=\"Take Action Boxout\"\n                        data-ga-action=\"Call to Action\"\n                        data-ga-label=\"n\/a\"\n                        href=\"https:\/\/www.greenpeace.org\/argentina\/participa\/basta-de-incendios-ley-de-humedales-ya\/\"\n                        \n                    >\n                        Particip\u00e1\n                    <\/a>\n                \t\t\t<\/div>\n\t\t\t\t\t<\/section>\n\t","protected":false},"excerpt":{"rendered":"<p>Desde Greenpeace, y junto a otras organizaciones ambientalistas, desde hace m\u00e1s de una d\u00e9cada estamos reclamando por los recurrentes incendios en los pastizales de los humedales del Delta del Paran\u00e1,<\/p>\n","protected":false},"author":21,"featured_media":10345,"comment_status":"closed","ping_status":"open","sticky":false,"template":"","format":"standard","meta":{"ep_exclude_from_search":false,"p4_og_title":"","p4_og_description":"","p4_og_image":"","p4_og_image_id":"","p4_seo_canonical_url":"","p4_campaign_name":"not set","p4_local_project":"not set","p4_basket_name":"not set","p4_department":"","footnotes":""},"categories":[2],"tags":[47],"p4-page-type":[16],"class_list":["post-10344","post","type-post","status-publish","format-standard","has-post-thumbnail","hentry","category-bosques","tag-humedales","p4-page-type-story"],"_links":{"self":[{"href":"https:\/\/www.greenpeace.org\/argentina\/wp-json\/wp\/v2\/posts\/10344","targetHints":{"allow":["GET"]}}],"collection":[{"href":"https:\/\/www.greenpeace.org\/argentina\/wp-json\/wp\/v2\/posts"}],"about":[{"href":"https:\/\/www.greenpeace.org\/argentina\/wp-json\/wp\/v2\/types\/post"}],"author":[{"embeddable":true,"href":"https:\/\/www.greenpeace.org\/argentina\/wp-json\/wp\/v2\/users\/21"}],"replies":[{"embeddable":true,"href":"https:\/\/www.greenpeace.org\/argentina\/wp-json\/wp\/v2\/comments?post=10344"}],"version-history":[{"count":2,"href":"https:\/\/www.greenpeace.org\/argentina\/wp-json\/wp\/v2\/posts\/10344\/revisions"}],"predecessor-version":[{"id":13648,"href":"https:\/\/www.greenpeace.org\/argentina\/wp-json\/wp\/v2\/posts\/10344\/revisions\/13648"}],"wp:featuredmedia":[{"embeddable":true,"href":"https:\/\/www.greenpeace.org\/argentina\/wp-json\/wp\/v2\/media\/10345"}],"wp:attachment":[{"href":"https:\/\/www.greenpeace.org\/argentina\/wp-json\/wp\/v2\/media?parent=10344"}],"wp:term":[{"taxonomy":"category","embeddable":true,"href":"https:\/\/www.greenpeace.org\/argentina\/wp-json\/wp\/v2\/categories?post=10344"},{"taxonomy":"post_tag","embeddable":true,"href":"https:\/\/www.greenpeace.org\/argentina\/wp-json\/wp\/v2\/tags?post=10344"},{"taxonomy":"p4-page-type","embeddable":true,"href":"https:\/\/www.greenpeace.org\/argentina\/wp-json\/wp\/v2\/p4-page-type?post=10344"}],"curies":[{"name":"wp","href":"https:\/\/api.w.org\/{rel}","templated":true}]}}