{"id":12440,"date":"2021-06-03T12:13:53","date_gmt":"2021-06-03T15:13:53","guid":{"rendered":"https:\/\/www.greenpeace.org\/argentina\/?p=12440"},"modified":"2021-12-01T09:31:06","modified_gmt":"2021-12-01T12:31:06","slug":"espacios-verdes-y-movilidad-sustentable-claves-para-el-bienestar-y-salud-de-las-personas-y-el-planeta","status":"publish","type":"post","link":"https:\/\/www.greenpeace.org\/argentina\/story\/uncategorized\/espacios-verdes-y-movilidad-sustentable-claves-para-el-bienestar-y-salud-de-las-personas-y-el-planeta\/","title":{"rendered":"Espacios verdes y movilidad sustentable: claves para el bienestar y salud de las personas y el planeta"},"content":{"rendered":"\n<figure class=\"wp-block-image size-large is-style-default\"><img loading=\"lazy\" decoding=\"async\" width=\"1024\" height=\"683\" src=\"https:\/\/www.greenpeace.org\/static\/planet4-argentina-stateless\/2021\/06\/36f23cbc-dia-bici-y-espacios-verdes-2-1024x683.jpg\" alt=\"\" class=\"wp-image-12441\" srcset=\"https:\/\/www.greenpeace.org\/static\/planet4-argentina-stateless\/2021\/06\/36f23cbc-dia-bici-y-espacios-verdes-2-1024x683.jpg 1024w, https:\/\/www.greenpeace.org\/static\/planet4-argentina-stateless\/2021\/06\/36f23cbc-dia-bici-y-espacios-verdes-2-300x200.jpg 300w, https:\/\/www.greenpeace.org\/static\/planet4-argentina-stateless\/2021\/06\/36f23cbc-dia-bici-y-espacios-verdes-2-768x512.jpg 768w, https:\/\/www.greenpeace.org\/static\/planet4-argentina-stateless\/2021\/06\/36f23cbc-dia-bici-y-espacios-verdes-2-1536x1024.jpg 1536w, https:\/\/www.greenpeace.org\/static\/planet4-argentina-stateless\/2021\/06\/36f23cbc-dia-bici-y-espacios-verdes-2-2048x1366.jpg 2048w, https:\/\/www.greenpeace.org\/static\/planet4-argentina-stateless\/2021\/06\/36f23cbc-dia-bici-y-espacios-verdes-2-510x340.jpg 510w\" sizes=\"auto, (max-width: 1024px) 100vw, 1024px\" \/><figcaption>En el D\u00eda de la Bicicleta y pr\u00f3ximo al D\u00eda mundial del Medioambiente que se celebra el 5 de junio, la organizaci\u00f3n ambientalista Greenpeace resalt\u00f3 la importancia de los espacios verdes y la movilidad sostenible en las grandes urbes, claves para el bienestar y la salud de las personas y el planeta: \u201cLas ciudades deben ser prioritarias a la hora de pensar c\u00f3mo combatir la crisis clim\u00e1tica y los eventos extremos que enfrentamos\u201d, sostuvo Bruno Giambelluca, coordinador de la campa\u00f1a de clima y energ\u00eda de Greenpeace.<\/figcaption><\/figure>\n\n<ul class=\"wp-block-list\"><li>En la actualidad, m\u00e1s de la mitad de la poblaci\u00f3n mundial vive en grandes urbes; 4.2 mil millones de personas. Y se calculan 7 de cada 10 individuos para 2050. (1)<\/li><li>Las ciudades consumen m\u00e1s de dos tercios de la energ\u00eda mundial y son responsables de m\u00e1s del 70% de las emisiones de gases de efecto invernadero. (2)<\/li><li><em>\u201cEs por eso que las ciudades deben ser prioritarias a la hora de pensar c\u00f3mo combatir la crisis clim\u00e1tica y los eventos extremos que enfrentamos\u201d, sostuvo Bruno Giambelluca, coordinador de la campa\u00f1a de clima y energ\u00eda de Greenpeace.\u00a0<\/em><\/li><\/ul>\n\n<p>En el D\u00eda de la Bicicleta y pr\u00f3ximo al D\u00eda mundial del Medioambiente que se celebra el 5 de junio, la organizaci\u00f3n ambientalista Greenpeace resalt\u00f3 la importancia de los espacios verdes y la movilidad sostenible en las grandes urbes.\u00a0<\/p>\n\n<p>La movilidad a trav\u00e9s de bicicletas creci\u00f3 exponencialmente en las ciudades, sobre todo en Ciudad de Buenos Aires. Durante el 2020, el uso de bicicletas aument\u00f3 un 114% de acuerdo a datos oficiales. A su vez, los espacios p\u00fablicos han tomado relevancia en la vida de los ciudadanos en este contexto. En CABA, se estima que hay 6 m2 promedio de espacios verdes por habitante. (3)&nbsp;<\/p>\n\n<p>Giambelluca agreg\u00f3:&nbsp;<em>\u201cLas ciudades tienen la oportunidad de transformar el espacio p\u00fablico y aportar m\u00e1s \u00e1reas verdes y fomentar la movilidad limpia como una manera de responder a la crisis clim\u00e1tica y la p\u00e9rdida de biodiversidad\u201d.<br><br><\/em>Un informe de Greenpeace que se public\u00f3 el d\u00eda de hoy enumera los beneficios principales de las \u00e1reas verdes en las ciudades. La reducci\u00f3n del riesgo de enfermedades cr\u00f3nicas en la edad adulta (como la diabetes y las afecciones cardiovasculares, la obesidad o el asma) (4); la aceleraci\u00f3n de la recuperaci\u00f3n tras una intervenci\u00f3n quir\u00fargica, la reducci\u00f3n de hospitalizaciones y la mortalidad prematura (5); mejoras de los resultados de los embarazos (6); mejores funciones cognitivas (7); y una mejora de la salud mental vinculada al desarrollo del comportamiento (8) son algunos de ellos.&nbsp;<\/p>\n\n<p>Otros datos relevantes del reporte:&nbsp;<\/p>\n\n<ul class=\"wp-block-list\"><li>Pasar al menos 2 horas a la semana en la naturaleza se asocia a una buena salud, bienestar y calidad de vida (9).<\/li><\/ul>\n\n<ul class=\"wp-block-list\"><li>S\u00f3lo unas pocas ciudades pueden cumplir plenamente las normas de la Organizaci\u00f3n Mundial de la Salud (OMS) sobre disponibilidad que establecen un m\u00ednimo de 9 m2 de espacios verdes por habitante (10).<\/li><\/ul>\n\n<p><strong>Reporte Greenpeace:<br><\/strong><a href=\"https:\/\/et.datacrush.la\/track\/click?portalID=315&amp;url=https%3A%2F%2Fes.greenpeace.org%2Fes%2Fwp-content%2Fuploads%2Fsites%2F3%2F2021%2F06%2Freverdecer_las_ciudades.pdf&amp;key=MzE1LTI5MjUwNTExLS0yMDg4Ni00NDUzMDg3LQ&amp;contact_key=315Ws9NlJG4iPflddyEkVisI7hUKcwIRTNNmXBHGhMY62jkf&amp;test=1\" target=\"_blank\" rel=\"noreferrer noopener\"><strong>https:\/\/es.greenpeace.org\/es\/wp-content\/uploads\/sites\/3\/2021\/06\/reverdecer_las_ciudades.pdf<\/strong><\/a><strong><br>M\u00e1s informaci\u00f3n:&nbsp;<\/strong><\/p>\n\n<ol class=\"wp-block-list\"><li><a href=\"https:\/\/et.datacrush.la\/track\/click?portalID=315&amp;url=https%3A%2F%2Fwww.un.org%2Fdevelopment%2Fdesa%2Fen%2Fnews%2Fpopulation%2F2018-revision-of-world-urbanization-prospects.html&amp;key=MzE1LTI5MjUwNTExLS0yMDg4Ni00NDUzMDg3LQ&amp;contact_key=315Ws9NlJG4iPflddyEkVisI7hUKcwIRTNNmXBHGhMY62jkf&amp;test=1\" target=\"_blank\" rel=\"noreferrer noopener\">https:\/\/www.un.org\/development\/desa\/en\/news\/population\/2018-revision-of-world-urbanization-prospects.html<\/a>&nbsp;<\/li><li><a href=\"https:\/\/et.datacrush.la\/track\/click?portalID=315&amp;url=https%3A%2F%2Fwww.c40.org%2Fwhy_cities&amp;key=MzE1LTI5MjUwNTExLS0yMDg4Ni00NDUzMDg3LQ&amp;contact_key=315Ws9NlJG4iPflddyEkVisI7hUKcwIRTNNmXBHGhMY62jkf&amp;test=1\" target=\"_blank\" rel=\"noreferrer noopener\">https:\/\/www.c40.org\/why_cities<\/a><\/li><li>Reporte elaborado en el marco del proyecto Part\u00edcipes de Asuntos del Sur, con la participaci\u00f3n de: Observatorio del Derecho a la Ciudad y J\u00f3venes por el clima. Proyecto cofinanciado por&nbsp; la Uni\u00f3n Europea.&nbsp;<a href=\"https:\/\/et.datacrush.la\/track\/click?portalID=315&amp;url=https%3A%2F%2Fasuntosdelsur.org%2Fwp-content%2Fuploads%2F2020%2F07%2FEspacios-verdes-caba-v3.pdf&amp;key=MzE1LTI5MjUwNTExLS0yMDg4Ni00NDUzMDg3LQ&amp;contact_key=315Ws9NlJG4iPflddyEkVisI7hUKcwIRTNNmXBHGhMY62jkf&amp;test=1\" target=\"_blank\" rel=\"noreferrer noopener\">https:\/\/asuntosdelsur.org\/wp-content\/uploads\/2020\/07\/Espacios-verdes-caba-v3.pdf<\/a><\/li><li>(White et al. 2019)<\/li><li>Hartig T, Astell-Burt T, Bergsten Z, et al.2020. Associations between greenspace and mortality vary across contexts of community change: a longitudinal ecological study. J Epidemiol Community Health;74:534-540.<\/li><li>Dzhambov, A. M., Dimitrova, D. D., &amp; Dimitrakova, E. D. (2014). Association between residential greenness and birth weight: Systematic review and meta-analysis. Urban Forestry &amp; Urban Greening, 13(4), 621\u2013629.<\/li><li>&nbsp;Taylor, A. F., &amp; Kuo, F. E. (2009). Children with attention deficits concentrate better after walk in the park. Journal of Attention Disorders, 12(5), 402\u2013409<\/li><li>White, M.P., Elliott, L.R., Grellier, J. et al. Associations between green\/blue spaces and mental health across 18 countries. Sci Rep 11, 8903 (2021).&nbsp;<a href=\"https:\/\/doi.org\/10.1038\/s41598-021-87675-0\" target=\"_blank\" rel=\"noreferrer noopener\">https:\/\/doi.org\/10.1038\/s41598-021-87675-0<\/a><\/li><li>White, M.P., Alcock, I., Grellier, J. et al. Spending at least 120\u2009minutes a week in nature is associated with good health and wellbeing. Sci Rep 9, 7730 (2019).<\/li><li>A. Russo, G.T. Cirella Modern compact cities: How much greenery do we need? International Journal of Environmental Research and Public Health, 15 (2018), p. 2180.<\/li><\/ol>\n<div class=\"EmptyMessage\">Block content is empty. Check the block&#8217;s settings or remove it.<\/div>","protected":false},"excerpt":{"rendered":"<p>En el D\u00eda de la Bicicleta y pr\u00f3ximo al D\u00eda mundial del Medioambiente que se celebra el 5 de junio, la organizaci\u00f3n ambientalista Greenpeace resalt\u00f3 la importancia de los espacios&hellip;<\/p>\n","protected":false},"author":24,"featured_media":12441,"comment_status":"closed","ping_status":"open","sticky":false,"template":"","format":"standard","meta":{"ep_exclude_from_search":false,"p4_og_title":"","p4_og_description":"","p4_og_image":"","p4_og_image_id":"","p4_seo_canonical_url":"","p4_campaign_name":"not set","p4_local_project":"not set","p4_basket_name":"not set","p4_department":"","footnotes":""},"categories":[1],"tags":[],"p4-page-type":[16],"class_list":["post-12440","post","type-post","status-publish","format-standard","has-post-thumbnail","hentry","category-uncategorized","p4-page-type-story"],"_links":{"self":[{"href":"https:\/\/www.greenpeace.org\/argentina\/wp-json\/wp\/v2\/posts\/12440","targetHints":{"allow":["GET"]}}],"collection":[{"href":"https:\/\/www.greenpeace.org\/argentina\/wp-json\/wp\/v2\/posts"}],"about":[{"href":"https:\/\/www.greenpeace.org\/argentina\/wp-json\/wp\/v2\/types\/post"}],"author":[{"embeddable":true,"href":"https:\/\/www.greenpeace.org\/argentina\/wp-json\/wp\/v2\/users\/24"}],"replies":[{"embeddable":true,"href":"https:\/\/www.greenpeace.org\/argentina\/wp-json\/wp\/v2\/comments?post=12440"}],"version-history":[{"count":2,"href":"https:\/\/www.greenpeace.org\/argentina\/wp-json\/wp\/v2\/posts\/12440\/revisions"}],"predecessor-version":[{"id":13545,"href":"https:\/\/www.greenpeace.org\/argentina\/wp-json\/wp\/v2\/posts\/12440\/revisions\/13545"}],"wp:featuredmedia":[{"embeddable":true,"href":"https:\/\/www.greenpeace.org\/argentina\/wp-json\/wp\/v2\/media\/12441"}],"wp:attachment":[{"href":"https:\/\/www.greenpeace.org\/argentina\/wp-json\/wp\/v2\/media?parent=12440"}],"wp:term":[{"taxonomy":"category","embeddable":true,"href":"https:\/\/www.greenpeace.org\/argentina\/wp-json\/wp\/v2\/categories?post=12440"},{"taxonomy":"post_tag","embeddable":true,"href":"https:\/\/www.greenpeace.org\/argentina\/wp-json\/wp\/v2\/tags?post=12440"},{"taxonomy":"p4-page-type","embeddable":true,"href":"https:\/\/www.greenpeace.org\/argentina\/wp-json\/wp\/v2\/p4-page-type?post=12440"}],"curies":[{"name":"wp","href":"https:\/\/api.w.org\/{rel}","templated":true}]}}