{"id":14090,"date":"2022-01-05T18:02:31","date_gmt":"2022-01-05T21:02:31","guid":{"rendered":"https:\/\/www.greenpeace.org\/argentina\/?p=14090"},"modified":"2022-01-18T18:51:09","modified_gmt":"2022-01-18T21:51:09","slug":"atlanticazo-voces-desde-mar-del-plata-no-podemos-dar-marcha-atras-es-ahora-o-nunca","status":"publish","type":"post","link":"https:\/\/www.greenpeace.org\/argentina\/blog\/problemas\/oceanos\/atlanticazo-voces-desde-mar-del-plata-no-podemos-dar-marcha-atras-es-ahora-o-nunca\/","title":{"rendered":"#Atlanticazo, voces desde Mar del Plata: &#8220;No podemos dar marcha atr\u00e1s, es ahora o nunca&#8221;"},"content":{"rendered":"\n<figure class=\"wp-block-image size-large\"><img loading=\"lazy\" decoding=\"async\" width=\"1024\" height=\"683\" src=\"https:\/\/www.greenpeace.org\/static\/planet4-argentina-stateless\/2022\/01\/6a9a979b-gpa-marcha-no-exploracion-mdq-credito-diego-izquierdo-3-1024x683.jpg\" alt=\"\" class=\"wp-image-14091\" srcset=\"https:\/\/www.greenpeace.org\/static\/planet4-argentina-stateless\/2022\/01\/6a9a979b-gpa-marcha-no-exploracion-mdq-credito-diego-izquierdo-3-1024x683.jpg 1024w, https:\/\/www.greenpeace.org\/static\/planet4-argentina-stateless\/2022\/01\/6a9a979b-gpa-marcha-no-exploracion-mdq-credito-diego-izquierdo-3-300x200.jpg 300w, https:\/\/www.greenpeace.org\/static\/planet4-argentina-stateless\/2022\/01\/6a9a979b-gpa-marcha-no-exploracion-mdq-credito-diego-izquierdo-3-768x512.jpg 768w, https:\/\/www.greenpeace.org\/static\/planet4-argentina-stateless\/2022\/01\/6a9a979b-gpa-marcha-no-exploracion-mdq-credito-diego-izquierdo-3-1536x1024.jpg 1536w, https:\/\/www.greenpeace.org\/static\/planet4-argentina-stateless\/2022\/01\/6a9a979b-gpa-marcha-no-exploracion-mdq-credito-diego-izquierdo-3-2048x1366.jpg 2048w, https:\/\/www.greenpeace.org\/static\/planet4-argentina-stateless\/2022\/01\/6a9a979b-gpa-marcha-no-exploracion-mdq-credito-diego-izquierdo-3-510x340.jpg 510w\" sizes=\"auto, (max-width: 1024px) 100vw, 1024px\" \/><figcaption> Enero 2022: Juancho en el #Atlanticazo en Mar del Plata  Foto: @ Diego Izquierdo \/ Greenpeace <\/figcaption><\/figure>\n\n<p><strong>Juancho<\/strong> es parte del <strong>equipo de voluntarios de Mar del Plata<\/strong> desde el a\u00f1o 2017. Es activista y coordinador del \u00e1rea digital del grupo local de voluntariado en &#8220;La Feliz&#8221;.  Particip\u00f3 de numerosas actividades tanto en su ciudad como en Buenos Aires junto a Greenpeace y la campa\u00f1a para proteger la costa atl\u00e1ntica de la explotaci\u00f3n petrolera lo toca especialmente de cerca. <\/p>\n\n<p>Por eso hoy compartimos su testimonio despu\u00e9s de su participaci\u00f3n en una <a href=\"https:\/\/www.greenpeace.org\/argentina\/blog\/issues\/oceanos\/atlanticazo-asi-marchamos-junto-a-la-ciudadania-para-defender-el-mar-argentino\/\">jornada de movilizaci\u00f3n popular para defender el Mar Argentino<\/a>.<\/p>\n\n<figure class=\"wp-block-image size-large\"><img loading=\"lazy\" decoding=\"async\" width=\"1024\" height=\"683\" src=\"https:\/\/www.greenpeace.org\/static\/planet4-argentina-stateless\/2022\/01\/e2848a1f-mar-argentino-sin-petroleo-credito-diego-izquierdo-4-1024x683.jpg\" alt=\"\" class=\"wp-image-14093\" srcset=\"https:\/\/www.greenpeace.org\/static\/planet4-argentina-stateless\/2022\/01\/e2848a1f-mar-argentino-sin-petroleo-credito-diego-izquierdo-4-1024x683.jpg 1024w, https:\/\/www.greenpeace.org\/static\/planet4-argentina-stateless\/2022\/01\/e2848a1f-mar-argentino-sin-petroleo-credito-diego-izquierdo-4-300x200.jpg 300w, https:\/\/www.greenpeace.org\/static\/planet4-argentina-stateless\/2022\/01\/e2848a1f-mar-argentino-sin-petroleo-credito-diego-izquierdo-4-768x512.jpg 768w, https:\/\/www.greenpeace.org\/static\/planet4-argentina-stateless\/2022\/01\/e2848a1f-mar-argentino-sin-petroleo-credito-diego-izquierdo-4-1536x1024.jpg 1536w, https:\/\/www.greenpeace.org\/static\/planet4-argentina-stateless\/2022\/01\/e2848a1f-mar-argentino-sin-petroleo-credito-diego-izquierdo-4-2048x1366.jpg 2048w, https:\/\/www.greenpeace.org\/static\/planet4-argentina-stateless\/2022\/01\/e2848a1f-mar-argentino-sin-petroleo-credito-diego-izquierdo-4-510x340.jpg 510w\" sizes=\"auto, (max-width: 1024px) 100vw, 1024px\" \/><figcaption>Enero 2021- Juancho en Playa Varese (Mar del Plata) reclamando el cese de la exploraci\u00f3n s\u00edsmica de hidrocarburos.  Foto: @ Diego Izquierdo \/ Greenpeace<\/figcaption><\/figure>\n\n<p>&#8220;Vivir toda mi vida junto al mar me ense\u00f1\u00f3 a quererlo, respetarlo y sobre todas las cosas defenderlo. Es inexplicable la sensaci\u00f3n de ver esa<strong> inmensidad hermosa <\/strong>todos los d\u00edas de mi vida.&nbsp;<\/p>\n\n<p>En el d\u00eda de ayer pude notar que como yo, <strong>somos miles quienes lo defendemos. <\/strong>Fue incre\u00edble ver la cantidad de gente que form\u00f3 parte de la marcha en mi ciudad. Desde ONGs y <strong>movimientos de todo tipo, hasta vecinos autoconvocados, turistas y muchas familias con ni\u00f1os peque\u00f1os<\/strong> se sumaron y alzaron sus voces en defensa de nuestro mar.&nbsp;<\/p>\n\n<figure class=\"wp-block-image size-large\"><img loading=\"lazy\" decoding=\"async\" width=\"1024\" height=\"683\" src=\"https:\/\/www.greenpeace.org\/static\/planet4-argentina-stateless\/2022\/01\/e37a815d-mar-argentino-sin-petroleo-\u00a9-gabriel-bulacio-greenpeace-3-1024x683.jpg\" alt=\"\" class=\"wp-image-14095\" srcset=\"https:\/\/www.greenpeace.org\/static\/planet4-argentina-stateless\/2022\/01\/e37a815d-mar-argentino-sin-petroleo-\u00a9-gabriel-bulacio-greenpeace-3-1024x683.jpg 1024w, https:\/\/www.greenpeace.org\/static\/planet4-argentina-stateless\/2022\/01\/e37a815d-mar-argentino-sin-petroleo-\u00a9-gabriel-bulacio-greenpeace-3-300x200.jpg 300w, https:\/\/www.greenpeace.org\/static\/planet4-argentina-stateless\/2022\/01\/e37a815d-mar-argentino-sin-petroleo-\u00a9-gabriel-bulacio-greenpeace-3-768x512.jpg 768w, https:\/\/www.greenpeace.org\/static\/planet4-argentina-stateless\/2022\/01\/e37a815d-mar-argentino-sin-petroleo-\u00a9-gabriel-bulacio-greenpeace-3-1536x1024.jpg 1536w, https:\/\/www.greenpeace.org\/static\/planet4-argentina-stateless\/2022\/01\/e37a815d-mar-argentino-sin-petroleo-\u00a9-gabriel-bulacio-greenpeace-3-2048x1366.jpg 2048w, https:\/\/www.greenpeace.org\/static\/planet4-argentina-stateless\/2022\/01\/e37a815d-mar-argentino-sin-petroleo-\u00a9-gabriel-bulacio-greenpeace-3-510x340.jpg 510w\" sizes=\"auto, (max-width: 1024px) 100vw, 1024px\" \/><figcaption>Juacho en una protesta con un simulacro de derrame de petr\u00f3leo  Foto: @ Diego Izquierdo \/ Greenpeace .<\/figcaption><\/figure>\n\n<p>Pudimos dejar en claro que<strong> somos mayor\u00eda quienes no queremos que arruinen ese ecosistema para beneficio de unos pocos. <\/strong>Pude vivir unas horas donde sent\u00ed la <strong>energ\u00eda de la gente unida <\/strong>en un mismo grito: <strong>no queremos plataformas petroleras en nuestra costa.&nbsp;<\/strong><\/p>\n\n<p>No podemos dar marcha atr\u00e1s, <strong>es ahora o nunca.<\/strong> Participar de las marchas, difundir en redes sociales y poner nuestro cuerpo en defensa del mar es imprescindible. Somos Greenpeace y estamos acostumbrados a hacerlo de forma incansable y esta no va a ser la excepci\u00f3n. Esto reci\u00e9n comienza&#8221;.<\/p>\n\n<p><\/p>\n\n<p>Desde Greenpeace <strong>agradecemos el compromiso de Juancho y de las comunidades, la ciudadan\u00eda<\/strong> y todas las personas que se movilizaron y seguir\u00e1n sin bajar los brazos. <\/p>\n\n<p>El Ministerio de Ambiente perdi\u00f3 la oportunidad de velar por un ambiente sano al abrirle la puerta a la industria petrolera frente a las costas de la provincia de Buenos Aires, lo que ser\u00e1 una <strong>verdadera condena para el mar, sus ecosistemas y las comunidades que de estos dependen<\/strong>. Resistiremos&nbsp; por todas las v\u00edas necesarias, exigiendo que estos proyectos se rechacen y continuaremos exponiendo p\u00fablicamente los peligros que implican.<\/p>\n\n<div class=\"wp-block-buttons is-layout-flex wp-block-buttons-is-layout-flex\">\n<div class=\"wp-block-button is-style-cta\"><a class=\"wp-block-button__link\" href=\"https:\/\/www.greenpeace.org\/argentina\/involucrate\/frena-la-exploracion-sismica-en-el-mar-argentino\/\" target=\"_blank\" rel=\"noreferrer noopener\">Fren\u00e1 la exploraci\u00f3n petrolera en el Mar Argentino<\/a><\/div>\n<\/div>\n\n<p><\/p>\n","protected":false},"excerpt":{"rendered":"<p>Juancho es parte del equipo de voluntarios de Mar del Plata desde el a\u00f1o 2017. Es activista y coordinador del \u00e1rea digital del grupo local de voluntariado en &#8220;La Feliz&#8221;.  <\/p>\n","protected":false},"author":21,"featured_media":14091,"comment_status":"closed","ping_status":"open","sticky":false,"template":"","format":"standard","meta":{"ep_exclude_from_search":false,"p4_og_title":"","p4_og_description":"","p4_og_image":"","p4_og_image_id":"","p4_seo_canonical_url":"","p4_campaign_name":"not set","p4_local_project":"not set","p4_basket_name":"not set","p4_department":"","footnotes":""},"categories":[44,17],"tags":[49],"p4-page-type":[14],"class_list":["post-14090","post","type-post","status-publish","format-standard","has-post-thumbnail","hentry","category-blog","category-oceanos","tag-marargentino","p4-page-type-blog"],"_links":{"self":[{"href":"https:\/\/www.greenpeace.org\/argentina\/wp-json\/wp\/v2\/posts\/14090","targetHints":{"allow":["GET"]}}],"collection":[{"href":"https:\/\/www.greenpeace.org\/argentina\/wp-json\/wp\/v2\/posts"}],"about":[{"href":"https:\/\/www.greenpeace.org\/argentina\/wp-json\/wp\/v2\/types\/post"}],"author":[{"embeddable":true,"href":"https:\/\/www.greenpeace.org\/argentina\/wp-json\/wp\/v2\/users\/21"}],"replies":[{"embeddable":true,"href":"https:\/\/www.greenpeace.org\/argentina\/wp-json\/wp\/v2\/comments?post=14090"}],"version-history":[{"count":7,"href":"https:\/\/www.greenpeace.org\/argentina\/wp-json\/wp\/v2\/posts\/14090\/revisions"}],"predecessor-version":[{"id":14262,"href":"https:\/\/www.greenpeace.org\/argentina\/wp-json\/wp\/v2\/posts\/14090\/revisions\/14262"}],"wp:featuredmedia":[{"embeddable":true,"href":"https:\/\/www.greenpeace.org\/argentina\/wp-json\/wp\/v2\/media\/14091"}],"wp:attachment":[{"href":"https:\/\/www.greenpeace.org\/argentina\/wp-json\/wp\/v2\/media?parent=14090"}],"wp:term":[{"taxonomy":"category","embeddable":true,"href":"https:\/\/www.greenpeace.org\/argentina\/wp-json\/wp\/v2\/categories?post=14090"},{"taxonomy":"post_tag","embeddable":true,"href":"https:\/\/www.greenpeace.org\/argentina\/wp-json\/wp\/v2\/tags?post=14090"},{"taxonomy":"p4-page-type","embeddable":true,"href":"https:\/\/www.greenpeace.org\/argentina\/wp-json\/wp\/v2\/p4-page-type?post=14090"}],"curies":[{"name":"wp","href":"https:\/\/api.w.org\/{rel}","templated":true}]}}