{"id":14213,"date":"2022-01-17T13:56:54","date_gmt":"2022-01-17T16:56:54","guid":{"rendered":"https:\/\/www.greenpeace.org\/argentina\/?p=14213"},"modified":"2022-01-18T19:03:30","modified_gmt":"2022-01-18T22:03:30","slug":"asi-quedo-el-increible-mural-en-mar-del-plata-para-defender-el-mar-argentino","status":"publish","type":"post","link":"https:\/\/www.greenpeace.org\/argentina\/blog\/problemas\/oceanos\/asi-quedo-el-increible-mural-en-mar-del-plata-para-defender-el-mar-argentino\/","title":{"rendered":"As\u00ed qued\u00f3 el incre\u00edble mural en Mar del Plata para defender el Mar Argentino"},"content":{"rendered":"\n<figure class=\"wp-block-image size-large\"><img loading=\"lazy\" decoding=\"async\" width=\"1024\" height=\"682\" src=\"https:\/\/www.greenpeace.org\/static\/planet4-argentina-stateless\/2022\/01\/22eebf4e-gp1swsav_medium_res_with_credit_line-1024x682.jpg\" alt=\"\" class=\"wp-image-14218\" srcset=\"https:\/\/www.greenpeace.org\/static\/planet4-argentina-stateless\/2022\/01\/22eebf4e-gp1swsav_medium_res_with_credit_line-1024x682.jpg 1024w, https:\/\/www.greenpeace.org\/static\/planet4-argentina-stateless\/2022\/01\/22eebf4e-gp1swsav_medium_res_with_credit_line-300x200.jpg 300w, https:\/\/www.greenpeace.org\/static\/planet4-argentina-stateless\/2022\/01\/22eebf4e-gp1swsav_medium_res_with_credit_line-768x511.jpg 768w, https:\/\/www.greenpeace.org\/static\/planet4-argentina-stateless\/2022\/01\/22eebf4e-gp1swsav_medium_res_with_credit_line-510x340.jpg 510w, https:\/\/www.greenpeace.org\/static\/planet4-argentina-stateless\/2022\/01\/22eebf4e-gp1swsav_medium_res_with_credit_line.jpg 1200w\" sizes=\"auto, (max-width: 1024px) 100vw, 1024px\" \/><figcaption>\u00a9 Legofly \/ Greenpeace.<\/figcaption><\/figure>\n\n<p>El 30 de diciembre el Estado&nbsp;Argentino a trav\u00e9s del ministerio de Ambiente&nbsp;con una&nbsp;simple resoluci\u00f3n&nbsp;aprob\u00f3 que la empresa noruega Equinor realice&nbsp;<strong>exploraci\u00f3n s\u00edsmica frente a la costa atl\u00e1ntica.&nbsp;<\/strong><\/p>\n\n<figure class=\"wp-block-image size-large\"><img loading=\"lazy\" decoding=\"async\" width=\"1024\" height=\"682\" src=\"https:\/\/www.greenpeace.org\/static\/planet4-argentina-stateless\/2022\/01\/e1f89360-gp1swsaw_medium_res_with_credit_line-1024x682.jpg\" alt=\"\" class=\"wp-image-14219\" srcset=\"https:\/\/www.greenpeace.org\/static\/planet4-argentina-stateless\/2022\/01\/e1f89360-gp1swsaw_medium_res_with_credit_line-1024x682.jpg 1024w, https:\/\/www.greenpeace.org\/static\/planet4-argentina-stateless\/2022\/01\/e1f89360-gp1swsaw_medium_res_with_credit_line-300x200.jpg 300w, https:\/\/www.greenpeace.org\/static\/planet4-argentina-stateless\/2022\/01\/e1f89360-gp1swsaw_medium_res_with_credit_line-768x511.jpg 768w, https:\/\/www.greenpeace.org\/static\/planet4-argentina-stateless\/2022\/01\/e1f89360-gp1swsaw_medium_res_with_credit_line-510x340.jpg 510w, https:\/\/www.greenpeace.org\/static\/planet4-argentina-stateless\/2022\/01\/e1f89360-gp1swsaw_medium_res_with_credit_line.jpg 1200w\" sizes=\"auto, (max-width: 1024px) 100vw, 1024px\" \/><figcaption>\u00a9 Legofly \/ Greenpeace<\/figcaption><\/figure>\n\n<figure class=\"wp-block-image size-large\"><img loading=\"lazy\" decoding=\"async\" width=\"1024\" height=\"682\" src=\"https:\/\/www.greenpeace.org\/static\/planet4-argentina-stateless\/2022\/01\/7e072c56-gp1swsax_medium_res_with_credit_line-1024x682.jpg\" alt=\"\" class=\"wp-image-14217\" srcset=\"https:\/\/www.greenpeace.org\/static\/planet4-argentina-stateless\/2022\/01\/7e072c56-gp1swsax_medium_res_with_credit_line-1024x682.jpg 1024w, https:\/\/www.greenpeace.org\/static\/planet4-argentina-stateless\/2022\/01\/7e072c56-gp1swsax_medium_res_with_credit_line-300x200.jpg 300w, https:\/\/www.greenpeace.org\/static\/planet4-argentina-stateless\/2022\/01\/7e072c56-gp1swsax_medium_res_with_credit_line-768x511.jpg 768w, https:\/\/www.greenpeace.org\/static\/planet4-argentina-stateless\/2022\/01\/7e072c56-gp1swsax_medium_res_with_credit_line-510x340.jpg 510w, https:\/\/www.greenpeace.org\/static\/planet4-argentina-stateless\/2022\/01\/7e072c56-gp1swsax_medium_res_with_credit_line.jpg 1200w\" sizes=\"auto, (max-width: 1024px) 100vw, 1024px\" \/><figcaption>\u00a9 Legofly \/ Greenpeace<\/figcaption><\/figure>\n\n<p>Por eso el Jueves 13\/01\u2063 realizamos la&nbsp;<strong>\u201cJornada de visibilizaci\u00f3n, volanteada y mural\u201d\u2063<\/strong> que finaliz\u00f3 con un&nbsp;<strong>imponente mural<\/strong>&nbsp;frente al mar en alianza con&nbsp;<a href=\"https:\/\/www.instagram.com\/ecosdmar\/\">@ecosdmar<\/a>&nbsp;y junto a los artistas de&nbsp;<a href=\"https:\/\/www.instagram.com\/proyecto.atrapasuenos\/\">@proyecto.atrapasuenos<\/a>&nbsp;<a href=\"https:\/\/www.instagram.com\/jaalmiron\/\">@jaalmiron<\/a>&nbsp;y&nbsp;<a href=\"https:\/\/www.instagram.com\/tatytetart\/\">@tatytetart<\/a><\/p>\n\n<p><\/p>\n\n<p>A trav\u00e9s de esta&nbsp;<strong>obra creativa<\/strong>&nbsp;reflejamos la uni\u00f3n del Mar Argentino con las personas y comunidades que vienen rechazando de manera constante los planes de la industria petrolera.&nbsp; <\/p>\n\n<figure class=\"wp-block-image size-large\"><img loading=\"lazy\" decoding=\"async\" width=\"1024\" height=\"683\" src=\"https:\/\/www.greenpeace.org\/static\/planet4-argentina-stateless\/2022\/01\/dfb81a53-gp1swsb5_medium_res_with_credit_line-1024x683.jpg\" alt=\"\" class=\"wp-image-14222\" srcset=\"https:\/\/www.greenpeace.org\/static\/planet4-argentina-stateless\/2022\/01\/dfb81a53-gp1swsb5_medium_res_with_credit_line-1024x683.jpg 1024w, https:\/\/www.greenpeace.org\/static\/planet4-argentina-stateless\/2022\/01\/dfb81a53-gp1swsb5_medium_res_with_credit_line-300x200.jpg 300w, https:\/\/www.greenpeace.org\/static\/planet4-argentina-stateless\/2022\/01\/dfb81a53-gp1swsb5_medium_res_with_credit_line-768x512.jpg 768w, https:\/\/www.greenpeace.org\/static\/planet4-argentina-stateless\/2022\/01\/dfb81a53-gp1swsb5_medium_res_with_credit_line-510x340.jpg 510w, https:\/\/www.greenpeace.org\/static\/planet4-argentina-stateless\/2022\/01\/dfb81a53-gp1swsb5_medium_res_with_credit_line.jpg 1200w\" sizes=\"auto, (max-width: 1024px) 100vw, 1024px\" \/><figcaption>Foto: Gabriel Bulacio \/ Greenpeace<\/figcaption><\/figure>\n\n<figure class=\"wp-block-image size-large\"><img loading=\"lazy\" decoding=\"async\" width=\"1024\" height=\"683\" src=\"https:\/\/www.greenpeace.org\/static\/planet4-argentina-stateless\/2022\/01\/9bd5018a-gp1swsb4_medium_res_with_credit_line-1024x683.jpg\" alt=\"\" class=\"wp-image-14221\" srcset=\"https:\/\/www.greenpeace.org\/static\/planet4-argentina-stateless\/2022\/01\/9bd5018a-gp1swsb4_medium_res_with_credit_line-1024x683.jpg 1024w, https:\/\/www.greenpeace.org\/static\/planet4-argentina-stateless\/2022\/01\/9bd5018a-gp1swsb4_medium_res_with_credit_line-300x200.jpg 300w, https:\/\/www.greenpeace.org\/static\/planet4-argentina-stateless\/2022\/01\/9bd5018a-gp1swsb4_medium_res_with_credit_line-768x512.jpg 768w, https:\/\/www.greenpeace.org\/static\/planet4-argentina-stateless\/2022\/01\/9bd5018a-gp1swsb4_medium_res_with_credit_line-510x340.jpg 510w, https:\/\/www.greenpeace.org\/static\/planet4-argentina-stateless\/2022\/01\/9bd5018a-gp1swsb4_medium_res_with_credit_line.jpg 1200w\" sizes=\"auto, (max-width: 1024px) 100vw, 1024px\" \/><figcaption>El grupo local de Greenpeace en Mar del Plata junto a organizaciones repartieron informaci\u00f3n de la campa\u00f1a a las personas. Foto: Gabriel Bulacio \/ Greenpeace<\/figcaption><\/figure>\n\n<p><strong>Sobre Javier Almir\u00f3n<\/strong><\/p>\n\n<p>Javier Almir\u00f3n es un&nbsp;<strong>creador y gestor cultural de la ciudad de Mar del Plata<\/strong>,<br>Argentina. Su forma de trabajar se centra en la realizaci\u00f3n de&nbsp;<strong>murales,<br>ilustraciones y animaciones<\/strong>&nbsp;donde se pregunta sobre la relaci\u00f3n del ser<br>humano con la consciencia, el poder de sus acciones y su relaci\u00f3n con el<br>mundo que lo rodea.<\/p>\n\n<p>En los \u00faltimos tiempos se ha vinculado fuertemente con diferentes<br>organizaciones ambientales como&nbsp;<strong>Ecos de Mar, BFS (Basta de Falsas<br>Soluciones) y Greenpeace&nbsp;<\/strong>con el fin de aportar desde la grafica y la<br>intervenci\u00f3n callejera, en la lucha contra el cambio clim\u00e1tico<\/p>\n\n<p>Creador del&nbsp;<strong><a href=\"https:\/\/www.instagram.com\/proyecto.atrapasuenos\">proyecto Atrapasue\u00f1os Relato Urbano<\/a><\/strong>, iniciativa en donde a<br>partir de diferentes actividades, los artistas se acercan a la comunidad con el<br>fin de conocer los sue\u00f1os que la unen y luego son representados en murales,<br>transformando el espacio y apropi\u00e1ndose del territorio con im\u00e1genes y<br>mensajes reflexivos y motivadores.<\/p>\n\n<figure class=\"wp-block-image size-large\"><img loading=\"lazy\" decoding=\"async\" width=\"1024\" height=\"683\" src=\"https:\/\/www.greenpeace.org\/static\/planet4-argentina-stateless\/2022\/01\/6c856886-gp1swsb9_medium_res_with_credit_line-1024x683.jpg\" alt=\"\" class=\"wp-image-14223\" srcset=\"https:\/\/www.greenpeace.org\/static\/planet4-argentina-stateless\/2022\/01\/6c856886-gp1swsb9_medium_res_with_credit_line-1024x683.jpg 1024w, https:\/\/www.greenpeace.org\/static\/planet4-argentina-stateless\/2022\/01\/6c856886-gp1swsb9_medium_res_with_credit_line-300x200.jpg 300w, https:\/\/www.greenpeace.org\/static\/planet4-argentina-stateless\/2022\/01\/6c856886-gp1swsb9_medium_res_with_credit_line-768x512.jpg 768w, https:\/\/www.greenpeace.org\/static\/planet4-argentina-stateless\/2022\/01\/6c856886-gp1swsb9_medium_res_with_credit_line-510x340.jpg 510w, https:\/\/www.greenpeace.org\/static\/planet4-argentina-stateless\/2022\/01\/6c856886-gp1swsb9_medium_res_with_credit_line.jpg 1200w\" sizes=\"auto, (max-width: 1024px) 100vw, 1024px\" \/><figcaption>Foto: Gabriel Bulacio \/ Greenpeace.<\/figcaption><\/figure>\n\n<figure class=\"wp-block-image size-large\"><img loading=\"lazy\" decoding=\"async\" width=\"1024\" height=\"683\" src=\"https:\/\/www.greenpeace.org\/static\/planet4-argentina-stateless\/2022\/01\/660d6006-gp1swsba_medium_res_with_credit_line-1024x683.jpg\" alt=\"\" class=\"wp-image-14224\" srcset=\"https:\/\/www.greenpeace.org\/static\/planet4-argentina-stateless\/2022\/01\/660d6006-gp1swsba_medium_res_with_credit_line-1024x683.jpg 1024w, https:\/\/www.greenpeace.org\/static\/planet4-argentina-stateless\/2022\/01\/660d6006-gp1swsba_medium_res_with_credit_line-300x200.jpg 300w, https:\/\/www.greenpeace.org\/static\/planet4-argentina-stateless\/2022\/01\/660d6006-gp1swsba_medium_res_with_credit_line-768x512.jpg 768w, https:\/\/www.greenpeace.org\/static\/planet4-argentina-stateless\/2022\/01\/660d6006-gp1swsba_medium_res_with_credit_line-510x340.jpg 510w, https:\/\/www.greenpeace.org\/static\/planet4-argentina-stateless\/2022\/01\/660d6006-gp1swsba_medium_res_with_credit_line.jpg 1200w\" sizes=\"auto, (max-width: 1024px) 100vw, 1024px\" \/><figcaption> Foto: Gabriel Bulacio \/ Greenpeace. <\/figcaption><\/figure>\n\n<p><strong>Sobre Taty G\u00f3mez<\/strong><\/p>\n\n<p>Taty G\u00f3mez,&nbsp;<strong>artista de Bogot\u00e1<\/strong>, &nbsp;inicia su exploraci\u00f3n art\u00edstica a trav\u00e9s del arte urbano , un medio el cual le ha permitido ampliar su perspectiva del mundo mediante la experiencia con diferentes grupos poblacionales, var\u00eda en los formatos e implementaci\u00f3n de t\u00e9cnicas.&nbsp;Dentro de su experimentaci\u00f3n&nbsp;<strong>implementa objetos de la cotidianidad sustentables&nbsp;<\/strong>citando all\u00ed diferentes &nbsp;problem\u00e1ticas para as\u00ed &nbsp;no olvidar la fragilidad de la fragilidad de la vida.<\/p>\n\n<p>Hoy m\u00e1s que nunca queremos un mar sin petr\u00f3leo\u2063.<\/p>\n\n<h2 class=\"wp-block-heading\"><strong>Por eso ma\u00f1ana martes 18\/1 volvemos a manifestarnos en el #Atlanticazo<\/strong> <strong>en Mar del Plata<\/strong>. <\/h2>\n\n<h2 class=\"wp-block-heading\"><strong>El punto de encuentro es a las 17hs en Av. Luro esq Av. Jara y la marcha es hacia la Rambla<\/strong><br>\u2063<\/h2>\n\n<p><strong>#marsinpetroleras #salvemoselmarargentino #MarArgentinoSinPetr\u00f3leo<\/strong><\/p>\n\n<div class=\"wp-block-buttons is-layout-flex wp-block-buttons-is-layout-flex\">\n<div class=\"wp-block-button is-style-cta\"><a class=\"wp-block-button__link\" href=\"https:\/\/www.greenpeace.org\/argentina\/involucrate\/frena-la-exploracion-sismica-en-el-mar-argentino\/\" target=\"_blank\" rel=\"noreferrer noopener\">Fren\u00e1 la exploraci\u00f3n petrolera en el Mar Argentino<\/a><\/div>\n<\/div>\n","protected":false},"excerpt":{"rendered":"<p>El Jueves 13\/01\u2063 realizamos la\u00a0\u201cJornada de visibilizaci\u00f3n, volanteada y mural\u201d\u2063 que finaliz\u00f3 con un\u00a0imponente mural\u00a0frente al mar en alianza con\u00a0Ecos de Mar\u00a0y junto a los artistas\u00a0Javier Almir\u00f3n\u00a0y\u00a0Taty G\u00f3mez<\/p>\n","protected":false},"author":21,"featured_media":14219,"comment_status":"closed","ping_status":"open","sticky":false,"template":"","format":"standard","meta":{"ep_exclude_from_search":false,"p4_og_title":"","p4_og_description":"","p4_og_image":"","p4_og_image_id":"","p4_seo_canonical_url":"","p4_campaign_name":"not set","p4_local_project":"not set","p4_basket_name":"not set","p4_department":"","footnotes":""},"categories":[44,17],"tags":[49],"p4-page-type":[14],"class_list":["post-14213","post","type-post","status-publish","format-standard","has-post-thumbnail","hentry","category-blog","category-oceanos","tag-marargentino","p4-page-type-blog"],"_links":{"self":[{"href":"https:\/\/www.greenpeace.org\/argentina\/wp-json\/wp\/v2\/posts\/14213","targetHints":{"allow":["GET"]}}],"collection":[{"href":"https:\/\/www.greenpeace.org\/argentina\/wp-json\/wp\/v2\/posts"}],"about":[{"href":"https:\/\/www.greenpeace.org\/argentina\/wp-json\/wp\/v2\/types\/post"}],"author":[{"embeddable":true,"href":"https:\/\/www.greenpeace.org\/argentina\/wp-json\/wp\/v2\/users\/21"}],"replies":[{"embeddable":true,"href":"https:\/\/www.greenpeace.org\/argentina\/wp-json\/wp\/v2\/comments?post=14213"}],"version-history":[{"count":5,"href":"https:\/\/www.greenpeace.org\/argentina\/wp-json\/wp\/v2\/posts\/14213\/revisions"}],"predecessor-version":[{"id":14272,"href":"https:\/\/www.greenpeace.org\/argentina\/wp-json\/wp\/v2\/posts\/14213\/revisions\/14272"}],"wp:featuredmedia":[{"embeddable":true,"href":"https:\/\/www.greenpeace.org\/argentina\/wp-json\/wp\/v2\/media\/14219"}],"wp:attachment":[{"href":"https:\/\/www.greenpeace.org\/argentina\/wp-json\/wp\/v2\/media?parent=14213"}],"wp:term":[{"taxonomy":"category","embeddable":true,"href":"https:\/\/www.greenpeace.org\/argentina\/wp-json\/wp\/v2\/categories?post=14213"},{"taxonomy":"post_tag","embeddable":true,"href":"https:\/\/www.greenpeace.org\/argentina\/wp-json\/wp\/v2\/tags?post=14213"},{"taxonomy":"p4-page-type","embeddable":true,"href":"https:\/\/www.greenpeace.org\/argentina\/wp-json\/wp\/v2\/p4-page-type?post=14213"}],"curies":[{"name":"wp","href":"https:\/\/api.w.org\/{rel}","templated":true}]}}