{"id":14730,"date":"2022-03-14T10:49:42","date_gmt":"2022-03-14T13:49:42","guid":{"rendered":"https:\/\/www.greenpeace.org\/argentina\/?p=14730"},"modified":"2022-03-14T13:02:43","modified_gmt":"2022-03-14T16:02:43","slug":"que-es-el-tratado-global-de-los-oceanos-y-por-que-es-tan-importante-para-el-mar-argentino","status":"publish","type":"post","link":"https:\/\/www.greenpeace.org\/argentina\/blog\/problemas\/oceanos\/que-es-el-tratado-global-de-los-oceanos-y-por-que-es-tan-importante-para-el-mar-argentino\/","title":{"rendered":"\u00bfQu\u00e9 es el Tratado Global de los Oc\u00e9anos y por qu\u00e9 es tan importante para el Mar Argentino?"},"content":{"rendered":"\n<figure class=\"wp-block-image size-large\"><img loading=\"lazy\" decoding=\"async\" width=\"1024\" height=\"684\" src=\"https:\/\/www.greenpeace.org\/static\/planet4-argentina-stateless\/2022\/03\/7e975d32-gp1sx19m_medium_res_with_credit_line-1024x684.jpg\" alt=\"\" class=\"wp-image-14731\" srcset=\"https:\/\/www.greenpeace.org\/static\/planet4-argentina-stateless\/2022\/03\/7e975d32-gp1sx19m_medium_res_with_credit_line-1024x684.jpg 1024w, https:\/\/www.greenpeace.org\/static\/planet4-argentina-stateless\/2022\/03\/7e975d32-gp1sx19m_medium_res_with_credit_line-300x200.jpg 300w, https:\/\/www.greenpeace.org\/static\/planet4-argentina-stateless\/2022\/03\/7e975d32-gp1sx19m_medium_res_with_credit_line-768x513.jpg 768w, https:\/\/www.greenpeace.org\/static\/planet4-argentina-stateless\/2022\/03\/7e975d32-gp1sx19m_medium_res_with_credit_line-510x340.jpg 510w, https:\/\/www.greenpeace.org\/static\/planet4-argentina-stateless\/2022\/03\/7e975d32-gp1sx19m_medium_res_with_credit_line.jpg 1200w\" sizes=\"auto, (max-width: 1024px) 100vw, 1024px\" \/><figcaption>Representantes de Greenpeace en la puerta del edificio de Naciones Unidad en Nueva York expresan el reclamo por un Tratado Global de los Oc\u00e9anos. Foto  \u00a9 Stephanie Keith \/ Greenpeace<\/figcaption><\/figure>\n\n<p><strong>Nuestro barco Arctic Sunrise lleg\u00f3 a Argentina despu\u00e9s de pasar&nbsp; por la Ant\u00e1rtida en una expedici\u00f3n internacional que ya lleva varios a\u00f1os denunciando las amenazas a los mares y oc\u00e9anos alrededor del mundo.&nbsp; <\/strong><strong>El objetivo de esta traves\u00eda es aportar informaci\u00f3n que permita conocer el estado actual del fondo marino en el Mar Argentino&nbsp; y su biodiversidad<\/strong>. <strong>Mientras se realiza el tour, una delegaci\u00f3n de Greenpeace estar\u00e1 participando de la \u00faltima etapa del proceso de negociaci\u00f3n entre los gobiernos del mundo para acordar un Tratado Global sobre los Oc\u00e9anos en la ONU.<\/strong><\/p>\n\n<p>Cambio clim\u00e1tico, sobrepesca industrial, contaminaci\u00f3n por pl\u00e1sticos, acidificaci\u00f3n, extracci\u00f3n petrolera y&nbsp; miner\u00eda en aguas profundas son algunos de los ejemplos de actividades humanas destructivas&nbsp; que est\u00e1n llevando al l\u00edmite a los oc\u00e9anos en el mundo. \u00bfC\u00f3mo podemos salvarlos?&nbsp;<\/p>\n\n<p>En la actualidad, <strong>menos del 1% de los oc\u00e9anos globales se encuentran protegidos.<\/strong>&nbsp; Son las aguas que est\u00e1n m\u00e1s all\u00e1 de las fronteras nacionales, tambi\u00e9n llamadas <strong>aguas internacionales<\/strong> o <strong>alta mar<\/strong>. Cubren m\u00e1s de 230 millones de kil\u00f3metros cuadrados, una superficie equivalente a casi la mitad de la Tierra. Sin embargo, hoy no existen normas ni regulaciones para poder para preservarlas.<\/p>\n\n<p>Por eso, la comunidad cient\u00edfica recomienda que debemos alcanzar al menos el 30% de su protecci\u00f3n para realmente contribuir a la regeneraci\u00f3n de los ecosistemas marinos y a su resiliencia.<\/p>\n\n<figure class=\"wp-block-image size-large\"><img loading=\"lazy\" decoding=\"async\" width=\"1024\" height=\"684\" src=\"https:\/\/www.greenpeace.org\/static\/planet4-argentina-stateless\/2022\/03\/f506faad-gp1sx0vi_medium_res_with_credit_line-1024x684.jpg\" alt=\"\" class=\"wp-image-14732\" srcset=\"https:\/\/www.greenpeace.org\/static\/planet4-argentina-stateless\/2022\/03\/f506faad-gp1sx0vi_medium_res_with_credit_line-1024x684.jpg 1024w, https:\/\/www.greenpeace.org\/static\/planet4-argentina-stateless\/2022\/03\/f506faad-gp1sx0vi_medium_res_with_credit_line-300x200.jpg 300w, https:\/\/www.greenpeace.org\/static\/planet4-argentina-stateless\/2022\/03\/f506faad-gp1sx0vi_medium_res_with_credit_line-768x513.jpg 768w, https:\/\/www.greenpeace.org\/static\/planet4-argentina-stateless\/2022\/03\/f506faad-gp1sx0vi_medium_res_with_credit_line-510x340.jpg 510w, https:\/\/www.greenpeace.org\/static\/planet4-argentina-stateless\/2022\/03\/f506faad-gp1sx0vi_medium_res_with_credit_line.jpg 1200w\" sizes=\"auto, (max-width: 1024px) 100vw, 1024px\" \/><figcaption>Greenpeace realiz\u00f3 una proyecci\u00f3n l\u00e1ser sobre la fachada de uno de los edificios ubicados frente a Naciones Unidad con el mensaje para que acuerde un Tratado Global de los Oc\u00e9anos \u00a9 Stephanie Keith \/ Greenpeace<\/figcaption><\/figure>\n\n<p>En Greenpeace trabajamos desde hace a\u00f1os para lograr que los gobiernos del mundo acuerden un <strong>Tratado Global de los Oc\u00e9anos<\/strong>. Este pacto mundial&nbsp; determinar\u00eda las bases para que se creen e implementen una red de <strong>santuarios marinos <\/strong>en diferentes lugares del planeta. Estos santuarios brindar\u00edan un refugio seguro para que la flora y fauna marina&nbsp; se recuperen de los efectos del impacto humano en el ecosistema marino. En estas<strong> \u00e1reas podr\u00eda prohibirse la pesca industrial y la extracci\u00f3n de petr\u00f3leo y gas, entre otras actividades destructivas<\/strong>.<\/p>\n\n<figure class=\"wp-block-image size-large\"><img loading=\"lazy\" decoding=\"async\" width=\"1024\" height=\"529\" src=\"https:\/\/www.greenpeace.org\/static\/planet4-argentina-stateless\/2022\/03\/ae4eb9f6-2-1024x529.png\" alt=\"\" class=\"wp-image-14733\" srcset=\"https:\/\/www.greenpeace.org\/static\/planet4-argentina-stateless\/2022\/03\/ae4eb9f6-2-1024x529.png 1024w, https:\/\/www.greenpeace.org\/static\/planet4-argentina-stateless\/2022\/03\/ae4eb9f6-2-300x155.png 300w, https:\/\/www.greenpeace.org\/static\/planet4-argentina-stateless\/2022\/03\/ae4eb9f6-2-768x396.png 768w, https:\/\/www.greenpeace.org\/static\/planet4-argentina-stateless\/2022\/03\/ae4eb9f6-2-510x263.png 510w, https:\/\/www.greenpeace.org\/static\/planet4-argentina-stateless\/2022\/03\/ae4eb9f6-2.png 1331w\" sizes=\"auto, (max-width: 1024px) 100vw, 1024px\" \/><figcaption>Representantes de Greenpeace entregan a las delegaciones el ultimo reporte de la organizaci\u00f3n sobre la situaci\u00f3n del Calamar en los oc\u00e9anos<\/figcaption><\/figure>\n\n<p>En septiembre de 2018, por primera vez en la historia, las autoridades de diferentes pa\u00edses se reunieron en la sede de la<strong> Organizaci\u00f3n de las Naciones Unidas (ONU)<\/strong> en Nueva York para comenzar a discutir un plan para resguardar los oc\u00e9anos y su biodiversidad. El segundo encuentro se realiz\u00f3 en abril de 2019.&nbsp;<\/p>\n\n<p>Y durante este a\u00f1o 2022 <strong>del 7 al 18 de marzo, los l\u00edderes del mundo se est\u00e1n volviendo a reunir en la sede de las Naciones Unidas para la \u00faltima ronda de negociaciones de este Tratado.&nbsp;<\/strong><\/p>\n\n<figure class=\"wp-block-image size-large\"><img loading=\"lazy\" decoding=\"async\" width=\"1024\" height=\"684\" src=\"https:\/\/www.greenpeace.org\/static\/planet4-argentina-stateless\/2022\/03\/834cb184-gp1sx1a7_medium_res_with_credit_line-1024x684.jpg\" alt=\"\" class=\"wp-image-14734\" srcset=\"https:\/\/www.greenpeace.org\/static\/planet4-argentina-stateless\/2022\/03\/834cb184-gp1sx1a7_medium_res_with_credit_line-1024x684.jpg 1024w, https:\/\/www.greenpeace.org\/static\/planet4-argentina-stateless\/2022\/03\/834cb184-gp1sx1a7_medium_res_with_credit_line-300x200.jpg 300w, https:\/\/www.greenpeace.org\/static\/planet4-argentina-stateless\/2022\/03\/834cb184-gp1sx1a7_medium_res_with_credit_line-768x513.jpg 768w, https:\/\/www.greenpeace.org\/static\/planet4-argentina-stateless\/2022\/03\/834cb184-gp1sx1a7_medium_res_with_credit_line-510x340.jpg 510w, https:\/\/www.greenpeace.org\/static\/planet4-argentina-stateless\/2022\/03\/834cb184-gp1sx1a7_medium_res_with_credit_line.jpg 1200w\" sizes=\"auto, (max-width: 1024px) 100vw, 1024px\" \/><figcaption> \u00a9 Stephanie Keith \/ Greenpeace .<\/figcaption><\/figure>\n\n<p>Despu\u00e9s de casi dos a\u00f1os de aplazamiento&nbsp; por la pandemia, es muy importante que en esta reuni\u00f3n, conocida como la <strong>IGC4 o Cuarta Conferencia Intergubernamental<\/strong>, los gobiernos acuerden aprobar este Tratado que permita poner un freno a las actividades humanas da\u00f1inas en aguas internacionales<\/p>\n\n<p><strong>Estas reuniones son muy importantes porque <\/strong><strong>las industrias destructivas tratar\u00e1n de influenciar la decisi\u00f3n para poder seguir destruyendo nuestros oc\u00e9anos priorizando sus intereses<\/strong><strong>&nbsp;<\/strong><\/p>\n\n<h2 class=\"wp-block-heading\"><strong>\u00bfPor qu\u00e9 es importante el Tratado para proteger el Mar Argentino?<\/strong><\/h2>\n\n<figure class=\"wp-block-image size-large\"><img loading=\"lazy\" decoding=\"async\" width=\"1024\" height=\"631\" src=\"https:\/\/www.greenpeace.org\/static\/planet4-argentina-stateless\/2022\/03\/6757d5dd-detalle-mt-1-1024x631.png\" alt=\"\" class=\"wp-image-14735\" srcset=\"https:\/\/www.greenpeace.org\/static\/planet4-argentina-stateless\/2022\/03\/6757d5dd-detalle-mt-1-1024x631.png 1024w, https:\/\/www.greenpeace.org\/static\/planet4-argentina-stateless\/2022\/03\/6757d5dd-detalle-mt-1-300x185.png 300w, https:\/\/www.greenpeace.org\/static\/planet4-argentina-stateless\/2022\/03\/6757d5dd-detalle-mt-1-768x473.png 768w, https:\/\/www.greenpeace.org\/static\/planet4-argentina-stateless\/2022\/03\/6757d5dd-detalle-mt-1-510x314.png 510w, https:\/\/www.greenpeace.org\/static\/planet4-argentina-stateless\/2022\/03\/6757d5dd-detalle-mt-1.png 1109w\" sizes=\"auto, (max-width: 1024px) 100vw, 1024px\" \/><figcaption>Zona del Agujero Azul<\/figcaption><\/figure>\n\n<p>En nuestro pa\u00eds el <strong>Agujero Azul<\/strong> es una <strong>zona de aguas internacionales<\/strong> que se ubica aproximadamente a 500 km al este del Golfo de San Jorge, en la <strong>Patagonia argentina.<\/strong> All\u00ed, la plataforma continental argentina se extiende m\u00e1s all\u00e1 de la Zona Econ\u00f3mica Exclusiva (ZEE), que se expande hasta las 200 millas n\u00e1uticas de la costa, lo que la hace un \u00e1rea relativamente de poca profundidad en el contexto de las aguas internacionales.&nbsp;<\/p>\n\n<p>El Agujero Azul cumple tambi\u00e9n un <strong>rol ecol\u00f3gico central dentro de los oc\u00e9anos globales<\/strong>, porque proporciona \u00e1reas clave para el desove de peces y alimentaci\u00f3n de mam\u00edferos marinos y aves que se alimentan y migran a trav\u00e9s de esta zona. Es un lugar de alimentaci\u00f3n y tr\u00e1nsito para especies como la ballena Franca Austral y otras de estado de conservaci\u00f3n vulnerable, como el cachalote, el rorcual y los albatros y tambi\u00e9n es el hogar de especies comerciales importantes.&nbsp;<\/p>\n\n<figure class=\"wp-block-image size-large\"><img loading=\"lazy\" decoding=\"async\" width=\"1024\" height=\"596\" src=\"https:\/\/www.greenpeace.org\/static\/planet4-argentina-stateless\/2022\/03\/f72881bc-ballena-franca-austral-3-1024x596.jpg\" alt=\"\" class=\"wp-image-14736\" srcset=\"https:\/\/www.greenpeace.org\/static\/planet4-argentina-stateless\/2022\/03\/f72881bc-ballena-franca-austral-3-1024x596.jpg 1024w, https:\/\/www.greenpeace.org\/static\/planet4-argentina-stateless\/2022\/03\/f72881bc-ballena-franca-austral-3-300x175.jpg 300w, https:\/\/www.greenpeace.org\/static\/planet4-argentina-stateless\/2022\/03\/f72881bc-ballena-franca-austral-3-768x447.jpg 768w, https:\/\/www.greenpeace.org\/static\/planet4-argentina-stateless\/2022\/03\/f72881bc-ballena-franca-austral-3-1536x894.jpg 1536w, https:\/\/www.greenpeace.org\/static\/planet4-argentina-stateless\/2022\/03\/f72881bc-ballena-franca-austral-3-2048x1192.jpg 2048w, https:\/\/www.greenpeace.org\/static\/planet4-argentina-stateless\/2022\/03\/f72881bc-ballena-franca-austral-3-510x297.jpg 510w\" sizes=\"auto, (max-width: 1024px) 100vw, 1024px\" \/><figcaption>Ballena Franca Austral.<\/figcaption><\/figure>\n\n<p>Hoy el Agujero Azul est\u00e1 siendo explotado por industrias destructivas, como la pesca indiscriminada. Los<strong> <\/strong><strong>barcos pesqueros cuyos principales objetivos son el calamar, la merluza y la merluza negra<\/strong><strong> <\/strong><strong>aprovechan la falta de regulaci\u00f3n en aguas internacionales para saquear las \u00e1reas que bordean la zona econ\u00f3mica exclusiva<\/strong>. Es que las t\u00e9cnicas nocivas de pesca no discriminan entre especies, tanto la pesca de arrastre, como el palangre son responsables de un gran porcentaje de pesca accidental. Cada a\u00f1o, son m\u00e1s de 500 buques pesqueros los que se detectan en la zona.&nbsp;<\/p>\n\n<p>A su vez, a nivel nacional, este a\u00f1o debe ser finalmente <strong>tratado y aprobado <\/strong><strong>el proyecto de ley por la creaci\u00f3n de un \u00e1rea marina protegida bent\u00f3nica en el Agujero Azul<\/strong>. De avanzar con la aprobaci\u00f3n de este proyecto, Argentina dar\u00eda un primer paso para proteger el ecosistema bent\u00f3nico del Agujero Azul, restringiendo una de las t\u00e9cnicas de pesca con mayor impacto como el arrastre de fondo.<\/p>\n\n<p>Necesitamos de forma urgente mecanismos de preservaci\u00f3n para el mar Argentino. Y sin dudas, esta es una oportunidad hist\u00f3rica para defender los oc\u00e9anos La vida del planeta, incluso la nuestra, depende de ellos.<\/p>\n\n<p>La crisis que nuestros oc\u00e9anos enfrentan exige medidas urgentes por parte de los gobiernos del mundo, no hay tiempo que perder, el momento de actuar es ahora, <strong>necesitamos un Tratado Global de los Oc\u00e9anos este 2022<\/strong>.&nbsp;<\/p>\n","protected":false},"excerpt":{"rendered":"<p>Es muy importante que en esta reuni\u00f3n, conocida como la IGC4 o Cuarta Conferencia Intergubernamental, los gobiernos acuerden aprobar este Tratado que permita poner un freno a las actividades humanas da\u00f1inas en aguas internacionales<\/p>\n","protected":false},"author":21,"featured_media":14731,"comment_status":"closed","ping_status":"open","sticky":false,"template":"","format":"standard","meta":{"ep_exclude_from_search":false,"p4_og_title":"","p4_og_description":"","p4_og_image":"","p4_og_image_id":"","p4_seo_canonical_url":"","p4_campaign_name":"not set","p4_local_project":"not set","p4_basket_name":"not set","p4_department":"","footnotes":""},"categories":[17],"tags":[49,54],"p4-page-type":[14],"class_list":["post-14730","post","type-post","status-publish","format-standard","has-post-thumbnail","hentry","category-oceanos","tag-marargentino","tag-travesia","p4-page-type-blog"],"_links":{"self":[{"href":"https:\/\/www.greenpeace.org\/argentina\/wp-json\/wp\/v2\/posts\/14730","targetHints":{"allow":["GET"]}}],"collection":[{"href":"https:\/\/www.greenpeace.org\/argentina\/wp-json\/wp\/v2\/posts"}],"about":[{"href":"https:\/\/www.greenpeace.org\/argentina\/wp-json\/wp\/v2\/types\/post"}],"author":[{"embeddable":true,"href":"https:\/\/www.greenpeace.org\/argentina\/wp-json\/wp\/v2\/users\/21"}],"replies":[{"embeddable":true,"href":"https:\/\/www.greenpeace.org\/argentina\/wp-json\/wp\/v2\/comments?post=14730"}],"version-history":[{"count":2,"href":"https:\/\/www.greenpeace.org\/argentina\/wp-json\/wp\/v2\/posts\/14730\/revisions"}],"predecessor-version":[{"id":14751,"href":"https:\/\/www.greenpeace.org\/argentina\/wp-json\/wp\/v2\/posts\/14730\/revisions\/14751"}],"wp:featuredmedia":[{"embeddable":true,"href":"https:\/\/www.greenpeace.org\/argentina\/wp-json\/wp\/v2\/media\/14731"}],"wp:attachment":[{"href":"https:\/\/www.greenpeace.org\/argentina\/wp-json\/wp\/v2\/media?parent=14730"}],"wp:term":[{"taxonomy":"category","embeddable":true,"href":"https:\/\/www.greenpeace.org\/argentina\/wp-json\/wp\/v2\/categories?post=14730"},{"taxonomy":"post_tag","embeddable":true,"href":"https:\/\/www.greenpeace.org\/argentina\/wp-json\/wp\/v2\/tags?post=14730"},{"taxonomy":"p4-page-type","embeddable":true,"href":"https:\/\/www.greenpeace.org\/argentina\/wp-json\/wp\/v2\/p4-page-type?post=14730"}],"curies":[{"name":"wp","href":"https:\/\/api.w.org\/{rel}","templated":true}]}}