{"id":15449,"date":"2022-04-11T19:23:17","date_gmt":"2022-04-11T22:23:17","guid":{"rendered":"https:\/\/www.greenpeace.org\/argentina\/?p=15449"},"modified":"2025-07-02T04:34:23","modified_gmt":"2025-07-02T07:34:23","slug":"10-datos-sobre-la-ballena-franca-austral-y-por-que-es-clave-que-deje-de-estar-en-peligro","status":"publish","type":"post","link":"https:\/\/www.greenpeace.org\/argentina\/blog\/problemas\/oceanos\/10-datos-sobre-la-ballena-franca-austral-y-por-que-es-clave-que-deje-de-estar-en-peligro\/","title":{"rendered":"10 datos sobre la Ballena Franca Austral y por qu\u00e9 es clave que deje de estar en peligro."},"content":{"rendered":"\n<figure class=\"wp-block-image size-large\"><img loading=\"lazy\" decoding=\"async\" width=\"1024\" height=\"683\" src=\"https:\/\/www.greenpeace.org\/static\/planet4-argentina-stateless\/2022\/04\/d05f9259-gp0stu226_medium_res_with_credit_line-1024x683.jpg\" alt=\"\" class=\"wp-image-15450\" srcset=\"https:\/\/www.greenpeace.org\/static\/planet4-argentina-stateless\/2022\/04\/d05f9259-gp0stu226_medium_res_with_credit_line-1024x683.jpg 1024w, https:\/\/www.greenpeace.org\/static\/planet4-argentina-stateless\/2022\/04\/d05f9259-gp0stu226_medium_res_with_credit_line-300x200.jpg 300w, https:\/\/www.greenpeace.org\/static\/planet4-argentina-stateless\/2022\/04\/d05f9259-gp0stu226_medium_res_with_credit_line-768x512.jpg 768w, https:\/\/www.greenpeace.org\/static\/planet4-argentina-stateless\/2022\/04\/d05f9259-gp0stu226_medium_res_with_credit_line-510x340.jpg 510w, https:\/\/www.greenpeace.org\/static\/planet4-argentina-stateless\/2022\/04\/d05f9259-gp0stu226_medium_res_with_credit_line.jpg 1200w\" sizes=\"auto, (max-width: 1024px) 100vw, 1024px\" \/><figcaption>\u00a9 Santiago Salimbeni \/ Greenpeace<\/figcaption><\/figure>\n\n<p>Las ballenas son muy importantes para los oc\u00e9anos. Podr\u00eda decirse que son sus <strong>ingenieras<\/strong> porque ayudan a mantener&nbsp;saludable sus aguas y ecosistemas redistribuyendo nutrientes a trav\u00e9s de los oc\u00e9anos en varias direcciones.&nbsp;<\/p>\n\n<p>La <strong>Ballena Franca Austral <\/strong>no es una excepci\u00f3n. Es una de las especies ic\u00f3nicas del mar Argentino. Hace m\u00e1s de tres d\u00e9cadas fue declarada Monumento Natural Nacional, lo que implica que su estado de protecci\u00f3n debe ser absoluto, y debe alcanzar a las zonas de alimentaci\u00f3n, de cr\u00eda y de tr\u00e1nsito. Pero hoy su hogar enfrenta <strong>dos amenazas: el avance de la pesca industrial fuera de control en el Agujero Azul y de la industria petrolera.&nbsp;<\/strong><\/p>\n\n<div class=\"wp-block-image\"><figure class=\"aligncenter size-large\"><img loading=\"lazy\" decoding=\"async\" width=\"1024\" height=\"659\" src=\"https:\/\/www.greenpeace.org\/static\/planet4-argentina-stateless\/2022\/04\/20739120-gp0stu221_medium_res_with_credit_line-1024x659.jpg\" alt=\"\" class=\"wp-image-15451\" srcset=\"https:\/\/www.greenpeace.org\/static\/planet4-argentina-stateless\/2022\/04\/20739120-gp0stu221_medium_res_with_credit_line-1024x659.jpg 1024w, https:\/\/www.greenpeace.org\/static\/planet4-argentina-stateless\/2022\/04\/20739120-gp0stu221_medium_res_with_credit_line-300x193.jpg 300w, https:\/\/www.greenpeace.org\/static\/planet4-argentina-stateless\/2022\/04\/20739120-gp0stu221_medium_res_with_credit_line-768x494.jpg 768w, https:\/\/www.greenpeace.org\/static\/planet4-argentina-stateless\/2022\/04\/20739120-gp0stu221_medium_res_with_credit_line-510x328.jpg 510w, https:\/\/www.greenpeace.org\/static\/planet4-argentina-stateless\/2022\/04\/20739120-gp0stu221_medium_res_with_credit_line.jpg 1200w\" sizes=\"auto, (max-width: 1024px) 100vw, 1024px\" \/><figcaption>\u00a9 Santiago Salimbeni \/ Greenpeace<\/figcaption><\/figure><\/div>\n\n<p>En esta nota te invitamos a conocer m\u00e1s sobre ella y por qu\u00e9 es importante proteger su hogar, los oc\u00e9anos:<\/p>\n\n<p>1- Su nombre es Eubalaena australis es una especie de cet\u00e1ceo de la familia<\/p>\n\n<p>Balaenidae propia del Hemisferio Sur (de los 20\u00b0 a los 60\u00b0 de latitud en los oc\u00e9anos Pac\u00edfico sur, Atl\u00e1ntico sur e \u00cdndico sur)<\/p>\n\n<p>2- Es <strong>una de las ballenas m\u00e1s grandes<\/strong>: su tama\u00f1o promedio es de 13 a 15 metros de largo en el caso de los machos y alrededor de 16 metros en las hembras. Pesan alrededor de 40 toneladas y al nacer ya miden de 3 a 5 metros, desde el hocico hasta la cola. Pueden vivir hasta 100 a\u00f1os.<\/p>\n\n<div class=\"wp-block-image\"><figure class=\"aligncenter size-large\"><img loading=\"lazy\" decoding=\"async\" width=\"1024\" height=\"681\" src=\"https:\/\/www.greenpeace.org\/static\/planet4-argentina-stateless\/2022\/04\/d8e6f2c9-gp0pp1_medium_res_with_credit_line-1024x681.jpg\" alt=\"\" class=\"wp-image-15453\" srcset=\"https:\/\/www.greenpeace.org\/static\/planet4-argentina-stateless\/2022\/04\/d8e6f2c9-gp0pp1_medium_res_with_credit_line-1024x681.jpg 1024w, https:\/\/www.greenpeace.org\/static\/planet4-argentina-stateless\/2022\/04\/d8e6f2c9-gp0pp1_medium_res_with_credit_line-300x200.jpg 300w, https:\/\/www.greenpeace.org\/static\/planet4-argentina-stateless\/2022\/04\/d8e6f2c9-gp0pp1_medium_res_with_credit_line-768x511.jpg 768w, https:\/\/www.greenpeace.org\/static\/planet4-argentina-stateless\/2022\/04\/d8e6f2c9-gp0pp1_medium_res_with_credit_line-510x340.jpg 510w, https:\/\/www.greenpeace.org\/static\/planet4-argentina-stateless\/2022\/04\/d8e6f2c9-gp0pp1_medium_res_with_credit_line.jpg 1200w\" sizes=\"auto, (max-width: 1024px) 100vw, 1024px\" \/><figcaption>\u00a9Bob Cranston\/Seapics.com<\/figcaption><\/figure><\/div>\n\n<p>3- Sus famosos <strong><em>callos<\/em><\/strong><em> <\/em>en la piel funcionan como sus <strong>huellas dactilares<\/strong>, identifican a cada ballena durante toda su vida. Son \u00e1reas de piel elevadas de m\u00e1s de 5cm de grosor que aparecen en distintas partes de sus cabezas.&nbsp;<\/p>\n\n<p>4- Son <strong>tranquilas, curiosas y bastante lentas<\/strong> para nadar (como m\u00e1ximo de 9 a 11 km\/h). Para comunicarse saltan y dan golpes con sus aletas en el agua.&nbsp;<\/p>\n\n<div class=\"wp-block-image\"><figure class=\"aligncenter size-large\"><img loading=\"lazy\" decoding=\"async\" width=\"1024\" height=\"683\" src=\"https:\/\/www.greenpeace.org\/static\/planet4-argentina-stateless\/2022\/04\/ef88b9da-gp0stu228_medium_res_with_credit_line-1024x683.jpg\" alt=\"\" class=\"wp-image-15454\" srcset=\"https:\/\/www.greenpeace.org\/static\/planet4-argentina-stateless\/2022\/04\/ef88b9da-gp0stu228_medium_res_with_credit_line-1024x683.jpg 1024w, https:\/\/www.greenpeace.org\/static\/planet4-argentina-stateless\/2022\/04\/ef88b9da-gp0stu228_medium_res_with_credit_line-300x200.jpg 300w, https:\/\/www.greenpeace.org\/static\/planet4-argentina-stateless\/2022\/04\/ef88b9da-gp0stu228_medium_res_with_credit_line-768x512.jpg 768w, https:\/\/www.greenpeace.org\/static\/planet4-argentina-stateless\/2022\/04\/ef88b9da-gp0stu228_medium_res_with_credit_line-510x340.jpg 510w, https:\/\/www.greenpeace.org\/static\/planet4-argentina-stateless\/2022\/04\/ef88b9da-gp0stu228_medium_res_with_credit_line.jpg 1200w\" sizes=\"auto, (max-width: 1024px) 100vw, 1024px\" \/><figcaption>\u00a9 Santiago Salimbeni \/ Greenpeace<\/figcaption><\/figure><\/div>\n\n<p>5- Las ballenas y otros grandes cet\u00e1ceos cumplen un rol fundamental para los oc\u00e9anos,&nbsp; ya que <strong>capturan el CO2 de la superficie<\/strong><strong> <\/strong>durante su vida, y cuando mueren sus cuerpos se depositan en el fondo y quedan almacenado.&nbsp;<\/p>\n\n<p>6-En vez de dientes tienen <strong>barbas largas<\/strong>, l\u00e1minas de queratina que cuelgan del maxilar superior. Esas&nbsp; barbas le permiten alimentarse \u00abpor filtro\u00bb: abren sus mand\u00edbulas mientras nadan, despu\u00e9s las cierran, usan su garganta y su lengua para que el agua vuelva a salir de su boca a trav\u00e9s de las barbas, lo que permite que el agua salga mientras captura las presas.&nbsp;<\/p>\n\n<div class=\"wp-block-image\"><figure class=\"aligncenter size-large\"><img loading=\"lazy\" decoding=\"async\" width=\"1024\" height=\"719\" src=\"https:\/\/www.greenpeace.org\/static\/planet4-argentina-stateless\/2022\/04\/717c6877-gp0stu224_medium_res_with_credit_line-1024x719.jpg\" alt=\"\" class=\"wp-image-15456\" srcset=\"https:\/\/www.greenpeace.org\/static\/planet4-argentina-stateless\/2022\/04\/717c6877-gp0stu224_medium_res_with_credit_line-1024x719.jpg 1024w, https:\/\/www.greenpeace.org\/static\/planet4-argentina-stateless\/2022\/04\/717c6877-gp0stu224_medium_res_with_credit_line-300x211.jpg 300w, https:\/\/www.greenpeace.org\/static\/planet4-argentina-stateless\/2022\/04\/717c6877-gp0stu224_medium_res_with_credit_line-768x539.jpg 768w, https:\/\/www.greenpeace.org\/static\/planet4-argentina-stateless\/2022\/04\/717c6877-gp0stu224_medium_res_with_credit_line-485x340.jpg 485w, https:\/\/www.greenpeace.org\/static\/planet4-argentina-stateless\/2022\/04\/717c6877-gp0stu224_medium_res_with_credit_line.jpg 1200w\" sizes=\"auto, (max-width: 1024px) 100vw, 1024px\" \/><figcaption>\u00a9 Santiago Salimbeni \/ Greenpeace<\/figcaption><\/figure><\/div>\n\n<p>7-Su alimento principal es el <strong>krill<\/strong> y peces peque\u00f1os.<\/p>\n\n<p>8- Un tercio de todas las ballenas francas del mundo utiliza las bah\u00edas protegidas de la Pen\u00ednsula Vald\u00e9s en Argentina como h\u00e1bitat de apareamiento y parici\u00f3n entre los meses de mayo y diciembre. El <strong>v\u00ednculo de las madres y su ballenato es el lazo familiar m\u00e1s fuerte que mantienen.<\/strong> La cr\u00eda acompa\u00f1a a su madre durante un a\u00f1o, de la cual aprende las rutas migratorias y las zonas de alimentaci\u00f3n predilectas.<\/p>\n\n<div class=\"wp-block-image\"><figure class=\"aligncenter size-large\"><img loading=\"lazy\" decoding=\"async\" width=\"1024\" height=\"636\" src=\"https:\/\/www.greenpeace.org\/static\/planet4-argentina-stateless\/2022\/04\/53f97122-gp0stu2vn_medium_res_with_credit_line-1024x636.jpg\" alt=\"\" class=\"wp-image-15457\" srcset=\"https:\/\/www.greenpeace.org\/static\/planet4-argentina-stateless\/2022\/04\/53f97122-gp0stu2vn_medium_res_with_credit_line-1024x636.jpg 1024w, https:\/\/www.greenpeace.org\/static\/planet4-argentina-stateless\/2022\/04\/53f97122-gp0stu2vn_medium_res_with_credit_line-300x186.jpg 300w, https:\/\/www.greenpeace.org\/static\/planet4-argentina-stateless\/2022\/04\/53f97122-gp0stu2vn_medium_res_with_credit_line-768x477.jpg 768w, https:\/\/www.greenpeace.org\/static\/planet4-argentina-stateless\/2022\/04\/53f97122-gp0stu2vn_medium_res_with_credit_line-510x317.jpg 510w, https:\/\/www.greenpeace.org\/static\/planet4-argentina-stateless\/2022\/04\/53f97122-gp0stu2vn_medium_res_with_credit_line.jpg 1200w\" sizes=\"auto, (max-width: 1024px) 100vw, 1024px\" \/><figcaption>\u00a9 Santiago Salimbeni \/ Greenpeace.<\/figcaption><\/figure><\/div>\n\n<p>9- Estas ballenas pueden llegar a verse en Argentina (Pen\u00ednsula Vald\u00e9s), Australia, Sud\u00e1frica, Chile, Uruguay, Trist\u00e1n de Acu\u00f1a (dependencia brit\u00e1nica de ultramar) y Nueva Zelanda.<\/p>\n\n<p>10-A diferencia de las ballenas francas del Atl\u00e1ntico Norte y del Pac\u00edfico Norte (ambas en peligro de extinci\u00f3n), la ballena franca austral pudo recuperarse tras siglos de cacer\u00eda comercial.<\/p>\n\n<h2 class=\"wp-block-heading\"><strong>\u00bfC\u00f3mo afecta la pesca industrial a la ballena?<\/strong><\/h2>\n\n<div class=\"wp-block-image\"><figure class=\"aligncenter size-large\"><img loading=\"lazy\" decoding=\"async\" width=\"1024\" height=\"683\" src=\"https:\/\/www.greenpeace.org\/static\/planet4-argentina-stateless\/2022\/04\/9422ae4a-gp0stu6zk_medium_res_with_credit_line-1024x683.jpg\" alt=\"\" class=\"wp-image-15458\" srcset=\"https:\/\/www.greenpeace.org\/static\/planet4-argentina-stateless\/2022\/04\/9422ae4a-gp0stu6zk_medium_res_with_credit_line-1024x683.jpg 1024w, https:\/\/www.greenpeace.org\/static\/planet4-argentina-stateless\/2022\/04\/9422ae4a-gp0stu6zk_medium_res_with_credit_line-300x200.jpg 300w, https:\/\/www.greenpeace.org\/static\/planet4-argentina-stateless\/2022\/04\/9422ae4a-gp0stu6zk_medium_res_with_credit_line-768x512.jpg 768w, https:\/\/www.greenpeace.org\/static\/planet4-argentina-stateless\/2022\/04\/9422ae4a-gp0stu6zk_medium_res_with_credit_line-510x340.jpg 510w, https:\/\/www.greenpeace.org\/static\/planet4-argentina-stateless\/2022\/04\/9422ae4a-gp0stu6zk_medium_res_with_credit_line.jpg 1200w\" sizes=\"auto, (max-width: 1024px) 100vw, 1024px\" \/><figcaption>\u00a9 Martin Katz \/ Greenpeace<\/figcaption><\/figure><\/div>\n\n<p>Lamentablemente hoy su hogar est\u00e1 invadido por barcos industriales. La <strong>presencia de cientos de embarcaciones que se instalan en el Agujero Azul<\/strong>, en el l\u00edmite fronterizo de las aguas nacionales en el Mar Argentino no es <strong>nada positivo para ellas<\/strong>. Esta zona es el principal corredor biol\u00f3gico del mar, zona de alimentaci\u00f3n y tr\u00e1nsito de las ballenas y hoy es invadido por potencias pesqueras internacionales que pescan sin control por la falta de gobernanza en aguas internacionales.&nbsp;<\/p>\n\n<p>Si bien el tama\u00f1o de las ballenas impide que sean levantadas con redes hacia los barcos, los riesgos a los que est\u00e1n expuestas son varios:<\/p>\n\n<p>&#8211;<strong>Riesgo de choques o colisiones<\/strong>: La presencia de much\u00edsimos barcos pesqueros en la zona de h\u00e1bitat&nbsp; y en la ruta migratoria de la ballena franca austral (desde la Ant\u00e1rtida hasta la Pen\u00ednsula Vald\u00e9s) aumenta el riesgo de choques o colisiones que pueden terminar lesionando a estos animales.&nbsp;&nbsp;<\/p>\n\n<p>Esto podr\u00eda suceder porque <strong>los barcos de pesca industriales navegan a una velocidad mayor que el movimiento de las ballenas<\/strong> (2 nudos aproximadamente cuando se alimenta).&nbsp;<\/p>\n\n<p>De hecho, en el Atl\u00e1ntico Norte desde 1970 hasta 2009,<strong> <a href=\"https:\/\/ballenas.org.ar\/proteger-a-las-hembras-es-clave-para-salvar-a-la-ballena-franca-del-atlantico-norte\/\">el 80% de las muertes de ballenas francas del Atl\u00e1ntico Norte<\/a> fueron provocadas por enmallamientos en redes<\/strong> de pesca y colisiones con barcos.<\/p>\n\n<p>&#8211;<strong>M\u00e9todos de pesca<\/strong>: las t\u00e9cnicas de pesca destructiva que usan muchos pesqueros arrasan indiscriminadamente con la vida en el mar afectando los ecosistemas con los cuales las ballenas conviven e interact\u00faan.<\/p>\n\n<p>&nbsp;&#8211;<strong>Ruidos:<\/strong> Los sonidos de las ballenas se propagan grandes distancias en el mar. Hoy en d\u00eda la contaminaci\u00f3n sonora del mar, en especial por embarcaciones, es cada vez mayor y hay preocupaci\u00f3n de que pueda afectar la comunicaci\u00f3n de las ballenas.&nbsp;<\/p>\n\n<h2 class=\"wp-block-heading\"><strong>\u00bfC\u00f3mo afecta a la ballena la industria petrolera?<\/strong><\/h2>\n\n<div class=\"wp-block-image\"><figure class=\"aligncenter size-large\"><img loading=\"lazy\" decoding=\"async\" width=\"1024\" height=\"683\" src=\"https:\/\/www.greenpeace.org\/static\/planet4-argentina-stateless\/2022\/04\/1df1ed01-gp0stu6zi_medium_res_with_credit_line-1024x683.jpg\" alt=\"\" class=\"wp-image-15459\" srcset=\"https:\/\/www.greenpeace.org\/static\/planet4-argentina-stateless\/2022\/04\/1df1ed01-gp0stu6zi_medium_res_with_credit_line-1024x683.jpg 1024w, https:\/\/www.greenpeace.org\/static\/planet4-argentina-stateless\/2022\/04\/1df1ed01-gp0stu6zi_medium_res_with_credit_line-300x200.jpg 300w, https:\/\/www.greenpeace.org\/static\/planet4-argentina-stateless\/2022\/04\/1df1ed01-gp0stu6zi_medium_res_with_credit_line-768x512.jpg 768w, https:\/\/www.greenpeace.org\/static\/planet4-argentina-stateless\/2022\/04\/1df1ed01-gp0stu6zi_medium_res_with_credit_line-510x340.jpg 510w, https:\/\/www.greenpeace.org\/static\/planet4-argentina-stateless\/2022\/04\/1df1ed01-gp0stu6zi_medium_res_with_credit_line.jpg 1200w\" sizes=\"auto, (max-width: 1024px) 100vw, 1024px\" \/><figcaption>\u00a9 Martin Katz \/ Greenpeace<\/figcaption><\/figure><\/div>\n\n<p>Adem\u00e1s del peligro de la pesca intensiva la ballena Franca Austral tambi\u00e9n enfrenta la <strong>inminente amenaza por desarrollo de proyectos petroleros offshore en el Mar Argentino<\/strong>.&nbsp; La <strong>exploraci\u00f3n s\u00edsmica<\/strong>, que se realiza para localizar reservas de gas o petr\u00f3leo en el lecho marino, genera bombardeos ac\u00fasticos constantes que cubren un \u00e1rea de m\u00e1s de 300,000 km2.<\/p>\n\n<p>Hoy <strong>hay <a href=\"https:\/\/www.greenpeace.org\/argentina\/story\/issues\/oceanos\/menos-ballenas-en-el-mar-argentino-greenpeace-revela-las-causas-y-responsables\/\">menos ballenas en el Mar Argentino<\/a> por los efectos de esta cruel t\u00e9cnica<\/strong>. <a href=\"https:\/\/greenpeace.org.ar\/pdf\/Impacto%20de%20s%C3%ADsmica%20sobre%20ballenas.pdf?&amp;_ga=2.229007196.1512248495.1641841813-667886589.1604072518\">Muertes por ahogamientos, varamientos, ausencia de grupos de madres con cr\u00edas<\/a>, son algunas de las consecuencias de los bombardeos ac\u00fasticos.&nbsp; Como ejemplo, un estudio sobre <a href=\"https:\/\/greenpeace.org.ar\/pdf\/2020\/Impactos%20Sismica%20en%20Golfo%20San%20Jorge%2C%20Santa%20Cruz.%20Museo%20Educativo%20Patagonico.pdf?_ga=2.229007196.1512248495.1641841813-667886589.1604072518\">el caso del Golfo de San Jorge<\/a>, lugar que comparten las provincias de Santa Cruz y Chubut, mostr\u00f3 que en el a\u00f1o 2009 durante el per\u00edodo en el que se realiz\u00f3 actividad s\u00edsmica, hubo una ca\u00edda significativa de los avistamientos de cet\u00e1ceos en sus h\u00e1bitats naturales.&nbsp;<\/p>\n\n<p>Adem\u00e1s, en uno de los per\u00edodos hubo una reducci\u00f3n dr\u00e1stica de los grupos de c\u00f3pula y de las madres con cr\u00eda, desapareciendo completamente de la zona. En el a\u00f1o 2008 se observaron 173 ballenas en el golfo, sin embargo al a\u00f1o siguiente, luego de la operaci\u00f3n s\u00edsmica, se registraron 92 y en el 2010 apenas 46.<\/p>\n\n<p>Las zonas donde<strong> hoy las empresas petroleras planean operar son lugares vitales en la alimentaci\u00f3n de la Ballena Franca Austral<\/strong> y otras especies como el ping\u00fcino de Magallanes, Tambi\u00e9n alberga especies end\u00e9micas con estados de conservaci\u00f3n vulnerables como el delf\u00edn Franciscana, mam\u00edfero que viene reduciendo a\u00f1o a a\u00f1o su poblaci\u00f3n y entre sus principales amenazas est\u00e1 la industria petrolera.&nbsp;<\/p>\n\n<h2 class=\"wp-block-heading\"><strong>\u00bfC\u00f3mo proteger el hogar de las ballenas?<\/strong><\/h2>\n\n<figure class=\"wp-block-image size-large\"><img loading=\"lazy\" decoding=\"async\" width=\"1024\" height=\"505\" src=\"https:\/\/www.greenpeace.org\/static\/planet4-argentina-stateless\/2022\/04\/efb8fa67-gp0stu222_medium_res_with_credit_line-1024x505.jpg\" alt=\"\" class=\"wp-image-15460\" srcset=\"https:\/\/www.greenpeace.org\/static\/planet4-argentina-stateless\/2022\/04\/efb8fa67-gp0stu222_medium_res_with_credit_line-1024x505.jpg 1024w, https:\/\/www.greenpeace.org\/static\/planet4-argentina-stateless\/2022\/04\/efb8fa67-gp0stu222_medium_res_with_credit_line-300x148.jpg 300w, https:\/\/www.greenpeace.org\/static\/planet4-argentina-stateless\/2022\/04\/efb8fa67-gp0stu222_medium_res_with_credit_line-768x379.jpg 768w, https:\/\/www.greenpeace.org\/static\/planet4-argentina-stateless\/2022\/04\/efb8fa67-gp0stu222_medium_res_with_credit_line-510x251.jpg 510w, https:\/\/www.greenpeace.org\/static\/planet4-argentina-stateless\/2022\/04\/efb8fa67-gp0stu222_medium_res_with_credit_line.jpg 1199w\" sizes=\"auto, (max-width: 1024px) 100vw, 1024px\" \/><figcaption>\u00a9 Santiago Salimbeni \/ Greenpeace<\/figcaption><\/figure>\n\n<p>Hoy el hogar de la ballena est\u00e1 en peligro, en el Mar Argentino y en las vastas extensiones de aguas internacionales que lo bordean. A nivel global, en aguas internacionales, no existe un mecanismo efectivo para la protecci\u00f3n de las aguas.&nbsp;<\/p>\n\n<p>Por eso, desde Greenpeace, por un lado, a nivel internacional&nbsp; pedimos a los gobiernos del mundo&nbsp; que <strong>acuerden un Tratado Oce\u00e1nico Global fuerte que permita la creaci\u00f3n de santuarios marinos par dar protecci\u00f3n a la vida de los oc\u00e9anos (aguas internacionales)<\/strong>, en particular la de especies migratorias como la ballena franca austral.&nbsp; &nbsp;Adem\u00e1s, el <a href=\"https:\/\/www.greenpeace.org\/argentina\/story\/issues\/oceanos\/sobre-la-caida-de-estado-parlamentario-del-proyecto-de-ley-de-areas-marinas-protegidas-en-el-agujero-azul\/\"><strong>proyecto de<\/strong> <strong>ley de AMP bent\u00f3nica Agujero Azul<\/strong><\/a> pretende proteger el lecho y subsuelo marino m\u00e1s all\u00e1 de las 200 millas y el Tratado Global de los oc\u00e9anos permitir\u00eda tambi\u00e9n proteger la columna de agua del agujero azul, que son aguas internacionales, asegurando as\u00ed el resguardo de los ecosistemas que lo conforman y de la fauna que lo habita y transita.<\/p>\n\n<p>Por otro lado, a nivel nacional.&nbsp;&nbsp;junto a personas de todo el pa\u00eds y organizaciones ambientalistas, <a href=\"https:\/\/www.greenpeace.org\/argentina\/blog\/issues\/oceanos\/dijimos-basta-llevamos-a-la-justicia-al-estado-nacional-con-una-demanda-ambiental-colectiva-porque-pusieron-en-peligro-a-nuestro-mar-argentino\/\">presentamos una demanda colectiva ambiental al Estado Nacional, Ministerio de Ambiente y a la Secretar\u00eda de Energ\u00eda en la Justicia de la Naci\u00f3n<\/a> para evitar que nuestro Mar Argentino caiga en las garras de la industria petrolera, destruya el hogar de la ballena franca austral y adem\u00e1s&nbsp; agrave la crisis clim\u00e1tica que estamos enfrentando.&nbsp;<\/p>\n\n<figure class=\"wp-block-image size-large\"><img loading=\"lazy\" decoding=\"async\" width=\"1024\" height=\"683\" src=\"https:\/\/www.greenpeace.org\/static\/planet4-argentina-stateless\/2022\/04\/0d55d010-gp0stu6zj_medium_res_with_credit_line-1024x683.jpg\" alt=\"\" class=\"wp-image-15461\" srcset=\"https:\/\/www.greenpeace.org\/static\/planet4-argentina-stateless\/2022\/04\/0d55d010-gp0stu6zj_medium_res_with_credit_line-1024x683.jpg 1024w, https:\/\/www.greenpeace.org\/static\/planet4-argentina-stateless\/2022\/04\/0d55d010-gp0stu6zj_medium_res_with_credit_line-300x200.jpg 300w, https:\/\/www.greenpeace.org\/static\/planet4-argentina-stateless\/2022\/04\/0d55d010-gp0stu6zj_medium_res_with_credit_line-768x512.jpg 768w, https:\/\/www.greenpeace.org\/static\/planet4-argentina-stateless\/2022\/04\/0d55d010-gp0stu6zj_medium_res_with_credit_line-510x340.jpg 510w, https:\/\/www.greenpeace.org\/static\/planet4-argentina-stateless\/2022\/04\/0d55d010-gp0stu6zj_medium_res_with_credit_line.jpg 1200w\" sizes=\"auto, (max-width: 1024px) 100vw, 1024px\" \/><figcaption>\u00a9 Martin Katz \/ Greenpeace<\/figcaption><\/figure>\n\n<p>En la demanda pedimos que se reconozca el<strong> derecho a un clima estable <\/strong>como un derecho humano, <strong>detener el avance de la frontera de hidrocarburos<\/strong> por sobre ecosistemas vulnerables y relevantes, que las pol\u00edticas p\u00fablicas est\u00e9n orientadas a la <strong>inversi\u00f3n en energ\u00edas renovables<\/strong> y que se <strong>priorice la biodiversidad <\/strong>por sobre la exploraci\u00f3n offshore.<\/p>\n\n<p>Para poder asegurar que las actividades humanas en los oc\u00e9anos se gestionen de manera efectiva cuidando que las especies animales tengan una protecci\u00f3n integral contra sus impactos, contra el cambio clim\u00e1tico y la contaminaci\u00f3n.<\/p>\n\n<h2 class=\"wp-block-heading\"><strong><a rel=\"noreferrer noopener\" href=\"https:\/\/www.greenpeace.org\/argentina\/experiencia-arctic-sunrise\/\" target=\"_blank\">Muy pronto el barco Arctic Sunrise y la tripulaci\u00f3n van a estar llegando a Buenos Aires. Y vas a tener la oportunidad de vivir la experiencia Arctic Sunrise en Puerto Madero. Hac\u00e9 click aqu\u00ed para conocer toda la informaci\u00f3n y anotarte al evento (gratis)<\/a><\/strong><\/h2>\n\n<h2 class=\"wp-block-heading\"><strong><a href=\"https:\/\/www.greenpeace.org\/argentina\/involucrate\/frena-la-exploracion-sismica-en-el-mar-argentino\/travesia-2022\/\" target=\"_blank\" rel=\"noreferrer noopener\">No te pierdas el d\u00eda a d\u00eda de la Traves\u00eda del Arctic Sunrise, mir\u00e1 todas las fotos y videos en el diario del viaje.<\/a><\/strong><\/h2>\n","protected":false},"excerpt":{"rendered":"<p>Las ballenas son muy importantes para los oc\u00e9anos. Podr\u00eda decirse que son sus ingenieras porque ayudan a mantener&nbsp; saludable sus aguas y ecosistemas redistribuyendo nutrientes<\/p>\n","protected":false},"author":21,"featured_media":15450,"comment_status":"closed","ping_status":"open","sticky":false,"template":"","format":"standard","meta":{"ep_exclude_from_search":false,"p4_og_title":"","p4_og_description":"","p4_og_image":"","p4_og_image_id":"","p4_seo_canonical_url":"","p4_campaign_name":"not set","p4_local_project":"not set","p4_basket_name":"not set","p4_department":"","footnotes":""},"categories":[17],"tags":[49,54],"p4-page-type":[14],"class_list":["post-15449","post","type-post","status-publish","format-standard","has-post-thumbnail","hentry","category-oceanos","tag-marargentino","tag-travesia","p4-page-type-blog"],"_links":{"self":[{"href":"https:\/\/www.greenpeace.org\/argentina\/wp-json\/wp\/v2\/posts\/15449","targetHints":{"allow":["GET"]}}],"collection":[{"href":"https:\/\/www.greenpeace.org\/argentina\/wp-json\/wp\/v2\/posts"}],"about":[{"href":"https:\/\/www.greenpeace.org\/argentina\/wp-json\/wp\/v2\/types\/post"}],"author":[{"embeddable":true,"href":"https:\/\/www.greenpeace.org\/argentina\/wp-json\/wp\/v2\/users\/21"}],"replies":[{"embeddable":true,"href":"https:\/\/www.greenpeace.org\/argentina\/wp-json\/wp\/v2\/comments?post=15449"}],"version-history":[{"count":5,"href":"https:\/\/www.greenpeace.org\/argentina\/wp-json\/wp\/v2\/posts\/15449\/revisions"}],"predecessor-version":[{"id":30793,"href":"https:\/\/www.greenpeace.org\/argentina\/wp-json\/wp\/v2\/posts\/15449\/revisions\/30793"}],"wp:featuredmedia":[{"embeddable":true,"href":"https:\/\/www.greenpeace.org\/argentina\/wp-json\/wp\/v2\/media\/15450"}],"wp:attachment":[{"href":"https:\/\/www.greenpeace.org\/argentina\/wp-json\/wp\/v2\/media?parent=15449"}],"wp:term":[{"taxonomy":"category","embeddable":true,"href":"https:\/\/www.greenpeace.org\/argentina\/wp-json\/wp\/v2\/categories?post=15449"},{"taxonomy":"post_tag","embeddable":true,"href":"https:\/\/www.greenpeace.org\/argentina\/wp-json\/wp\/v2\/tags?post=15449"},{"taxonomy":"p4-page-type","embeddable":true,"href":"https:\/\/www.greenpeace.org\/argentina\/wp-json\/wp\/v2\/p4-page-type?post=15449"}],"curies":[{"name":"wp","href":"https:\/\/api.w.org\/{rel}","templated":true}]}}