{"id":1565,"date":"2019-05-06T14:58:55","date_gmt":"2019-05-06T17:58:55","guid":{"rendered":"https:\/\/master.k8s.p4.greenpeace.org\/argentina\/?p=1565"},"modified":"2021-12-01T09:33:09","modified_gmt":"2021-12-01T12:33:09","slug":"4-razones-para-pedir-el-cierre-de-la-mina-veladero","status":"publish","type":"post","link":"https:\/\/www.greenpeace.org\/argentina\/story\/problemas\/climayenergia\/4-razones-para-pedir-el-cierre-de-la-mina-veladero\/","title":{"rendered":"4 razones para pedir el cierre de la mina Veladero"},"content":{"rendered":"<p><img loading=\"lazy\" decoding=\"async\" class=\"size-full wp-image-1566 aligncenter\" src=\"https:\/\/www.greenpeace.org\/static\/planet4-argentina-stateless\/2019\/05\/ef2c3497-veladeromina_cuerpo.jpg\" alt=\"\" width=\"540\" height=\"360\" srcset=\"https:\/\/www.greenpeace.org\/static\/planet4-argentina-stateless\/2019\/05\/ef2c3497-veladeromina_cuerpo.jpg 540w, https:\/\/www.greenpeace.org\/static\/planet4-argentina-stateless\/2019\/05\/ef2c3497-veladeromina_cuerpo-300x200.jpg 300w, https:\/\/www.greenpeace.org\/static\/planet4-argentina-stateless\/2019\/05\/ef2c3497-veladeromina_cuerpo-510x340.jpg 510w\" sizes=\"auto, (max-width: 540px) 100vw, 540px\" \/><\/p>\n<p>El emprendimiento minero Veladero, que le pertenece a la empresa <strong>Barrick Gold<\/strong>, opera sobre \u00e1rea periglaciar seg\u00fan destacan expertos internacionales,&nbsp; y reconoce la propia empresa en su informe de impacto ambiental. Por esto <strong>viola la Ley de Glaciares.&nbsp;<\/strong><\/p>\n<ul>\n<li style=\"list-style-type: none;\">\n<ul>\n<li style=\"list-style-type: none;\">\n<ul>\n<li>En Septiembre de 2015, en uno de sus derrames,&nbsp;<strong>verti\u00f3 m\u00e1s de un mill\u00f3n de litros de soluci\u00f3n cianurada al R\u00edo Potrerillo de San Juan. Este vertido adem\u00e1s contamin\u00f3 otros cuatro r\u00edos.<\/strong><\/li>\n<li><strong>Produjo cuatro derrames: tres en Veladero y uno en Lama.<\/strong><\/li>\n<li>&nbsp;El Art\u00edculo 264 del C\u00f3digo de Miner\u00eda establece el cierre definitivo de la mina luego de tres infracciones graves. <strong>Veladero ya lleg\u00f3 (pas\u00f3) a las tres infracciones y, sin embargo, solo obtuvo suspensiones. &nbsp;<\/strong><\/li>\n<li>&nbsp;La mina Veladero <strong>es una amenaza constante para el medio ambiente y las comunidades<\/strong><\/li>\n<\/ul>\n<\/li>\n<li style=\"list-style-type: none;\"><\/li>\n<\/ul>\n<\/li>\n<\/ul>\n<p><iframe loading=\"lazy\" src=\"https:\/\/www.youtube.com\/embed\/mTuvtS4SQ5U\" width=\"560\" height=\"315\" frameborder=\"0\" allowfullscreen=\"allowfullscreen\"><\/iframe><\/p>\n<p><strong>Es simple: la miner\u00eda destruye glaciares y contamina. Es urgente que el Presidente Mauricio Macri ordene el cierre definitivo de la mina de la mina a cielo abierto Veladero y que Barrick Gold se haga cargo de los pasivos ambientales y del proceso de cierre. <\/strong><\/p>\n<p><strong><b>Si todav\u00eda no te sumaste a las m\u00e1s de 282 mil personas que ya le pidieron al presidente Mauricio Macri que ordene el cierre inmediato de la mina Veladero, particip\u00e1 ahora haciendo <\/b><a href=\"https:\/\/pages.greenpeace.org.ar\/veladero\"><b>click aqu\u00ed<\/b><\/a><b>.<\/b><\/strong><\/p>\n\t\t\t<section\n\t\t\tclass=\"boxout post-608 \"\n\t\t\t\n\t\t>\n\t\t\t<a\n\t\t\t\tdata-ga-category=\"Take Action Boxout\"\n\t\t\t\tdata-ga-action=\"Image\"\n\t\t\t\tdata-ga-label=\"n\/a\"\n\t\t\t\tclass=\"cover-card-overlay\"\n\t\t\t\thref=\"https:\/\/www.greenpeace.org\/argentina\/participa\/glaciares-en-peligro\/\" \n\t\t\t><\/a>\n\t\t\t\t\t\t\t<img\n\t\t\t\t\t\tsrc=\"https:\/\/www.greenpeace.org\/static\/planet4-argentina-stateless\/2025\/01\/7e6bafb0-glaciares-san-juan-073-\u00a9-greenpeace-1024x683.jpg\"\n\t\t\t\t\t\tsrcset=\"https:\/\/www.greenpeace.org\/static\/planet4-argentina-stateless\/2025\/01\/7e6bafb0-glaciares-san-juan-073-\u00a9-greenpeace-300x200.jpg 300w, https:\/\/www.greenpeace.org\/static\/planet4-argentina-stateless\/2025\/01\/7e6bafb0-glaciares-san-juan-073-\u00a9-greenpeace-1024x683.jpg 1024w, https:\/\/www.greenpeace.org\/static\/planet4-argentina-stateless\/2025\/01\/7e6bafb0-glaciares-san-juan-073-\u00a9-greenpeace-768x512.jpg 768w, https:\/\/www.greenpeace.org\/static\/planet4-argentina-stateless\/2025\/01\/7e6bafb0-glaciares-san-juan-073-\u00a9-greenpeace-1536x1024.jpg 1536w, https:\/\/www.greenpeace.org\/static\/planet4-argentina-stateless\/2025\/01\/7e6bafb0-glaciares-san-juan-073-\u00a9-greenpeace-2048x1366.jpg 2048w, https:\/\/www.greenpeace.org\/static\/planet4-argentina-stateless\/2025\/01\/7e6bafb0-glaciares-san-juan-073-\u00a9-greenpeace-510x340.jpg 510w\"\n\t\t\t\t\t\tsizes=\"(min-width: 1000px) 358px, (min-width: 780px) 313px, 88px\"\n\t\t\t\t\t\talt=\"\" title=\"\"\n\t\t\t\t\/>\n            \t\t\t<div class=\"boxout-content\">\n\t\t\t\t\t\t\t\t\t<a\n\t\t\t\t\t\tclass=\"boxout-heading medium\"\n\t\t\t\t\t\tdata-ga-category=\"Take Action Boxout\"\n\t\t\t\t\t\tdata-ga-action=\"Title\"\n\t\t\t\t\t\tdata-ga-label=\"n\/a\"\n\t\t\t\t\t\thref=\"https:\/\/www.greenpeace.org\/argentina\/participa\/glaciares-en-peligro\/\"\n\t\t\t\t\t\t\n\t\t\t\t\t>\n\t\t\t\t\t\tGlaciares: hielos en peligro\n\t\t\t\t\t<\/a>\n\t\t\t\t\t\t\t\t\t\t\t\t\t<p class=\"boxout-excerpt\">Es importante comprender el rol fundamental que cumplen tanto los glaciares como el ambiente periglaciar en el resguardo de los recursos h\u00eddricos, por lo cual ambos necesitan protecci\u00f3n.<\/p>\n\t\t\t\t                                    <a\n                        class=\"btn btn-primary\"\n                        data-ga-category=\"Take Action Boxout\"\n                        data-ga-action=\"Call to Action\"\n                        data-ga-label=\"n\/a\"\n                        href=\"https:\/\/www.greenpeace.org\/argentina\/participa\/glaciares-en-peligro\/\"\n                        \n                    >\n                        Particip\u00e1\n                    <\/a>\n                \t\t\t<\/div>\n\t\t\t\t\t<\/section>\n\t","protected":false},"excerpt":{"rendered":"<p>El emprendimiento minero Veladero, que le pertenece a la empresa Barrick Gold, opera sobre \u00e1rea periglaciar seg\u00fan destacan expertos internacionales,\u00a0 y reconoce la propia empresa en su informe de impacto&hellip;<\/p>\n","protected":false},"author":21,"featured_media":1566,"comment_status":"closed","ping_status":"open","sticky":false,"template":"","format":"standard","meta":{"ep_exclude_from_search":false,"p4_og_title":"","p4_og_description":"","p4_og_image":"","p4_og_image_id":"","p4_seo_canonical_url":"","p4_campaign_name":"not set","p4_local_project":"not set","p4_basket_name":"not set","p4_department":"","footnotes":""},"categories":[3],"tags":[27],"p4-page-type":[16],"class_list":["post-1565","post","type-post","status-publish","format-standard","has-post-thumbnail","hentry","category-climayenergia","tag-glaciares","p4-page-type-story"],"_links":{"self":[{"href":"https:\/\/www.greenpeace.org\/argentina\/wp-json\/wp\/v2\/posts\/1565","targetHints":{"allow":["GET"]}}],"collection":[{"href":"https:\/\/www.greenpeace.org\/argentina\/wp-json\/wp\/v2\/posts"}],"about":[{"href":"https:\/\/www.greenpeace.org\/argentina\/wp-json\/wp\/v2\/types\/post"}],"author":[{"embeddable":true,"href":"https:\/\/www.greenpeace.org\/argentina\/wp-json\/wp\/v2\/users\/21"}],"replies":[{"embeddable":true,"href":"https:\/\/www.greenpeace.org\/argentina\/wp-json\/wp\/v2\/comments?post=1565"}],"version-history":[{"count":4,"href":"https:\/\/www.greenpeace.org\/argentina\/wp-json\/wp\/v2\/posts\/1565\/revisions"}],"predecessor-version":[{"id":13806,"href":"https:\/\/www.greenpeace.org\/argentina\/wp-json\/wp\/v2\/posts\/1565\/revisions\/13806"}],"wp:featuredmedia":[{"embeddable":true,"href":"https:\/\/www.greenpeace.org\/argentina\/wp-json\/wp\/v2\/media\/1566"}],"wp:attachment":[{"href":"https:\/\/www.greenpeace.org\/argentina\/wp-json\/wp\/v2\/media?parent=1565"}],"wp:term":[{"taxonomy":"category","embeddable":true,"href":"https:\/\/www.greenpeace.org\/argentina\/wp-json\/wp\/v2\/categories?post=1565"},{"taxonomy":"post_tag","embeddable":true,"href":"https:\/\/www.greenpeace.org\/argentina\/wp-json\/wp\/v2\/tags?post=1565"},{"taxonomy":"p4-page-type","embeddable":true,"href":"https:\/\/www.greenpeace.org\/argentina\/wp-json\/wp\/v2\/p4-page-type?post=1565"}],"curies":[{"name":"wp","href":"https:\/\/api.w.org\/{rel}","templated":true}]}}