{"id":16260,"date":"2022-07-01T10:27:36","date_gmt":"2022-07-01T13:27:36","guid":{"rendered":"https:\/\/www.greenpeace.org\/argentina\/?p=16260"},"modified":"2022-07-01T11:29:16","modified_gmt":"2022-07-01T14:29:16","slug":"greenpeace-celebra-la-creacion-del-parque-nacional-ansenuza","status":"publish","type":"post","link":"https:\/\/www.greenpeace.org\/argentina\/story\/uncategorized\/greenpeace-celebra-la-creacion-del-parque-nacional-ansenuza\/","title":{"rendered":"Greenpeace celebra la creaci\u00f3n del Parque Nacional Ansenuza"},"content":{"rendered":"\n<figure class=\"wp-block-image size-large\"><img loading=\"lazy\" decoding=\"async\" width=\"1024\" height=\"683\" src=\"https:\/\/www.greenpeace.org\/static\/planet4-argentina-stateless\/2021\/05\/9dc0bd5c-gpa_flamenco-1024x683.jpg\" alt=\"\" class=\"wp-image-12321\" srcset=\"https:\/\/www.greenpeace.org\/static\/planet4-argentina-stateless\/2021\/05\/9dc0bd5c-gpa_flamenco-1024x683.jpg 1024w, https:\/\/www.greenpeace.org\/static\/planet4-argentina-stateless\/2021\/05\/9dc0bd5c-gpa_flamenco-300x200.jpg 300w, https:\/\/www.greenpeace.org\/static\/planet4-argentina-stateless\/2021\/05\/9dc0bd5c-gpa_flamenco-768x512.jpg 768w, https:\/\/www.greenpeace.org\/static\/planet4-argentina-stateless\/2021\/05\/9dc0bd5c-gpa_flamenco-1536x1024.jpg 1536w, https:\/\/www.greenpeace.org\/static\/planet4-argentina-stateless\/2021\/05\/9dc0bd5c-gpa_flamenco-2048x1366.jpg 2048w, https:\/\/www.greenpeace.org\/static\/planet4-argentina-stateless\/2021\/05\/9dc0bd5c-gpa_flamenco-510x340.jpg 510w\" sizes=\"auto, (max-width: 1024px) 100vw, 1024px\" \/><\/figure>\n\n<p>La organizaci\u00f3n ambientalista Greenpeace celebr\u00f3 la creaci\u00f3n del Parque y Reserva Nacional Ansenuza, que albergar\u00e1 a la laguna de agua salada m\u00e1s grande de Am\u00e9rica del Sur y la quinta a nivel mundial. La aprobaci\u00f3n tuvo lugar ayer en el Senado de la Naci\u00f3n. Greenpeace, a su vez, reconoci\u00f3 el arduo trabajo realizado durante a\u00f1os por Aves Argentina y Wyss Foundation para la creaci\u00f3n del parque.\u00a0<\/p>\n\n<p>Ansenuza, conocido tambi\u00e9n como Laguna de Mar Chiquita, se encuentra en la provincia de C\u00f3rdoba. El Parque Nacional y Reserva Nacional Ansenuza alcanzar\u00e1 661.416 hect\u00e1reas.&nbsp;<\/p>\n\n<p><em>\u201cHoy uno de los humedales m\u00e1s importantes de nuestro pa\u00eds est\u00e1 protegido mediante la creaci\u00f3n del Parque Nacional Ansenuza. La preservaci\u00f3n de los humedales de Argentina y del mundo es urgente para frenar la emergencia clim\u00e1tica y para asegurar el bienestar de generaciones presentes y futuras. Hoy, en nuestro pa\u00eds, se dio un gran paso en materia de conservaci\u00f3n\u201d<\/em>, sostuvo Leonel Mingo, coordinador de la campa\u00f1a de humedales de Greenpeace.\u00a0<\/p>\n\n<p><strong>M\u00e1s informaci\u00f3n:&nbsp;<\/strong><\/p>\n\n<p>Ansenuza es el hogar de m\u00e1s de 400 especies, algunas en peligro como el Aguar\u00e1 guaz\u00fa y el Lobito de r\u00edo.<\/p>\n\n<p>Este humedal es reconocido por brindar servicios de aprovisionamiento de alimento y agua para el sost\u00e9n de la biodiversidad; regulaci\u00f3n clim\u00e1tica y purificaci\u00f3n del aire, reciclado de nutrientes y&nbsp; formaci\u00f3n de suelos.<\/p>\n","protected":false},"excerpt":{"rendered":"<p>La organizaci\u00f3n ambientalista Greenpeace celebr\u00f3 la creaci\u00f3n del Parque y Reserva Nacional Ansenuza, que albergar\u00e1 a la laguna de agua salada m\u00e1s grande de Am\u00e9rica del Sur y la quinta&hellip;<\/p>\n","protected":false},"author":24,"featured_media":12321,"comment_status":"closed","ping_status":"open","sticky":false,"template":"","format":"standard","meta":{"ep_exclude_from_search":false,"p4_og_title":"","p4_og_description":"","p4_og_image":"","p4_og_image_id":"","p4_seo_canonical_url":"","p4_campaign_name":"not set","p4_local_project":"not set","p4_basket_name":"not set","p4_department":"","footnotes":""},"categories":[1],"tags":[51],"p4-page-type":[16],"class_list":["post-16260","post","type-post","status-publish","format-standard","has-post-thumbnail","hentry","category-uncategorized","tag-parquenacional","p4-page-type-story"],"_links":{"self":[{"href":"https:\/\/www.greenpeace.org\/argentina\/wp-json\/wp\/v2\/posts\/16260","targetHints":{"allow":["GET"]}}],"collection":[{"href":"https:\/\/www.greenpeace.org\/argentina\/wp-json\/wp\/v2\/posts"}],"about":[{"href":"https:\/\/www.greenpeace.org\/argentina\/wp-json\/wp\/v2\/types\/post"}],"author":[{"embeddable":true,"href":"https:\/\/www.greenpeace.org\/argentina\/wp-json\/wp\/v2\/users\/24"}],"replies":[{"embeddable":true,"href":"https:\/\/www.greenpeace.org\/argentina\/wp-json\/wp\/v2\/comments?post=16260"}],"version-history":[{"count":2,"href":"https:\/\/www.greenpeace.org\/argentina\/wp-json\/wp\/v2\/posts\/16260\/revisions"}],"predecessor-version":[{"id":16262,"href":"https:\/\/www.greenpeace.org\/argentina\/wp-json\/wp\/v2\/posts\/16260\/revisions\/16262"}],"wp:featuredmedia":[{"embeddable":true,"href":"https:\/\/www.greenpeace.org\/argentina\/wp-json\/wp\/v2\/media\/12321"}],"wp:attachment":[{"href":"https:\/\/www.greenpeace.org\/argentina\/wp-json\/wp\/v2\/media?parent=16260"}],"wp:term":[{"taxonomy":"category","embeddable":true,"href":"https:\/\/www.greenpeace.org\/argentina\/wp-json\/wp\/v2\/categories?post=16260"},{"taxonomy":"post_tag","embeddable":true,"href":"https:\/\/www.greenpeace.org\/argentina\/wp-json\/wp\/v2\/tags?post=16260"},{"taxonomy":"p4-page-type","embeddable":true,"href":"https:\/\/www.greenpeace.org\/argentina\/wp-json\/wp\/v2\/p4-page-type?post=16260"}],"curies":[{"name":"wp","href":"https:\/\/api.w.org\/{rel}","templated":true}]}}