{"id":16404,"date":"2022-07-20T13:55:07","date_gmt":"2022-07-20T16:55:07","guid":{"rendered":"https:\/\/www.greenpeace.org\/argentina\/?p=16404"},"modified":"2022-07-21T12:08:55","modified_gmt":"2022-07-21T15:08:55","slug":"temperaturas-extremas-y-avalancha-de-cambio-climatico-es-urgente-decir-chau-a-los-combustibles-fosiles","status":"publish","type":"post","link":"https:\/\/www.greenpeace.org\/argentina\/blog\/problemas\/oceanos\/temperaturas-extremas-y-avalancha-de-cambio-climatico-es-urgente-decir-chau-a-los-combustibles-fosiles\/","title":{"rendered":"Temperaturas extremas y avalancha de cambio clim\u00e1tico: es urgente decir CHAU a los combustibles f\u00f3siles"},"content":{"rendered":"\n<figure class=\"wp-block-image size-large\"><img loading=\"lazy\" decoding=\"async\" width=\"1024\" height=\"683\" src=\"https:\/\/www.greenpeace.org\/static\/planet4-argentina-stateless\/2022\/07\/d6402eb3-gp1sxnvd_-1024x683.jpg\" alt=\"\" class=\"wp-image-16405\" srcset=\"https:\/\/www.greenpeace.org\/static\/planet4-argentina-stateless\/2022\/07\/d6402eb3-gp1sxnvd_-1024x683.jpg 1024w, https:\/\/www.greenpeace.org\/static\/planet4-argentina-stateless\/2022\/07\/d6402eb3-gp1sxnvd_-300x200.jpg 300w, https:\/\/www.greenpeace.org\/static\/planet4-argentina-stateless\/2022\/07\/d6402eb3-gp1sxnvd_-768x512.jpg 768w, https:\/\/www.greenpeace.org\/static\/planet4-argentina-stateless\/2022\/07\/d6402eb3-gp1sxnvd_-510x340.jpg 510w, https:\/\/www.greenpeace.org\/static\/planet4-argentina-stateless\/2022\/07\/d6402eb3-gp1sxnvd_.jpg 1200w\" sizes=\"auto, (max-width: 1024px) 100vw, 1024px\" \/><figcaption>Junio 2022. Incendios forestales en Brandenburg, Alemania. \u00a9 Gordon Welters \/ Greenpeace<\/figcaption><\/figure>\n\n<p><strong>La ola de calor<\/strong>&nbsp;que comenz\u00f3 la semana pasada y que todav\u00eda continua&nbsp;en varios pa\u00edses de <a href=\"https:\/\/www.greenpeace.org\/international\/story\/48654\/heatwaves-climate-change-fossil-fuels-must-go\/\">Europa, Asia y Norteam\u00e9rica<\/a> <strong>est\u00e1 rompiendo r\u00e9cords de temperaturas,<\/strong>&nbsp;causando el fallecimiento de personas y numerosas especies, los peores incendios forestales, sequ\u00edas extremas y mucha preocupaci\u00f3n.<\/p>\n\n<figure class=\"wp-block-image size-large\"><img loading=\"lazy\" decoding=\"async\" width=\"1024\" height=\"683\" src=\"https:\/\/www.greenpeace.org\/static\/planet4-argentina-stateless\/2022\/07\/02b9cfec-gp0stsf8d_-1024x683.jpg\" alt=\"\" class=\"wp-image-16409\" srcset=\"https:\/\/www.greenpeace.org\/static\/planet4-argentina-stateless\/2022\/07\/02b9cfec-gp0stsf8d_-1024x683.jpg 1024w, https:\/\/www.greenpeace.org\/static\/planet4-argentina-stateless\/2022\/07\/02b9cfec-gp0stsf8d_-300x200.jpg 300w, https:\/\/www.greenpeace.org\/static\/planet4-argentina-stateless\/2022\/07\/02b9cfec-gp0stsf8d_-768x512.jpg 768w, https:\/\/www.greenpeace.org\/static\/planet4-argentina-stateless\/2022\/07\/02b9cfec-gp0stsf8d_-510x340.jpg 510w, https:\/\/www.greenpeace.org\/static\/planet4-argentina-stateless\/2022\/07\/02b9cfec-gp0stsf8d_.jpg 1199w\" sizes=\"auto, (max-width: 1024px) 100vw, 1024px\" \/><figcaption>Activistas de Greenpeace &#8220;mueren de calor&#8221; junto a un term\u00f3metro de 2.5 metrosen  Sham Shui Po, Hong Kong <br>\u00a9 Patrick Cho \/ Greenpeace<\/figcaption><\/figure>\n\n<p>El planeta est\u00e1 <strong>prendido fuego<\/strong> y s\u00f3lo empeorar\u00e1 si no dejamos de <strong>quemar combustibles f\u00f3siles.<\/strong> Pero las campa\u00f1as de <em>greenwashing<\/em> tratar\u00e1n de convencernos de lo contrario. La industria de los combustibles f\u00f3siles ya <strong>no puede ignorar el aumento de los fen\u00f3menos meteorol\u00f3gicos extremos en todo el mundo<\/strong>, como las olas de calor, las inundaciones y las sequ\u00edas.<\/p>\n\n<figure class=\"wp-block-image size-large\"><img loading=\"lazy\" decoding=\"async\" width=\"1024\" height=\"683\" src=\"https:\/\/www.greenpeace.org\/static\/planet4-argentina-stateless\/2022\/07\/23bbbc6b-gpa-marcha-no-exploracion-caba-credito-lucia-prieto-21-1024x683.jpg\" alt=\"\" class=\"wp-image-16406\" srcset=\"https:\/\/www.greenpeace.org\/static\/planet4-argentina-stateless\/2022\/07\/23bbbc6b-gpa-marcha-no-exploracion-caba-credito-lucia-prieto-21-1024x683.jpg 1024w, https:\/\/www.greenpeace.org\/static\/planet4-argentina-stateless\/2022\/07\/23bbbc6b-gpa-marcha-no-exploracion-caba-credito-lucia-prieto-21-300x200.jpg 300w, https:\/\/www.greenpeace.org\/static\/planet4-argentina-stateless\/2022\/07\/23bbbc6b-gpa-marcha-no-exploracion-caba-credito-lucia-prieto-21-768x512.jpg 768w, https:\/\/www.greenpeace.org\/static\/planet4-argentina-stateless\/2022\/07\/23bbbc6b-gpa-marcha-no-exploracion-caba-credito-lucia-prieto-21-1536x1024.jpg 1536w, https:\/\/www.greenpeace.org\/static\/planet4-argentina-stateless\/2022\/07\/23bbbc6b-gpa-marcha-no-exploracion-caba-credito-lucia-prieto-21-2048x1366.jpg 2048w, https:\/\/www.greenpeace.org\/static\/planet4-argentina-stateless\/2022\/07\/23bbbc6b-gpa-marcha-no-exploracion-caba-credito-lucia-prieto-21-510x340.jpg 510w\" sizes=\"auto, (max-width: 1024px) 100vw, 1024px\" \/><figcaption>Enero 2022- Marcha #Atlanticazo en Buenos Aires \u00a9 Luc\u00eda Prieto \/ Greenpeace<\/figcaption><\/figure>\n\n<p>La <strong>exploraci\u00f3n de hidrocarburos en el Mar Argentino<\/strong> est\u00e1 avanzando. A pesar del constante rechazo de la poblaci\u00f3n, el estado y las empresas pretenden avanzar con el desarrollo de la industria offshore de hidrocarburos que es sumamente<strong> <a href=\"https:\/\/greenpeace.org.ar\/pdf\/2021\/Informe%20GREENPEACE%20-%20CTAE-FIO-UNICEN.pdf?_ga=2.147910775.1979939749.1658244371-GA1.2.GA1.2.GA1.1.GA1.1.GA1.2.667886589.1604072518\" target=\"_blank\" rel=\"noreferrer noopener\">incompatible con la realidad ambiental que le toca vivir a la Argentina.<\/a><\/strong> <\/p>\n\n<figure class=\"wp-block-embed is-type-rich is-provider-twitter wp-block-embed-twitter\"><div class=\"wp-block-embed__wrapper\">\n<blockquote class=\"twitter-tweet\" data-width=\"500\" data-dnt=\"true\"><p lang=\"es\" dir=\"ltr\">Para quien diga que &quot;s\u00f3lo es verano&quot;&#8230; aqu\u00ed est\u00e1 la espiral clim\u00e1tica de la <a href=\"https:\/\/twitter.com\/hashtag\/NASA?src=hash&amp;ref_src=twsrc%5Etfw\">#NASA<\/a> <a href=\"https:\/\/twitter.com\/hashtag\/OlaDeCalor?src=hash&amp;ref_src=twsrc%5Etfw\">#OlaDeCalor<\/a> <a href=\"https:\/\/twitter.com\/hashtag\/incendio?src=hash&amp;ref_src=twsrc%5Etfw\">#incendio<\/a> <a href=\"https:\/\/twitter.com\/hashtag\/Incendioforestal?src=hash&amp;ref_src=twsrc%5Etfw\">#Incendioforestal<\/a> <a href=\"https:\/\/twitter.com\/hashtag\/wildlife?src=hash&amp;ref_src=twsrc%5Etfw\">#wildlife<\/a> <a href=\"https:\/\/t.co\/5rfgqt2ePQ\">pic.twitter.com\/5rfgqt2ePQ<\/a><\/p>&mdash; Natura M. Ambiental (@naturaambiental) <a href=\"https:\/\/twitter.com\/naturaambiental\/status\/1549487086520057856?ref_src=twsrc%5Etfw\">July 19, 2022<\/a><\/blockquote><script async src=\"https:\/\/platform.twitter.com\/widgets.js\" charset=\"utf-8\"><\/script>\n<\/div><\/figure>\n\n<p>Esta actividad<strong> genera emisiones fugitivas de metano durante la explotaci\u00f3n y emisiones de di\u00f3xido de carbono, \u00f3xidos nitrosos y otros <\/strong>durante la combusti\u00f3n de los hidrocarburos producidos. Estos <strong>Gases de Efecto Invernadero<\/strong> afectar\u00e1n al clima, contribuir\u00edan al cambio clim\u00e1tico y lo profundizar\u00e1n.&nbsp;<\/p>\n\n<p>Debemos tener en cuenta que en su&nbsp;<a href=\"https:\/\/www.ipcc.ch\/report\/ar6\/wg1\/\">\u00faltimo reporte<\/a>, el IPCC concluy\u00f3 que&nbsp;<strong>no debe haber inversiones en combustibles f\u00f3siles en ning\u00fan lugar<\/strong>, y la eliminaci\u00f3n gradual de la infraestructura existente debe alinearse con el objetivo de 1,5 \u00b0 C.&nbsp;<\/p>\n\n<figure class=\"wp-block-image size-full\"><img loading=\"lazy\" decoding=\"async\" width=\"1024\" height=\"768\" src=\"https:\/\/www.greenpeace.org\/static\/planet4-argentina-stateless\/2022\/07\/a4a945d1-gp0stsxnj_medium_res-1024x768-1.jpg\" alt=\"\" class=\"wp-image-16407\" srcset=\"https:\/\/www.greenpeace.org\/static\/planet4-argentina-stateless\/2022\/07\/a4a945d1-gp0stsxnj_medium_res-1024x768-1.jpg 1024w, https:\/\/www.greenpeace.org\/static\/planet4-argentina-stateless\/2022\/07\/a4a945d1-gp0stsxnj_medium_res-1024x768-1-300x225.jpg 300w, https:\/\/www.greenpeace.org\/static\/planet4-argentina-stateless\/2022\/07\/a4a945d1-gp0stsxnj_medium_res-1024x768-1-768x576.jpg 768w, https:\/\/www.greenpeace.org\/static\/planet4-argentina-stateless\/2022\/07\/a4a945d1-gp0stsxnj_medium_res-1024x768-1-453x340.jpg 453w\" sizes=\"auto, (max-width: 1024px) 100vw, 1024px\" \/><figcaption>2019- Activistas de Greenpeace despliegan un cartel de 50 metros de largo con el s\u00edmbolo de un term\u00f3metro marcando los 1,5 grados 2019 en una protesta en una planta de carb\u00f3n en Alemania \u00a9 Greenpeace.<\/figcaption><\/figure>\n\n<p>En un contexto de <strong>emergencia clim\u00e1tica<\/strong>, <strong>no se deber\u00edan abrir nuevas fronteras de explotaci\u00f3n<\/strong>, si no que se deber\u00eda reducir dr\u00e1sticamente nuestra dependencia de los combustibles f\u00f3siles y hacer la transici\u00f3n a energ\u00edas limpias<em>.<\/em><\/p>\n\n<p><\/p>\n\n<p><\/p>\n","protected":false},"excerpt":{"rendered":"<p>La ola de calor\u00a0que comenz\u00f3 la semana pasada y que todav\u00eda continua\u00a0en varios pa\u00edses de Europa y Asia est\u00e1 rompiendo r\u00e9cords de temperaturas,\u00a0causando el fallecimiento de personas y numerosas especies, los peores incendios forestales, sequ\u00edas extremas y mucha preocupaci\u00f3n.<\/p>\n","protected":false},"author":21,"featured_media":16409,"comment_status":"closed","ping_status":"open","sticky":false,"template":"","format":"standard","meta":{"ep_exclude_from_search":false,"p4_og_title":"","p4_og_description":"","p4_og_image":"","p4_og_image_id":"","p4_seo_canonical_url":"","p4_campaign_name":"not set","p4_local_project":"not set","p4_basket_name":"not set","p4_department":"","footnotes":""},"categories":[17],"tags":[49],"p4-page-type":[14],"class_list":["post-16404","post","type-post","status-publish","format-standard","has-post-thumbnail","hentry","category-oceanos","tag-marargentino","p4-page-type-blog"],"_links":{"self":[{"href":"https:\/\/www.greenpeace.org\/argentina\/wp-json\/wp\/v2\/posts\/16404","targetHints":{"allow":["GET"]}}],"collection":[{"href":"https:\/\/www.greenpeace.org\/argentina\/wp-json\/wp\/v2\/posts"}],"about":[{"href":"https:\/\/www.greenpeace.org\/argentina\/wp-json\/wp\/v2\/types\/post"}],"author":[{"embeddable":true,"href":"https:\/\/www.greenpeace.org\/argentina\/wp-json\/wp\/v2\/users\/21"}],"replies":[{"embeddable":true,"href":"https:\/\/www.greenpeace.org\/argentina\/wp-json\/wp\/v2\/comments?post=16404"}],"version-history":[{"count":4,"href":"https:\/\/www.greenpeace.org\/argentina\/wp-json\/wp\/v2\/posts\/16404\/revisions"}],"predecessor-version":[{"id":16412,"href":"https:\/\/www.greenpeace.org\/argentina\/wp-json\/wp\/v2\/posts\/16404\/revisions\/16412"}],"wp:featuredmedia":[{"embeddable":true,"href":"https:\/\/www.greenpeace.org\/argentina\/wp-json\/wp\/v2\/media\/16409"}],"wp:attachment":[{"href":"https:\/\/www.greenpeace.org\/argentina\/wp-json\/wp\/v2\/media?parent=16404"}],"wp:term":[{"taxonomy":"category","embeddable":true,"href":"https:\/\/www.greenpeace.org\/argentina\/wp-json\/wp\/v2\/categories?post=16404"},{"taxonomy":"post_tag","embeddable":true,"href":"https:\/\/www.greenpeace.org\/argentina\/wp-json\/wp\/v2\/tags?post=16404"},{"taxonomy":"p4-page-type","embeddable":true,"href":"https:\/\/www.greenpeace.org\/argentina\/wp-json\/wp\/v2\/p4-page-type?post=16404"}],"curies":[{"name":"wp","href":"https:\/\/api.w.org\/{rel}","templated":true}]}}