{"id":16818,"date":"2022-09-23T10:56:25","date_gmt":"2022-09-23T13:56:25","guid":{"rendered":"https:\/\/www.greenpeace.org\/argentina\/?p=16818"},"modified":"2025-07-02T04:34:01","modified_gmt":"2025-07-02T07:34:01","slug":"ballena-franca-austral-el-animal-mas-grande-y-magico-del-oceano-necesita-nuestra-ayuda","status":"publish","type":"post","link":"https:\/\/www.greenpeace.org\/argentina\/blog\/problemas\/oceanos\/ballena-franca-austral-el-animal-mas-grande-y-magico-del-oceano-necesita-nuestra-ayuda\/","title":{"rendered":"Ballena Franca Austral, el animal m\u00e1s grande y m\u00e1gico del oc\u00e9ano necesita nuestra ayuda\ufffc"},"content":{"rendered":"\n<figure class=\"wp-block-image size-large\"><img loading=\"lazy\" decoding=\"async\" width=\"1024\" height=\"505\" src=\"https:\/\/www.greenpeace.org\/static\/planet4-argentina-stateless\/2022\/09\/1e7c809f-gp0stu222_medium_res_with_credit_line-1024x505.jpg\" alt=\"\" class=\"wp-image-16825\" srcset=\"https:\/\/www.greenpeace.org\/static\/planet4-argentina-stateless\/2022\/09\/1e7c809f-gp0stu222_medium_res_with_credit_line-1024x505.jpg 1024w, https:\/\/www.greenpeace.org\/static\/planet4-argentina-stateless\/2022\/09\/1e7c809f-gp0stu222_medium_res_with_credit_line-300x148.jpg 300w, https:\/\/www.greenpeace.org\/static\/planet4-argentina-stateless\/2022\/09\/1e7c809f-gp0stu222_medium_res_with_credit_line-768x379.jpg 768w, https:\/\/www.greenpeace.org\/static\/planet4-argentina-stateless\/2022\/09\/1e7c809f-gp0stu222_medium_res_with_credit_line-510x251.jpg 510w, https:\/\/www.greenpeace.org\/static\/planet4-argentina-stateless\/2022\/09\/1e7c809f-gp0stu222_medium_res_with_credit_line.jpg 1199w\" sizes=\"auto, (max-width: 1024px) 100vw, 1024px\" \/><\/figure>\n\n<p>Hablemos del <strong>animal m\u00e1s grande que existe en nuestro planeta<\/strong>. Mide de 13 a 16 metros y pesa 40 toneladas (es decir, \u00a140.000 kilos!) Es un ser \u00fanico que suele tener una vida larga: <strong>puede vivir hasta 100 a\u00f1os<\/strong>.<\/p>\n\n<p>A pesar de ser tan imponente, <strong>cuando las personas se acercan a verlo<\/strong> no sienten miedo ni amenaza alguna. Por el contrario, quienes tienen la suerte de estar cerca de esta criatura&nbsp; gigante y poderosa<strong> sienten una mezcla de paz, amor y mucho asombro<\/strong>.&nbsp;<\/p>\n\n<p>Es que <strong>la Ballena Franca Austral<\/strong>, de ella estamos hablando, es inteligente y pac\u00edfica. Y aunque conocemos mucho sobre ella tambi\u00e9n es cierto que gran parte de su encanto radica en que sigue siendo un gran enigma porque, \u00bfc\u00f3mo imaginar esa gran parte de sus vidas que ocurre bajo el mar y fuera del alcance de nuestra vista?<\/p>\n\n<p><strong>Este 25 de septiembre se celebra su d\u00eda en recuerdo de lo que fue un rescate \u00e9pico<\/strong>. Un 25 de septiembre pero de 2002 el pueblo de Puerto Pir\u00e1mides salv\u00f3 a <strong><em>Garra<\/em><\/strong>, la ballena que hab\u00eda quedado atrapada en unas cadenas.\u00a0<\/p>\n\n<p>Para conmemorar ese gran logro te proponemos adentrarnos un poco m\u00e1s en su mundo. \u00bfNos acompa\u00f1\u00e1s?<\/p>\n\n<h2 class=\"wp-block-heading\"><strong>8 datos curiosos sobre la Ballena Franca Austral<\/strong><\/h2>\n\n<figure class=\"wp-block-image size-large\"><img loading=\"lazy\" decoding=\"async\" width=\"1024\" height=\"636\" src=\"https:\/\/www.greenpeace.org\/static\/planet4-argentina-stateless\/2022\/09\/7ace9c0b-gp0stu2vn_medium_res_with_credit_line-1024x636.jpg\" alt=\"\" class=\"wp-image-16824\" srcset=\"https:\/\/www.greenpeace.org\/static\/planet4-argentina-stateless\/2022\/09\/7ace9c0b-gp0stu2vn_medium_res_with_credit_line-1024x636.jpg 1024w, https:\/\/www.greenpeace.org\/static\/planet4-argentina-stateless\/2022\/09\/7ace9c0b-gp0stu2vn_medium_res_with_credit_line-300x186.jpg 300w, https:\/\/www.greenpeace.org\/static\/planet4-argentina-stateless\/2022\/09\/7ace9c0b-gp0stu2vn_medium_res_with_credit_line-768x477.jpg 768w, https:\/\/www.greenpeace.org\/static\/planet4-argentina-stateless\/2022\/09\/7ace9c0b-gp0stu2vn_medium_res_with_credit_line-510x317.jpg 510w, https:\/\/www.greenpeace.org\/static\/planet4-argentina-stateless\/2022\/09\/7ace9c0b-gp0stu2vn_medium_res_with_credit_line.jpg 1200w\" sizes=\"auto, (max-width: 1024px) 100vw, 1024px\" \/><\/figure>\n\n<p>La <strong>Ballena Franca Austral<\/strong> es un ser tan especial que no alcanzan los p\u00e1rrafos para contarte todas sus particularidades. Por eso, ac\u00e1 va un punteo:<\/p>\n\n<ul class=\"wp-block-list\"><li>Su alimento es muy peque\u00f1o: krill y cop\u00e9podos\u00a0<\/li><li>En sus zonas de alimentaci\u00f3n, puede comer un m\u00ednimo de 2 toneladas por d\u00eda\u00a0<\/li><li>Respira a trav\u00e9s de pulmones y tienen sangre caliente<\/li><li>Tiene unos pocos pelos en la cabeza, en especial en la zona del ment\u00f3n o barbilla<\/li><li>Su tasa de reproducci\u00f3n es muy lenta\u00a0<\/li><li>Mantiene la salud y el correcto funcionamiento de los ecosistemas marinos<\/li><li>Tienen la capacidad de secuestrar carbono en su cuerpo por lo que contribuyen a controlar el cambio clim\u00e1tico\u00a0<\/li><li>Se alimenta por filtraci\u00f3n superficial: su entramado de barbas va reteniendo el alimento a medida que se desplaza por la superficie del agua con la boca abierta <\/li><\/ul>\n\n<h2 class=\"wp-block-heading\"><strong>C\u00f3mo frenar la exploraci\u00f3n offshore que amenaza su hogar<\/strong><\/h2>\n\n<figure class=\"wp-block-image size-large\"><img loading=\"lazy\" decoding=\"async\" width=\"1024\" height=\"596\" src=\"https:\/\/www.greenpeace.org\/static\/planet4-argentina-stateless\/2022\/09\/85608213-gp0stu223_medium_res_with_credit_line-1024x596.jpg\" alt=\"\" class=\"wp-image-16826\" srcset=\"https:\/\/www.greenpeace.org\/static\/planet4-argentina-stateless\/2022\/09\/85608213-gp0stu223_medium_res_with_credit_line-1024x596.jpg 1024w, https:\/\/www.greenpeace.org\/static\/planet4-argentina-stateless\/2022\/09\/85608213-gp0stu223_medium_res_with_credit_line-300x175.jpg 300w, https:\/\/www.greenpeace.org\/static\/planet4-argentina-stateless\/2022\/09\/85608213-gp0stu223_medium_res_with_credit_line-768x447.jpg 768w, https:\/\/www.greenpeace.org\/static\/planet4-argentina-stateless\/2022\/09\/85608213-gp0stu223_medium_res_with_credit_line-510x297.jpg 510w, https:\/\/www.greenpeace.org\/static\/planet4-argentina-stateless\/2022\/09\/85608213-gp0stu223_medium_res_with_credit_line.jpg 1200w\" sizes=\"auto, (max-width: 1024px) 100vw, 1024px\" \/><\/figure>\n\n<p>\u00bfSab\u00edas que esta especie<strong> solo se encuentra en el Hemisferio Sur<\/strong>? Y, espec\u00edficamente,<strong> es en la costa argentina donde las ballenas cr\u00edan, cuidan y amamantan a sus beb\u00e9s<\/strong>.&nbsp;<\/p>\n\n<p>Es por esto que fue muy importante que se la declarara <strong>Monumento Natural Nacional<\/strong> por Ley 23.094 en el a\u00f1o 1.984.\u00a0<\/p>\n\n<p>Con este t\u00edtulo cada Ballena Franca Austral alcanz\u00f3 status de Parque Nacional (ambulante) lo que le confiere <strong>protecci\u00f3n absoluta, sin importar por donde est\u00e9 transitando durante sus migraciones.<\/strong><\/p>\n\n<p>Fue gracias a este gran paso que se las pudo salvar de la extinci\u00f3n y preservarlas de la caza industrial a las que eran sometidas hasta entonces. En las \u00faltimas d\u00e9cadas las poblaciones se fueron recuperando lentamente pero ahora otros intereses vuelven a poner en peligro.<\/p>\n\n<p>El desarrollo de <strong><a href=\"https:\/\/www.greenpeace.org\/argentina\/story\/issues\/oceanos\/organizaciones-ambientales-y-civiles-piden-justicia-para-el-mar-argentino\/\">proyectos petroleros offshore en el Mar Argentino<\/a><\/strong> es la <strong>amenaza m\u00e1s reciente<\/strong> que se levanta sobre este h\u00e1bitat clave de la Ballena Franca Austral y de tantos otros seres animales y vegetales.<\/p>\n\n<p>La exploraci\u00f3n s\u00edsmica permite determinar en qu\u00e9 zonas se realizar\u00e1 luego la extracci\u00f3n de petr\u00f3leo. Para realizarla se generan <strong>bombardeos ac\u00fasticos constantes<\/strong>, algo que <strong>afecta a los cet\u00e1ceos estres\u00e1ndolos<\/strong>, oblig\u00e1ndolos a cambiar sus zonas de apareamiento o de alimentaci\u00f3n solo para evadir el ruido, <strong>lastim\u00e1ndolos hasta llevarlos a la muerte por ahogamiento y varamiento<\/strong>.<\/p>\n\n<p>Para que podamos entender la magnitud de lo que puede ocurrir hay que decir que el <strong>sonido generado por la exploraci\u00f3n s\u00edsmica<\/strong> es el<strong> segundo mayor contribuyente de ruido subacu\u00e1tico detr\u00e1s de las pruebas nucleares y militares<\/strong>.&nbsp;<\/p>\n\n<p>Un buque puede llevar hasta <strong>20 ca\u00f1ones que se disparan cada 6-20 segundos<\/strong>. A veces esto se alarga durante las <strong>24 horas del d\u00eda<\/strong>. El ruido de un solo estudio s\u00edsmico de ca\u00f1ones de aire puede cubrir un \u00e1rea de m\u00e1s de 300,000 km (equivalente a toda la superficie de la Provincia de Buenos Aires) elevando los niveles de ruido de fondo 100 veces (20 dB), durante semanas o meses.<\/p>\n\n<p>En conclusi\u00f3n, la vida de un ambiente \u00fanico y delicado se ver\u00e1 alterada por completo y de manera irreversible. Y todo ser\u00e1 para buscar nuevos sitios de donde extraer un combustible f\u00f3sil que deber\u00edamos dejar bajo tierra para poder frenar la crisis clim\u00e1tica.<\/p>\n\n<p>Todo esto busca hacerse sin reparar en c\u00f3mo esto afecta la conservaci\u00f3n de animales como la <strong>Ballena Franca Austral <\/strong>que, adem\u00e1s, est\u00e1 comprobado que <strong>contribuye con la mitigaci\u00f3n de los impactos negativos del cambio clim\u00e1tico y preserva la salud del oc\u00e9ano<\/strong>, un ecosistema clave para generar ox\u00edgeno y regular la temperatura global.&nbsp;<\/p>\n\n<p>Ante este panorama, <strong>proteger el hogar de las ballenas<\/strong> es imperioso. Para eso, se deben <strong>declarar zonas marinas protegidas<\/strong> a las rutas de alimentaci\u00f3n, de tr\u00e1nsito y de cr\u00eda de estos animales. Solo cuidando la vida que habita en el agua podemos lograr que nuestros mares mantengan su equilibrio natural y sigan dando cobijo a la biodiversidad que hace a este mundo tan maravilloso.<\/p>\n\n<p>Si quer\u00e9s sumar tu parte, <a href=\"https:\/\/www.greenpeace.org\/argentina\/tag\/marargentino\/\">unite al reclamo por un #MarArgentinoSinPetr\u00f3leo<\/a> para evitar que la industria petrolera avance sobre nuestros oc\u00e9anos y proteger a la Ballena Franca Austral.<\/p>\n\n<div class=\"wp-block-buttons is-layout-flex wp-block-buttons-is-layout-flex\">\n<div class=\"wp-block-button aligncenter is-style-cta\"><a class=\"wp-block-button__link\" href=\"http:\/\/www.marargentinosinpetroleo.org\/\" target=\"_blank\" rel=\"noreferrer noopener\">Defend\u00e9 a la ballena pidiendo un Mar Argentino sin petr\u00f3leo<\/a><\/div>\n<\/div>\n","protected":false},"excerpt":{"rendered":"<p>Hablemos del animal m\u00e1s grande que existe en nuestro planeta. Mide de 13 a 16 metros y pesa 40 toneladas (es decir, \u00a140.000 kilos!) <\/p>\n","protected":false},"author":48,"featured_media":16822,"comment_status":"closed","ping_status":"open","sticky":false,"template":"","format":"standard","meta":{"ep_exclude_from_search":false,"p4_og_title":"","p4_og_description":"","p4_og_image":"","p4_og_image_id":"","p4_seo_canonical_url":"","p4_campaign_name":"not set","p4_local_project":"not set","p4_basket_name":"not set","p4_department":"","footnotes":""},"categories":[17],"tags":[],"p4-page-type":[14],"class_list":["post-16818","post","type-post","status-publish","format-standard","has-post-thumbnail","hentry","category-oceanos","p4-page-type-blog"],"_links":{"self":[{"href":"https:\/\/www.greenpeace.org\/argentina\/wp-json\/wp\/v2\/posts\/16818","targetHints":{"allow":["GET"]}}],"collection":[{"href":"https:\/\/www.greenpeace.org\/argentina\/wp-json\/wp\/v2\/posts"}],"about":[{"href":"https:\/\/www.greenpeace.org\/argentina\/wp-json\/wp\/v2\/types\/post"}],"author":[{"embeddable":true,"href":"https:\/\/www.greenpeace.org\/argentina\/wp-json\/wp\/v2\/users\/48"}],"replies":[{"embeddable":true,"href":"https:\/\/www.greenpeace.org\/argentina\/wp-json\/wp\/v2\/comments?post=16818"}],"version-history":[{"count":7,"href":"https:\/\/www.greenpeace.org\/argentina\/wp-json\/wp\/v2\/posts\/16818\/revisions"}],"predecessor-version":[{"id":30770,"href":"https:\/\/www.greenpeace.org\/argentina\/wp-json\/wp\/v2\/posts\/16818\/revisions\/30770"}],"wp:featuredmedia":[{"embeddable":true,"href":"https:\/\/www.greenpeace.org\/argentina\/wp-json\/wp\/v2\/media\/16822"}],"wp:attachment":[{"href":"https:\/\/www.greenpeace.org\/argentina\/wp-json\/wp\/v2\/media?parent=16818"}],"wp:term":[{"taxonomy":"category","embeddable":true,"href":"https:\/\/www.greenpeace.org\/argentina\/wp-json\/wp\/v2\/categories?post=16818"},{"taxonomy":"post_tag","embeddable":true,"href":"https:\/\/www.greenpeace.org\/argentina\/wp-json\/wp\/v2\/tags?post=16818"},{"taxonomy":"p4-page-type","embeddable":true,"href":"https:\/\/www.greenpeace.org\/argentina\/wp-json\/wp\/v2\/p4-page-type?post=16818"}],"curies":[{"name":"wp","href":"https:\/\/api.w.org\/{rel}","templated":true}]}}