{"id":17737,"date":"2023-01-13T12:56:08","date_gmt":"2023-01-13T15:56:08","guid":{"rendered":"https:\/\/www.greenpeace.org\/argentina\/?p=17737"},"modified":"2023-01-13T12:56:11","modified_gmt":"2023-01-13T15:56:11","slug":"5-metas-sustentables-para-2023","status":"publish","type":"post","link":"https:\/\/www.greenpeace.org\/argentina\/blog\/problemas\/climayenergia\/5-metas-sustentables-para-2023\/","title":{"rendered":"5 metas sustentables para 2023"},"content":{"rendered":"\n<figure class=\"wp-block-image size-large\"><img loading=\"lazy\" decoding=\"async\" width=\"1024\" height=\"707\" src=\"https:\/\/www.greenpeace.org\/static\/planet4-argentina-stateless\/2022\/12\/c74ca650-gp1suiv5_medium_res_with_credit_line-1024x707.jpg\" alt=\"\" class=\"wp-image-17742\" srcset=\"https:\/\/www.greenpeace.org\/static\/planet4-argentina-stateless\/2022\/12\/c74ca650-gp1suiv5_medium_res_with_credit_line-1024x707.jpg 1024w, https:\/\/www.greenpeace.org\/static\/planet4-argentina-stateless\/2022\/12\/c74ca650-gp1suiv5_medium_res_with_credit_line-300x207.jpg 300w, https:\/\/www.greenpeace.org\/static\/planet4-argentina-stateless\/2022\/12\/c74ca650-gp1suiv5_medium_res_with_credit_line-768x530.jpg 768w, https:\/\/www.greenpeace.org\/static\/planet4-argentina-stateless\/2022\/12\/c74ca650-gp1suiv5_medium_res_with_credit_line-493x340.jpg 493w, https:\/\/www.greenpeace.org\/static\/planet4-argentina-stateless\/2022\/12\/c74ca650-gp1suiv5_medium_res_with_credit_line.jpg 1200w\" sizes=\"auto, (max-width: 1024px) 100vw, 1024px\" \/><\/figure>\n\n<p>No dudamos ni por un momento de que <strong>en 2022 hiciste mucho por cuidar a nuestro planeta<\/strong>. Sabemos que una de tus prioridades es ser sustentable desde cada acci\u00f3n que realiz\u00e1s y <strong>queremos agradecerte por tu enorme compromiso<\/strong>.<\/p>\n\n<p>Se nos ocurri\u00f3 armar esta nota para <strong>inspirarte (o que inspires a otros) a seguir desbloqueando nuevos niveles de activismo ecol\u00f3gico<\/strong>. Por eso armamos esta nota con 5 metas verdes para 2023.&nbsp;<\/p>\n\n<h3 class=\"wp-block-heading\"><strong>Movilizate por las causas que defend\u00e9s<\/strong>&nbsp;<\/h3>\n\n<p>Sabemos que el ritmo de vida y los compromisos del d\u00eda a d\u00eda hacen que haya poco tiempo para estar presentes en marchas y eventos.&nbsp;<\/p>\n\n<p>En este nuevo a\u00f1o, <strong>\u00bfqu\u00e9 tal si te propon\u00e9s ir al menos a un par de movilizaciones de esas causas en las que cre\u00e9s? <\/strong>Pueden ser las huelgas por el clima, apoyo a leyes de protecci\u00f3n de ecosistemas o acciones de concientizaci\u00f3n.&nbsp;<\/p>\n\n<figure class=\"wp-block-image size-large\"><img loading=\"lazy\" decoding=\"async\" width=\"1024\" height=\"683\" src=\"https:\/\/www.greenpeace.org\/static\/planet4-argentina-stateless\/2022\/12\/db4bbefe-gp1swrmk_medium_res_with_credit_line-1024x683.jpg\" alt=\"\" class=\"wp-image-17738\" srcset=\"https:\/\/www.greenpeace.org\/static\/planet4-argentina-stateless\/2022\/12\/db4bbefe-gp1swrmk_medium_res_with_credit_line-1024x683.jpg 1024w, https:\/\/www.greenpeace.org\/static\/planet4-argentina-stateless\/2022\/12\/db4bbefe-gp1swrmk_medium_res_with_credit_line-300x200.jpg 300w, https:\/\/www.greenpeace.org\/static\/planet4-argentina-stateless\/2022\/12\/db4bbefe-gp1swrmk_medium_res_with_credit_line-768x512.jpg 768w, https:\/\/www.greenpeace.org\/static\/planet4-argentina-stateless\/2022\/12\/db4bbefe-gp1swrmk_medium_res_with_credit_line-510x340.jpg 510w, https:\/\/www.greenpeace.org\/static\/planet4-argentina-stateless\/2022\/12\/db4bbefe-gp1swrmk_medium_res_with_credit_line.jpg 1200w\" sizes=\"auto, (max-width: 1024px) 100vw, 1024px\" \/><\/figure>\n\n<p>Vas a ver que estar presente <strong>va a ser muy gratificante<\/strong>. Adem\u00e1s, para impulsar las decisiones pol\u00edticas m\u00e1s urgentes se necesita del aporte de todos, \u00bfno te parece?<\/p>\n\n<h3 class=\"wp-block-heading\"><strong>Activ\u00e1 el poder local<\/strong><\/h3>\n\n<figure class=\"wp-block-image size-large\"><img loading=\"lazy\" decoding=\"async\" width=\"1024\" height=\"683\" src=\"https:\/\/www.greenpeace.org\/static\/planet4-argentina-stateless\/2022\/12\/e242cb19-gp1suivb_medium_res_with_credit_line-1024x683.jpg\" alt=\"\" class=\"wp-image-17739\" srcset=\"https:\/\/www.greenpeace.org\/static\/planet4-argentina-stateless\/2022\/12\/e242cb19-gp1suivb_medium_res_with_credit_line-1024x683.jpg 1024w, https:\/\/www.greenpeace.org\/static\/planet4-argentina-stateless\/2022\/12\/e242cb19-gp1suivb_medium_res_with_credit_line-300x200.jpg 300w, https:\/\/www.greenpeace.org\/static\/planet4-argentina-stateless\/2022\/12\/e242cb19-gp1suivb_medium_res_with_credit_line-768x512.jpg 768w, https:\/\/www.greenpeace.org\/static\/planet4-argentina-stateless\/2022\/12\/e242cb19-gp1suivb_medium_res_with_credit_line-510x340.jpg 510w, https:\/\/www.greenpeace.org\/static\/planet4-argentina-stateless\/2022\/12\/e242cb19-gp1suivb_medium_res_with_credit_line.jpg 1200w\" sizes=\"auto, (max-width: 1024px) 100vw, 1024px\" \/><\/figure>\n\n<p>Otra vez, <strong>la fuerza de la comunidad va a marcar la diferencia para que sientas que un nuevo modelo de sociedad es posible<\/strong>.<\/p>\n\n<ul class=\"wp-block-list\">\n<li>Particip\u00e1 de <strong>huertas comunitarias <\/strong>como <a href=\"https:\/\/www.instagram.com\/lunadeenfrente_\/\" target=\"_blank\" rel=\"noreferrer noopener\">Luna de enfrente<\/a><\/li>\n<\/ul>\n\n<ul class=\"wp-block-list\">\n<li><strong>Sum\u00e1 plantas nativas en los canteros de tu vereda y comentalo con tus vecinos<\/strong>. \u00c9ste es el trabajo que hacen vecinas de Coghlan a trav\u00e9s de <a rel=\"noreferrer noopener\" href=\"https:\/\/www.instagram.com\/barrios.arborescentes.coghlan\/\" target=\"_blank\">Barrios Arborescentes<\/a> que hacen su aporte para tener m\u00e1s \u00e1rboles y m\u00e1s biodiversidad en la ciudad.&nbsp;<\/li>\n<\/ul>\n\n<ul class=\"wp-block-list\">\n<li><strong>Defend\u00e9, cuid\u00e1 y foment\u00e1 los espacios verdes<\/strong>. Por ejemplo, en el barrio porte\u00f1o de Almagro, un grupo de vecinos y vecinas se organiz\u00f3 para pedir que un terreno bald\u00edo permanezca como reserva de biodiversidad espont\u00e1nea. Su propuesta se llama <a href=\"https:\/\/www.instagram.com\/p\/Cgae-b6uZeg\/\" target=\"_blank\" rel=\"noreferrer noopener\">Relieve<\/a> y es s\u00faper inspiradora. <\/li>\n<\/ul>\n\n<h3 class=\"wp-block-heading\"><strong>Ampli\u00e1 la conversaci\u00f3n y llevala a nuevos espacios<\/strong>&nbsp;<\/h3>\n\n<p><strong>Animate a hablar de sustentabilidad, de reciclado, de regeneraci\u00f3n, con amistades, familiares, vecinos<\/strong> y con quien tenga unos minutos para escuchar. No los vas a aburrir ni a espantar. Al contrario, quiz\u00e1s les resulte interesante y entretenido lo que tengas para compartir.<\/p>\n\n<figure class=\"wp-block-image size-large\"><img loading=\"lazy\" decoding=\"async\" width=\"1024\" height=\"683\" src=\"https:\/\/www.greenpeace.org\/static\/planet4-argentina-stateless\/2022\/12\/b57c903f-gp0straxw_medium_res_with_credit_line-1024x683.jpg\" alt=\"\" class=\"wp-image-17740\" srcset=\"https:\/\/www.greenpeace.org\/static\/planet4-argentina-stateless\/2022\/12\/b57c903f-gp0straxw_medium_res_with_credit_line-1024x683.jpg 1024w, https:\/\/www.greenpeace.org\/static\/planet4-argentina-stateless\/2022\/12\/b57c903f-gp0straxw_medium_res_with_credit_line-300x200.jpg 300w, https:\/\/www.greenpeace.org\/static\/planet4-argentina-stateless\/2022\/12\/b57c903f-gp0straxw_medium_res_with_credit_line-768x512.jpg 768w, https:\/\/www.greenpeace.org\/static\/planet4-argentina-stateless\/2022\/12\/b57c903f-gp0straxw_medium_res_with_credit_line-510x340.jpg 510w, https:\/\/www.greenpeace.org\/static\/planet4-argentina-stateless\/2022\/12\/b57c903f-gp0straxw_medium_res_with_credit_line.jpg 1200w\" sizes=\"auto, (max-width: 1024px) 100vw, 1024px\" \/><\/figure>\n\n<p>Pens\u00e1 que muchas veces los temas ambientales circulan soolo entre quienes ya saben de estos temas. <strong>El planeta necesita que seas su vocero<\/strong>: <strong>d\u00e9mosle<\/strong> <strong>lugar en nuestras conversaciones a esa sociedad sustentable y regenerativa con la que so\u00f1amos<\/strong> \ud83d\ude09<\/p>\n\n<div class=\"wp-block-buttons is-content-justification-center is-layout-flex wp-container-core-buttons-is-layout-16018d1d wp-block-buttons-is-layout-flex\">\n<div class=\"wp-block-button aligncenter is-style-cta\"><a class=\"wp-block-button__link wp-element-button\" href=\"https:\/\/www.greenpeace.org\/argentina\/campanas\/\" target=\"_blank\" rel=\"noreferrer noopener\">Unite a nosotros y apoy\u00e1 las acciones directas<\/a><\/div>\n<\/div>\n\n<figure class=\"wp-block-image size-large\"><img loading=\"lazy\" decoding=\"async\" width=\"1024\" height=\"684\" src=\"https:\/\/www.greenpeace.org\/static\/planet4-argentina-stateless\/2022\/12\/6860b63d-gp0stqsxz_medium_res_with_credit_line-1024x684.jpg\" alt=\"\" class=\"wp-image-17741\" srcset=\"https:\/\/www.greenpeace.org\/static\/planet4-argentina-stateless\/2022\/12\/6860b63d-gp0stqsxz_medium_res_with_credit_line-1024x684.jpg 1024w, https:\/\/www.greenpeace.org\/static\/planet4-argentina-stateless\/2022\/12\/6860b63d-gp0stqsxz_medium_res_with_credit_line-300x200.jpg 300w, https:\/\/www.greenpeace.org\/static\/planet4-argentina-stateless\/2022\/12\/6860b63d-gp0stqsxz_medium_res_with_credit_line-768x513.jpg 768w, https:\/\/www.greenpeace.org\/static\/planet4-argentina-stateless\/2022\/12\/6860b63d-gp0stqsxz_medium_res_with_credit_line-510x340.jpg 510w, https:\/\/www.greenpeace.org\/static\/planet4-argentina-stateless\/2022\/12\/6860b63d-gp0stqsxz_medium_res_with_credit_line.jpg 1200w\" sizes=\"auto, (max-width: 1024px) 100vw, 1024px\" \/><\/figure>\n\n<h3 class=\"wp-block-heading\"><strong>Cuid\u00e1 tu salud mental<\/strong><\/h3>\n\n<p>Estar informado sobre lo que ocurre en la naturaleza puede ser como ir en una monta\u00f1a rusa de emociones. No faltar\u00e1 el d\u00eda en que te sientas desesperanzado y con ganas de tirar la toalla.&nbsp;<\/p>\n\n<p>En esos d\u00edas, estar en comunidad y poder conversar va a ser clave para que <a href=\"https:\/\/www.greenpeace.org\/argentina\/blog\/issues\/climayenergia\/que-es-la-eco-ansiedad-y-como-mantener-el-optimismo-en-medio-de-la-crisis-climatica\/\" target=\"_blank\" rel=\"noreferrer noopener\">no caigas en la eco ansiedad<\/a> que tanto nos persigue.<\/p>\n\n<p><strong>Cuidar tu salud mental es tambi\u00e9n descansar, mimarte, disfrutar de otros intereses y recordarte que no existe el activista perfecto.<\/strong> Tu aporte, hasta donde puedas, es clave y valioso.<\/p>\n\n<figure class=\"wp-block-image size-large\"><img loading=\"lazy\" decoding=\"async\" width=\"1024\" height=\"768\" src=\"https:\/\/www.greenpeace.org\/static\/planet4-argentina-stateless\/2022\/12\/8a922252-gp0stp6j2_medium_res_with_credit_line-1024x768.jpg\" alt=\"\" class=\"wp-image-17743\" srcset=\"https:\/\/www.greenpeace.org\/static\/planet4-argentina-stateless\/2022\/12\/8a922252-gp0stp6j2_medium_res_with_credit_line-1024x768.jpg 1024w, https:\/\/www.greenpeace.org\/static\/planet4-argentina-stateless\/2022\/12\/8a922252-gp0stp6j2_medium_res_with_credit_line-300x225.jpg 300w, https:\/\/www.greenpeace.org\/static\/planet4-argentina-stateless\/2022\/12\/8a922252-gp0stp6j2_medium_res_with_credit_line-768x576.jpg 768w, https:\/\/www.greenpeace.org\/static\/planet4-argentina-stateless\/2022\/12\/8a922252-gp0stp6j2_medium_res_with_credit_line-453x340.jpg 453w, https:\/\/www.greenpeace.org\/static\/planet4-argentina-stateless\/2022\/12\/8a922252-gp0stp6j2_medium_res_with_credit_line.jpg 1200w\" sizes=\"auto, (max-width: 1024px) 100vw, 1024px\" \/><\/figure>\n\n<p>Si ten\u00e9s alguna otra meta sustentable para 2023 o quer\u00e9s sugerirnos algunas otras, dejanos tu comentario.&nbsp;<\/p>\n","protected":false},"excerpt":{"rendered":"<p>Te compartimos 5 ideas para inspirarte (o para que inspires a otros) a seguir desbloqueando nuevos niveles de activismo ecol\u00f3gico en 2023.<\/p>\n","protected":false},"author":48,"featured_media":17742,"comment_status":"closed","ping_status":"open","sticky":false,"template":"","format":"standard","meta":{"ep_exclude_from_search":false,"p4_og_title":"5 metas sustentables para 2023","p4_og_description":"Te compartimos 5 ideas para inspirarte (o para que inspires a otros) a seguir desbloqueando nuevos niveles de activismo ecol\u00f3gico en 2023.","p4_og_image":"https:\/\/www.greenpeace.org\/static\/planet4-argentina-stateless\/2022\/12\/c74ca650-gp1suiv5_medium_res_with_credit_line.jpg","p4_og_image_id":"17742","p4_seo_canonical_url":"","p4_campaign_name":"not set","p4_local_project":"not set","p4_basket_name":"not set","p4_department":"","footnotes":""},"categories":[3],"tags":[],"p4-page-type":[14],"class_list":["post-17737","post","type-post","status-publish","format-standard","has-post-thumbnail","hentry","category-climayenergia","p4-page-type-blog"],"_links":{"self":[{"href":"https:\/\/www.greenpeace.org\/argentina\/wp-json\/wp\/v2\/posts\/17737","targetHints":{"allow":["GET"]}}],"collection":[{"href":"https:\/\/www.greenpeace.org\/argentina\/wp-json\/wp\/v2\/posts"}],"about":[{"href":"https:\/\/www.greenpeace.org\/argentina\/wp-json\/wp\/v2\/types\/post"}],"author":[{"embeddable":true,"href":"https:\/\/www.greenpeace.org\/argentina\/wp-json\/wp\/v2\/users\/48"}],"replies":[{"embeddable":true,"href":"https:\/\/www.greenpeace.org\/argentina\/wp-json\/wp\/v2\/comments?post=17737"}],"version-history":[{"count":3,"href":"https:\/\/www.greenpeace.org\/argentina\/wp-json\/wp\/v2\/posts\/17737\/revisions"}],"predecessor-version":[{"id":17851,"href":"https:\/\/www.greenpeace.org\/argentina\/wp-json\/wp\/v2\/posts\/17737\/revisions\/17851"}],"wp:featuredmedia":[{"embeddable":true,"href":"https:\/\/www.greenpeace.org\/argentina\/wp-json\/wp\/v2\/media\/17742"}],"wp:attachment":[{"href":"https:\/\/www.greenpeace.org\/argentina\/wp-json\/wp\/v2\/media?parent=17737"}],"wp:term":[{"taxonomy":"category","embeddable":true,"href":"https:\/\/www.greenpeace.org\/argentina\/wp-json\/wp\/v2\/categories?post=17737"},{"taxonomy":"post_tag","embeddable":true,"href":"https:\/\/www.greenpeace.org\/argentina\/wp-json\/wp\/v2\/tags?post=17737"},{"taxonomy":"p4-page-type","embeddable":true,"href":"https:\/\/www.greenpeace.org\/argentina\/wp-json\/wp\/v2\/p4-page-type?post=17737"}],"curies":[{"name":"wp","href":"https:\/\/api.w.org\/{rel}","templated":true}]}}