{"id":17789,"date":"2023-01-09T18:40:31","date_gmt":"2023-01-09T21:40:31","guid":{"rendered":"https:\/\/www.greenpeace.org\/argentina\/?p=17789"},"modified":"2025-07-07T11:50:57","modified_gmt":"2025-07-07T14:50:57","slug":"%f0%9f%a5%b5-alerta-ola-de-calor-extrema-y-sequias-es-urgente-frenar-la-accion-humana-que-agrava-el-cambio-climatico","status":"publish","type":"post","link":"https:\/\/www.greenpeace.org\/argentina\/blog\/problemas\/bosques\/%f0%9f%a5%b5-alerta-ola-de-calor-extrema-y-sequias-es-urgente-frenar-la-accion-humana-que-agrava-el-cambio-climatico\/","title":{"rendered":"\ud83e\udd75 ALERTA! Ola de calor extrema y sequ\u00edas. Es urgente frenar la acci\u00f3n humana que agrava el cambio clim\u00e1tico"},"content":{"rendered":"\n<p><strong>Argentina empieza un verano en rojo&nbsp;y s\u00f3lo empeorar\u00e1 si no dejamos de deforestar y quemar combustibles f\u00f3siles.&nbsp;<\/strong><\/p>\n\n<figure class=\"wp-block-image size-large\"><img loading=\"lazy\" decoding=\"async\" width=\"1024\" height=\"576\" src=\"https:\/\/www.greenpeace.org\/static\/planet4-argentina-stateless\/2023\/01\/93254372-jumbotron_smn_nota-1024x576.jpg\" alt=\"\" class=\"wp-image-17790\" srcset=\"https:\/\/www.greenpeace.org\/static\/planet4-argentina-stateless\/2023\/01\/93254372-jumbotron_smn_nota-1024x576.jpg 1024w, https:\/\/www.greenpeace.org\/static\/planet4-argentina-stateless\/2023\/01\/93254372-jumbotron_smn_nota-300x169.jpg 300w, https:\/\/www.greenpeace.org\/static\/planet4-argentina-stateless\/2023\/01\/93254372-jumbotron_smn_nota-768x432.jpg 768w, https:\/\/www.greenpeace.org\/static\/planet4-argentina-stateless\/2023\/01\/93254372-jumbotron_smn_nota-1536x864.jpg 1536w, https:\/\/www.greenpeace.org\/static\/planet4-argentina-stateless\/2023\/01\/93254372-jumbotron_smn_nota-510x287.jpg 510w, https:\/\/www.greenpeace.org\/static\/planet4-argentina-stateless\/2023\/01\/93254372-jumbotron_smn_nota.jpg 1920w\" sizes=\"auto, (max-width: 1024px) 100vw, 1024px\" \/><figcaption class=\"wp-element-caption\">Imagen del Servicio Nacional de Metereolog\u00eda<\/figcaption><\/figure>\n\n<p>La crisis clim\u00e1tica ya es una realidad en Argentina y la&nbsp;<strong>sequ\u00eda es uno de sus impactos m\u00e1s palpable.  Junto al fen\u00f3meno de La Ni\u00f1a&nbsp;<\/strong>aumentan las condiciones para que s\ucedan <strong>eventos clim\u00e1ticos cada vez m\u00e1s graves.<\/strong><\/p>\n\n<p>En Argentina, seg\u00fan fuentes oficiales, <strong>las tierras secas ocupan&nbsp;el&nbsp;70 %&nbsp;del&nbsp;territorio nacional<\/strong> y&nbsp;se&nbsp;ven afectadas por la <strong>industria agropecuaria, la deforestaci\u00f3n y&nbsp;el&nbsp;uso inadecuado de los recursos h\u00eddricos<\/strong>.<\/p>\n\n<h4 class=\"wp-block-heading\"><strong>\u00bfQu\u00e9 est\u00e1 pasando ahora?<\/strong><\/h4>\n\n<p>El <a href=\"https:\/\/www.smn.gob.ar\/\">Servicio Meteorol\u00f3gico Nacional <\/a>anunci\u00f3 que <strong>durante este 2023 comienza con un periodo de temperaturas muy extremas en todo el pa\u00eds.<\/strong> Estas <strong>olas de calor <\/strong>se han vuelto m\u00e1s frecuentes y severas en la \u00faltima d\u00e9cada.<\/p>\n\n<p>Tambi\u00e9n, analiz\u00f3 qu\u00e9 se viene en el futuro cercano: si las temperaturas globales siguen aumentando, estos eventos ser\u00e1n m\u00e1s frecuentes e intensos.<\/p>\n\n<figure class=\"wp-block-image size-full\"><img loading=\"lazy\" decoding=\"async\" width=\"787\" height=\"512\" src=\"https:\/\/www.greenpeace.org\/static\/planet4-argentina-stateless\/2023\/01\/14b35550-tempp.png\" alt=\"\" class=\"wp-image-17791\" srcset=\"https:\/\/www.greenpeace.org\/static\/planet4-argentina-stateless\/2023\/01\/14b35550-tempp.png 787w, https:\/\/www.greenpeace.org\/static\/planet4-argentina-stateless\/2023\/01\/14b35550-tempp-300x195.png 300w, https:\/\/www.greenpeace.org\/static\/planet4-argentina-stateless\/2023\/01\/14b35550-tempp-768x500.png 768w, https:\/\/www.greenpeace.org\/static\/planet4-argentina-stateless\/2023\/01\/14b35550-tempp-510x332.png 510w\" sizes=\"auto, (max-width: 787px) 100vw, 787px\" \/><figcaption class=\"wp-element-caption\">Fuente: <a href=\"https:\/\/www.smn.gob.ar\/sistema_temp_extremas_calor\" target=\"_blank\" rel=\"noreferrer noopener\">https:\/\/www.smn.gob.ar\/sistema_temp_extremas_calor<\/a><\/figcaption><\/figure>\n\n<p>Seg\u00fan un an\u00e1lisis de atribuci\u00f3n realizado por <strong><a rel=\"noreferrer noopener\" href=\"http:\/\/World Weather Attribution\" target=\"_blank\">World Weather Attribution<\/a><\/strong> (WWA), <strong>el cambio clim\u00e1tico causado por la acci\u00f3n humana<\/strong> hizo que la ola de calor r\u00e9cord en el norte de Argentina a principios de diciembre fuera aproximadamente <strong>60 veces m\u00e1s probable y 1,4 grados m\u00e1s caliente.<\/strong><\/p>\n\n<p><strong>Los primeros d\u00edas de diciembre<\/strong>&nbsp;dejaron temperaturas que superaron los 40 \u00b0C en 24 estaciones meteorol\u00f3gicas, cuatro de ellas por encima de 45 \u00b0C. Nueve localidades del norte de Argentina registraron su temperatura m\u00e1xima m\u00e1s alta de diciembre.<\/p>\n\n<p>Se determin\u00f3 que ahora se puede esperar&nbsp;<strong>un evento similar aproximadamente una vez cada 20 a\u00f1os, con un 5 % de posibilidades de ocurrir cada a\u00f1o,<\/strong>&nbsp;pero que sin los efectos de las emisiones humanas de gases de efecto invernadero, habr\u00eda sido un evento extremadamente inusual.<\/p>\n\n<h4 class=\"wp-block-heading\"><strong>\u00bfC\u00f3mo se evidencia la sequ\u00eda y el calor extremo?<\/strong><\/h4>\n\n<figure class=\"wp-block-image size-large\"><img loading=\"lazy\" decoding=\"async\" width=\"1024\" height=\"684\" src=\"https:\/\/www.greenpeace.org\/static\/planet4-argentina-stateless\/2020\/08\/7bbf3d18-gpa_incendiosdelta_03-1024x684.jpg\" alt=\"\" class=\"wp-image-10636\" srcset=\"https:\/\/www.greenpeace.org\/static\/planet4-argentina-stateless\/2020\/08\/7bbf3d18-gpa_incendiosdelta_03-1024x684.jpg 1024w, https:\/\/www.greenpeace.org\/static\/planet4-argentina-stateless\/2020\/08\/7bbf3d18-gpa_incendiosdelta_03-300x200.jpg 300w, https:\/\/www.greenpeace.org\/static\/planet4-argentina-stateless\/2020\/08\/7bbf3d18-gpa_incendiosdelta_03-768x513.jpg 768w, https:\/\/www.greenpeace.org\/static\/planet4-argentina-stateless\/2020\/08\/7bbf3d18-gpa_incendiosdelta_03-1536x1026.jpg 1536w, https:\/\/www.greenpeace.org\/static\/planet4-argentina-stateless\/2020\/08\/7bbf3d18-gpa_incendiosdelta_03-2048x1367.jpg 2048w, https:\/\/www.greenpeace.org\/static\/planet4-argentina-stateless\/2020\/08\/7bbf3d18-gpa_incendiosdelta_03-2046x1366.jpg 2046w, https:\/\/www.greenpeace.org\/static\/planet4-argentina-stateless\/2020\/08\/7bbf3d18-gpa_incendiosdelta_03-510x340.jpg 510w\" sizes=\"auto, (max-width: 1024px) 100vw, 1024px\" \/><figcaption class=\"wp-element-caption\">Incendios en zonas de humedales.<\/figcaption><\/figure>\n\n<p><strong>Arden nuestros humedales, atravesamos incendios forestales en diversas regiones del pa\u00eds<\/strong>, como resultado de la pr\u00e1ctica para el cambio de uso del suelo a escala industrial sostenidos por las olas de calor.<\/p>\n\n<p>2021 fue<strong>&nbsp;el a\u00f1o m\u00e1s caliente y seco en Argentina desde 1961<\/strong>: cuatro olas de calor afectaron al centro y sur de Argentina, y produjeron<strong>&nbsp;r\u00e9cords hist\u00f3ricos de temperaturas m\u00e1ximas<\/strong><\/p>\n\n<figure class=\"wp-block-image size-full\"><img loading=\"lazy\" decoding=\"async\" width=\"1024\" height=\"563\" src=\"https:\/\/www.greenpeace.org\/static\/planet4-argentina-stateless\/2023\/01\/b6fd435a-incendios-en-la-patagonia-3-1024x563-1.jpg\" alt=\"\" class=\"wp-image-17792\" srcset=\"https:\/\/www.greenpeace.org\/static\/planet4-argentina-stateless\/2023\/01\/b6fd435a-incendios-en-la-patagonia-3-1024x563-1.jpg 1024w, https:\/\/www.greenpeace.org\/static\/planet4-argentina-stateless\/2023\/01\/b6fd435a-incendios-en-la-patagonia-3-1024x563-1-300x165.jpg 300w, https:\/\/www.greenpeace.org\/static\/planet4-argentina-stateless\/2023\/01\/b6fd435a-incendios-en-la-patagonia-3-1024x563-1-768x422.jpg 768w, https:\/\/www.greenpeace.org\/static\/planet4-argentina-stateless\/2023\/01\/b6fd435a-incendios-en-la-patagonia-3-1024x563-1-510x280.jpg 510w\" sizes=\"auto, (max-width: 1024px) 100vw, 1024px\" \/><figcaption class=\"wp-element-caption\">Incendios fuera de control en la Patagonia. .<\/figcaption><\/figure>\n\n<p><strong>Estas temperaturas alimentaron grandes incendios&nbsp;en la Patagonia<\/strong> ampliando en duraci\u00f3n y extensi\u00f3n por el<strong> cambio en el uso del suelo<\/strong>. All\u00ed los focos se iniciaron por <strong>tormenta el\u00e9ctrica, m\u00e1s un combo de sequ\u00eda, altas temperaturas, terreno con pendientes, vientos, material combustible y la recurrencia de la Ni\u00f1a<\/strong> -la segunda en dos a\u00f1os- un c\u00edrculo sin fin predecible. Adem\u00e1s, la lamentable&nbsp; <strong>falta de recursos econ\u00f3micos y humanos para el efectivo combate al fuego<\/strong>, hicieron que fuera muy complejo y m\u00e1s dif\u00edcil poder frenar el avance del fuego.<\/p>\n\n<p>Se&nbsp;<strong>agrav\u00f3 la sequ\u00eda en toda la cordillera central y parte de Cuyo<\/strong>, debido a la falta de nevadas importantes durante el invierno. La falta de lluvias y condiciones de sequ\u00eda extrema&nbsp;<strong>continuaron en el norte del Litoral y la cuenca del r\u00edo Paran\u00e1 en Santa F\u00e9<\/strong>, luego de un 2020 extremadamente seco. El r\u00edo experiment\u00f3 una bajante hist\u00f3rica sin precedentes desde 1944.<\/p>\n\n<figure class=\"wp-block-image size-large\"><img loading=\"lazy\" decoding=\"async\" width=\"1024\" height=\"682\" src=\"https:\/\/www.greenpeace.org\/static\/planet4-argentina-stateless\/2020\/10\/d1904814-delta-2-1024x682.jpg\" alt=\"\" class=\"wp-image-11088\" srcset=\"https:\/\/www.greenpeace.org\/static\/planet4-argentina-stateless\/2020\/10\/d1904814-delta-2-1024x682.jpg 1024w, https:\/\/www.greenpeace.org\/static\/planet4-argentina-stateless\/2020\/10\/d1904814-delta-2-300x200.jpg 300w, https:\/\/www.greenpeace.org\/static\/planet4-argentina-stateless\/2020\/10\/d1904814-delta-2-768x512.jpg 768w, https:\/\/www.greenpeace.org\/static\/planet4-argentina-stateless\/2020\/10\/d1904814-delta-2-1536x1024.jpg 1536w, https:\/\/www.greenpeace.org\/static\/planet4-argentina-stateless\/2020\/10\/d1904814-delta-2-2048x1366.jpg 2048w, https:\/\/www.greenpeace.org\/static\/planet4-argentina-stateless\/2020\/10\/d1904814-delta-2-510x340.jpg 510w\" sizes=\"auto, (max-width: 1024px) 100vw, 1024px\" \/><figcaption class=\"wp-element-caption\">Incendios en Santa F\u00e9.<\/figcaption><\/figure>\n\n<p><strong>M\u00e1s inundaciones, m\u00e1s sequ\u00edas, menos nieve y&nbsp; m\u00e1s calor se&nbsp; esperan para&nbsp; los pr\u00f3ximos a\u00f1os<\/strong>&nbsp;si no se toman acciones urgentes. Cada ecosistema destruido redunda en&nbsp;<strong>menor capacidad de adaptaci\u00f3n al cambio clim\u00e1tico<\/strong>&nbsp;en la regi\u00f3n d\u00f3nde ocurre la destrucci\u00f3n.<\/p>\n\n<h4 class=\"wp-block-heading\"><strong>\u00bfC\u00f3mo afecta la sequ\u00eda?<\/strong><\/h4>\n\n<figure class=\"wp-block-image size-full\"><img loading=\"lazy\" decoding=\"async\" width=\"1024\" height=\"683\" src=\"https:\/\/www.greenpeace.org\/static\/planet4-argentina-stateless\/2022\/12\/93526e66-sequia-lago-penuelas-1024x683-1.jpg\" alt=\"\" class=\"wp-image-17613\" srcset=\"https:\/\/www.greenpeace.org\/static\/planet4-argentina-stateless\/2022\/12\/93526e66-sequia-lago-penuelas-1024x683-1.jpg 1024w, https:\/\/www.greenpeace.org\/static\/planet4-argentina-stateless\/2022\/12\/93526e66-sequia-lago-penuelas-1024x683-1-300x200.jpg 300w, https:\/\/www.greenpeace.org\/static\/planet4-argentina-stateless\/2022\/12\/93526e66-sequia-lago-penuelas-1024x683-1-768x512.jpg 768w, https:\/\/www.greenpeace.org\/static\/planet4-argentina-stateless\/2022\/12\/93526e66-sequia-lago-penuelas-1024x683-1-510x340.jpg 510w\" sizes=\"auto, (max-width: 1024px) 100vw, 1024px\" \/><\/figure>\n\n<p>La <strong>sequ\u00eda<\/strong> es una de las situaciones medioambientales con m\u00e1s consecuencias palpables para la humanidad. De hecho,&nbsp;se&nbsp;estima qu<strong>e la degradaci\u00f3n de los suelos, la falta de agua y&nbsp;el&nbsp;avance de la desertificaci\u00f3n generar\u00e1 m\u00e1s muertes y desplazamientos <\/strong>forzados que cualquier otro tipo de desastre natural.<\/p>\n\n<p>De acuerdo a distintas estimaciones, para&nbsp;el&nbsp;2045&nbsp;se&nbsp;cree que unas 135 millones de personas habr\u00e1n debido desplazarse desde donde viven a consecuencia de esta nueva realidad medioambiental marcada por la desertificaci\u00f3n.<\/p>\n\n<p>En general, las <strong>diferentes actividades relacionadas con&nbsp;el&nbsp;uso intensivo&nbsp;del&nbsp;suelo representan casi&nbsp;el&nbsp;25% de las emisiones globales de CO2<\/strong>, por lo que las medidas de mitigaci\u00f3n y de recuperaci\u00f3n de extensas zonas resulta clave en&nbsp;el&nbsp;combate contra&nbsp;el&nbsp;cambio clim\u00e1tico. De hecho,&nbsp;se&nbsp;estima que la <strong>restauraci\u00f3n de suelos actualmente degradados puede significar la absorci\u00f3n y almacenaje de hasta 3.000 millones de toneladas de carbono por a\u00f1o.<\/strong><\/p>\n\n<p>Se estima tambi\u00e9n que para el&nbsp;2025 1.800 millones de personas en&nbsp;el&nbsp;mundo&nbsp;enfrentar\u00e1 una situaci\u00f3n de escasez absoluta de agua, mientras que unos dos tercios de la poblaci\u00f3n&nbsp;del&nbsp;planeta no dispondr\u00e1n de suficientes recursos h\u00eddricos.<\/p>\n\n<h4 class=\"wp-block-heading\"><strong>\u00bfQu\u00e9 se puede hacer?<\/strong><\/h4>\n\n<figure class=\"wp-block-image size-full\"><img loading=\"lazy\" decoding=\"async\" width=\"1024\" height=\"683\" src=\"https:\/\/www.greenpeace.org\/static\/planet4-argentina-stateless\/2023\/01\/02b9cfec-gp0stsf8d_-1024x683-1.jpg\" alt=\"\" class=\"wp-image-17795\" srcset=\"https:\/\/www.greenpeace.org\/static\/planet4-argentina-stateless\/2023\/01\/02b9cfec-gp0stsf8d_-1024x683-1.jpg 1024w, https:\/\/www.greenpeace.org\/static\/planet4-argentina-stateless\/2023\/01\/02b9cfec-gp0stsf8d_-1024x683-1-300x200.jpg 300w, https:\/\/www.greenpeace.org\/static\/planet4-argentina-stateless\/2023\/01\/02b9cfec-gp0stsf8d_-1024x683-1-768x512.jpg 768w, https:\/\/www.greenpeace.org\/static\/planet4-argentina-stateless\/2023\/01\/02b9cfec-gp0stsf8d_-1024x683-1-510x340.jpg 510w\" sizes=\"auto, (max-width: 1024px) 100vw, 1024px\" \/><\/figure>\n\n<p>A menos que se reduzcan las emisiones de carbono, <strong>el cambio clim\u00e1tico continuar\u00e1 favoreciendo la ocurrencia de temperaturas r\u00e9cord<\/strong> a fines de la primavera y principios del verano, en una \u00e9poca del a\u00f1o en que las personas no est\u00e1n preparadas para lidiar con el calor extremo.<\/p>\n\n<p>\u00bfQu\u00e9 es lo que debe s\uceder para que este escenario no empeore<em>?<\/em><\/p>\n\n<p><strong><u>Mitigar el cambio clim\u00e1tico frenando los desmontes:<\/u><\/strong> <\/p>\n\n<p>Si bien desde el a\u00f1o 2014&nbsp;<strong>se evidencia una interesante disminuci\u00f3n de los desmontes, la mitad a\u00fan se realizan donde no est\u00e1 permitido<\/strong>. A eso se suma que, desde 2020 la gran cantidad de incendios forestales produjo un crecimiento importante de la p\u00e9rdida de bosques nativos. Se estima que&nbsp;<strong>el 95% se producen por factores humanos&nbsp;<\/strong>(intencionalidad, accidente, negligencia);&nbsp;<strong>y el cambio clim\u00e1tico y la sequ\u00eda aumentan su intensidad y severidad.&nbsp;<\/strong><\/p>\n\n<figure class=\"wp-block-image size-large\"><img loading=\"lazy\" decoding=\"async\" width=\"1024\" height=\"683\" src=\"https:\/\/www.greenpeace.org\/static\/planet4-argentina-stateless\/2022\/05\/77348eb4-gpa-desmonte-3-formosa-1-1024x683.jpg\" alt=\"\" class=\"wp-image-15887\" srcset=\"https:\/\/www.greenpeace.org\/static\/planet4-argentina-stateless\/2022\/05\/77348eb4-gpa-desmonte-3-formosa-1-1024x683.jpg 1024w, https:\/\/www.greenpeace.org\/static\/planet4-argentina-stateless\/2022\/05\/77348eb4-gpa-desmonte-3-formosa-1-300x200.jpg 300w, https:\/\/www.greenpeace.org\/static\/planet4-argentina-stateless\/2022\/05\/77348eb4-gpa-desmonte-3-formosa-1-768x512.jpg 768w, https:\/\/www.greenpeace.org\/static\/planet4-argentina-stateless\/2022\/05\/77348eb4-gpa-desmonte-3-formosa-1-1536x1024.jpg 1536w, https:\/\/www.greenpeace.org\/static\/planet4-argentina-stateless\/2022\/05\/77348eb4-gpa-desmonte-3-formosa-1-2048x1366.jpg 2048w, https:\/\/www.greenpeace.org\/static\/planet4-argentina-stateless\/2022\/05\/77348eb4-gpa-desmonte-3-formosa-1-510x340.jpg 510w\" sizes=\"auto, (max-width: 1024px) 100vw, 1024px\" \/><\/figure>\n\n<p>Resulta evidente que&nbsp;<strong>las multas no son suficientes para desalentar desmontes ilegales e incendios forestales<\/strong>; y los responsables rara vez son obligados a reforestar.&nbsp; <strong>M\u00e1s deforestaci\u00f3n significa m\u00e1s cambio clim\u00e1tico, m\u00e1s desaparici\u00f3n de especies,&nbsp;<\/strong>m\u00e1s inundaciones, <strong>m\u00e1s desertificaci\u00f3n<\/strong>, m\u00e1s enfermedades, m\u00e1s desalojos de campesinos e ind\u00edgenas, y m\u00e1s p\u00e9rdida de alimentos, maderas y medicinas.&nbsp;<\/p>\n\n<p><strong>Destruir bosques es un crimen<\/strong>, por lo cual es clave que los gobiernos provinciales cumplan estrictamente la normativa y que <strong>se penalicen tanto los desmontes ilegales como los incendios forestales<\/strong>.&nbsp;<\/p>\n\n<div class=\"wp-block-buttons is-layout-flex wp-block-buttons-is-layout-flex\">\n<div class=\"wp-block-button aligncenter is-style-cta\"><a class=\"wp-block-button__link wp-element-button\" href=\"https:\/\/landing.infogreenpeace.org\/es-ar\/resistencia-20yaguaretes?utm_source=web&amp;utm_medium=link&amp;utm_content=boost_Lead_gen_Blog_Sequia_Prueba_yaguaret%C3%A9&amp;utm_term=todos&amp;utm_campaign=offShore\" target=\"_blank\" rel=\"noreferrer noopener\">Firm\u00e1 para poner un freno a los desmontes e incendios forestales<\/a><\/div>\n<\/div>\n\n<p><strong><u>Frenar las actividades extractivas en nuestro mar:<\/u><\/strong><\/p>\n\n<figure class=\"wp-block-image size-large\"><img loading=\"lazy\" decoding=\"async\" width=\"1024\" height=\"682\" src=\"https:\/\/www.greenpeace.org\/static\/planet4-argentina-stateless\/2023\/01\/f8e64862-greenpeace-marcha-aniversaio-atlanticazo-mdp-40-1024x682.jpg\" alt=\"\" class=\"wp-image-17793\" srcset=\"https:\/\/www.greenpeace.org\/static\/planet4-argentina-stateless\/2023\/01\/f8e64862-greenpeace-marcha-aniversaio-atlanticazo-mdp-40-1024x682.jpg 1024w, https:\/\/www.greenpeace.org\/static\/planet4-argentina-stateless\/2023\/01\/f8e64862-greenpeace-marcha-aniversaio-atlanticazo-mdp-40-300x200.jpg 300w, https:\/\/www.greenpeace.org\/static\/planet4-argentina-stateless\/2023\/01\/f8e64862-greenpeace-marcha-aniversaio-atlanticazo-mdp-40-768x512.jpg 768w, https:\/\/www.greenpeace.org\/static\/planet4-argentina-stateless\/2023\/01\/f8e64862-greenpeace-marcha-aniversaio-atlanticazo-mdp-40-1536x1024.jpg 1536w, https:\/\/www.greenpeace.org\/static\/planet4-argentina-stateless\/2023\/01\/f8e64862-greenpeace-marcha-aniversaio-atlanticazo-mdp-40-2048x1366.jpg 2048w, https:\/\/www.greenpeace.org\/static\/planet4-argentina-stateless\/2023\/01\/f8e64862-greenpeace-marcha-aniversaio-atlanticazo-mdp-40-510x340.jpg 510w\" sizes=\"auto, (max-width: 1024px) 100vw, 1024px\" \/><figcaption class=\"wp-element-caption\">\u00a9 Gabriel Bulacio \/ Greenpeace<\/figcaption><\/figure>\n\n<p>La&nbsp;<strong>exploraci\u00f3n de hidrocarburos en el Mar Argentino<\/strong>&nbsp;est\u00e1 avanzando. A pesar del constante rechazo de la poblaci\u00f3n, el estado y las empresas pretenden avanzar con el desarrollo de la industria offshore de hidrocarburos que es sumamente<strong>&nbsp;<a rel=\"noreferrer noopener\" href=\"https:\/\/greenpeace.org.ar\/pdf\/2021\/Informe%20GREENPEACE%20-%20CTAE-FIO-UNICEN.pdf?_ga=2.147910775.1979939749.1658244371-GA1.2.GA1.2.GA1.1.GA1.1.GA1.2.667886589.1604072518\" target=\"_blank\">incompatible con la realidad ambiental que le toca vivir a la Argentina.<\/a><\/strong><\/p>\n\n<figure class=\"wp-block-embed is-type-wp-embed is-provider-fundacion-greenpeace-argentina wp-block-embed-fundacion-greenpeace-argentina\"><div class=\"wp-block-embed__wrapper\">\n<blockquote class=\"wp-embedded-content\" data-secret=\"EWn3Dh7q5r\"><a href=\"https:\/\/www.greenpeace.org\/argentina\/blog\/problemas\/bosques\/ola-de-calor-en-vez-de-combatir-el-cambio-climatico-y-las-temperaturas-extremas-argentina-lo-agrava-danando-nuestros-bosques-y-nuestro-mar\/\">Ola de calor! En vez de combatir el cambio clim\u00e1tico y las temperaturas extremas Argentina lo agrava da\u00f1ando nuestros bosques y nuestro mar<\/a><\/blockquote><iframe loading=\"lazy\" class=\"wp-embedded-content\" sandbox=\"allow-scripts\" security=\"restricted\" style=\"position: absolute; clip: rect(1px, 1px, 1px, 1px);\" title=\"&#8220;Ola de calor! En vez de combatir el cambio clim\u00e1tico y las temperaturas extremas Argentina lo agrava da\u00f1ando nuestros bosques y nuestro mar&#8221; &#8212; Fundaci\u00f3n Greenpeace Argentina\" src=\"https:\/\/www.greenpeace.org\/argentina\/blog\/problemas\/bosques\/ola-de-calor-en-vez-de-combatir-el-cambio-climatico-y-las-temperaturas-extremas-argentina-lo-agrava-danando-nuestros-bosques-y-nuestro-mar\/embed\/#?secret=CpS6q0YU4X#?secret=EWn3Dh7q5r\" data-secret=\"EWn3Dh7q5r\" width=\"500\" height=\"282\" frameborder=\"0\" marginwidth=\"0\" marginheight=\"0\" scrolling=\"no\"><\/iframe>\n<\/div><\/figure>\n\n<p>Esta actividad<strong>&nbsp;genera emisiones fugitivas de metano durante la explotaci\u00f3n y emisiones de di\u00f3xido de carbono, \u00f3xidos nitrosos y otros&nbsp;<\/strong>durante la combusti\u00f3n de los hidrocarburos producidos. Estos&nbsp;<strong>Gases de Efecto Invernadero<\/strong>&nbsp;afectar\u00e1n al clima, contribuir\u00edan al cambio clim\u00e1tico y lo profundizar\u00e1n.&nbsp;<\/p>\n\n<p>Debemos tener en cuenta que en su&nbsp;<a href=\"https:\/\/www.ipcc.ch\/report\/ar6\/wg1\/\">\u00faltimo reporte<\/a>, el IPCC concluy\u00f3 que&nbsp;<strong>no debe haber inversiones en combustibles f\u00f3siles en ning\u00fan lugar<\/strong>, y la eliminaci\u00f3n gradual de la infraestructura existente debe alinearse con el objetivo de 1,5 \u00b0 C.<\/p>\n\n<p>En un contexto de&nbsp;<strong>emergencia clim\u00e1tica<\/strong>,&nbsp;<strong>no se deber\u00edan abrir nuevas fronteras de explotaci\u00f3n<\/strong>, si no que se deber\u00eda reducir dr\u00e1sticamente nuestra dependencia de los combustibles f\u00f3siles y hacer la transici\u00f3n a energ\u00edas limpias<em>.<\/em><\/p>\n\n<p>Hoy m\u00e1s que nunca tenemos la necesidad de&nbsp;<strong>protecci\u00f3n del Mar Argentino frente al avance de la industria petrolera<\/strong>, para la preservaci\u00f3n de la biodiversidad marina -especialmente en \u00e1reas de alimentaci\u00f3n y tr\u00e1nsito de especies-, y la econom\u00eda de las comunidades costeras.<\/p>\n\n<div class=\"wp-block-buttons is-layout-flex wp-block-buttons-is-layout-flex\">\n<div class=\"wp-block-button aligncenter is-style-cta\"><a class=\"wp-block-button__link wp-element-button\" href=\"https:\/\/landing.infogreenpeace.org\/es-ar\/offshore?utm_source=web&amp;utm_medium=link&amp;utm_content=boost_Lead_gen_Blog_Sequia_Prueba&amp;utm_term=todos&amp;utm_campaign=offShore\" target=\"_blank\" rel=\"noreferrer noopener\">Firm\u00e1 para decir NO a la actividad petrolera en nuestro Mar Argentino<\/a><\/div>\n<\/div>\n\n<p><strong><u>Contra la desertificaci\u00f3n:<\/u><\/strong>   <\/p>\n\n<figure class=\"wp-block-image size-large\"><img loading=\"lazy\" decoding=\"async\" width=\"1024\" height=\"684\" src=\"https:\/\/www.greenpeace.org\/static\/planet4-argentina-stateless\/2023\/01\/2123276c-gp0stu9ue_medium_res_with_credit_line-1024x684.jpg\" alt=\"\" class=\"wp-image-17796\" srcset=\"https:\/\/www.greenpeace.org\/static\/planet4-argentina-stateless\/2023\/01\/2123276c-gp0stu9ue_medium_res_with_credit_line-1024x684.jpg 1024w, https:\/\/www.greenpeace.org\/static\/planet4-argentina-stateless\/2023\/01\/2123276c-gp0stu9ue_medium_res_with_credit_line-300x200.jpg 300w, https:\/\/www.greenpeace.org\/static\/planet4-argentina-stateless\/2023\/01\/2123276c-gp0stu9ue_medium_res_with_credit_line-768x513.jpg 768w, https:\/\/www.greenpeace.org\/static\/planet4-argentina-stateless\/2023\/01\/2123276c-gp0stu9ue_medium_res_with_credit_line-510x340.jpg 510w, https:\/\/www.greenpeace.org\/static\/planet4-argentina-stateless\/2023\/01\/2123276c-gp0stu9ue_medium_res_with_credit_line.jpg 1200w\" sizes=\"auto, (max-width: 1024px) 100vw, 1024px\" \/><\/figure>\n\n<p>La&nbsp;desertificaci\u00f3n&nbsp;es provocada originalmente por las transformaciones en el clima producto de la crisis clim\u00e1tica global. Sin embargo <strong>son los malos usos que le damos al suelo, al territorio, son los que terminan por eliminar la capa de suelo que es indispensable para sostener la vida<\/strong>. Sin ese suelo, somos mucho m\u00e1s vulnerables a los propios efectos de la crisis clim\u00e1tica, en una suerte de c\u00edrculo vicioso.<\/p>\n\n<p>La \u00fanica manera de detener y combatir la&nbsp;desertificaci\u00f3n&nbsp;es haciendo un <strong>uso sostenible de la tierra.<\/strong> Pr\u00e1cticas agr\u00edcolas que pongan el ojo en la <strong>conservaci\u00f3n del ecosistema suelo,<\/strong> <strong>la protecci\u00f3n del bosque nativo<\/strong>, de ecosistemas claves en la preservaci\u00f3n de <strong>equilibrios h\u00eddricos<\/strong> como lagos, glaciares, campos de nieve, humedales, turberas y salares -entre otros- as\u00ed como <strong>la preservaci\u00f3n de cursos de agua o la limitaci\u00f3n de la miner\u00eda <\/strong>en ecosistemas fr\u00e1giles son claves para limitar la p\u00e9rdida del suelo y el avance del desierto<\/p>\n\n<p class=\"has-text-align-center\"><strong>La grave crisis clim\u00e1tica en la que nos encontramos nos obliga a actuar en consecuencia. Los compromisos de Argentina deben ser m\u00e1s ambiciosos y concretos para combatir fen\u00f3menos como las temperaturas extremas.<\/strong><\/p>\n\n<p><strong>Segu\u00ed leyendo:<\/strong><\/p>\n\n<figure class=\"wp-block-embed is-type-wp-embed is-provider-greenpeace-argentina wp-block-embed-greenpeace-argentina\"><div class=\"wp-block-embed__wrapper\">\n<blockquote class=\"wp-embedded-content\" data-secret=\"KreT19Me4A\"><a href=\"https:\/\/www.greenpeace.org\/argentina\/blog\/problemas\/climayenergia\/por-que-nos-tiene-que-importar-muchisimo-el-cambio-climatico-y-que-hay-que-hacer-para-que-no-avance%ef%bf%bc\/\">\u00bfPor qu\u00e9 nos tiene que importar much\u00edsimo el cambio clim\u00e1tico y qu\u00e9 hay que hacer para que no avance?\ufffc<\/a><\/blockquote><iframe loading=\"lazy\" class=\"wp-embedded-content\" sandbox=\"allow-scripts\" security=\"restricted\" style=\"position: absolute; clip: rect(1px, 1px, 1px, 1px);\" title=\"&#8220;\u00bfPor qu\u00e9 nos tiene que importar much\u00edsimo el cambio clim\u00e1tico y qu\u00e9 hay que hacer para que no avance?\ufffc&#8221; &#8212; Fundaci\u00f3n Greenpeace Argentina\" src=\"https:\/\/www.greenpeace.org\/argentina\/blog\/problemas\/climayenergia\/por-que-nos-tiene-que-importar-muchisimo-el-cambio-climatico-y-que-hay-que-hacer-para-que-no-avance%ef%bf%bc\/embed\/#?secret=gcN3R8XXEB#?secret=KreT19Me4A\" data-secret=\"KreT19Me4A\" width=\"500\" height=\"282\" frameborder=\"0\" marginwidth=\"0\" marginheight=\"0\" scrolling=\"no\"><\/iframe>\n<\/div><\/figure>\n\n<figure class=\"wp-block-embed is-type-wp-embed is-provider-fundacion-greenpeace-argentina wp-block-embed-fundacion-greenpeace-argentina\"><div class=\"wp-block-embed__wrapper\">\n<blockquote class=\"wp-embedded-content\" data-secret=\"6lHXwxsWV9\"><a href=\"https:\/\/www.greenpeace.org\/argentina\/blog\/problemas\/oceanos\/temperaturas-extremas-y-avalancha-de-cambio-climatico-es-urgente-decir-chau-a-los-combustibles-fosiles\/\">Temperaturas extremas y avalancha de cambio clim\u00e1tico: es urgente decir CHAU a los combustibles f\u00f3siles<\/a><\/blockquote><iframe loading=\"lazy\" class=\"wp-embedded-content\" sandbox=\"allow-scripts\" security=\"restricted\" style=\"position: absolute; clip: rect(1px, 1px, 1px, 1px);\" title=\"&#8220;Temperaturas extremas y avalancha de cambio clim\u00e1tico: es urgente decir CHAU a los combustibles f\u00f3siles&#8221; &#8212; Fundaci\u00f3n Greenpeace Argentina\" src=\"https:\/\/www.greenpeace.org\/argentina\/blog\/problemas\/oceanos\/temperaturas-extremas-y-avalancha-de-cambio-climatico-es-urgente-decir-chau-a-los-combustibles-fosiles\/embed\/#?secret=5eME5Kncux#?secret=6lHXwxsWV9\" data-secret=\"6lHXwxsWV9\" width=\"500\" height=\"282\" frameborder=\"0\" marginwidth=\"0\" marginheight=\"0\" scrolling=\"no\"><\/iframe>\n<\/div><\/figure>\n\n<figure class=\"wp-block-embed is-type-wp-embed is-provider-greenpeace-argentina wp-block-embed-greenpeace-argentina\"><div class=\"wp-block-embed__wrapper\">\n<blockquote class=\"wp-embedded-content\" data-secret=\"XtRL5AMYbT\"><a href=\"https:\/\/www.greenpeace.org\/argentina\/story\/problemas\/bosques\/22-de-abril-dia-de-la-tierra-las-politicas-de-los-gobiernos-por-combatir-la-urgencia-de-la-crisis-climatica-parecen-estar-postergadas%ef%bf%bc\/\">22 de abril &#8211; D\u00eda de la Tierra: &#8220;Las pol\u00edticas de los gobiernos por combatir la urgencia de la crisis clim\u00e1tica parecen estar postergadas&#8221;\ufffc<\/a><\/blockquote><iframe loading=\"lazy\" class=\"wp-embedded-content\" sandbox=\"allow-scripts\" security=\"restricted\" style=\"position: absolute; clip: rect(1px, 1px, 1px, 1px);\" title=\"&#8220;22 de abril &#8211; D\u00eda de la Tierra: &#8220;Las pol\u00edticas de los gobiernos por combatir la urgencia de la crisis clim\u00e1tica parecen estar postergadas&#8221;\ufffc&#8221; &#8212; Fundaci\u00f3n Greenpeace Argentina\" src=\"https:\/\/www.greenpeace.org\/argentina\/story\/problemas\/bosques\/22-de-abril-dia-de-la-tierra-las-politicas-de-los-gobiernos-por-combatir-la-urgencia-de-la-crisis-climatica-parecen-estar-postergadas%ef%bf%bc\/embed\/#?secret=nl2rsXPP0q#?secret=XtRL5AMYbT\" data-secret=\"XtRL5AMYbT\" width=\"500\" height=\"282\" frameborder=\"0\" marginwidth=\"0\" marginheight=\"0\" scrolling=\"no\"><\/iframe>\n<\/div><\/figure>\n\n<figure class=\"wp-block-embed is-type-wp-embed is-provider-greenpeace-argentina wp-block-embed-greenpeace-argentina\"><div class=\"wp-block-embed__wrapper\">\n<blockquote class=\"wp-embedded-content\" data-secret=\"hnUmy1CMBE\"><a href=\"https:\/\/www.greenpeace.org\/argentina\/blog\/problemas\/oceanos\/por-que-los-oceanos-son-fundamentales-en-la-lucha-contra-el-cambio-climatico\/\">\u00bfPor qu\u00e9 los oc\u00e9anos son fundamentales en la lucha contra el cambio clim\u00e1tico?<\/a><\/blockquote><iframe loading=\"lazy\" class=\"wp-embedded-content\" sandbox=\"allow-scripts\" security=\"restricted\" style=\"position: absolute; clip: rect(1px, 1px, 1px, 1px);\" title=\"&#8220;\u00bfPor qu\u00e9 los oc\u00e9anos son fundamentales en la lucha contra el cambio clim\u00e1tico?&#8221; &#8212; Fundaci\u00f3n Greenpeace Argentina\" src=\"https:\/\/www.greenpeace.org\/argentina\/blog\/problemas\/oceanos\/por-que-los-oceanos-son-fundamentales-en-la-lucha-contra-el-cambio-climatico\/embed\/#?secret=iijXWQqWFj#?secret=hnUmy1CMBE\" data-secret=\"hnUmy1CMBE\" width=\"500\" height=\"282\" frameborder=\"0\" marginwidth=\"0\" marginheight=\"0\" scrolling=\"no\"><\/iframe>\n<\/div><\/figure>\n\n<figure class=\"wp-block-embed is-type-wp-embed is-provider-fundacion-greenpeace-argentina wp-block-embed-fundacion-greenpeace-argentina\"><div class=\"wp-block-embed__wrapper\">\n<blockquote class=\"wp-embedded-content\" data-secret=\"aaJx0HaZAz\"><a href=\"https:\/\/www.greenpeace.org\/argentina\/blog\/problemas\/climayenergia\/impactos-de-la-crisis-climatica-los-cientificos-ya-lo-advirtieron-ahora-los-gobiernos-deben-actuar\/\">Impactos de la crisis clim\u00e1tica: los cient\u00edficos ya lo advirtieron, ahora los gobiernos deben actuar<\/a><\/blockquote><iframe loading=\"lazy\" class=\"wp-embedded-content\" sandbox=\"allow-scripts\" security=\"restricted\" style=\"position: absolute; clip: rect(1px, 1px, 1px, 1px);\" title=\"&#8220;Impactos de la crisis clim\u00e1tica: los cient\u00edficos ya lo advirtieron, ahora los gobiernos deben actuar&#8221; &#8212; Fundaci\u00f3n Greenpeace Argentina\" src=\"https:\/\/www.greenpeace.org\/argentina\/blog\/problemas\/climayenergia\/impactos-de-la-crisis-climatica-los-cientificos-ya-lo-advirtieron-ahora-los-gobiernos-deben-actuar\/embed\/#?secret=IbPke4tP1u#?secret=aaJx0HaZAz\" data-secret=\"aaJx0HaZAz\" width=\"500\" height=\"282\" frameborder=\"0\" marginwidth=\"0\" marginheight=\"0\" scrolling=\"no\"><\/iframe>\n<\/div><\/figure>\n","protected":false},"excerpt":{"rendered":"<p>La crisis clim\u00e1tica ya es una realidad en Argentina y la sequ\u00eda es uno de sus impactos m\u00e1s palpables y, junto al fen\u00f3meno de La Ni\u00f1a<\/p>\n","protected":false},"author":21,"featured_media":17790,"comment_status":"closed","ping_status":"open","sticky":false,"template":"","format":"standard","meta":{"ep_exclude_from_search":false,"p4_og_title":"ALERTA! Ola de calor extrema y sequ\u00edas. Es urgente frenar la acci\u00f3n humana que agrava el cambio clim\u00e1tico","p4_og_description":"Argentina empieza un verano en rojo\u00a0y s\u00f3lo empeorar\u00e1 si no dejamos de deforestar y quemar combustibles f\u00f3siles.\u00a0","p4_og_image":"https:\/\/www.greenpeace.org\/static\/planet4-argentina-stateless\/2023\/01\/93254372-jumbotron_smn_nota.jpg","p4_og_image_id":"17790","p4_seo_canonical_url":"","p4_campaign_name":"not set","p4_local_project":"not set","p4_basket_name":"not set","p4_department":"","footnotes":""},"categories":[2,3,17],"tags":[49,46,38,67],"p4-page-type":[14],"class_list":["post-17789","post","type-post","status-publish","format-standard","has-post-thumbnail","hentry","category-bosques","category-climayenergia","category-oceanos","tag-marargentino","tag-destruirbosquesesuncrimen","tag-yaguaretesallimite","tag-cambio-climatico","p4-page-type-blog"],"_links":{"self":[{"href":"https:\/\/www.greenpeace.org\/argentina\/wp-json\/wp\/v2\/posts\/17789","targetHints":{"allow":["GET"]}}],"collection":[{"href":"https:\/\/www.greenpeace.org\/argentina\/wp-json\/wp\/v2\/posts"}],"about":[{"href":"https:\/\/www.greenpeace.org\/argentina\/wp-json\/wp\/v2\/types\/post"}],"author":[{"embeddable":true,"href":"https:\/\/www.greenpeace.org\/argentina\/wp-json\/wp\/v2\/users\/21"}],"replies":[{"embeddable":true,"href":"https:\/\/www.greenpeace.org\/argentina\/wp-json\/wp\/v2\/comments?post=17789"}],"version-history":[{"count":12,"href":"https:\/\/www.greenpeace.org\/argentina\/wp-json\/wp\/v2\/posts\/17789\/revisions"}],"predecessor-version":[{"id":30935,"href":"https:\/\/www.greenpeace.org\/argentina\/wp-json\/wp\/v2\/posts\/17789\/revisions\/30935"}],"wp:featuredmedia":[{"embeddable":true,"href":"https:\/\/www.greenpeace.org\/argentina\/wp-json\/wp\/v2\/media\/17790"}],"wp:attachment":[{"href":"https:\/\/www.greenpeace.org\/argentina\/wp-json\/wp\/v2\/media?parent=17789"}],"wp:term":[{"taxonomy":"category","embeddable":true,"href":"https:\/\/www.greenpeace.org\/argentina\/wp-json\/wp\/v2\/categories?post=17789"},{"taxonomy":"post_tag","embeddable":true,"href":"https:\/\/www.greenpeace.org\/argentina\/wp-json\/wp\/v2\/tags?post=17789"},{"taxonomy":"p4-page-type","embeddable":true,"href":"https:\/\/www.greenpeace.org\/argentina\/wp-json\/wp\/v2\/p4-page-type?post=17789"}],"curies":[{"name":"wp","href":"https:\/\/api.w.org\/{rel}","templated":true}]}}