{"id":18029,"date":"2023-02-06T13:41:05","date_gmt":"2023-02-06T16:41:05","guid":{"rendered":"https:\/\/www.greenpeace.org\/argentina\/?p=18029"},"modified":"2025-07-02T04:33:33","modified_gmt":"2025-07-02T07:33:33","slug":"mar-libre-de-petroleo-accion-judicial-para-defender-el-golfo-san-matias","status":"publish","type":"post","link":"https:\/\/www.greenpeace.org\/argentina\/story\/problemas\/oceanos\/mar-libre-de-petroleo-accion-judicial-para-defender-el-golfo-san-matias\/","title":{"rendered":"<strong>Mar libre de petr\u00f3leo: acci\u00f3n judicial para defender el Golfo San Mat\u00edas&nbsp;&nbsp;<\/strong>"},"content":{"rendered":"\n<figure class=\"wp-block-image size-full\"><img loading=\"lazy\" decoding=\"async\" width=\"1024\" height=\"488\" src=\"https:\/\/www.greenpeace.org\/static\/planet4-argentina-stateless\/2023\/02\/dd2ef67b-golfo-san-matias-1024x488-1.png\" alt=\"\" class=\"wp-image-18030\" srcset=\"https:\/\/www.greenpeace.org\/static\/planet4-argentina-stateless\/2023\/02\/dd2ef67b-golfo-san-matias-1024x488-1.png 1024w, https:\/\/www.greenpeace.org\/static\/planet4-argentina-stateless\/2023\/02\/dd2ef67b-golfo-san-matias-1024x488-1-300x143.png 300w, https:\/\/www.greenpeace.org\/static\/planet4-argentina-stateless\/2023\/02\/dd2ef67b-golfo-san-matias-1024x488-1-768x366.png 768w, https:\/\/www.greenpeace.org\/static\/planet4-argentina-stateless\/2023\/02\/dd2ef67b-golfo-san-matias-1024x488-1-510x243.png 510w\" sizes=\"auto, (max-width: 1024px) 100vw, 1024px\" \/><\/figure>\n\n<p><strong>Demanda ante los proyectos en R\u00edo Negro&nbsp;<\/strong><\/p>\n\n<p>Organizaciones de todo el pa\u00eds entre las que se encuentran la <strong>Multisectorial Golfo San Mat\u00edas, Asociaci\u00f3n Argentina de Abogades Ambientalistas, Fundaci\u00f3n Greenpeace Argentina, Fundaci\u00f3n Patagonia Natural, Fundaci\u00f3n Inalafquen, Pastoral Social Di\u00f3cesis Alto Valle-Bariloche-Viedma, asambleas socioambientales, medios comunitarios, artistas y vecinxs de las comunidades<\/strong> costeras <strong><a href=\"https:\/\/www.greenpeace.org\/static\/planet4-argentina-stateless\/2023\/02\/1bd33d5b-accion-de-inconstitucionalidad-sin-datos2.pdf\" target=\"_blank\" rel=\"noreferrer noopener\">acudieron a la justicia a finales del 2022 para que se declare inconstitucional la modificaci\u00f3n de la ley 3308 de la provincia de R\u00edo Negro<\/a><\/strong>, que protege al Golfo San Mat\u00edas de la contaminaci\u00f3n por hidrocarburos\u00a0<\/p>\n\n<figure class=\"wp-block-embed is-type-wp-embed is-provider-greenpeace-argentina wp-block-embed-greenpeace-argentina\"><div class=\"wp-block-embed__wrapper\">\n<blockquote class=\"wp-embedded-content\" data-secret=\"ySVL4eKt0j\"><a href=\"https:\/\/www.greenpeace.org\/argentina\/blog\/problemas\/oceanos\/urgente-quieren-modificar-la-ley-que-evita-la-contaminacion-en-el-golfo-san-matias-de-rio-negro-para-convertirlo-en-zona-de-sacrificio-petrolero%ef%bf%bc\/\">\u00a1Urgente! Quieren modificar la ley que evita la contaminaci\u00f3n en el Golfo San Mat\u00edas de R\u00edo Negro para convertirlo en zona de sacrificio petrolero\ufffc<\/a><\/blockquote><iframe loading=\"lazy\" class=\"wp-embedded-content\" sandbox=\"allow-scripts\" security=\"restricted\" style=\"position: absolute; clip: rect(1px, 1px, 1px, 1px);\" title=\"&#8220;\u00a1Urgente! Quieren modificar la ley que evita la contaminaci\u00f3n en el Golfo San Mat\u00edas de R\u00edo Negro para convertirlo en zona de sacrificio petrolero\ufffc&#8221; &#8212; Fundaci\u00f3n Greenpeace Argentina\" src=\"https:\/\/www.greenpeace.org\/argentina\/blog\/problemas\/oceanos\/urgente-quieren-modificar-la-ley-que-evita-la-contaminacion-en-el-golfo-san-matias-de-rio-negro-para-convertirlo-en-zona-de-sacrificio-petrolero%ef%bf%bc\/embed\/#?secret=ZfxbFcKoZp#?secret=ySVL4eKt0j\" data-secret=\"ySVL4eKt0j\" width=\"500\" height=\"282\" frameborder=\"0\" marginwidth=\"0\" marginheight=\"0\" scrolling=\"no\"><\/iframe>\n<\/div><\/figure>\n\n<p>En un contexto de avance de los proyectos de exploraci\u00f3n, explotaci\u00f3n y transporte de hidrocarburos en todo el pa\u00eds, pusieron a disposici\u00f3n y con acceso libre la <strong>presentaci\u00f3n judicial realizada ante la justicia rionegrina en diciembre pasado para frenar los proyectos petroleros en el Golfo.&nbsp;<\/strong><\/p>\n\n<figure class=\"wp-block-image size-full\"><img loading=\"lazy\" decoding=\"async\" width=\"800\" height=\"800\" src=\"https:\/\/www.greenpeace.org\/static\/planet4-argentina-stateless\/2023\/02\/a35f3501-whatsapp-image-2022-12-29-at-09.32.28.jpeg\" alt=\"\" class=\"wp-image-18031\" srcset=\"https:\/\/www.greenpeace.org\/static\/planet4-argentina-stateless\/2023\/02\/a35f3501-whatsapp-image-2022-12-29-at-09.32.28.jpeg 800w, https:\/\/www.greenpeace.org\/static\/planet4-argentina-stateless\/2023\/02\/a35f3501-whatsapp-image-2022-12-29-at-09.32.28-300x300.jpeg 300w, https:\/\/www.greenpeace.org\/static\/planet4-argentina-stateless\/2023\/02\/a35f3501-whatsapp-image-2022-12-29-at-09.32.28-150x150.jpeg 150w, https:\/\/www.greenpeace.org\/static\/planet4-argentina-stateless\/2023\/02\/a35f3501-whatsapp-image-2022-12-29-at-09.32.28-768x768.jpeg 768w, https:\/\/www.greenpeace.org\/static\/planet4-argentina-stateless\/2023\/02\/a35f3501-whatsapp-image-2022-12-29-at-09.32.28-340x340.jpeg 340w\" sizes=\"auto, (max-width: 800px) 100vw, 800px\" \/><\/figure>\n\n<p>En septiembre de 2022,&nbsp; <strong>la legislatura de R\u00edo Negro vot\u00f3 la modificaci\u00f3n de la ley a puertas cerradas, en tiempo r\u00e9cord y sin consulta ciudadana previa<\/strong>. Con ese acto,&nbsp; desprotegieron al ambiente y <strong>habilitaron a YPF a que construya un oleoducto que atravesar\u00e1 toda la provincia de R\u00edo Negro desde Vaca Muerta hasta Punta Colorada, en pleno Golfo San Mat\u00edas.<\/strong><\/p>\n\n<figure class=\"wp-block-embed is-type-wp-embed is-provider-greenpeace-argentina wp-block-embed-greenpeace-argentina\"><div class=\"wp-block-embed__wrapper\">\n<blockquote class=\"wp-embedded-content\" data-secret=\"0fxWKRWTzJ\"><a href=\"https:\/\/www.greenpeace.org\/argentina\/story\/problemas\/climayenergia\/si-hay-petroleras-habra-derrames-se-rompio-un-cano-de-ypf-en-neuquen-y-el-derrame-lo-estan-tapando-con-tierra\/\">Si hay petroleras habr\u00e1 derrames: Se rompi\u00f3 un ca\u00f1o de un pozo petrolero en Neuqu\u00e9n y el derrame lo est\u00e1n tapando con tierra<\/a><\/blockquote><iframe loading=\"lazy\" class=\"wp-embedded-content\" sandbox=\"allow-scripts\" security=\"restricted\" style=\"position: absolute; clip: rect(1px, 1px, 1px, 1px);\" title=\"&#8220;Si hay petroleras habr\u00e1 derrames: Se rompi\u00f3 un ca\u00f1o de un pozo petrolero en Neuqu\u00e9n y el derrame lo est\u00e1n tapando con tierra&#8221; &#8212; Fundaci\u00f3n Greenpeace Argentina\" src=\"https:\/\/www.greenpeace.org\/argentina\/story\/problemas\/climayenergia\/si-hay-petroleras-habra-derrames-se-rompio-un-cano-de-ypf-en-neuquen-y-el-derrame-lo-estan-tapando-con-tierra\/embed\/#?secret=d4KejCWsxw#?secret=0fxWKRWTzJ\" data-secret=\"0fxWKRWTzJ\" width=\"500\" height=\"282\" frameborder=\"0\" marginwidth=\"0\" marginheight=\"0\" scrolling=\"no\"><\/iframe>\n<\/div><\/figure>\n\n<p>La modificaci\u00f3n de la ley <strong>viola principios constitucionales, la legislaci\u00f3n nacional y acuerdos internacionales en materia ambiental.<\/strong> A su vez, se vulnera el derecho al acceso a la informaci\u00f3n y el derecho a la participaci\u00f3n p\u00fablica, adem\u00e1s del principio de no regresi\u00f3n que establece la imposibilidad de retroceder en los niveles de protecci\u00f3n ambiental ya adquiridos.<\/p>\n\n<h2 class=\"wp-block-heading\"><strong>La ley 3308 no se toca. Al Golfo San Mat\u00edas lo defendemos entre todxs.<\/strong> <strong>Queremos nuestros mares libres de petr\u00f3leo.<\/strong><\/h2>\n","protected":false},"excerpt":{"rendered":"<p>Demanda ante los proyectos en R\u00edo Negro\u00a0 para proteger al Golfo San Mat\u00edas de la contaminaci\u00f3n por hidrocarburos\u00a0<\/p>\n","protected":false},"author":24,"featured_media":18031,"comment_status":"closed","ping_status":"open","sticky":false,"template":"","format":"standard","meta":{"ep_exclude_from_search":false,"p4_og_title":"Mar libre de petr\u00f3leo: acci\u00f3n judicial para defender el Golfo San Mat\u00edas","p4_og_description":"Organizaciones y comunidades acudieron a la justicia para que se declare inconstitucional la modificaci\u00f3n de la ley 3308 de l R\u00edo Negro","p4_og_image":"https:\/\/www.greenpeace.org\/static\/planet4-argentina-stateless\/2023\/02\/a35f3501-whatsapp-image-2022-12-29-at-09.32.28.jpeg","p4_og_image_id":"18031","p4_seo_canonical_url":"","p4_campaign_name":"not set","p4_local_project":"not set","p4_basket_name":"not set","p4_department":"","footnotes":""},"categories":[17],"tags":[49],"p4-page-type":[16],"class_list":["post-18029","post","type-post","status-publish","format-standard","has-post-thumbnail","hentry","category-oceanos","tag-marargentino","p4-page-type-story"],"_links":{"self":[{"href":"https:\/\/www.greenpeace.org\/argentina\/wp-json\/wp\/v2\/posts\/18029","targetHints":{"allow":["GET"]}}],"collection":[{"href":"https:\/\/www.greenpeace.org\/argentina\/wp-json\/wp\/v2\/posts"}],"about":[{"href":"https:\/\/www.greenpeace.org\/argentina\/wp-json\/wp\/v2\/types\/post"}],"author":[{"embeddable":true,"href":"https:\/\/www.greenpeace.org\/argentina\/wp-json\/wp\/v2\/users\/24"}],"replies":[{"embeddable":true,"href":"https:\/\/www.greenpeace.org\/argentina\/wp-json\/wp\/v2\/comments?post=18029"}],"version-history":[{"count":4,"href":"https:\/\/www.greenpeace.org\/argentina\/wp-json\/wp\/v2\/posts\/18029\/revisions"}],"predecessor-version":[{"id":30737,"href":"https:\/\/www.greenpeace.org\/argentina\/wp-json\/wp\/v2\/posts\/18029\/revisions\/30737"}],"wp:featuredmedia":[{"embeddable":true,"href":"https:\/\/www.greenpeace.org\/argentina\/wp-json\/wp\/v2\/media\/18031"}],"wp:attachment":[{"href":"https:\/\/www.greenpeace.org\/argentina\/wp-json\/wp\/v2\/media?parent=18029"}],"wp:term":[{"taxonomy":"category","embeddable":true,"href":"https:\/\/www.greenpeace.org\/argentina\/wp-json\/wp\/v2\/categories?post=18029"},{"taxonomy":"post_tag","embeddable":true,"href":"https:\/\/www.greenpeace.org\/argentina\/wp-json\/wp\/v2\/tags?post=18029"},{"taxonomy":"p4-page-type","embeddable":true,"href":"https:\/\/www.greenpeace.org\/argentina\/wp-json\/wp\/v2\/p4-page-type?post=18029"}],"curies":[{"name":"wp","href":"https:\/\/api.w.org\/{rel}","templated":true}]}}