{"id":18154,"date":"2023-02-13T15:28:27","date_gmt":"2023-02-13T18:28:27","guid":{"rendered":"https:\/\/www.greenpeace.org\/argentina\/?p=18154"},"modified":"2025-07-02T04:33:32","modified_gmt":"2025-07-02T07:33:32","slug":"las-dos-caras-de-la-crisis-climatica-sequias-prolongadas-e-incendios-sin-control","status":"publish","type":"post","link":"https:\/\/www.greenpeace.org\/argentina\/blog\/problemas\/bosques\/las-dos-caras-de-la-crisis-climatica-sequias-prolongadas-e-incendios-sin-control\/","title":{"rendered":"Las dos caras de la crisis clim\u00e1tica: sequ\u00edas prolongadas e incendios sin control"},"content":{"rendered":"\n<figure class=\"wp-block-image size-large\"><img loading=\"lazy\" decoding=\"async\" width=\"1024\" height=\"683\" src=\"https:\/\/www.greenpeace.org\/static\/planet4-argentina-stateless\/2023\/02\/b05c2f83-gpa_incendios-pn-nahuel-huapi_09-1024x683.jpg\" alt=\"\" class=\"wp-image-18155\" srcset=\"https:\/\/www.greenpeace.org\/static\/planet4-argentina-stateless\/2023\/02\/b05c2f83-gpa_incendios-pn-nahuel-huapi_09-1024x683.jpg 1024w, https:\/\/www.greenpeace.org\/static\/planet4-argentina-stateless\/2023\/02\/b05c2f83-gpa_incendios-pn-nahuel-huapi_09-300x200.jpg 300w, https:\/\/www.greenpeace.org\/static\/planet4-argentina-stateless\/2023\/02\/b05c2f83-gpa_incendios-pn-nahuel-huapi_09-768x512.jpg 768w, https:\/\/www.greenpeace.org\/static\/planet4-argentina-stateless\/2023\/02\/b05c2f83-gpa_incendios-pn-nahuel-huapi_09-1536x1024.jpg 1536w, https:\/\/www.greenpeace.org\/static\/planet4-argentina-stateless\/2023\/02\/b05c2f83-gpa_incendios-pn-nahuel-huapi_09-2048x1366.jpg 2048w, https:\/\/www.greenpeace.org\/static\/planet4-argentina-stateless\/2023\/02\/b05c2f83-gpa_incendios-pn-nahuel-huapi_09-510x340.jpg 510w\" sizes=\"auto, (max-width: 1024px) 100vw, 1024px\" \/><figcaption class=\"wp-element-caption\">Incendio en Parque Nacional Nahuel Huapi en 2021. El incendio de los lagos Martin y Steffen avanzo por el Ca\u00f1ad\u00f3n de la Mosca y lleg\u00f3 a la ruta 40. &nbsp;\u00ae Greenpeace Argentina<\/figcaption><\/figure>\n\n<p>Cuando se vive en las ciudades, registrar lo que ocurre en la naturaleza puede resultar algo lejano. Sin embargo, si prestamos un poco de atenci\u00f3n enseguida aparecen las se\u00f1ales.\u00a0 Los pastos amarillos en los parques. Las semanas que pasan sin que caiga ni una gota de agua. Cielos turbios en un d\u00eda de sol. Noches de lunas rojas o naranjas. Y claro, <strong>el olor a humo cada vez m\u00e1s frecuente.\u00a0\u00a0<\/strong><\/p>\n\n<p>Es que por mucho que el cemento quiera aislarnos, las personas somos uno con el planeta que nos cobija y es imposible escapar al hecho de que <strong><a href=\"https:\/\/www.greenpeace.org\/argentina\/blog\/issues\/bosques\/%f0%9f%a5%b5-alerta-ola-de-calor-extrema-y-sequias-es-urgente-frenar-la-accion-humana-que-agrava-el-cambio-climatico\/\" target=\"_blank\" rel=\"noreferrer noopener\">vivimos una sequ\u00eda extrema<\/a><\/strong> y que, adem\u00e1s, nuestro entorno est\u00e1 en amenaza permanente.&nbsp;<\/p>\n\n<p>Es que en una situaci\u00f3n como la actual, <strong>los ambientes secos son parte del combo perfecto para el desastre<\/strong>. As\u00ed, <strong>los incendios forestales se convierten en moneda corriente de la mano de la falta de previsi\u00f3n estatal y los intereses privados<\/strong>, como estamos comprobando cada d\u00eda.&nbsp;<\/p>\n\n<figure class=\"wp-block-image size-large\"><img loading=\"lazy\" decoding=\"async\" width=\"1024\" height=\"576\" src=\"https:\/\/www.greenpeace.org\/static\/planet4-argentina-stateless\/2023\/02\/890b7366-gpa-incendios-oran-salta-noviembre-2022-3-1024x576.jpg\" alt=\"\" class=\"wp-image-18156\" srcset=\"https:\/\/www.greenpeace.org\/static\/planet4-argentina-stateless\/2023\/02\/890b7366-gpa-incendios-oran-salta-noviembre-2022-3-1024x576.jpg 1024w, https:\/\/www.greenpeace.org\/static\/planet4-argentina-stateless\/2023\/02\/890b7366-gpa-incendios-oran-salta-noviembre-2022-3-300x169.jpg 300w, https:\/\/www.greenpeace.org\/static\/planet4-argentina-stateless\/2023\/02\/890b7366-gpa-incendios-oran-salta-noviembre-2022-3-768x432.jpg 768w, https:\/\/www.greenpeace.org\/static\/planet4-argentina-stateless\/2023\/02\/890b7366-gpa-incendios-oran-salta-noviembre-2022-3-1536x864.jpg 1536w, https:\/\/www.greenpeace.org\/static\/planet4-argentina-stateless\/2023\/02\/890b7366-gpa-incendios-oran-salta-noviembre-2022-3-2048x1152.jpg 2048w, https:\/\/www.greenpeace.org\/static\/planet4-argentina-stateless\/2023\/02\/890b7366-gpa-incendios-oran-salta-noviembre-2022-3-510x287.jpg 510w\" sizes=\"auto, (max-width: 1024px) 100vw, 1024px\" \/><figcaption class=\"wp-element-caption\">Incendios en Or\u00e1n, Salta (a\u00f1o 2022) \u00ae Greenpeace Argentina<\/figcaption><\/figure>\n\n<h3 class=\"wp-block-heading\"><strong>Un presente con poca agua<\/strong><\/h3>\n\n<p><strong>55% del pa\u00eds padece la falta de agua en sus suelos<\/strong>, lo que actualmente representa 1,64 millones de kil\u00f3metros cuadrados afectados por la problem\u00e1tica, seg\u00fan los \u00faltimos informes realizados al 5 de enero pasado por el Sistema de Informaci\u00f3n sobre Sequ\u00edas para el sur de Sudam\u00e9rica (SISSA).<\/p>\n\n<p>El panorama en Argentina, seg\u00fan SISSA, queda de la siguiente manera: 45,52% se encuentra en un estado de \u201cno seco\u201d mientras el resto del pa\u00eds: 22,19% del territorio argentino (unos 555.812 km2) exhibe una situaci\u00f3n de \u201csequ\u00eda moderada\u201d, otro 14,39% (360.466 km2), muestran una \u201csequ\u00eda severa\u201d, un 8,9% (222.939 km2), un \u00e1rea \u201canormalmente seca\u201d, un 7,43% (186.148 km2), con \u201csequ\u00eda extrema\u201d, y otro 1,57% (39.384 km2), con un estado de \u201csequ\u00eda excepcional\u201d.<\/p>\n\n<p>Los especialistas explican esta situaci\u00f3n cr\u00edtica por la <strong>persistencia del <a rel=\"noreferrer noopener\" href=\"https:\/\/www.smn.gob.ar\/enos_que_es#:~:text=que%20es%20El%20Ni%C3%B1o%20%2F%20La%20Ni%C3%B1a&amp;text=%EF%BB%BFEl%20Ni%C3%B1o%2FOscilaci%C3%B3n%20del,a%20cambios%20en%20la%20atm%C3%B3sfera\" target=\"_blank\">fen\u00f3meno de La Ni\u00f1a<\/a> sumado a la baja en las precipitaciones en la regi\u00f3n<\/strong>. Muchos esc\u00e9pticos dir\u00e1n que tanto las sequ\u00edas como La Ni\u00f1a siempre existieron y que estos fen\u00f3menos se han dado desde tiempos anteriores. Lo cual en gran medida es cierto.&nbsp;<\/p>\n\n<p>Lo que se les olvida (o ignoran) es que<strong> en un contexto de crisis clim\u00e1tica<\/strong> como el actual y <strong>con la p\u00e9rdida de los pulmones verdes que tambi\u00e9n regulan la humedad en el ambiente<\/strong>, estas situaciones de sequ\u00eda<strong> traen efectos a\u00fan m\u00e1s devastadores y prolongados<\/strong>. Adem\u00e1s de que se suceder\u00e1n cada vez a menores intervalos, dej\u00e1ndonos menos margen de respuesta frente a sus impactos.<\/p>\n\n<h3 class=\"wp-block-heading\"><strong>Como contracara de la sequ\u00eda, los incendios que no dan tregua<\/strong><\/h3>\n\n<p>Como resultado de un entorno m\u00e1s seco y temperaturas m\u00e1s altas no es de extra\u00f1ar que el fuego se vuelva m\u00e1s frecuente.<strong> Es por esto que en los \u00faltimos tres a\u00f1os aumentaron significativamente los incendios forestales<\/strong>, seg\u00fan lo relev\u00f3 <strong><a rel=\"noreferrer noopener\" href=\"https:\/\/www.greenpeace.org\/static\/planet4-argentina-stateless\/2023\/01\/e9b71707-deforestacion-en-el-norte-de-argentina-informe-anual-2022.pdf\" target=\"_blank\">nuestro informe Deforestaci\u00f3n en el Norte de Argentina<\/a>.<\/strong><\/p>\n\n<figure class=\"wp-block-image size-large\"><img loading=\"lazy\" decoding=\"async\" width=\"1024\" height=\"683\" src=\"https:\/\/www.greenpeace.org\/static\/planet4-argentina-stateless\/2023\/02\/3a5820b6-gpa_incendioschubut_05-1024x683.jpg\" alt=\"\" class=\"wp-image-18157\" srcset=\"https:\/\/www.greenpeace.org\/static\/planet4-argentina-stateless\/2023\/02\/3a5820b6-gpa_incendioschubut_05-1024x683.jpg 1024w, https:\/\/www.greenpeace.org\/static\/planet4-argentina-stateless\/2023\/02\/3a5820b6-gpa_incendioschubut_05-300x200.jpg 300w, https:\/\/www.greenpeace.org\/static\/planet4-argentina-stateless\/2023\/02\/3a5820b6-gpa_incendioschubut_05-768x512.jpg 768w, https:\/\/www.greenpeace.org\/static\/planet4-argentina-stateless\/2023\/02\/3a5820b6-gpa_incendioschubut_05-1536x1024.jpg 1536w, https:\/\/www.greenpeace.org\/static\/planet4-argentina-stateless\/2023\/02\/3a5820b6-gpa_incendioschubut_05-2048x1366.jpg 2048w, https:\/\/www.greenpeace.org\/static\/planet4-argentina-stateless\/2023\/02\/3a5820b6-gpa_incendioschubut_05-510x340.jpg 510w\" sizes=\"auto, (max-width: 1024px) 100vw, 1024px\" \/><figcaption class=\"wp-element-caption\">Incendios forestales en R\u00edo Negro y Chubut: \u201cEs una cat\u00e1strofe. Evidentemente las altas temperaturas, la sequ\u00eda y la gran cantidad de plantaciones de pino colaboraron para este desastre\u201d, afirm\u00f3 Hern\u00e1n Giardini, coordinador de la campa\u00f1a de Bosques de Greenpeace.<\/figcaption><\/figure>\n\n<p><strong>El fuego se llev\u00f3 95.000 hect\u00e1reas en Salta y 25.000 hect\u00e1reas en Jujuy<\/strong>, incluyendo cerca de 5.000 hect\u00e1reas del Parque Nacional Calilegua, seg\u00fan datos del Servicio Nacional de Manejo del Fuego (SNMF).<\/p>\n\n<p>Es importante resaltar que <strong>Chaco y Santiago del Estero siguen siendo dos de las provincias que lideran el ranking de desmontes<\/strong>, seg\u00fan nuestro \u00faltimo reporte anual.\u00a0<\/p>\n\n<p>Detr\u00e1s de la devastaci\u00f3n de bosques y pastizales, las razones suelen ser la negligencia o la especulaci\u00f3n. Se estima que \u201c<strong>95% de los incendios forestales son producidos por la mano del hombre<\/strong>, siendo dentro de estos los principales escenarios fogatas y colillas de cigarrillos mal apagadas, el abandono de tierras, la preparaci\u00f3n de \u00e1reas de pastoreo con fuego\u201d.&nbsp;<\/p>\n\n<figure class=\"wp-block-image size-large\"><img loading=\"lazy\" decoding=\"async\" width=\"1024\" height=\"683\" src=\"https:\/\/www.greenpeace.org\/static\/planet4-argentina-stateless\/2023\/02\/a37135ba-gpa_incendioschubut_03-1024x683.jpg\" alt=\"\" class=\"wp-image-18158\" srcset=\"https:\/\/www.greenpeace.org\/static\/planet4-argentina-stateless\/2023\/02\/a37135ba-gpa_incendioschubut_03-1024x683.jpg 1024w, https:\/\/www.greenpeace.org\/static\/planet4-argentina-stateless\/2023\/02\/a37135ba-gpa_incendioschubut_03-300x200.jpg 300w, https:\/\/www.greenpeace.org\/static\/planet4-argentina-stateless\/2023\/02\/a37135ba-gpa_incendioschubut_03-768x512.jpg 768w, https:\/\/www.greenpeace.org\/static\/planet4-argentina-stateless\/2023\/02\/a37135ba-gpa_incendioschubut_03-1536x1024.jpg 1536w, https:\/\/www.greenpeace.org\/static\/planet4-argentina-stateless\/2023\/02\/a37135ba-gpa_incendioschubut_03-2048x1366.jpg 2048w, https:\/\/www.greenpeace.org\/static\/planet4-argentina-stateless\/2023\/02\/a37135ba-gpa_incendioschubut_03-510x340.jpg 510w\" sizes=\"auto, (max-width: 1024px) 100vw, 1024px\" \/><figcaption class=\"wp-element-caption\">Incendios forestales en R\u00edo Negro y Chubut<\/figcaption><\/figure>\n\n<p><strong>Al mismo tiempo, \u201clos factores clim\u00e1ticos como la falta de precipitaciones, las temperaturas elevadas, el bajo porcentaje de humedad, las heladas constantes y los vientos fuertes inciden en su propagaci\u00f3n<\/strong>\u201d.&nbsp;<\/p>\n\n<p>Tanto fuego deriva en que, de forma preliminar, <strong>la sumatoria de \u00e1reas desmontadas e incendiadas sugiere que la p\u00e9rdida de bosques nativos durante 2022 en el norte del pa\u00eds podr\u00eda superar las 200.000 hect\u00e1reas<\/strong>.&nbsp;<\/p>\n\n<figure class=\"wp-block-image size-large\"><a href=\"https:\/\/www.greenpeace.org\/static\/planet4-argentina-stateless\/2023\/01\/e9b71707-deforestacion-en-el-norte-de-argentina-informe-anual-2022.pdf\"><img loading=\"lazy\" decoding=\"async\" width=\"1024\" height=\"683\" src=\"https:\/\/www.greenpeace.org\/static\/planet4-argentina-stateless\/2023\/02\/7c74ad3d-gpa-incendios-oran-salta-noviembre-2022-1-1024x683.jpg\" alt=\"\" class=\"wp-image-18159\" srcset=\"https:\/\/www.greenpeace.org\/static\/planet4-argentina-stateless\/2023\/02\/7c74ad3d-gpa-incendios-oran-salta-noviembre-2022-1-1024x683.jpg 1024w, https:\/\/www.greenpeace.org\/static\/planet4-argentina-stateless\/2023\/02\/7c74ad3d-gpa-incendios-oran-salta-noviembre-2022-1-300x200.jpg 300w, https:\/\/www.greenpeace.org\/static\/planet4-argentina-stateless\/2023\/02\/7c74ad3d-gpa-incendios-oran-salta-noviembre-2022-1-768x512.jpg 768w, https:\/\/www.greenpeace.org\/static\/planet4-argentina-stateless\/2023\/02\/7c74ad3d-gpa-incendios-oran-salta-noviembre-2022-1-1536x1024.jpg 1536w, https:\/\/www.greenpeace.org\/static\/planet4-argentina-stateless\/2023\/02\/7c74ad3d-gpa-incendios-oran-salta-noviembre-2022-1-2048x1366.jpg 2048w, https:\/\/www.greenpeace.org\/static\/planet4-argentina-stateless\/2023\/02\/7c74ad3d-gpa-incendios-oran-salta-noviembre-2022-1-510x340.jpg 510w\" sizes=\"auto, (max-width: 1024px) 100vw, 1024px\" \/><\/a><figcaption class=\"wp-element-caption\">Informe de Greenpeace revela que la sumatoria de \u00e1reas desmontadas e incendiadas sugiere que la p\u00e9rdida de bosques nativos durante 2022 en el norte del pa\u00eds podr\u00eda superar las 200.000 hect\u00e1reas.<\/figcaption><\/figure>\n\n<p>Se hace evidente que <strong>las multas no son suficientes para desalentar desmontes ilegales e incendios forestales<\/strong>; y los responsables rara vez son obligados a reforestar. En muchos casos es clara la complicidad de funcionarios.<\/p>\n\n<div class=\"wp-block-buttons is-layout-flex wp-block-buttons-is-layout-flex\">\n<div class=\"wp-block-button aligncenter is-style-cta\"><a class=\"wp-block-button__link wp-element-button\" href=\"https:\/\/www.greenpeace.org\/argentina\/tag\/destruirbosquesesuncrimen\/\" target=\"_blank\" rel=\"noreferrer noopener\">Particip\u00e1 ahora para que que se proh\u00edban y penalicen los desmontes y los incendios forestales&nbsp;<\/a><\/div>\n<\/div>\n","protected":false},"excerpt":{"rendered":"<p>La suma de \u00e1reas desmontadas e incendiadas sugiere que la p\u00e9rdida de bosques nativos durante 2022 en el norte del pa\u00eds podr\u00eda superar las 200.000 hect\u00e1reas.<\/p>\n","protected":false},"author":48,"featured_media":18157,"comment_status":"closed","ping_status":"open","sticky":false,"template":"","format":"standard","meta":{"ep_exclude_from_search":false,"p4_og_title":"Las dos caras de la crisis clim\u00e1tica: sequ\u00edas prolongadas e incendios sin control","p4_og_description":"La suma de \u00e1reas desmontadas e incendiadas sugiere que la p\u00e9rdida de bosques nativos durante 2022 en el norte del pa\u00eds podr\u00eda superar las 200.000 hect\u00e1reas.","p4_og_image":"https:\/\/www.greenpeace.org\/static\/planet4-argentina-stateless\/2023\/02\/b05c2f83-gpa_incendios-pn-nahuel-huapi_09.jpg","p4_og_image_id":"18155","p4_seo_canonical_url":"","p4_campaign_name":"not set","p4_local_project":"not set","p4_basket_name":"not set","p4_department":"","footnotes":""},"categories":[2],"tags":[46],"p4-page-type":[14],"class_list":["post-18154","post","type-post","status-publish","format-standard","has-post-thumbnail","hentry","category-bosques","tag-destruirbosquesesuncrimen","p4-page-type-blog"],"_links":{"self":[{"href":"https:\/\/www.greenpeace.org\/argentina\/wp-json\/wp\/v2\/posts\/18154","targetHints":{"allow":["GET"]}}],"collection":[{"href":"https:\/\/www.greenpeace.org\/argentina\/wp-json\/wp\/v2\/posts"}],"about":[{"href":"https:\/\/www.greenpeace.org\/argentina\/wp-json\/wp\/v2\/types\/post"}],"author":[{"embeddable":true,"href":"https:\/\/www.greenpeace.org\/argentina\/wp-json\/wp\/v2\/users\/48"}],"replies":[{"embeddable":true,"href":"https:\/\/www.greenpeace.org\/argentina\/wp-json\/wp\/v2\/comments?post=18154"}],"version-history":[{"count":8,"href":"https:\/\/www.greenpeace.org\/argentina\/wp-json\/wp\/v2\/posts\/18154\/revisions"}],"predecessor-version":[{"id":30736,"href":"https:\/\/www.greenpeace.org\/argentina\/wp-json\/wp\/v2\/posts\/18154\/revisions\/30736"}],"wp:featuredmedia":[{"embeddable":true,"href":"https:\/\/www.greenpeace.org\/argentina\/wp-json\/wp\/v2\/media\/18157"}],"wp:attachment":[{"href":"https:\/\/www.greenpeace.org\/argentina\/wp-json\/wp\/v2\/media?parent=18154"}],"wp:term":[{"taxonomy":"category","embeddable":true,"href":"https:\/\/www.greenpeace.org\/argentina\/wp-json\/wp\/v2\/categories?post=18154"},{"taxonomy":"post_tag","embeddable":true,"href":"https:\/\/www.greenpeace.org\/argentina\/wp-json\/wp\/v2\/tags?post=18154"},{"taxonomy":"p4-page-type","embeddable":true,"href":"https:\/\/www.greenpeace.org\/argentina\/wp-json\/wp\/v2\/p4-page-type?post=18154"}],"curies":[{"name":"wp","href":"https:\/\/api.w.org\/{rel}","templated":true}]}}