{"id":18397,"date":"2023-03-06T14:29:30","date_gmt":"2023-03-06T17:29:30","guid":{"rendered":"https:\/\/www.greenpeace.org\/argentina\/?p=18397"},"modified":"2023-03-09T15:06:37","modified_gmt":"2023-03-09T18:06:37","slug":"greenpeace-se-logro-un-acuerdo-historico-en-la-onu-por-la-proteccion-de-los-oceanos","status":"publish","type":"post","link":"https:\/\/www.greenpeace.org\/argentina\/story\/problemas\/oceanos\/greenpeace-se-logro-un-acuerdo-historico-en-la-onu-por-la-proteccion-de-los-oceanos\/","title":{"rendered":"<strong>Greenpeace: \u201cSe logr\u00f3 un acuerdo hist\u00f3rico en la ONU por la protecci\u00f3n de los oc\u00e9anos\u201d<\/strong>"},"content":{"rendered":"\n<figure class=\"wp-block-image size-large\"><img loading=\"lazy\" decoding=\"async\" width=\"1024\" height=\"596\" src=\"https:\/\/www.greenpeace.org\/static\/planet4-argentina-stateless\/2022\/12\/15a3d38d-ballena-franca-austral-3-1024x596.jpg\" alt=\"\" class=\"wp-image-17757\" srcset=\"https:\/\/www.greenpeace.org\/static\/planet4-argentina-stateless\/2022\/12\/15a3d38d-ballena-franca-austral-3-1024x596.jpg 1024w, https:\/\/www.greenpeace.org\/static\/planet4-argentina-stateless\/2022\/12\/15a3d38d-ballena-franca-austral-3-300x175.jpg 300w, https:\/\/www.greenpeace.org\/static\/planet4-argentina-stateless\/2022\/12\/15a3d38d-ballena-franca-austral-3-768x447.jpg 768w, https:\/\/www.greenpeace.org\/static\/planet4-argentina-stateless\/2022\/12\/15a3d38d-ballena-franca-austral-3-1536x894.jpg 1536w, https:\/\/www.greenpeace.org\/static\/planet4-argentina-stateless\/2022\/12\/15a3d38d-ballena-franca-austral-3-2048x1192.jpg 2048w, https:\/\/www.greenpeace.org\/static\/planet4-argentina-stateless\/2022\/12\/15a3d38d-ballena-franca-austral-3-510x297.jpg 510w\" sizes=\"auto, (max-width: 1024px) 100vw, 1024px\" \/><figcaption class=\"wp-element-caption\">Ballena Franca Austral<\/figcaption><\/figure>\n\n<p>Tras casi <a href=\"https:\/\/www.highseasalliance.org\/high-seas-alliance-timeline\/\">dos d\u00e9cadas de negociaciones<\/a>, se ha acordado en las Naciones Unidas un <strong>hist\u00f3rico Tratado de la ONU sobre los Oc\u00e9anos.<\/strong> La organizaci\u00f3n ambientalista Greenpeace ha calificado a la creaci\u00f3n del tratado como <strong>una victoria monumental para la protecci\u00f3n de los oc\u00e9anos <\/strong>y una se\u00f1al importante de que el multilateralismo a\u00fan funciona, en un mundo cada vez m\u00e1s dividido. El texto pasar\u00e1 ahora por un proceso de edici\u00f3n t\u00e9cnica y traducci\u00f3n, antes de ser adoptado oficialmente en otra sesi\u00f3n.\u00a0<\/p>\n\n<p><\/p>\n\n<figure class=\"wp-block-embed is-type-rich is-provider-gestor-del-servicio wp-block-embed-gestor-del-servicio wp-embed-aspect-16-9 wp-has-aspect-ratio\"><div class=\"wp-block-embed__wrapper\">\n<lite-youtube style=\"background-image: url('https:\/\/i.ytimg.com\/vi\/pel3Bc7vHWw\/hqdefault.jpg');\" videoid=\"pel3Bc7vHWw\" params=\"rel=0\"><\/lite-youtube>\n<\/div><\/figure>\n\n<figure class=\"wp-block-image size-full\"><img loading=\"lazy\" decoding=\"async\" width=\"2500\" height=\"1667\" src=\"https:\/\/www.greenpeace.org\/static\/planet4-argentina-stateless\/01529b46-gp0stu6u0_pressmedia.jpg\" alt=\"\" class=\"wp-image-11395\"\/><figcaption class=\"wp-element-caption\">Delfines Dusky vistos durante la expedici\u00f3n &#8220;Protect the Oceans&#8221; que  viaj\u00f3 por el mundo para denunciar la industria pesquera y otras amenazas a los oc\u00e9anos del mundo<\/figcaption><\/figure>\n\n<p>El acuerdo de este Tratado mantiene vivo el objetivo 30&#215;30: <strong><a rel=\"noreferrer noopener\" href=\"https:\/\/www.unep.org\/news-and-stories\/story\/cop15-ends-landmark-biodiversity-agreement\" target=\"_blank\">proteger el 30% de los oc\u00e9anos del mundo para 2030.<\/a> <\/strong>Proporciona una v\u00eda para crear zonas total o altamente protegidas en todos los oc\u00e9anos del mundo. <\/p>\n\n<figure class=\"wp-block-embed is-type-rich is-provider-twitter wp-block-embed-twitter\"><div class=\"wp-block-embed__wrapper\">\n<blockquote class=\"twitter-tweet\" data-width=\"500\" data-dnt=\"true\"><p lang=\"es\" dir=\"ltr\">\ud83c\udf89LO HICIMOS\ud83c\udf89<br><br>\u00a1Los gobiernos del mundo han acordado en la ONU un Tratado Global de los Oc\u00e9anos!<br><br>Esta victoria hist\u00f3rica nos recuerda que actuar y que el poder de la gente funciona.<a href=\"https:\/\/twitter.com\/hashtag\/ProtegeLosOc%C3%A9anos?src=hash&amp;ref_src=twsrc%5Etfw\">#ProtegeLosOc\u00e9anos<\/a> <a href=\"https:\/\/twitter.com\/hashtag\/ProtectTheOceans?src=hash&amp;ref_src=twsrc%5Etfw\">#ProtectTheOceans<\/a> <a href=\"https:\/\/twitter.com\/hashtag\/IGC5?src=hash&amp;ref_src=twsrc%5Etfw\">#IGC5<\/a> <a href=\"https:\/\/t.co\/qkGRLGXXO9\">pic.twitter.com\/qkGRLGXXO9<\/a><\/p>&mdash; Greenpeace Argentina (@GreenpeaceArg) <a href=\"https:\/\/twitter.com\/GreenpeaceArg\/status\/1633858299727863813?ref_src=twsrc%5Etfw\">March 9, 2023<\/a><\/blockquote><script async src=\"https:\/\/platform.twitter.com\/widgets.js\" charset=\"utf-8\"><\/script>\n<\/div><\/figure>\n\n<p><strong>Sigue habiendo defectos en el texto, y los gobiernos deben asegurarse de que el Tratado se ponga en pr\u00e1ctica de forma eficaz y equitativa<\/strong> para que pueda considerarse un Tratado realmente ambicioso.\u00a0<\/p>\n\n<figure class=\"wp-block-image size-large\"><img loading=\"lazy\" decoding=\"async\" width=\"1024\" height=\"683\" src=\"https:\/\/www.greenpeace.org\/static\/planet4-argentina-stateless\/2022\/03\/22c54bfe-cartel-perqueros-agujero-azul-2-1024x683.jpg\" alt=\"\" class=\"wp-image-15033\" srcset=\"https:\/\/www.greenpeace.org\/static\/planet4-argentina-stateless\/2022\/03\/22c54bfe-cartel-perqueros-agujero-azul-2-1024x683.jpg 1024w, https:\/\/www.greenpeace.org\/static\/planet4-argentina-stateless\/2022\/03\/22c54bfe-cartel-perqueros-agujero-azul-2-300x200.jpg 300w, https:\/\/www.greenpeace.org\/static\/planet4-argentina-stateless\/2022\/03\/22c54bfe-cartel-perqueros-agujero-azul-2-768x512.jpg 768w, https:\/\/www.greenpeace.org\/static\/planet4-argentina-stateless\/2022\/03\/22c54bfe-cartel-perqueros-agujero-azul-2-1536x1024.jpg 1536w, https:\/\/www.greenpeace.org\/static\/planet4-argentina-stateless\/2022\/03\/22c54bfe-cartel-perqueros-agujero-azul-2-2048x1366.jpg 2048w, https:\/\/www.greenpeace.org\/static\/planet4-argentina-stateless\/2022\/03\/22c54bfe-cartel-perqueros-agujero-azul-2-510x340.jpg 510w\" sizes=\"auto, (max-width: 1024px) 100vw, 1024px\" \/><figcaption class=\"wp-element-caption\">Luisina Vueso en el tour del Arctic Sunrise denunciando las amenazas al Mar Argentino<\/figcaption><\/figure>\n\n<p>Luisina Vueso, coordinadora de la campa\u00f1a de oc\u00e9anos de Greenpeace Argentina,&nbsp; mencion\u00f3: \u201c<em>Este es un hecho hist\u00f3rico para la conservaci\u00f3n. Los gobiernos han dado<strong> un paso importante que fortalece la protecci\u00f3n legal de dos terceras partes del oc\u00e9ano y con ello de la biodiversidad marina<\/strong>. El acuerdo marca una ruta para establecer \u00e1reas de gran y plena protecci\u00f3n en alta mar,&nbsp; <strong>aumentar nuestra resistencia al cambio clim\u00e1tico<\/strong> y salvaguardar las vidas y los medios de subsistencia de miles de millones de personas\u201d&nbsp;<\/em><\/p>\n\n<figure class=\"wp-block-embed is-type-video is-provider-youtube wp-block-embed-youtube wp-embed-aspect-16-9 wp-has-aspect-ratio\"><div class=\"wp-block-embed__wrapper\">\n<lite-youtube style=\"background-image: url('https:\/\/i.ytimg.com\/vi\/g9EakJMSUe4\/hqdefault.jpg');\" videoid=\"g9EakJMSUe4\" params=\"rel=0\"><\/lite-youtube>\n<\/div><\/figure>\n\n<figure class=\"wp-block-image size-large\"><img loading=\"lazy\" decoding=\"async\" width=\"1024\" height=\"683\" src=\"https:\/\/www.greenpeace.org\/static\/planet4-argentina-stateless\/2023\/03\/57a3a5eb-gp0sttrz4_medium_res_with_credit_line-1024x683.jpg\" alt=\"\" class=\"wp-image-18386\" srcset=\"https:\/\/www.greenpeace.org\/static\/planet4-argentina-stateless\/2023\/03\/57a3a5eb-gp0sttrz4_medium_res_with_credit_line-1024x683.jpg 1024w, https:\/\/www.greenpeace.org\/static\/planet4-argentina-stateless\/2023\/03\/57a3a5eb-gp0sttrz4_medium_res_with_credit_line-300x200.jpg 300w, https:\/\/www.greenpeace.org\/static\/planet4-argentina-stateless\/2023\/03\/57a3a5eb-gp0sttrz4_medium_res_with_credit_line-768x512.jpg 768w, https:\/\/www.greenpeace.org\/static\/planet4-argentina-stateless\/2023\/03\/57a3a5eb-gp0sttrz4_medium_res_with_credit_line-510x340.jpg 510w, https:\/\/www.greenpeace.org\/static\/planet4-argentina-stateless\/2023\/03\/57a3a5eb-gp0sttrz4_medium_res_with_credit_line.jpg 1200w\" sizes=\"auto, (max-width: 1024px) 100vw, 1024px\" \/><figcaption class=\"wp-element-caption\">Celebridades como el actor Pedro Alonso se sumaron a la campa\u00f1a alrededor del mundo<\/figcaption><\/figure>\n\n<p><em>&#8220;Ahora por fin podemos pasar de las palabras al cambio real en el mar. Los pa\u00edses <strong>deben adoptar formalmente el Tratado y ratificar lo antes posible para que entre en vigor, y luego crear los santuarios <\/strong><\/em><strong><em>marinos<\/em><\/strong><em><strong> totalmente protegidos<\/strong> que nuestro planeta necesita. El reloj sigue corriendo para cumplir el 30&#215;30. Nos queda media d\u00e9cada&#8221;.<\/em><\/p>\n\n<figure class=\"wp-block-image size-full\"><img loading=\"lazy\" decoding=\"async\" width=\"800\" height=\"534\" src=\"https:\/\/www.greenpeace.org\/static\/planet4-argentina-stateless\/2019\/04\/51d512ca-gp0stt6sm_web_size_with_credit_line.jpg\" alt=\"\" class=\"wp-image-1488\" srcset=\"https:\/\/www.greenpeace.org\/static\/planet4-argentina-stateless\/2019\/04\/51d512ca-gp0stt6sm_web_size_with_credit_line.jpg 800w, https:\/\/www.greenpeace.org\/static\/planet4-argentina-stateless\/2019\/04\/51d512ca-gp0stt6sm_web_size_with_credit_line-300x200.jpg 300w, https:\/\/www.greenpeace.org\/static\/planet4-argentina-stateless\/2019\/04\/51d512ca-gp0stt6sm_web_size_with_credit_line-768x513.jpg 768w, https:\/\/www.greenpeace.org\/static\/planet4-argentina-stateless\/2019\/04\/51d512ca-gp0stt6sm_web_size_with_credit_line-510x340.jpg 510w\" sizes=\"auto, (max-width: 800px) 100vw, 800px\" \/><figcaption class=\"wp-element-caption\">Delegaciones de Greenpeace estuvieron presentes en las Naciones Unidas  a\u00f1o tras a\u00f1o <\/figcaption><\/figure>\n\n<p>Aunque el texto sigue planteando importantes problemas, <strong>se trata de un Tratado viable que constituye un punto de partida para proteger el 30% de los oc\u00e9anos del mundo.<\/strong> El reparto equitativo de los beneficios monetarios de los recursos gen\u00e9ticos marinos fue uno de los principales puntos de fricci\u00f3n. No se resolvi\u00f3 hasta el \u00faltimo d\u00eda de negociaciones. La secci\u00f3n del Tratado sobre \u00c1reas Marinas Protegidas elimina la toma de decisiones basada en el consenso, que ha fracasado a la hora de proteger los oc\u00e9anos a trav\u00e9s de organismos regionales como la Comisi\u00f3n Ant\u00e1rtica del Oc\u00e9ano.&nbsp;<\/p>\n\n<figure class=\"wp-block-image size-large\"><img loading=\"lazy\" decoding=\"async\" width=\"1024\" height=\"684\" src=\"https:\/\/www.greenpeace.org\/static\/planet4-argentina-stateless\/2022\/03\/7e975d32-gp1sx19m_medium_res_with_credit_line-1024x684.jpg\" alt=\"\" class=\"wp-image-14731\" srcset=\"https:\/\/www.greenpeace.org\/static\/planet4-argentina-stateless\/2022\/03\/7e975d32-gp1sx19m_medium_res_with_credit_line-1024x684.jpg 1024w, https:\/\/www.greenpeace.org\/static\/planet4-argentina-stateless\/2022\/03\/7e975d32-gp1sx19m_medium_res_with_credit_line-300x200.jpg 300w, https:\/\/www.greenpeace.org\/static\/planet4-argentina-stateless\/2022\/03\/7e975d32-gp1sx19m_medium_res_with_credit_line-768x513.jpg 768w, https:\/\/www.greenpeace.org\/static\/planet4-argentina-stateless\/2022\/03\/7e975d32-gp1sx19m_medium_res_with_credit_line-510x340.jpg 510w, https:\/\/www.greenpeace.org\/static\/planet4-argentina-stateless\/2022\/03\/7e975d32-gp1sx19m_medium_res_with_credit_line.jpg 1200w\" sizes=\"auto, (max-width: 1024px) 100vw, 1024px\" \/><figcaption class=\"wp-element-caption\">Reclamos por la protecci\u00f3n de los oc\u00e9anos en la sede de la ONU en Nueva York.<\/figcaption><\/figure>\n\n<p>Vueso agreg\u00f3: <em>\u201c<strong>El objetivo 30&#215;30, acordado en la COP15 sobre Biodiversidad, no podr\u00eda alcanzarse sin este tratado hist\u00f3rico.&nbsp; Es vital que los pa\u00edses lo ratifiquen urgentemente y comiencen a trabajar para crear vastos santuarios marinos totalmente protegidos que cubran el 30% de los oc\u00e9anos para 2030.<\/strong> Debemos aprovechar este impulso para alejar nuevas amenazas como la explotaci\u00f3n minera de los fondos marinos y centrarnos en establecer medidas de protecci\u00f3n\u201d&nbsp;<\/em><\/p>\n\n<figure class=\"wp-block-embed is-type-wp-embed is-provider-greenpeace-argentina wp-block-embed-greenpeace-argentina\"><div class=\"wp-block-embed__wrapper\">\n<blockquote class=\"wp-embedded-content\" data-secret=\"9O2tYwKrZs\"><a href=\"https:\/\/www.greenpeace.org\/argentina\/blog\/problemas\/oceanos\/que-es-el-tratado-global-de-los-oceanos-y-por-que-es-tan-importante-para-el-mar-argentino\/\">\u00bfQu\u00e9 es el Tratado Global de los Oc\u00e9anos y por qu\u00e9 es tan importante para el Mar Argentino?<\/a><\/blockquote><iframe loading=\"lazy\" class=\"wp-embedded-content\" sandbox=\"allow-scripts\" security=\"restricted\" style=\"position: absolute; clip: rect(1px, 1px, 1px, 1px);\" title=\"&#8220;\u00bfQu\u00e9 es el Tratado Global de los Oc\u00e9anos y por qu\u00e9 es tan importante para el Mar Argentino?&#8221; &#8212; Fundaci\u00f3n Greenpeace Argentina\" src=\"https:\/\/www.greenpeace.org\/argentina\/blog\/problemas\/oceanos\/que-es-el-tratado-global-de-los-oceanos-y-por-que-es-tan-importante-para-el-mar-argentino\/embed\/#?secret=OEqeY4h6N4#?secret=9O2tYwKrZs\" data-secret=\"9O2tYwKrZs\" width=\"500\" height=\"282\" frameborder=\"0\" marginwidth=\"0\" marginheight=\"0\" scrolling=\"no\"><\/iframe>\n<\/div><\/figure>\n\n<p><em>\u201cEste tratado<strong> permitir\u00eda que zonas de gran riqueza, como por ejemplo el Agujero Azul que a\u00f1o a a\u00f1o es amenazado por cientos de flotas pesqueras, puedan ser potencialmente protegidas y ya no est\u00e9n desreguladas<\/strong>. Parte de la depredaci\u00f3n que se ve hoy espec\u00edficamente all\u00ed, en el l\u00edmite de la zona econ\u00f3mica exclusiva argentina, requiere de soluciones que involucren la gobernanza internacional en aquellas zonas fuera de jurisdicci\u00f3n nacional. <strong>Hoy tenemos un tratado que permitir\u00eda proteger esta zona<\/strong>\u201d&nbsp;<\/em><\/p>\n\n<figure class=\"wp-block-embed is-type-wp-embed is-provider-greenpeace-argentina wp-block-embed-greenpeace-argentina\"><div class=\"wp-block-embed__wrapper\">\n<blockquote class=\"wp-embedded-content\" data-secret=\"28zwv656WN\"><a href=\"https:\/\/www.greenpeace.org\/argentina\/blog\/problemas\/oceanos\/por-que-los-oceanos-son-fundamentales-en-la-lucha-contra-el-cambio-climatico\/\">\u00bfPor qu\u00e9 los oc\u00e9anos son fundamentales en la lucha contra el cambio clim\u00e1tico?<\/a><\/blockquote><iframe loading=\"lazy\" class=\"wp-embedded-content\" sandbox=\"allow-scripts\" security=\"restricted\" style=\"position: absolute; clip: rect(1px, 1px, 1px, 1px);\" title=\"&#8220;\u00bfPor qu\u00e9 los oc\u00e9anos son fundamentales en la lucha contra el cambio clim\u00e1tico?&#8221; &#8212; Fundaci\u00f3n Greenpeace Argentina\" src=\"https:\/\/www.greenpeace.org\/argentina\/blog\/problemas\/oceanos\/por-que-los-oceanos-son-fundamentales-en-la-lucha-contra-el-cambio-climatico\/embed\/#?secret=gAqld6lBru#?secret=28zwv656WN\" data-secret=\"28zwv656WN\" width=\"500\" height=\"282\" frameborder=\"0\" marginwidth=\"0\" marginheight=\"0\" scrolling=\"no\"><\/iframe>\n<\/div><\/figure>\n","protected":false},"excerpt":{"rendered":"<p>Tras casi dos d\u00e9cadas de negociaciones, se ha acordado en las Naciones Unidas un hist\u00f3rico Tratado de la ONU sobre los Oc\u00e9anos. <\/p>\n","protected":false},"author":24,"featured_media":17757,"comment_status":"closed","ping_status":"open","sticky":false,"template":"","format":"standard","meta":{"ep_exclude_from_search":false,"p4_og_title":"Greenpeace: \u201cSe logr\u00f3 un acuerdo hist\u00f3rico en la ONU por la protecci\u00f3n de los oc\u00e9anos\u201d","p4_og_description":"Los gobiernos han dado un paso importante que fortalece la protecci\u00f3n legal de dos terceras partes del oc\u00e9ano y con ello de la biodiversidad marina. ","p4_og_image":"https:\/\/www.greenpeace.org\/static\/planet4-argentina-stateless\/2022\/12\/15a3d38d-ballena-franca-austral-3.jpg","p4_og_image_id":"17757","p4_seo_canonical_url":"","p4_campaign_name":"","p4_local_project":"","p4_basket_name":"","p4_department":"","footnotes":""},"categories":[17],"tags":[36],"p4-page-type":[16],"class_list":["post-18397","post","type-post","status-publish","format-standard","has-post-thumbnail","hentry","category-oceanos","tag-santuariosmarinos","p4-page-type-story"],"_links":{"self":[{"href":"https:\/\/www.greenpeace.org\/argentina\/wp-json\/wp\/v2\/posts\/18397","targetHints":{"allow":["GET"]}}],"collection":[{"href":"https:\/\/www.greenpeace.org\/argentina\/wp-json\/wp\/v2\/posts"}],"about":[{"href":"https:\/\/www.greenpeace.org\/argentina\/wp-json\/wp\/v2\/types\/post"}],"author":[{"embeddable":true,"href":"https:\/\/www.greenpeace.org\/argentina\/wp-json\/wp\/v2\/users\/24"}],"replies":[{"embeddable":true,"href":"https:\/\/www.greenpeace.org\/argentina\/wp-json\/wp\/v2\/comments?post=18397"}],"version-history":[{"count":7,"href":"https:\/\/www.greenpeace.org\/argentina\/wp-json\/wp\/v2\/posts\/18397\/revisions"}],"predecessor-version":[{"id":18436,"href":"https:\/\/www.greenpeace.org\/argentina\/wp-json\/wp\/v2\/posts\/18397\/revisions\/18436"}],"wp:featuredmedia":[{"embeddable":true,"href":"https:\/\/www.greenpeace.org\/argentina\/wp-json\/wp\/v2\/media\/17757"}],"wp:attachment":[{"href":"https:\/\/www.greenpeace.org\/argentina\/wp-json\/wp\/v2\/media?parent=18397"}],"wp:term":[{"taxonomy":"category","embeddable":true,"href":"https:\/\/www.greenpeace.org\/argentina\/wp-json\/wp\/v2\/categories?post=18397"},{"taxonomy":"post_tag","embeddable":true,"href":"https:\/\/www.greenpeace.org\/argentina\/wp-json\/wp\/v2\/tags?post=18397"},{"taxonomy":"p4-page-type","embeddable":true,"href":"https:\/\/www.greenpeace.org\/argentina\/wp-json\/wp\/v2\/p4-page-type?post=18397"}],"curies":[{"name":"wp","href":"https:\/\/api.w.org\/{rel}","templated":true}]}}