{"id":18426,"date":"2023-03-10T16:27:59","date_gmt":"2023-03-10T19:27:59","guid":{"rendered":"https:\/\/www.greenpeace.org\/argentina\/?p=18426"},"modified":"2025-07-02T04:33:24","modified_gmt":"2025-07-02T07:33:24","slug":"que-respiramos-cuando-respiramos-la-contaminacion-del-aire-un-problema-mundial","status":"publish","type":"post","link":"https:\/\/www.greenpeace.org\/argentina\/blog\/problemas\/contaminacion\/que-respiramos-cuando-respiramos-la-contaminacion-del-aire-un-problema-mundial\/","title":{"rendered":"\u00bfQu\u00e9 respiramos cuando respiramos? La contaminaci\u00f3n del aire, un problema mundial"},"content":{"rendered":"\n<figure class=\"wp-block-image size-large\"><img loading=\"lazy\" decoding=\"async\" width=\"1024\" height=\"711\" src=\"https:\/\/www.greenpeace.org\/static\/planet4-argentina-stateless\/2023\/03\/17a02ba0-gp0strzz5_medium_res_with_credit_line-1024x711.jpg\" alt=\"\" class=\"wp-image-18427\" srcset=\"https:\/\/www.greenpeace.org\/static\/planet4-argentina-stateless\/2023\/03\/17a02ba0-gp0strzz5_medium_res_with_credit_line-1024x711.jpg 1024w, https:\/\/www.greenpeace.org\/static\/planet4-argentina-stateless\/2023\/03\/17a02ba0-gp0strzz5_medium_res_with_credit_line-300x208.jpg 300w, https:\/\/www.greenpeace.org\/static\/planet4-argentina-stateless\/2023\/03\/17a02ba0-gp0strzz5_medium_res_with_credit_line-768x534.jpg 768w, https:\/\/www.greenpeace.org\/static\/planet4-argentina-stateless\/2023\/03\/17a02ba0-gp0strzz5_medium_res_with_credit_line-489x340.jpg 489w, https:\/\/www.greenpeace.org\/static\/planet4-argentina-stateless\/2023\/03\/17a02ba0-gp0strzz5_medium_res_with_credit_line.jpg 1199w\" sizes=\"auto, (max-width: 1024px) 100vw, 1024px\" \/><\/figure>\n\n<p>Una persona adulta respira de 8 a 16 veces por minuto. En cada bocanada, ox\u00edgeno limpio y puro ingresa a sus pulmones. O eso pens\u00e1bamos hasta que supimos que <strong>el aire que inhala el 99% de la poblaci\u00f3n mundial es de mala calidad <\/strong>y podr\u00eda incluso causar <strong>enfermedades<\/strong>.&nbsp;<\/p>\n\n<p>As\u00ed lo alert\u00f3 la Organizaci\u00f3n Mundial de la Salud (OMS). Adem\u00e1s, hay que tener presente que en las Am\u00e9ricas, nuestra regi\u00f3n, la contaminaci\u00f3n del aire es el <strong>principal riesgo ambiental para la salud p\u00fablica<\/strong>.<\/p>\n\n<p><strong>En Argentina no tenemos norma de calidad del aire ni monitoreos frecuentes<\/strong>, salvo por unas (muy) pocas provincias que son la excepci\u00f3n. Sin embargo, no monitorear ni medir <strong>no significa que no haya problemas<\/strong>. El humo cada vez m\u00e1s frecuente causado por incendios forestales da la pauta de que este tema debe convertirse en una prioridad para cuidar la salud de toda la ciudadan\u00eda.<\/p>\n\n<div class=\"wp-block-buttons is-layout-flex wp-block-buttons-is-layout-flex\">\n<div class=\"wp-block-button aligncenter is-style-cta\"><a class=\"wp-block-button__link wp-element-button\" href=\"https:\/\/landing.infogreenpeace.org\/es-ar\/es-ar\/humedales23-0?utm_source=web&amp;utm_medium=link&amp;utm_content=MOV_28000_HUMEDALES_NOTA_ESTERO_BOOST&amp;utm_term=todos&amp;utm_campaign=leyDeHumedales&amp;_ga=2.52909672.1312149207.1678373189-729152527.1663160449\" target=\"_blank\" rel=\"noreferrer noopener\">Firm\u00e1 la petici\u00f3n para salvar los Esteros del Iber\u00e1 <\/a><\/div>\n<\/div>\n\n<div class=\"wp-block-buttons is-layout-flex wp-block-buttons-is-layout-flex\"><\/div>\n\n<p>En Am\u00e9rica Latina somos m\u00e1s de 150 millones de personas vivimos en ciudades que exceden las Gu\u00edas de Calidad del Aire de la OMS. Las consecuencias de estar expuestos a estos altos niveles de poluci\u00f3n son <strong>aumento del riesgo de infecciones respiratorias, enfermedades card\u00edacas, derrames cerebrales y c\u00e1ncer de pulm\u00f3n<\/strong>.<\/p>\n\n<p>Los grupos m\u00e1s afectados son los que residen cerca de carreteras o recintos industriales; y quienes usan combustibles s\u00f3lidos como fuente de energ\u00eda dom\u00e9stica.&nbsp;<\/p>\n\n<figure class=\"wp-block-image size-large\"><img loading=\"lazy\" decoding=\"async\" width=\"1024\" height=\"683\" src=\"https:\/\/www.greenpeace.org\/static\/planet4-argentina-stateless\/2023\/03\/7c63f1c4-gp1swd0r_medium_res_with_credit_line-1024x683.jpg\" alt=\"\" class=\"wp-image-18428\" srcset=\"https:\/\/www.greenpeace.org\/static\/planet4-argentina-stateless\/2023\/03\/7c63f1c4-gp1swd0r_medium_res_with_credit_line-1024x683.jpg 1024w, https:\/\/www.greenpeace.org\/static\/planet4-argentina-stateless\/2023\/03\/7c63f1c4-gp1swd0r_medium_res_with_credit_line-300x200.jpg 300w, https:\/\/www.greenpeace.org\/static\/planet4-argentina-stateless\/2023\/03\/7c63f1c4-gp1swd0r_medium_res_with_credit_line-768x512.jpg 768w, https:\/\/www.greenpeace.org\/static\/planet4-argentina-stateless\/2023\/03\/7c63f1c4-gp1swd0r_medium_res_with_credit_line-510x340.jpg 510w, https:\/\/www.greenpeace.org\/static\/planet4-argentina-stateless\/2023\/03\/7c63f1c4-gp1swd0r_medium_res_with_credit_line.jpg 1200w\" sizes=\"auto, (max-width: 1024px) 100vw, 1024px\" \/><\/figure>\n\n<p>As\u00ed la cifra de v\u00edctimas causadas por la mala calidad del aire exterior ascendi\u00f3 solo en nuestra regi\u00f3n, en 2016,&nbsp; a 249 mil muertes prematuras. Mientras alrededor de 83 mil muertes prematuras se debieron a la contaminaci\u00f3n del aire asociada al uso de combustibles s\u00f3lidos en la vivienda.<\/p>\n\n<p>A nivel mundial los n\u00fameros se elevan a cerca 7 millones de muertes prematuras atribuibles a la contaminaci\u00f3n del aire ambiental (88% de estas muertes ocurren en pa\u00edses de ingresos bajos y medios).<\/p>\n\n<h3 class=\"wp-block-heading\"><strong>\u00bfQu\u00e9 respiramos cuando respiramos?<\/strong><\/h3>\n\n<p>Los<strong> dos contaminantes urbanos del aire m\u00e1s comunes<\/strong> son el<strong> di\u00f3xido de nitr\u00f3geno<\/strong> (NO 2) y el llamado <strong>material particulado o PM2.5<\/strong>, producto de actividades humanas vinculadas con la quema de combustibles f\u00f3siles. As\u00ed que tambi\u00e9n estamos respirando esto -aunque depende la zona tambi\u00e9n puede haber di\u00f3xido de azufre (SO\u2082) y mon\u00f3xido de carbono (CO)-.<\/p>\n\n<figure class=\"wp-block-image size-large\"><img loading=\"lazy\" decoding=\"async\" width=\"1024\" height=\"684\" src=\"https:\/\/www.greenpeace.org\/static\/planet4-argentina-stateless\/2023\/03\/ffa2fdef-gp0stup24_medium_res_with_credit_line-1024x684.jpg\" alt=\"\" class=\"wp-image-18429\" srcset=\"https:\/\/www.greenpeace.org\/static\/planet4-argentina-stateless\/2023\/03\/ffa2fdef-gp0stup24_medium_res_with_credit_line-1024x684.jpg 1024w, https:\/\/www.greenpeace.org\/static\/planet4-argentina-stateless\/2023\/03\/ffa2fdef-gp0stup24_medium_res_with_credit_line-300x200.jpg 300w, https:\/\/www.greenpeace.org\/static\/planet4-argentina-stateless\/2023\/03\/ffa2fdef-gp0stup24_medium_res_with_credit_line-768x513.jpg 768w, https:\/\/www.greenpeace.org\/static\/planet4-argentina-stateless\/2023\/03\/ffa2fdef-gp0stup24_medium_res_with_credit_line-510x340.jpg 510w, https:\/\/www.greenpeace.org\/static\/planet4-argentina-stateless\/2023\/03\/ffa2fdef-gp0stup24_medium_res_with_credit_line.jpg 1200w\" sizes=\"auto, (max-width: 1024px) 100vw, 1024px\" \/><\/figure>\n\n<p>Estar inhalando estas sustancias no es inocuo. La OMS se\u00f1al\u00f3 que el material particulado, especialmente PM 2.5, es capaz de penetrar profundamente en los pulmones e ingresar al torrente sangu\u00edneo, causando impactos cardiovasculares, cerebrovasculares (derrame cerebral) y respiratorios.&nbsp;<\/p>\n\n<p>Por su&nbsp; parte, el di\u00f3xido de nitr\u00f3geno (NO 2) est\u00e1 vinculado \u201ccon enfermedades respiratorias, particularmente asma, lo que provoca s\u00edntomas respiratorios (como tos, sibilancias o dificultad para respirar), ingresos hospitalarios y visitas a salas de emergencia\u201d, seg\u00fan difundi\u00f3 el mismo organismo.<\/p>\n\n<figure class=\"wp-block-image size-large\"><img loading=\"lazy\" decoding=\"async\" width=\"1024\" height=\"683\" src=\"https:\/\/www.greenpeace.org\/static\/planet4-argentina-stateless\/2023\/03\/900674da-gp1swnqw_medium_res_with_credit_line-1024x683.jpg\" alt=\"\" class=\"wp-image-18430\" srcset=\"https:\/\/www.greenpeace.org\/static\/planet4-argentina-stateless\/2023\/03\/900674da-gp1swnqw_medium_res_with_credit_line-1024x683.jpg 1024w, https:\/\/www.greenpeace.org\/static\/planet4-argentina-stateless\/2023\/03\/900674da-gp1swnqw_medium_res_with_credit_line-300x200.jpg 300w, https:\/\/www.greenpeace.org\/static\/planet4-argentina-stateless\/2023\/03\/900674da-gp1swnqw_medium_res_with_credit_line-768x512.jpg 768w, https:\/\/www.greenpeace.org\/static\/planet4-argentina-stateless\/2023\/03\/900674da-gp1swnqw_medium_res_with_credit_line-510x340.jpg 510w, https:\/\/www.greenpeace.org\/static\/planet4-argentina-stateless\/2023\/03\/900674da-gp1swnqw_medium_res_with_credit_line.jpg 1200w\" sizes=\"auto, (max-width: 1024px) 100vw, 1024px\" \/><\/figure>\n\n<p>En medio de este panorama para nada alentador, hay <strong>mucho por hacer<\/strong>: <strong>dejar los combustibles f\u00f3siles bajo tierra, acelerar la transici\u00f3n hacia sistemas energ\u00e9ticos m\u00e1s limpios y saludables y cuidar nuestros bosques y \u00e1rboles,<\/strong> que ayudan a limpiar el aire que respiramos.&nbsp;<\/p>\n\n<p>Tedros Adhanom Ghebreyesus, Director General de la OMS, lo dijo de una manera rotunda: \u201cla urgencia de abordar los desaf\u00edos de salud de la contaminaci\u00f3n del aire y el cambio clim\u00e1tico, subrayan la necesidad apremiante de avanzar m\u00e1s r\u00e1pido hacia un mundo que sea mucho menos dependiente de los combustibles f\u00f3siles\u201d.&nbsp;<\/p>\n","protected":false},"excerpt":{"rendered":"<p>El aire que inhala el 99% de la poblaci\u00f3n mundial es de mala calidad y podr\u00eda incluso causar enfermedades.\u00a0<\/p>\n","protected":false},"author":48,"featured_media":18427,"comment_status":"closed","ping_status":"open","sticky":false,"template":"","format":"standard","meta":{"ep_exclude_from_search":false,"p4_og_title":"\u00bfQu\u00e9 respiramos cuando respiramos? La contaminaci\u00f3n del aire, un problema mundial","p4_og_description":"Una persona adulta respira de 8 a 16 veces por minuto. En cada bocanada, ox\u00edgeno limpio y puro ingresa a sus pulmones. ","p4_og_image":"https:\/\/www.greenpeace.org\/static\/planet4-argentina-stateless\/2023\/03\/17a02ba0-gp0strzz5_medium_res_with_credit_line.jpg","p4_og_image_id":"18427","p4_seo_canonical_url":"","p4_campaign_name":"","p4_local_project":"","p4_basket_name":"","p4_department":"","footnotes":""},"categories":[4],"tags":[26],"p4-page-type":[14],"class_list":["post-18426","post","type-post","status-publish","format-standard","has-post-thumbnail","hentry","category-contaminacion","tag-airelimpioya","p4-page-type-blog"],"_links":{"self":[{"href":"https:\/\/www.greenpeace.org\/argentina\/wp-json\/wp\/v2\/posts\/18426","targetHints":{"allow":["GET"]}}],"collection":[{"href":"https:\/\/www.greenpeace.org\/argentina\/wp-json\/wp\/v2\/posts"}],"about":[{"href":"https:\/\/www.greenpeace.org\/argentina\/wp-json\/wp\/v2\/types\/post"}],"author":[{"embeddable":true,"href":"https:\/\/www.greenpeace.org\/argentina\/wp-json\/wp\/v2\/users\/48"}],"replies":[{"embeddable":true,"href":"https:\/\/www.greenpeace.org\/argentina\/wp-json\/wp\/v2\/comments?post=18426"}],"version-history":[{"count":5,"href":"https:\/\/www.greenpeace.org\/argentina\/wp-json\/wp\/v2\/posts\/18426\/revisions"}],"predecessor-version":[{"id":30728,"href":"https:\/\/www.greenpeace.org\/argentina\/wp-json\/wp\/v2\/posts\/18426\/revisions\/30728"}],"wp:featuredmedia":[{"embeddable":true,"href":"https:\/\/www.greenpeace.org\/argentina\/wp-json\/wp\/v2\/media\/18427"}],"wp:attachment":[{"href":"https:\/\/www.greenpeace.org\/argentina\/wp-json\/wp\/v2\/media?parent=18426"}],"wp:term":[{"taxonomy":"category","embeddable":true,"href":"https:\/\/www.greenpeace.org\/argentina\/wp-json\/wp\/v2\/categories?post=18426"},{"taxonomy":"post_tag","embeddable":true,"href":"https:\/\/www.greenpeace.org\/argentina\/wp-json\/wp\/v2\/tags?post=18426"},{"taxonomy":"p4-page-type","embeddable":true,"href":"https:\/\/www.greenpeace.org\/argentina\/wp-json\/wp\/v2\/p4-page-type?post=18426"}],"curies":[{"name":"wp","href":"https:\/\/api.w.org\/{rel}","templated":true}]}}