{"id":20995,"date":"2023-08-10T16:31:38","date_gmt":"2023-08-10T19:31:38","guid":{"rendered":"https:\/\/www.greenpeace.org\/argentina\/?p=20995"},"modified":"2023-11-21T11:02:08","modified_gmt":"2023-11-21T14:02:08","slug":"cambio-climatico-y-salud-el-calor-afectara-tu-trabajo-antes-que-la-inteligencia-artificial","status":"publish","type":"post","link":"https:\/\/www.greenpeace.org\/argentina\/blog\/problemas\/climayenergia\/cambio-climatico-y-salud-el-calor-afectara-tu-trabajo-antes-que-la-inteligencia-artificial\/","title":{"rendered":"Cambio clim\u00e1tico y salud: el calor afectar\u00e1 tu trabajo antes que la Inteligencia Artificial"},"content":{"rendered":"\n<figure class=\"wp-block-image size-full\"><img loading=\"lazy\" decoding=\"async\" width=\"800\" height=\"533\" src=\"https:\/\/www.greenpeace.org\/static\/planet4-argentina-stateless\/2023\/08\/4d19b981-gp0stqfum_web_size_with_credit_line.jpg\" alt=\"\" class=\"wp-image-20996\" srcset=\"https:\/\/www.greenpeace.org\/static\/planet4-argentina-stateless\/2023\/08\/4d19b981-gp0stqfum_web_size_with_credit_line.jpg 800w, https:\/\/www.greenpeace.org\/static\/planet4-argentina-stateless\/2023\/08\/4d19b981-gp0stqfum_web_size_with_credit_line-300x200.jpg 300w, https:\/\/www.greenpeace.org\/static\/planet4-argentina-stateless\/2023\/08\/4d19b981-gp0stqfum_web_size_with_credit_line-768x512.jpg 768w, https:\/\/www.greenpeace.org\/static\/planet4-argentina-stateless\/2023\/08\/4d19b981-gp0stqfum_web_size_with_credit_line-510x340.jpg 510w\" sizes=\"auto, (max-width: 800px) 100vw, 800px\" \/><\/figure>\n\n<p>\u00bfHab\u00edas escuchado hablar del \u201c<strong>estr\u00e9s t\u00e9rmico ocupacional<\/strong>\u201d? Prest\u00e1 atenci\u00f3n, porque este t\u00e9rmino le pone nombre a las<strong> consecuencias en la salud que las olas de calor implican para las y los trabajadores<\/strong>.&nbsp;<\/p>\n\n<p>La ciencia ya constat\u00f3 que <a rel=\"noreferrer noopener\" href=\"https:\/\/www.greenpeace.org\/argentina\/blog\/problemas\/climayenergia\/confirmado-el-cambio-climatico-ya-esta-afectando-nuestra-salud\/\" target=\"_blank\">el cambio clim\u00e1tico est\u00e1 afectando la salud de las personas<\/a>. Entonces, podr\u00edamos decir que el estr\u00e9s t\u00e9rmico es un claro ejemplo de c\u00f3mo esta influencia negativa se experimenta.&nbsp;<\/p>\n\n<figure class=\"wp-block-image size-full\"><img loading=\"lazy\" decoding=\"async\" width=\"800\" height=\"533\" src=\"https:\/\/www.greenpeace.org\/static\/planet4-argentina-stateless\/2023\/08\/46934300-gp04eq5_web_size_with_credit_line.jpg\" alt=\"\" class=\"wp-image-20999\" srcset=\"https:\/\/www.greenpeace.org\/static\/planet4-argentina-stateless\/2023\/08\/46934300-gp04eq5_web_size_with_credit_line.jpg 800w, https:\/\/www.greenpeace.org\/static\/planet4-argentina-stateless\/2023\/08\/46934300-gp04eq5_web_size_with_credit_line-300x200.jpg 300w, https:\/\/www.greenpeace.org\/static\/planet4-argentina-stateless\/2023\/08\/46934300-gp04eq5_web_size_with_credit_line-768x512.jpg 768w, https:\/\/www.greenpeace.org\/static\/planet4-argentina-stateless\/2023\/08\/46934300-gp04eq5_web_size_with_credit_line-510x340.jpg 510w\" sizes=\"auto, (max-width: 800px) 100vw, 800px\" \/><\/figure>\n\n<p>Las causas del estr\u00e9s t\u00e9rmico son las <strong>olas de calor<\/strong>, cada vez m\u00e1s frecuentes y extensas debido al cambio clim\u00e1tico que<strong> ponen en riesgo <\/strong>especialmente <strong>a quienes trabajan al aire libre, en fundiciones, hornos, f\u00e1bricas, etc<\/strong>.&nbsp;<\/p>\n\n<p>Es que las temperaturas elevadas son m\u00e1s dif\u00edciles de sobrellevar cuando se trabaja en determinadas condiciones ambientales, usando vestimenta de seguridad obligatoria y realizando actividad f\u00edsica.&nbsp;<\/p>\n\n<p>El grupo de trabajadores al que nos referimos est\u00e1 <strong>en lugares cerrados de mala climatizaci\u00f3n, ventilaci\u00f3n y alta humedad<\/strong> (como f\u00e1bricas, dep\u00f3sitos, cocinas, entre otros.) Tambi\u00e9n quienes trabajan a la intemperie, como<strong> alba\u00f1iles, agricultores, recolectores de residuos, deliveries<\/strong> y otros.&nbsp;<\/p>\n\n<figure class=\"wp-block-image size-full\"><img loading=\"lazy\" decoding=\"async\" width=\"800\" height=\"533\" src=\"https:\/\/www.greenpeace.org\/static\/planet4-argentina-stateless\/2023\/08\/66519e31-gp01hc1_web_size_with_credit_line.jpg\" alt=\"\" class=\"wp-image-20998\" srcset=\"https:\/\/www.greenpeace.org\/static\/planet4-argentina-stateless\/2023\/08\/66519e31-gp01hc1_web_size_with_credit_line.jpg 800w, https:\/\/www.greenpeace.org\/static\/planet4-argentina-stateless\/2023\/08\/66519e31-gp01hc1_web_size_with_credit_line-300x200.jpg 300w, https:\/\/www.greenpeace.org\/static\/planet4-argentina-stateless\/2023\/08\/66519e31-gp01hc1_web_size_with_credit_line-768x512.jpg 768w, https:\/\/www.greenpeace.org\/static\/planet4-argentina-stateless\/2023\/08\/66519e31-gp01hc1_web_size_with_credit_line-510x340.jpg 510w\" sizes=\"auto, (max-width: 800px) 100vw, 800px\" \/><\/figure>\n\n<p>Son ellos y ellas quienes, durante un evento extremo, pueden<strong> sufrir un exceso de calor en el cuerpo por encima de los niveles tolerables<\/strong>. Al pasar ese l\u00edmite, sus capacidades fisiol\u00f3gicas se alteran.&nbsp;<\/p>\n\n<p>Recordemos que<strong> para que el cuerpo funcione de forma normal<\/strong>, es imprescindible <strong>mantener la temperatura corporal de 37\u00b0<\/strong>. Si esto se supera y  se trabaja en condiciones de estr\u00e9s t\u00e9rmico, algunos de los riesgos que aparecen son:\u00a0<\/p>\n\n<ul class=\"wp-block-list\">\n<li>Mayor probabilidad de que ocurra un accidente laboral<\/li>\n<\/ul>\n\n<ul class=\"wp-block-list\">\n<li>Dolencias relacionadas al calor: agotamiento, calambres, deshidrataci\u00f3n, p\u00e9rdida de conocimiento, sarpullido y golpe de calor.&nbsp;<\/li>\n<\/ul>\n\n<ul class=\"wp-block-list\">\n<li>Agravar enfermedades de base, como las cardiovasculares, diabetes e hipertensi\u00f3n.&nbsp;&nbsp;<\/li>\n<\/ul>\n\n<p>En conclusi\u00f3n, <strong>el calor es un peligro para la salud<\/strong> porque cuando la temperatura central del cuerpo supera los 38\u00b0 ya se pueden producir <strong>da\u00f1os a la salud y<\/strong>, a partir de los 40\u00b0, la <strong>muerte<\/strong>.&nbsp;<\/p>\n\n<p>Considerando que los veranos son cada vez m\u00e1s t\u00f3rridos en toda la regi\u00f3n y teniendo en cuenta que se espera que aumenten las olas de calor debido al cambio clim\u00e1tico, <strong>esta amenaza se extiende a muchos m\u00e1s tipos de trabajos y condiciones<\/strong>. Sobre todo se hace especialmente peligrosa en los trabajos al aire libre.<\/p>\n\n<p>Ante la crisis clim\u00e1tica surgen nuevas realidades. Estar informados para poder prevenir cualquier riesgo es importante. Por eso, compart\u00ed esta informaci\u00f3n con amistades y familiares para que est\u00e9n alertas cuando arranque la temporada estival.\u00a0<\/p>\n\n<p>Fuentes: <a rel=\"noreferrer noopener\" href=\"https:\/\/www.navarra.es\/NR\/rdonlyres\/AF2BD786-0A6D-4564-9076-BE42220B4843\/225685\/calorytrabajoprofesional.pdf\" target=\"_blank\">Navarra.es<\/a> y <a href=\"https:\/\/elsurti.com\/\" target=\"_blank\" rel=\"noreferrer noopener\">El Surti<\/a><\/p>\n","protected":false},"excerpt":{"rendered":"<p>Conoc\u00e9 el t\u00e9rmino que echa luz sobre  c\u00f3mo el calor afecta a trabajadores y trabajadoras. <\/p>\n","protected":false},"author":48,"featured_media":20996,"comment_status":"closed","ping_status":"open","sticky":false,"template":"","format":"standard","meta":{"ep_exclude_from_search":false,"p4_og_title":"Cambio clim\u00e1tico y salud: el calor afectar\u00e1 tu trabajo antes que la Inteligencia Artificial","p4_og_description":"Conoc\u00e9 el t\u00e9rmino que echa luz sobre  c\u00f3mo el calor afecta a trabajadores y trabajadoras. ","p4_og_image":"https:\/\/www.greenpeace.org\/static\/planet4-argentina-stateless\/2023\/08\/4d19b981-gp0stqfum_web_size_with_credit_line.jpg","p4_og_image_id":"20996","p4_seo_canonical_url":"","p4_campaign_name":"","p4_local_project":"","p4_basket_name":"","p4_department":"","footnotes":""},"categories":[3],"tags":[67],"p4-page-type":[14],"class_list":["post-20995","post","type-post","status-publish","format-standard","has-post-thumbnail","hentry","category-climayenergia","tag-cambio-climatico","p4-page-type-blog"],"_links":{"self":[{"href":"https:\/\/www.greenpeace.org\/argentina\/wp-json\/wp\/v2\/posts\/20995","targetHints":{"allow":["GET"]}}],"collection":[{"href":"https:\/\/www.greenpeace.org\/argentina\/wp-json\/wp\/v2\/posts"}],"about":[{"href":"https:\/\/www.greenpeace.org\/argentina\/wp-json\/wp\/v2\/types\/post"}],"author":[{"embeddable":true,"href":"https:\/\/www.greenpeace.org\/argentina\/wp-json\/wp\/v2\/users\/48"}],"replies":[{"embeddable":true,"href":"https:\/\/www.greenpeace.org\/argentina\/wp-json\/wp\/v2\/comments?post=20995"}],"version-history":[{"count":3,"href":"https:\/\/www.greenpeace.org\/argentina\/wp-json\/wp\/v2\/posts\/20995\/revisions"}],"predecessor-version":[{"id":21002,"href":"https:\/\/www.greenpeace.org\/argentina\/wp-json\/wp\/v2\/posts\/20995\/revisions\/21002"}],"wp:featuredmedia":[{"embeddable":true,"href":"https:\/\/www.greenpeace.org\/argentina\/wp-json\/wp\/v2\/media\/20996"}],"wp:attachment":[{"href":"https:\/\/www.greenpeace.org\/argentina\/wp-json\/wp\/v2\/media?parent=20995"}],"wp:term":[{"taxonomy":"category","embeddable":true,"href":"https:\/\/www.greenpeace.org\/argentina\/wp-json\/wp\/v2\/categories?post=20995"},{"taxonomy":"post_tag","embeddable":true,"href":"https:\/\/www.greenpeace.org\/argentina\/wp-json\/wp\/v2\/tags?post=20995"},{"taxonomy":"p4-page-type","embeddable":true,"href":"https:\/\/www.greenpeace.org\/argentina\/wp-json\/wp\/v2\/p4-page-type?post=20995"}],"curies":[{"name":"wp","href":"https:\/\/api.w.org\/{rel}","templated":true}]}}