{"id":21503,"date":"2023-09-21T12:48:15","date_gmt":"2023-09-21T15:48:15","guid":{"rendered":"https:\/\/www.greenpeace.org\/argentina\/?p=21503"},"modified":"2023-09-21T13:01:00","modified_gmt":"2023-09-21T16:01:00","slug":"el-tratado-de-la-onu-sobre-los-oceanos-se-abre-a-la-firma-de-los-paises","status":"publish","type":"post","link":"https:\/\/www.greenpeace.org\/argentina\/story\/problemas\/oceanos\/el-tratado-de-la-onu-sobre-los-oceanos-se-abre-a-la-firma-de-los-paises\/","title":{"rendered":"El Tratado de la ONU sobre los Oc\u00e9anos se abre a la firma de los pa\u00edses\u00a0"},"content":{"rendered":"\n<figure class=\"wp-block-image size-large\"><img loading=\"lazy\" decoding=\"async\" width=\"1024\" height=\"683\" src=\"https:\/\/www.greenpeace.org\/static\/planet4-argentina-stateless\/2023\/05\/c5334574-gp0stu6u0_medium_res_with_credit_line-1024x683.jpg\" alt=\"\" class=\"wp-image-18920\" srcset=\"https:\/\/www.greenpeace.org\/static\/planet4-argentina-stateless\/2023\/05\/c5334574-gp0stu6u0_medium_res_with_credit_line-1024x683.jpg 1024w, https:\/\/www.greenpeace.org\/static\/planet4-argentina-stateless\/2023\/05\/c5334574-gp0stu6u0_medium_res_with_credit_line-300x200.jpg 300w, https:\/\/www.greenpeace.org\/static\/planet4-argentina-stateless\/2023\/05\/c5334574-gp0stu6u0_medium_res_with_credit_line-768x512.jpg 768w, https:\/\/www.greenpeace.org\/static\/planet4-argentina-stateless\/2023\/05\/c5334574-gp0stu6u0_medium_res_with_credit_line-510x340.jpg 510w, https:\/\/www.greenpeace.org\/static\/planet4-argentina-stateless\/2023\/05\/c5334574-gp0stu6u0_medium_res_with_credit_line.jpg 1200w\" sizes=\"auto, (max-width: 1024px) 100vw, 1024px\" \/><figcaption class=\"wp-element-caption\">Foto: Martin Katz \/Greenpeace<\/figcaption><\/figure>\n\n<p>Seis meses despu\u00e9s de su aprobaci\u00f3n, <strong>decenas de gobiernos est\u00e1n firmando el Tratado de la Naciones Unidas sobre los Oc\u00e9anos en Nueva York esta semana durante la Asamblea General.<\/strong> <strong>Para que entre en vigor, 60 pa\u00edses deben ratificar en sus parlamentos el Tratado.<\/strong> M\u00e1s de 60 firmas en la ONU enviar\u00edan una fuerte se\u00f1al de ambici\u00f3n continua y cooperaci\u00f3n multilateral. Greenpeace insta a los gobiernos a ratificar el Tratado antes de la Conferencia de las Naciones Unidas sobre los Oc\u00e9anos que se celebrar\u00e1 en Niza en 2025.<\/p>\n\n<figure class=\"wp-block-image size-large\"><img loading=\"lazy\" decoding=\"async\" width=\"1024\" height=\"684\" src=\"https:\/\/www.greenpeace.org\/static\/planet4-argentina-stateless\/2023\/09\/18f9996e-gp0stvfvp_medium_res_with_credit_line-1024x684.jpg\" alt=\"\" class=\"wp-image-21504\" srcset=\"https:\/\/www.greenpeace.org\/static\/planet4-argentina-stateless\/2023\/09\/18f9996e-gp0stvfvp_medium_res_with_credit_line-1024x684.jpg 1024w, https:\/\/www.greenpeace.org\/static\/planet4-argentina-stateless\/2023\/09\/18f9996e-gp0stvfvp_medium_res_with_credit_line-300x200.jpg 300w, https:\/\/www.greenpeace.org\/static\/planet4-argentina-stateless\/2023\/09\/18f9996e-gp0stvfvp_medium_res_with_credit_line-768x513.jpg 768w, https:\/\/www.greenpeace.org\/static\/planet4-argentina-stateless\/2023\/09\/18f9996e-gp0stvfvp_medium_res_with_credit_line-510x340.jpg 510w, https:\/\/www.greenpeace.org\/static\/planet4-argentina-stateless\/2023\/09\/18f9996e-gp0stvfvp_medium_res_with_credit_line.jpg 1200w\" sizes=\"auto, (max-width: 1024px) 100vw, 1024px\" \/><figcaption class=\"wp-element-caption\">La actriz Jane Fonda y miembros de Greepeace en la ONU<\/figcaption><\/figure>\n\n<p><em>&#8220;Invitamos a los&nbsp; gobiernos a que firmen el Tratado de los Oc\u00e9anos. Esto env\u00eda una poderosa se\u00f1al al mundo de que <strong>los gobiernos mantendr\u00e1n el impulso hacia la protecci\u00f3n del 30% de los oc\u00e9anos para 2030, tras el hist\u00f3rico acuerdo del Tratado en marzo.<\/strong> Si bien&nbsp; esta firma es un momento puramente simb\u00f3lico, ahora los pol\u00edticos deben llevar el Tratado a casa y asegurarse de que se ratifique en tiempo r\u00e9cord\u201d<\/em>, declar\u00f3&nbsp; Mads Christensen, Director Ejecutivo de Greenpeace Internacional.<em> &#8220;<strong>Tenemos menos de siete a\u00f1os para proteger el 30% de los oc\u00e9anos, no hay tiempo que perder.<\/strong> La carrera hacia la ratificaci\u00f3n ha comenzado e instamos a los pa\u00edses a que sean ambiciosos, ratifiquen el Tratado y se aseguren de que entra en vigor en 2025&#8243;.&nbsp;<\/em><\/p>\n\n<p>Los<strong> santuarios oce\u00e1nicos,<\/strong> libres de toda actividad destructiva, son una soluci\u00f3n fundamental a la crisis de los oc\u00e9anos. <strong>Menos del 1% de las zonas de alta mar est\u00e1n debidamente protegidas<\/strong>, por lo que los gobiernos deben actuar con rapidez para utilizar el Tratado y empezar a ofrecer protecci\u00f3n en el mar.<\/p>\n\n<figure class=\"wp-block-image size-large\"><img loading=\"lazy\" decoding=\"async\" width=\"1024\" height=\"683\" src=\"https:\/\/www.greenpeace.org\/static\/planet4-argentina-stateless\/2023\/06\/e15ffc08-gp1sz4rz_web_size_with_credit_line-1024x683.jpg\" alt=\"\" class=\"wp-image-20000\" srcset=\"https:\/\/www.greenpeace.org\/static\/planet4-argentina-stateless\/2023\/06\/e15ffc08-gp1sz4rz_web_size_with_credit_line-1024x683.jpg 1024w, https:\/\/www.greenpeace.org\/static\/planet4-argentina-stateless\/2023\/06\/e15ffc08-gp1sz4rz_web_size_with_credit_line-300x200.jpg 300w, https:\/\/www.greenpeace.org\/static\/planet4-argentina-stateless\/2023\/06\/e15ffc08-gp1sz4rz_web_size_with_credit_line-768x512.jpg 768w, https:\/\/www.greenpeace.org\/static\/planet4-argentina-stateless\/2023\/06\/e15ffc08-gp1sz4rz_web_size_with_credit_line-510x340.jpg 510w, https:\/\/www.greenpeace.org\/static\/planet4-argentina-stateless\/2023\/06\/e15ffc08-gp1sz4rz_web_size_with_credit_line.jpg 1200w\" sizes=\"auto, (max-width: 1024px) 100vw, 1024px\" \/><\/figure>\n\n<p>Se espera que Noruega sea uno de los primeros pa\u00edses en firmar el Tratado Global de los Oc\u00e9anos. Pero al mismo tiempo,<strong> el gobierno noruego ha propuesto abrir una enorme zona en el \u00c1rtico para la miner\u00eda de aguas profundas<\/strong>. <strong>Ciclistas organizaron una protesta en bicicleta, siguiendo la ruta del Primer Ministro noruego a trav\u00e9s de Nueva York hasta la Asamblea General de las Naciones Unidas<\/strong>, y contaron con vallas publicitarias en las que se le\u00eda &#8220;Norway Stop Deep Sea Mining&#8221; (Noruega, deten\u00e9 la miner\u00eda de aguas profundas). [1]<\/p>\n\n<p>Greenpeace tambi\u00e9n ha lanzado una nueva <a href=\"https:\/\/www.greenpeace.org\/international\/act\/ocean-sanctuaries\/\">petici\u00f3n<\/a> para pedir a los gobiernos que ratifiquen r\u00e1pidamente el Tratado de los Oc\u00e9anos para crear nuevos santuarios oce\u00e1nicos. A su vez,<strong> la organizaci\u00f3n se asoci\u00f3 con Jane Fonda, Camila Cabello y Simon Pegg para producir un cortometraje de animaci\u00f3n que sigue el viaje de tres criaturas marinas<\/strong> mientras escapan de las amenazas detalladas en el informe para encontrar un santuario oce\u00e1nico.<\/p>\n\n<p><strong>Notas:<\/strong><\/p>\n\n<p>Greenpeace public\u00f3 la semana pasada el informe<strong><em> \u201c30\u00d730: Del Tratado Global de&nbsp; los Oc\u00e9anos a la Protecci\u00f3n en Alta mar\u201d <\/em><\/strong>en el que se expone el proceso pol\u00edtico para lograr la protecci\u00f3n. El informe explora c\u00f3mo est\u00e1n aumentando las presiones acumulativas en alta mar y cuantifica por primera vez la creciente actividad pesquera en zonas marcadas para su protecci\u00f3n, utilizando datos de Global Fishing Watch. Resumen Ejecutivo en espa\u00f1ol <a href=\"https:\/\/www.greenpeace.org\/static\/planet4-international-stateless\/2023\/09\/47b7ab67-30x30-from-global-ocean-treaty-to-protection-at-sea-spanish.pdf\">aqu\u00ed<\/a>.<\/p>\n","protected":false},"excerpt":{"rendered":"<p>Seis meses despu\u00e9s de su aprobaci\u00f3n, decenas de gobiernos est\u00e1n a punto de firmar el Tratado de la Naciones Unidas sobre los Oc\u00e9anos en Nueva York esta semana durante la&hellip;<\/p>\n","protected":false},"author":24,"featured_media":18920,"comment_status":"closed","ping_status":"open","sticky":false,"template":"","format":"standard","meta":{"ep_exclude_from_search":false,"p4_og_title":"El Tratado de la ONU sobre los Oc\u00e9anos se abre a la firma de los pa\u00edses\u00a0","p4_og_description":"Seis meses despu\u00e9s de su aprobaci\u00f3n, decenas de gobiernos est\u00e1n a punto de firmar el Tratado de la Naciones Unidas sobre los Oc\u00e9anos en Nueva York esta semana durante la Asamblea General. ","p4_og_image":"https:\/\/www.greenpeace.org\/static\/planet4-argentina-stateless\/2023\/05\/c5334574-gp0stu6u0_medium_res_with_credit_line.jpg","p4_og_image_id":"18920","p4_seo_canonical_url":"","p4_campaign_name":"","p4_local_project":"","p4_basket_name":"","p4_department":"","footnotes":""},"categories":[17],"tags":[36],"p4-page-type":[16],"class_list":["post-21503","post","type-post","status-publish","format-standard","has-post-thumbnail","hentry","category-oceanos","tag-santuariosmarinos","p4-page-type-story"],"_links":{"self":[{"href":"https:\/\/www.greenpeace.org\/argentina\/wp-json\/wp\/v2\/posts\/21503","targetHints":{"allow":["GET"]}}],"collection":[{"href":"https:\/\/www.greenpeace.org\/argentina\/wp-json\/wp\/v2\/posts"}],"about":[{"href":"https:\/\/www.greenpeace.org\/argentina\/wp-json\/wp\/v2\/types\/post"}],"author":[{"embeddable":true,"href":"https:\/\/www.greenpeace.org\/argentina\/wp-json\/wp\/v2\/users\/24"}],"replies":[{"embeddable":true,"href":"https:\/\/www.greenpeace.org\/argentina\/wp-json\/wp\/v2\/comments?post=21503"}],"version-history":[{"count":2,"href":"https:\/\/www.greenpeace.org\/argentina\/wp-json\/wp\/v2\/posts\/21503\/revisions"}],"predecessor-version":[{"id":21506,"href":"https:\/\/www.greenpeace.org\/argentina\/wp-json\/wp\/v2\/posts\/21503\/revisions\/21506"}],"wp:featuredmedia":[{"embeddable":true,"href":"https:\/\/www.greenpeace.org\/argentina\/wp-json\/wp\/v2\/media\/18920"}],"wp:attachment":[{"href":"https:\/\/www.greenpeace.org\/argentina\/wp-json\/wp\/v2\/media?parent=21503"}],"wp:term":[{"taxonomy":"category","embeddable":true,"href":"https:\/\/www.greenpeace.org\/argentina\/wp-json\/wp\/v2\/categories?post=21503"},{"taxonomy":"post_tag","embeddable":true,"href":"https:\/\/www.greenpeace.org\/argentina\/wp-json\/wp\/v2\/tags?post=21503"},{"taxonomy":"p4-page-type","embeddable":true,"href":"https:\/\/www.greenpeace.org\/argentina\/wp-json\/wp\/v2\/p4-page-type?post=21503"}],"curies":[{"name":"wp","href":"https:\/\/api.w.org\/{rel}","templated":true}]}}