{"id":22175,"date":"2023-11-24T14:37:49","date_gmt":"2023-11-24T17:37:49","guid":{"rendered":"https:\/\/www.greenpeace.org\/argentina\/?p=22175"},"modified":"2026-06-29T07:34:05","modified_gmt":"2026-06-29T10:34:05","slug":"a-fuego-lento-los-ultimos-12-meses-fueron-los-mas-calientes-jamas-registrados","status":"publish","type":"post","link":"https:\/\/www.greenpeace.org\/argentina\/blog\/problemas\/climayenergia\/a-fuego-lento-los-ultimos-12-meses-fueron-los-mas-calientes-jamas-registrados\/","title":{"rendered":"A fuego lento: los \u00faltimos 12 meses fueron los m\u00e1s calientes jam\u00e1s registrados"},"content":{"rendered":"\n<p class=\"wp-block-paragraph\"><strong>Los \u00faltimos 12 meses han sido los m\u00e1s calurosos jam\u00e1s registrados<\/strong>, 1,3 \u00b0C por encima del clima preindustrial, seg\u00fan el an\u00e1lisis publicado por Climate Central, la organizaci\u00f3n independiente de cient\u00edficos y comunicadores.&nbsp;<\/p>\n\n<figure class=\"wp-block-image aligncenter size-full is-resized\"><img loading=\"lazy\" decoding=\"async\" title=\"Forests Action on Forest Fire Site in LeukWalder Protest am Waldbrand Platz in Leuk\" src=\"https:\/\/www.greenpeace.org\/static\/planet4-argentina-stateless\/2023\/11\/b42a7b9b-gp01syo_low_res_with_credit_line.jpg\" alt=\"Activistas sostienen un gran term\u00f3metro y un cartel que dice &quot;Salvemos nuestro clima&quot; en el lugar de un incendio forestal para manifestarse contra los impactos del cambio clim\u00e1tico.\" class=\"wp-image-22183\" width=\"600\" height=\"400\" srcset=\"https:\/\/www.greenpeace.org\/static\/planet4-argentina-stateless\/2023\/11\/b42a7b9b-gp01syo_low_res_with_credit_line.jpg 800w, https:\/\/www.greenpeace.org\/static\/planet4-argentina-stateless\/2023\/11\/b42a7b9b-gp01syo_low_res_with_credit_line-300x200.jpg 300w, https:\/\/www.greenpeace.org\/static\/planet4-argentina-stateless\/2023\/11\/b42a7b9b-gp01syo_low_res_with_credit_line-768x512.jpg 768w, https:\/\/www.greenpeace.org\/static\/planet4-argentina-stateless\/2023\/11\/b42a7b9b-gp01syo_low_res_with_credit_line-510x340.jpg 510w\" sizes=\"auto, (max-width: 600px) 100vw, 600px\" \/><figcaption class=\"wp-element-caption\">Activistas sostienen un gran term\u00f3metro y un cartel que dice &#8220;Salvemos nuestro clima&#8221; en el lugar de un incendio forestal para manifestarse contra los impactos del cambio clim\u00e1tico.<\/figcaption><\/figure>\n\n<p class=\"wp-block-paragraph\">Esta noticia no sorprende luego de un a\u00f1o en que los r\u00e9cords de temperatura en todo el globo no pararon de ocupar los titulares de los medios.&nbsp;<\/p>\n\n<figure class=\"wp-block-embed aligncenter is-type-wp-embed is-provider-fundacion-greenpeace-argentina wp-block-embed-fundacion-greenpeace-argentina\"><div class=\"wp-block-embed__wrapper\">\n<blockquote class=\"wp-embedded-content\" data-secret=\"vmJIQ9YHme\"><a href=\"https:\/\/www.greenpeace.org\/argentina\/blog\/problemas\/climayenergia\/ola-de-calor-en-europa-2023-el-verano-mas-fresco-del-resto-de-la-historia\/\">Ola de calor en Europa 2023: \u00bfel verano m\u00e1s fresco del resto de la historia?<\/a><\/blockquote><iframe loading=\"lazy\" class=\"wp-embedded-content\" sandbox=\"allow-scripts\" security=\"restricted\" style=\"position: absolute; clip: rect(1px, 1px, 1px, 1px);\" title=\"&#8220;Ola de calor en Europa 2023: \u00bfel verano m\u00e1s fresco del resto de la historia?&#8221; &#8212; Fundaci\u00f3n Greenpeace Argentina\" src=\"https:\/\/www.greenpeace.org\/argentina\/blog\/problemas\/climayenergia\/ola-de-calor-en-europa-2023-el-verano-mas-fresco-del-resto-de-la-historia\/embed\/#?secret=Xkh9zHB80a#?secret=vmJIQ9YHme\" data-secret=\"vmJIQ9YHme\" width=\"500\" height=\"282\" frameborder=\"0\" marginwidth=\"0\" marginheight=\"0\" scrolling=\"no\"><\/iframe>\n<\/div><\/figure>\n\n<p class=\"wp-block-paragraph\">Incluso se estima que este <strong>per\u00edodo<\/strong> es probable que haya sido el m\u00e1s caluroso en alrededor de 125.000 a\u00f1os. Lo repetimos porque es tan asombroso que cuesta asimilarlo: el <strong>m\u00e1s caliente en 125.000 a\u00f1os<\/strong>.&nbsp;<\/p>\n\n<p class=\"wp-block-paragraph\"><strong>\u00bfLa causa? El cambio clim\u00e1tico<\/strong>, que es el resultado de la quema de combustibles f\u00f3siles y otras actividades humanas, el mismo que la ciencia viene advirtiendo hace mucho tiempo.&nbsp;<\/p>\n\n<p class=\"wp-block-paragraph\">Entonces, si la informaci\u00f3n est\u00e1 disponible, \u00bfqu\u00e9 esperan los gobiernos y las empresas para actuar?&nbsp;<\/p>\n\n<figure class=\"wp-block-image aligncenter size-full is-resized\"><img loading=\"lazy\" decoding=\"async\" title=\"Protesters Erect Giant Spoof Billboard at Shell\u2019s HQ in London\" src=\"https:\/\/www.greenpeace.org\/static\/planet4-argentina-stateless\/2023\/11\/1551b208-gp0stx5c4_low_res_with_credit_line.jpg\" alt=\"Los manifestantes de Greenpeace en el Reino Unido erigen un cartel gigante falso frente a la sede de Shell, acus\u00e1ndolos de alimentar el cambio clim\u00e1tico y, por lo tanto, de complicidad en los devastadores incendios forestales de la semana pasada en el sur de Europa, mientras la compa\u00f1\u00eda anunciaba miles de millones de ganancias en los \u00faltimos tres meses. El cartel, que muestra una imagen de un bombero griego luchando para contener un incendio forestal cerca de Atenas la semana pasada, est\u00e1 adornado con el logotipo de Shell y presenta el lema &quot;Nuestras ganancias, su p\u00e9rdida&quot;, llamando la atenci\u00f3n sobre la responsabilidad de la industria del petr\u00f3leo y el gas con el clima. condiciones clim\u00e1ticas extremas alimentadas por crisis que la gente est\u00e1 experimentando ahora en todo el mundo a un ritmo sin precedentes.\nGreenpeace exige que se obligue a Shell, y a otras compa\u00f1\u00edas petroleras por igual, a dejar de perforar en busca de m\u00e1s combustibles f\u00f3siles y comenzar a pagar por la devastaci\u00f3n que han causado.\" class=\"wp-image-22180\" width=\"600\" height=\"400\" srcset=\"https:\/\/www.greenpeace.org\/static\/planet4-argentina-stateless\/2023\/11\/1551b208-gp0stx5c4_low_res_with_credit_line.jpg 800w, https:\/\/www.greenpeace.org\/static\/planet4-argentina-stateless\/2023\/11\/1551b208-gp0stx5c4_low_res_with_credit_line-300x200.jpg 300w, https:\/\/www.greenpeace.org\/static\/planet4-argentina-stateless\/2023\/11\/1551b208-gp0stx5c4_low_res_with_credit_line-768x512.jpg 768w, https:\/\/www.greenpeace.org\/static\/planet4-argentina-stateless\/2023\/11\/1551b208-gp0stx5c4_low_res_with_credit_line-510x340.jpg 510w\" sizes=\"auto, (max-width: 600px) 100vw, 600px\" \/><figcaption class=\"wp-element-caption\">Los manifestantes de Greenpeace en el Reino Unido erigen un cartel gigante falso frente a la sede de Shell, acus\u00e1ndolos de alimentar el cambio clim\u00e1tico y, por lo tanto, de complicidad en los devastadores incendios forestales  en el sur de Europa. <\/figcaption><\/figure>\n\n<p class=\"wp-block-paragraph\">La acci\u00f3n clim\u00e1tica no puede postergarse m\u00e1s. Este mismo estudio advierte que <strong>las temperaturas seguir\u00e1n aumentando<\/strong> y que el clima extremo empeorar\u00e1 hasta que los l\u00edderes mundiales act\u00faen para poner fin a las emisiones netas de gases de efecto invernadero.&nbsp;<\/p>\n\n<p class=\"wp-block-paragraph\">Las pol\u00edticas actuales no alcanzan. De seguir as\u00ed, en este siglo el planeta ser\u00e1 el m\u00e1s caluroso que ha sido durante m\u00e1s de 3 millones de a\u00f1os.<\/p>\n\n<h2 class=\"wp-block-heading\"><strong>As\u00ed afect\u00f3 a las personas el clima extremo&nbsp;<\/strong><\/h2>\n\n<figure class=\"wp-block-image aligncenter size-full is-resized\"><img loading=\"lazy\" decoding=\"async\" title=\"Protest at Coal Power Plant Niederaussem in GermanyProtest am Kohlekraftwerk Niederaussem bei Koeln\" src=\"https:\/\/www.greenpeace.org\/static\/planet4-argentina-stateless\/2023\/11\/e309c3fe-gp0stsxo2_low_res_with_credit_line.jpg\" alt=\"\" class=\"wp-image-22187\" width=\"600\" height=\"400\" srcset=\"https:\/\/www.greenpeace.org\/static\/planet4-argentina-stateless\/2023\/11\/e309c3fe-gp0stsxo2_low_res_with_credit_line.jpg 800w, https:\/\/www.greenpeace.org\/static\/planet4-argentina-stateless\/2023\/11\/e309c3fe-gp0stsxo2_low_res_with_credit_line-300x200.jpg 300w, https:\/\/www.greenpeace.org\/static\/planet4-argentina-stateless\/2023\/11\/e309c3fe-gp0stsxo2_low_res_with_credit_line-768x512.jpg 768w, https:\/\/www.greenpeace.org\/static\/planet4-argentina-stateless\/2023\/11\/e309c3fe-gp0stsxo2_low_res_with_credit_line-510x340.jpg 510w\" sizes=\"auto, (max-width: 600px) 100vw, 600px\" \/><\/figure>\n\n<p class=\"wp-block-paragraph\">El per\u00edodo estudiado por Climate Central va de noviembre de 2022 a octubre 2023. Durante este tiempo nuestra vida se vio afectada por las condiciones clim\u00e1ticas m\u00e1s de una vez. Seg\u00fan el estudio de :<\/p>\n\n<p class=\"wp-block-paragraph\">\u2714\ufe0f1 de cada 4 personas en todo el mundo (1.900 millones de personas) se enfrent\u00f3 a olas de calor extremas y peligrosas.&nbsp;<\/p>\n\n<p class=\"wp-block-paragraph\">\u2714\ufe0f90 % de las personas pasaron al menos 10 d\u00edas de altas temperaturas que el cambio clim\u00e1tico hizo significativamente m\u00e1s probable.<\/p>\n\n<p class=\"wp-block-paragraph\">\u2714\ufe0fLas altas temperaturas trajeron eventos meteorol\u00f3gicos extremos r\u00e9cord en todo el mundo. Por ejemplo, precipitaciones r\u00e9cord, lo que aument\u00f3 la gravedad y la frecuencia de las inundaciones mortales.&nbsp;<br>Por ejemplo, Dubai, pr\u00f3xima sede de la Cumbre Anual que realiza la Convenci\u00f3n Marco de las Naciones Unidas sobre el Cambio Clim\u00e1tico, sufri\u00f3 inundaciones en estos d\u00edas.<\/p>\n\n<blockquote class=\"twitter-tweet\"><p lang=\"en\" dir=\"ltr\">Floods in Dubai, where <a href=\"https:\/\/twitter.com\/COP28_UAE?ref_src=twsrc%5Etfw\">@COP28_UAE<\/a> is due to start soon\u2026 A signal from the climate system that more <a href=\"https:\/\/twitter.com\/hashtag\/ClimateActionNow?src=hash&amp;ref_src=twsrc%5Etfw\">#ClimateActionNow<\/a> is needed, may be? <a href=\"https:\/\/twitter.com\/hashtag\/COP28?src=hash&amp;ref_src=twsrc%5Etfw\">#COP28<\/a> <a href=\"https:\/\/t.co\/naaLPonFxr\">https:\/\/t.co\/naaLPonFxr<\/a><\/p>&mdash; Prof. Jean-Pascal van Ypersele (@Mastodon.World) (@JPvanYpersele) <a href=\"https:\/\/twitter.com\/JPvanYpersele\/status\/1725791788722503979?ref_src=twsrc%5Etfw\">November 18, 2023<\/a><\/blockquote> <script async src=\"https:\/\/platform.twitter.com\/widgets.js\" charset=\"utf-8\"><\/script>\n\n<p class=\"wp-block-paragraph\">\u2714\ufe0fGran parte del continente de Am\u00e9rica del Sur estuvo mucho m\u00e1s c\u00e1lido de lo normal durante al menos los primeros seis meses del a\u00f1o.&nbsp;<\/p>\n\n<figure class=\"wp-block-embed is-type-wp-embed is-provider-fundacion-greenpeace-argentina wp-block-embed-fundacion-greenpeace-argentina\"><div class=\"wp-block-embed__wrapper\">\n<blockquote class=\"wp-embedded-content\" data-secret=\"L791SWdAsL\"><a href=\"https:\/\/www.greenpeace.org\/argentina\/blog\/problemas\/climayenergia\/america-latina-victima-de-la-falta-de-accion-climatica-global\/\">Am\u00e9rica Latina, v\u00edctima de la falta de acci\u00f3n clim\u00e1tica global<\/a><\/blockquote><iframe loading=\"lazy\" class=\"wp-embedded-content\" sandbox=\"allow-scripts\" security=\"restricted\" style=\"position: absolute; clip: rect(1px, 1px, 1px, 1px);\" title=\"&#8220;Am\u00e9rica Latina, v\u00edctima de la falta de acci\u00f3n clim\u00e1tica global&#8221; &#8212; Fundaci\u00f3n Greenpeace Argentina\" src=\"https:\/\/www.greenpeace.org\/argentina\/blog\/problemas\/climayenergia\/america-latina-victima-de-la-falta-de-accion-climatica-global\/embed\/#?secret=KoavtTom6E#?secret=L791SWdAsL\" data-secret=\"L791SWdAsL\" width=\"500\" height=\"282\" frameborder=\"0\" marginwidth=\"0\" marginheight=\"0\" scrolling=\"no\"><\/iframe>\n<\/div><\/figure>\n\n<p class=\"wp-block-paragraph\">\u2714\ufe0fLa sequ\u00eda en Argentina condujo a una reducci\u00f3n estimada del 3% del PIB, mientras que <a href=\"https:\/\/www.greenpeace.org\/argentina\/blog\/problemas\/climayenergia\/sequia-en-amazonas-impactantes-imagenes-de-la-crisis-que-sufre-el-bosque-tropical-mas-grande-del-mundo\/\" target=\"_blank\" rel=\"noreferrer noopener\">en la regi\u00f3n del r\u00edo Amazonas<\/a>, el nivel del agua alcanz\u00f3 su punto m\u00e1s bajo jam\u00e1s registrado, afectando la distribuci\u00f3n de agua y alimentos a medio mill\u00f3n de personas solo en octubre.&nbsp;<\/p>\n\n<p class=\"wp-block-paragraph\">\u2714\ufe0fEn el Canal de Panam\u00e1, que opera un estimado del 5 % del comercio mundial, la sequ\u00eda de 2 a\u00f1os interrumpi\u00f3 el paso comercial m\u00e1s concurrido del mundo durante meses.<\/p>\n\n<p class=\"wp-block-paragraph\">A todo esto, sumamos las muertes que estos eventos generaron. Hay que decir que con estos datos no se busca abrumar y generar miedo. Por el contrario, se trata de entender los efectos reales y concretos de habitar un mundo m\u00e1s caliente.<\/p>\n\n<p class=\"wp-block-paragraph\">Es la vida tal como la conocemos la que cambiar\u00e1 con la crisis clim\u00e1tica. Este gr\u00e1fico muestra, por ejemplo, qu\u00e9 implica el cambio clim\u00e1tico para las futuras generaciones:&nbsp;<\/p>\n\n<blockquote class=\"twitter-tweet\"><p lang=\"es\" dir=\"ltr\">\ud83d\udc76\ud83e\uddd2&quot;Los ni\u00f1os y ni\u00f1as de hoy van a enfrentarse a dos veces m\u00e1s a p\u00e9rdidas de cultivos, a cuatro veces m\u00e1s olas de calor y tres veces m\u00e1s sequ\u00edas que los ni\u00f1os y ni\u00f1as de otras generaciones&quot;, calcula <a href=\"https:\/\/twitter.com\/SaveChildrenLAC?ref_src=twsrc%5Etfw\">@SaveChildrenLAC<\/a> <br>Entrevista ac\u00e1: <a href=\"https:\/\/t.co\/RPbtdCAqSc\">https:\/\/t.co\/RPbtdCAqSc<\/a> <a href=\"https:\/\/t.co\/Evz4s7ooGA\">pic.twitter.com\/Evz4s7ooGA<\/a><\/p>&mdash; M\u00f3nica Monsalve (@mariamonic91) <a href=\"https:\/\/twitter.com\/mariamonic91\/status\/1722981279237329351?ref_src=twsrc%5Etfw\">November 10, 2023<\/a><\/blockquote> <script async src=\"https:\/\/platform.twitter.com\/widgets.js\" charset=\"utf-8\"><\/script>\n\n<p class=\"wp-block-paragraph\">Por todo esto, cuanto antes logremos que los l\u00edderes tomen decisiones para frenar las emisiones, m\u00e1s bienestar lograremos mantener. Nos merecemos un futuro verde, justo y feliz. Hagamos que las autoridades se responsabilicen de hacerlo posible.<\/p>\n\t\t\t<section\n\t\t\tclass=\"boxout post-20485 \"\n\t\t\t\n\t\t>\n\t\t\t<a\n\t\t\t\tdata-ga-category=\"Take Action Boxout\"\n\t\t\t\tdata-ga-action=\"Image\"\n\t\t\t\tdata-ga-label=\"n\/a\"\n\t\t\t\tclass=\"cover-card-overlay\"\n\t\t\t\thref=\"https:\/\/www.greenpeace.org\/argentina\/asociate\/\" \n\t\t\t><\/a>\n\t\t\t\t\t\t\t<img\n\t\t\t\t\t\tsrc=\"https:\/\/www.greenpeace.org\/static\/planet4-argentina-stateless\/2023\/06\/fc8cacd8-image.png\"\n\t\t\t\t\t\tsrcset=\"https:\/\/www.greenpeace.org\/static\/planet4-argentina-stateless\/2023\/06\/fc8cacd8-image-300x194.png 300w, https:\/\/www.greenpeace.org\/static\/planet4-argentina-stateless\/2023\/06\/fc8cacd8-image-510x329.png 510w, https:\/\/www.greenpeace.org\/static\/planet4-argentina-stateless\/2023\/06\/fc8cacd8-image.png 674w\"\n\t\t\t\t\t\tsizes=\"(min-width: 1000px) 358px, (min-width: 780px) 313px, 88px\"\n\t\t\t\t\t\talt=\"\" title=\"\"\n\t\t\t\t\/>\n            \t\t\t<div class=\"boxout-content\">\n\t\t\t\t\t\t\t\t\t<a\n\t\t\t\t\t\tclass=\"boxout-heading medium\"\n\t\t\t\t\t\tdata-ga-category=\"Take Action Boxout\"\n\t\t\t\t\t\tdata-ga-action=\"Title\"\n\t\t\t\t\t\tdata-ga-label=\"n\/a\"\n\t\t\t\t\t\thref=\"https:\/\/www.greenpeace.org\/argentina\/asociate\/\"\n\t\t\t\t\t\t\n\t\t\t\t\t>\n\t\t\t\t\t\tAsociate a Greenpeace\n\t\t\t\t\t<\/a>\n\t\t\t\t\t\t\t\t\t\t\t\t\t<p class=\"boxout-excerpt\">Tu apoyo es el motor de nuestras campa\u00f1as. \u00a1Ayudanos a seguir protegiendo el medio ambiente!<\/p>\n\t\t\t\t                                    <a\n                        class=\"btn btn-primary\"\n                        data-ga-category=\"Take Action Boxout\"\n                        data-ga-action=\"Call to Action\"\n                        data-ga-label=\"n\/a\"\n                        href=\"https:\/\/www.greenpeace.org\/argentina\/asociate\/\"\n                        \n                    >\n                        Particip\u00e1\n                    <\/a>\n                \t\t\t<\/div>\n\t\t\t\t\t<\/section>\n\t","protected":false},"excerpt":{"rendered":"<p>Se ve\u00eda venir: de noviembre 2022 a octubre 2023 el mundo tuvo las temperaturas m\u00e1s altas en 125.000 a\u00f1os.<\/p>\n","protected":false},"author":55,"featured_media":22187,"comment_status":"closed","ping_status":"open","sticky":false,"template":"","format":"standard","meta":{"ep_exclude_from_search":false,"p4_og_title":"A fuego lento: los \u00faltimos 12 meses fueron los m\u00e1s calientes jam\u00e1s registrados","p4_og_description":"Se ve\u00eda venir: de noviembre 2022 a octubre 2023 el mundo tuvo las temperaturas m\u00e1s altas en 125.000 a\u00f1os.","p4_og_image":"https:\/\/www.greenpeace.org\/static\/planet4-argentina-stateless\/2023\/11\/e309c3fe-gp0stsxo2_low_res_with_credit_line.jpg","p4_og_image_id":"22187","p4_seo_canonical_url":"","p4_campaign_name":"","p4_local_project":"","p4_basket_name":"","p4_department":"","footnotes":""},"categories":[3],"tags":[67],"p4-page-type":[14],"class_list":["post-22175","post","type-post","status-publish","format-standard","has-post-thumbnail","hentry","category-climayenergia","tag-cambio-climatico","p4-page-type-blog"],"_links":{"self":[{"href":"https:\/\/www.greenpeace.org\/argentina\/wp-json\/wp\/v2\/posts\/22175","targetHints":{"allow":["GET"]}}],"collection":[{"href":"https:\/\/www.greenpeace.org\/argentina\/wp-json\/wp\/v2\/posts"}],"about":[{"href":"https:\/\/www.greenpeace.org\/argentina\/wp-json\/wp\/v2\/types\/post"}],"author":[{"embeddable":true,"href":"https:\/\/www.greenpeace.org\/argentina\/wp-json\/wp\/v2\/users\/55"}],"replies":[{"embeddable":true,"href":"https:\/\/www.greenpeace.org\/argentina\/wp-json\/wp\/v2\/comments?post=22175"}],"version-history":[{"count":8,"href":"https:\/\/www.greenpeace.org\/argentina\/wp-json\/wp\/v2\/posts\/22175\/revisions"}],"predecessor-version":[{"id":34853,"href":"https:\/\/www.greenpeace.org\/argentina\/wp-json\/wp\/v2\/posts\/22175\/revisions\/34853"}],"wp:featuredmedia":[{"embeddable":true,"href":"https:\/\/www.greenpeace.org\/argentina\/wp-json\/wp\/v2\/media\/22187"}],"wp:attachment":[{"href":"https:\/\/www.greenpeace.org\/argentina\/wp-json\/wp\/v2\/media?parent=22175"}],"wp:term":[{"taxonomy":"category","embeddable":true,"href":"https:\/\/www.greenpeace.org\/argentina\/wp-json\/wp\/v2\/categories?post=22175"},{"taxonomy":"post_tag","embeddable":true,"href":"https:\/\/www.greenpeace.org\/argentina\/wp-json\/wp\/v2\/tags?post=22175"},{"taxonomy":"p4-page-type","embeddable":true,"href":"https:\/\/www.greenpeace.org\/argentina\/wp-json\/wp\/v2\/p4-page-type?post=22175"}],"curies":[{"name":"wp","href":"https:\/\/api.w.org\/{rel}","templated":true}]}}