{"id":22312,"date":"2023-12-13T15:59:13","date_gmt":"2023-12-13T18:59:13","guid":{"rendered":"https:\/\/www.greenpeace.org\/argentina\/?p=22312"},"modified":"2025-07-02T04:27:31","modified_gmt":"2025-07-02T07:27:31","slug":"nunca-es-tarde-para-sumarte-derribamos-5-mitos-sobre-que-es-ser-activista","status":"publish","type":"post","link":"https:\/\/www.greenpeace.org\/argentina\/blog\/problemas\/sustentabilidad\/nunca-es-tarde-para-sumarte-derribamos-5-mitos-sobre-que-es-ser-activista\/","title":{"rendered":"Nunca es tarde para sumarte! Derribamos 5 mitos sobre qu\u00e9 es ser activista"},"content":{"rendered":"\n<p>Todas las personas somos protagonistas de la lucha frente al cambio clim\u00e1tico. Sin embargo, circulan varios <strong>mitos sobre c\u00f3mo es participar de una causa ambiental<\/strong> que terminan <strong>siendo un obst\u00e1culo para que m\u00e1s <strong>personas <\/strong>se involucren<\/strong>.\u00a0<\/p>\n\n<p>Si bien es cierto que desde Greenpeace estamos siempre trabajando para hacer de la comunidad activista un lugar seguro y acogedor, las ideas erradas sobre c\u00f3mo es luchar por nuestro planeta que circulan suelen desalentar la participaci\u00f3n.&nbsp;<\/p>\n\n<p>Por eso, a continuaci\u00f3n derribamos ciertos preconceptos sobre el activismo para que te animes a pasar a la acci\u00f3n \ud83c\udf0e\ud83d\udcaa.&nbsp;&nbsp;<\/p>\n\n<h2 class=\"wp-block-heading\">> <strong>No es necesario que sepas todo sobre medio ambiente <\/strong><\/h2>\n\n<figure class=\"wp-block-image aligncenter size-large is-resized\"><img loading=\"lazy\" decoding=\"async\" src=\"https:\/\/www.greenpeace.org\/static\/planet4-argentina-stateless\/2023\/09\/8f7600e9-2014-salta-50000-firmas-credito-1024x683.jpg\" alt=\"\" class=\"wp-image-21285\" width=\"768\" height=\"512\" srcset=\"https:\/\/www.greenpeace.org\/static\/planet4-argentina-stateless\/2023\/09\/8f7600e9-2014-salta-50000-firmas-credito-1024x683.jpg 1024w, https:\/\/www.greenpeace.org\/static\/planet4-argentina-stateless\/2023\/09\/8f7600e9-2014-salta-50000-firmas-credito-300x200.jpg 300w, https:\/\/www.greenpeace.org\/static\/planet4-argentina-stateless\/2023\/09\/8f7600e9-2014-salta-50000-firmas-credito-768x512.jpg 768w, https:\/\/www.greenpeace.org\/static\/planet4-argentina-stateless\/2023\/09\/8f7600e9-2014-salta-50000-firmas-credito-1536x1025.jpg 1536w, https:\/\/www.greenpeace.org\/static\/planet4-argentina-stateless\/2023\/09\/8f7600e9-2014-salta-50000-firmas-credito-2048x1366.jpg 2048w, https:\/\/www.greenpeace.org\/static\/planet4-argentina-stateless\/2023\/09\/8f7600e9-2014-salta-50000-firmas-credito-510x340.jpg 510w\" sizes=\"auto, (max-width: 768px) 100vw, 768px\" \/><\/figure>\n\n<p>Para ser activista no hace falta tener un conocimiento absoluto sobre cambio clim\u00e1tico o pol\u00edticas ambientales. Tampoco se necesita tener conocimiento t\u00e9cnico. Basta con <strong>que tengas ganas de aprender, de defender a la naturaleza y de sumar <\/strong>para lograr justicia clim\u00e1tica y social. Si esto te describe, tenemos una buena noticia: \u00a1est\u00e1s en el lugar indicado!\u00a0<\/p>\n\n<h2 class=\"wp-block-heading\">> <strong><strong>No es s\u00f3lo para personas s\u00faper valientes\u00a0<\/strong><\/strong><\/h2>\n\n<p>El estereotipo del activista suele ser el de alguien que no siente miedo, que es aguerrido y arriesgado. Pero esto no es tan as\u00ed. Desde ya, se requiere coraje para defender aquello en lo que se cree pero eso <strong>no significa que no sientas nervios<\/strong>.&nbsp;<\/p>\n\n<figure class=\"wp-block-image aligncenter size-large is-resized  caption-alignment-center\"><img loading=\"lazy\" decoding=\"async\" src=\"https:\/\/www.greenpeace.org\/static\/planet4-argentina-stateless\/2023\/09\/d3e282f0-2005-reserva-pizarro-casa-rosada-pinguinos-credito-greenpeace-1-2-1024x681.jpg\" alt=\"\" class=\"wp-image-21323\" width=\"768\" height=\"511\" srcset=\"https:\/\/www.greenpeace.org\/static\/planet4-argentina-stateless\/2023\/09\/d3e282f0-2005-reserva-pizarro-casa-rosada-pinguinos-credito-greenpeace-1-2-1024x681.jpg 1024w, https:\/\/www.greenpeace.org\/static\/planet4-argentina-stateless\/2023\/09\/d3e282f0-2005-reserva-pizarro-casa-rosada-pinguinos-credito-greenpeace-1-2-300x200.jpg 300w, https:\/\/www.greenpeace.org\/static\/planet4-argentina-stateless\/2023\/09\/d3e282f0-2005-reserva-pizarro-casa-rosada-pinguinos-credito-greenpeace-1-2-768x511.jpg 768w, https:\/\/www.greenpeace.org\/static\/planet4-argentina-stateless\/2023\/09\/d3e282f0-2005-reserva-pizarro-casa-rosada-pinguinos-credito-greenpeace-1-2-1536x1021.jpg 1536w, https:\/\/www.greenpeace.org\/static\/planet4-argentina-stateless\/2023\/09\/d3e282f0-2005-reserva-pizarro-casa-rosada-pinguinos-credito-greenpeace-1-2-510x340.jpg 510w, https:\/\/www.greenpeace.org\/static\/planet4-argentina-stateless\/2023\/09\/d3e282f0-2005-reserva-pizarro-casa-rosada-pinguinos-credito-greenpeace-1-2.jpg 2000w\" sizes=\"auto, (max-width: 768px) 100vw, 768px\" \/><figcaption class=\"wp-element-caption\">09\/2005: Ping\u00fcinos en Casa Rosada<div class=\"credit icon-left\"> \u00a9 Greenpeace<\/div><\/figcaption><\/figure>\n\n<p>A todos y todas nos inquieta movilizarnos y poner el cuerpo por las causas en las que creemos. Ante las dudas y miedos que puedan surgir <strong>la mejor herramienta es unirnos a nuestro grupo y brindarnos apoyo mutuo<\/strong>.&nbsp;<\/p>\n\n<p>Adem\u00e1s, hay que remarcar que ser parte de un equipo que se manifiesta y toma acciones directas no violentas puede ser muy empoderador \ud83d\ude42.<\/p>\n\n<figure class=\"wp-block-embed is-type-wp-embed is-provider-fundacion-greenpeace-argentina wp-block-embed-fundacion-greenpeace-argentina\"><div class=\"wp-block-embed__wrapper\">\n<blockquote class=\"wp-embedded-content\" data-secret=\"elhbnX1ekZ\"><a href=\"https:\/\/www.greenpeace.org\/argentina\/blog\/problemas\/climayenergia\/como-hackear-el-discurso-de-las-corporaciones-ambientalismo-activismo\/\">Ambientalismo y activismo: C\u00f3mo hackear el discurso de las corporaciones a trav\u00e9s de la acciones<\/a><\/blockquote><iframe loading=\"lazy\" class=\"wp-embedded-content\" sandbox=\"allow-scripts\" security=\"restricted\" style=\"position: absolute; clip: rect(1px, 1px, 1px, 1px);\" title=\"&#8220;Ambientalismo y activismo: C\u00f3mo hackear el discurso de las corporaciones a trav\u00e9s de la acciones&#8221; &#8212; Fundaci\u00f3n Greenpeace Argentina\" src=\"https:\/\/www.greenpeace.org\/argentina\/blog\/problemas\/climayenergia\/como-hackear-el-discurso-de-las-corporaciones-ambientalismo-activismo\/embed\/#?secret=GoOz0vbmzO#?secret=elhbnX1ekZ\" data-secret=\"elhbnX1ekZ\" width=\"500\" height=\"282\" frameborder=\"0\" marginwidth=\"0\" marginheight=\"0\" scrolling=\"no\"><\/iframe>\n<\/div><\/figure>\n\n<h2 class=\"wp-block-heading\">> <strong>No hace falta un entrenamiento f\u00edsico intenso<\/strong><\/h2>\n\n<p>Otra idea que suele haber sobre los activistas es que son s\u00faper intr\u00e9pidos y que est\u00e1n siempre corriendo, escalando o navegando. Esto tampoco es tan as\u00ed: <strong>mucho de lo que se hace no requiere esfuerzos f\u00edsicos<\/strong>.<\/p>\n\n<figure class=\"wp-block-image aligncenter size-large is-resized\"><img loading=\"lazy\" decoding=\"async\" src=\"https:\/\/www.greenpeace.org\/static\/planet4-argentina-stateless\/2023\/10\/c0a9d208-gpa_consultabosques_02-1024x683.jpg\" alt=\"\" class=\"wp-image-21708\" width=\"768\" height=\"512\" srcset=\"https:\/\/www.greenpeace.org\/static\/planet4-argentina-stateless\/2023\/10\/c0a9d208-gpa_consultabosques_02-1024x683.jpg 1024w, https:\/\/www.greenpeace.org\/static\/planet4-argentina-stateless\/2023\/10\/c0a9d208-gpa_consultabosques_02-300x200.jpg 300w, https:\/\/www.greenpeace.org\/static\/planet4-argentina-stateless\/2023\/10\/c0a9d208-gpa_consultabosques_02-768x513.jpg 768w, https:\/\/www.greenpeace.org\/static\/planet4-argentina-stateless\/2023\/10\/c0a9d208-gpa_consultabosques_02-1536x1025.jpg 1536w, https:\/\/www.greenpeace.org\/static\/planet4-argentina-stateless\/2023\/10\/c0a9d208-gpa_consultabosques_02-2048x1366.jpg 2048w, https:\/\/www.greenpeace.org\/static\/planet4-argentina-stateless\/2023\/10\/c0a9d208-gpa_consultabosques_02-510x340.jpg 510w\" sizes=\"auto, (max-width: 768px) 100vw, 768px\" \/><figcaption class=\"wp-element-caption\">2023: Con la participaci\u00f3n de m\u00e1s de 260.000 argentinos de todo el pa\u00eds, concluy\u00f3 la Consulta Popular habilitada por Greenpeace durante tres meses para conocer si la ci&#xdada;n\u00eda est\u00e1 de acuerdo con penalizar desmontes ilegales e incendios forestales. El resultado fue contundente: el 99% vot\u00f3 S\u00ed.<div class=\"credit icon-left\"> \u00a9 Juan Pablo Eijo\/ Greenpeace<\/div><\/figcaption><\/figure>\n\n<p>Son <strong>muchas las formas de ser activista<\/strong>: <strong>hablar en p\u00fablico, ocupar lugares de inter\u00e9s<\/strong>, cuidar a compa\u00f1eros y compa\u00f1eras, etc. Cada persona aporta sus destrezas y habilidades a la lucha, sean f\u00edsicas o intelectuales, la verdad es que todas son importantes y necesarias.\u00a0<\/p>\n\n<h2 class=\"wp-block-heading\">> <strong>No est\u00e1s solo\/a<\/strong>. <strong>Hay equipo y capacitaci\u00f3n<\/strong><\/h2>\n\n<p>Aunque el activismo contempla ciertos riesgos calculados, <strong>la seguridad y el bienestar de los y las activistas son una prioridad para Greenpeace<\/strong>. Si sos parte de nuestro equipo ser\u00e1s siempre instruido y entrenado con rigurosidad, adem\u00e1s de que nuestro equipo legal te acompa\u00f1ar\u00e1n a cada paso que des.&nbsp;<\/p>\n\n<figure class=\"wp-block-image aligncenter size-full is-resized\"><img loading=\"lazy\" decoding=\"async\" src=\"https:\/\/www.greenpeace.org\/static\/planet4-argentina-stateless\/2023\/06\/0a3b3007-open-boat-domingo-17-credito-camila-tortarolo-greenpeace-3-1024x683-1.jpg\" alt=\"\" class=\"wp-image-20237\" width=\"768\" height=\"512\" srcset=\"https:\/\/www.greenpeace.org\/static\/planet4-argentina-stateless\/2023\/06\/0a3b3007-open-boat-domingo-17-credito-camila-tortarolo-greenpeace-3-1024x683-1.jpg 1024w, https:\/\/www.greenpeace.org\/static\/planet4-argentina-stateless\/2023\/06\/0a3b3007-open-boat-domingo-17-credito-camila-tortarolo-greenpeace-3-1024x683-1-300x200.jpg 300w, https:\/\/www.greenpeace.org\/static\/planet4-argentina-stateless\/2023\/06\/0a3b3007-open-boat-domingo-17-credito-camila-tortarolo-greenpeace-3-1024x683-1-768x512.jpg 768w, https:\/\/www.greenpeace.org\/static\/planet4-argentina-stateless\/2023\/06\/0a3b3007-open-boat-domingo-17-credito-camila-tortarolo-greenpeace-3-1024x683-1-510x340.jpg 510w\" sizes=\"auto, (max-width: 768px) 100vw, 768px\" \/><\/figure>\n\n<p>Sumado a tu grupo de trabajo m\u00e1s inmediato, <strong>hay una comunidad activista amigable y organizada a tu disposici\u00f3n<\/strong>.<\/p>\n\n<h2 class=\"wp-block-heading\">&gt; El activismo cambia al mundo<\/h2>\n\n<p>La protesta pac\u00edfica no es la \u00fanica manera de luchar por la causa en la que cre\u00e9s pero s\u00ed es una herramienta poderosa que ya comprob\u00f3 su eficacia para cambiar el mundo.<\/p>\n\n<p>&nbsp;<\/p>\n<div data-hydrate=\"planet4-blocks\/gallery\" data-attributes=\"{&quot;attributes&quot;:{&quot;gallery_block_style&quot;:0,&quot;gallery_block_title&quot;:&quot;&quot;,&quot;gallery_block_description&quot;:&quot;&quot;,&quot;multiple_image&quot;:&quot;&quot;,&quot;gallery_block_focus_points&quot;:&quot;&quot;,&quot;image_data&quot;:[],&quot;images&quot;:[]}}\"><section class=\"block split-three-column is-style-three-columns\"><\/section><\/div>\n<p><strong>Gracias al activismo, se han ganado derechos que hoy hacen nuestra vida mejor<\/strong>. Los movimientos de resistencia han escrito gran&nbsp; parte de la historia moderna y desde Greenpeace nos enorgullecemos de haber ayudado a lograr muchas de esas victorias.&nbsp;<\/p>\n\t\t\t<section\n\t\t\tclass=\"boxout post-20485 \"\n\t\t\t\n\t\t>\n\t\t\t<a\n\t\t\t\tdata-ga-category=\"Take Action Boxout\"\n\t\t\t\tdata-ga-action=\"Image\"\n\t\t\t\tdata-ga-label=\"n\/a\"\n\t\t\t\tclass=\"cover-card-overlay\"\n\t\t\t\thref=\"https:\/\/www.greenpeace.org\/argentina\/asociate\/\" \n\t\t\t><\/a>\n\t\t\t\t\t\t\t<img\n\t\t\t\t\t\tsrc=\"https:\/\/www.greenpeace.org\/static\/planet4-argentina-stateless\/2023\/06\/fc8cacd8-image.png\"\n\t\t\t\t\t\tsrcset=\"https:\/\/www.greenpeace.org\/static\/planet4-argentina-stateless\/2023\/06\/fc8cacd8-image-300x194.png 300w, https:\/\/www.greenpeace.org\/static\/planet4-argentina-stateless\/2023\/06\/fc8cacd8-image-510x329.png 510w, https:\/\/www.greenpeace.org\/static\/planet4-argentina-stateless\/2023\/06\/fc8cacd8-image.png 674w\"\n\t\t\t\t\t\tsizes=\"(min-width: 1000px) 358px, (min-width: 780px) 313px, 88px\"\n\t\t\t\t\t\talt=\"\" title=\"\"\n\t\t\t\t\/>\n            \t\t\t<div class=\"boxout-content\">\n\t\t\t\t\t\t\t\t\t<a\n\t\t\t\t\t\tclass=\"boxout-heading medium\"\n\t\t\t\t\t\tdata-ga-category=\"Take Action Boxout\"\n\t\t\t\t\t\tdata-ga-action=\"Title\"\n\t\t\t\t\t\tdata-ga-label=\"n\/a\"\n\t\t\t\t\t\thref=\"https:\/\/www.greenpeace.org\/argentina\/asociate\/\"\n\t\t\t\t\t\t\n\t\t\t\t\t>\n\t\t\t\t\t\tAsociate a Greenpeace\n\t\t\t\t\t<\/a>\n\t\t\t\t\t\t\t\t\t\t\t\t\t<p class=\"boxout-excerpt\">Tu apoyo es el motor de nuestras campa\u00f1as. \u00a1Ayudanos a seguir protegiendo el medio ambiente!<\/p>\n\t\t\t\t                                    <a\n                        class=\"btn btn-primary\"\n                        data-ga-category=\"Take Action Boxout\"\n                        data-ga-action=\"Call to Action\"\n                        data-ga-label=\"n\/a\"\n                        href=\"https:\/\/www.greenpeace.org\/argentina\/asociate\/\"\n                        \n                    >\n                        Particip\u00e1\n                    <\/a>\n                \t\t\t<\/div>\n\t\t\t\t\t<\/section>\n\t","protected":false},"excerpt":{"rendered":"<p>Derribamos ciertos mitos errados sobre el activismo para que te animes a pasar a la acci\u00f3n \ud83c\udf0e\ud83d\udcaa. <\/p>\n","protected":false},"author":55,"featured_media":21285,"comment_status":"closed","ping_status":"open","sticky":false,"template":"","format":"standard","meta":{"ep_exclude_from_search":false,"p4_og_title":"5 ideas erradas sobre qu\u00e9 es ser activista","p4_og_description":"Derribamos ciertos mitos errados sobre el activismo para que te animes a pasar a la acci\u00f3n \ud83c\udf0e\ud83d\udcaa. ","p4_og_image":"https:\/\/www.greenpeace.org\/static\/planet4-argentina-stateless\/2023\/10\/c0a9d208-gpa_consultabosques_02-scaled.jpg","p4_og_image_id":"21708","p4_seo_canonical_url":"","p4_campaign_name":"","p4_local_project":"","p4_basket_name":"","p4_department":"","footnotes":""},"categories":[62],"tags":[25,23],"p4-page-type":[14],"class_list":["post-22312","post","type-post","status-publish","format-standard","has-post-thumbnail","hentry","category-sustentabilidad","tag-voluntarios","tag-socios","p4-page-type-blog"],"_links":{"self":[{"href":"https:\/\/www.greenpeace.org\/argentina\/wp-json\/wp\/v2\/posts\/22312","targetHints":{"allow":["GET"]}}],"collection":[{"href":"https:\/\/www.greenpeace.org\/argentina\/wp-json\/wp\/v2\/posts"}],"about":[{"href":"https:\/\/www.greenpeace.org\/argentina\/wp-json\/wp\/v2\/types\/post"}],"author":[{"embeddable":true,"href":"https:\/\/www.greenpeace.org\/argentina\/wp-json\/wp\/v2\/users\/55"}],"replies":[{"embeddable":true,"href":"https:\/\/www.greenpeace.org\/argentina\/wp-json\/wp\/v2\/comments?post=22312"}],"version-history":[{"count":10,"href":"https:\/\/www.greenpeace.org\/argentina\/wp-json\/wp\/v2\/posts\/22312\/revisions"}],"predecessor-version":[{"id":30393,"href":"https:\/\/www.greenpeace.org\/argentina\/wp-json\/wp\/v2\/posts\/22312\/revisions\/30393"}],"wp:featuredmedia":[{"embeddable":true,"href":"https:\/\/www.greenpeace.org\/argentina\/wp-json\/wp\/v2\/media\/21285"}],"wp:attachment":[{"href":"https:\/\/www.greenpeace.org\/argentina\/wp-json\/wp\/v2\/media?parent=22312"}],"wp:term":[{"taxonomy":"category","embeddable":true,"href":"https:\/\/www.greenpeace.org\/argentina\/wp-json\/wp\/v2\/categories?post=22312"},{"taxonomy":"post_tag","embeddable":true,"href":"https:\/\/www.greenpeace.org\/argentina\/wp-json\/wp\/v2\/tags?post=22312"},{"taxonomy":"p4-page-type","embeddable":true,"href":"https:\/\/www.greenpeace.org\/argentina\/wp-json\/wp\/v2\/p4-page-type?post=22312"}],"curies":[{"name":"wp","href":"https:\/\/api.w.org\/{rel}","templated":true}]}}