{"id":22856,"date":"2024-01-26T01:24:47","date_gmt":"2024-01-26T04:24:47","guid":{"rendered":"https:\/\/www.greenpeace.org\/argentina\/?p=22856"},"modified":"2025-07-02T04:32:06","modified_gmt":"2025-07-02T07:32:06","slug":"imperdible-la-coleccion-de-nuestra-revista-ambiental-infantil-lista-para-descargar","status":"publish","type":"post","link":"https:\/\/www.greenpeace.org\/argentina\/blog\/blog\/imperdible-la-coleccion-de-nuestra-revista-ambiental-infantil-lista-para-descargar\/","title":{"rendered":"Imperdible: la colecci\u00f3n de nuestra revista ambiental infantil lista para descargar"},"content":{"rendered":"\n<p><em>Por Valeria Argenzio, Coordinadora de Loyalty<\/em><\/p>\n\n<figure class=\"wp-block-image aligncenter size-full\"><img loading=\"lazy\" decoding=\"async\" width=\"394\" height=\"381\" src=\"https:\/\/www.greenpeace.org\/static\/planet4-argentina-stateless\/2024\/01\/65a3beb7-semillas1.png\" alt=\"\" class=\"wp-image-22886\" srcset=\"https:\/\/www.greenpeace.org\/static\/planet4-argentina-stateless\/2024\/01\/65a3beb7-semillas1.png 394w, https:\/\/www.greenpeace.org\/static\/planet4-argentina-stateless\/2024\/01\/65a3beb7-semillas1-300x290.png 300w, https:\/\/www.greenpeace.org\/static\/planet4-argentina-stateless\/2024\/01\/65a3beb7-semillas1-352x340.png 352w\" sizes=\"auto, (max-width: 394px) 100vw, 394px\" \/><\/figure>\n\n<p>Como cada <strong>26 de enero<\/strong>, hoy celebramos el <strong>D\u00eda Mundial de la Educaci\u00f3n Ambiental<\/strong>, una misi\u00f3n en la que estamos comprometidos todo el a\u00f1o, creando siempre nuevos espacios de encuentro y divulgaci\u00f3n.<\/p>\n\n<p>A trav\u00e9s de este \u00e1mbito pedag\u00f3gico,<strong> <\/strong>compartimos informaci\u00f3n y conocimientos para que personas de diferentes edades empaticen y comprendan los problemas que marcan la realidad de nuestro entorno natural<strong> <\/strong>(por ejemplo, la contaminaci\u00f3n, el cambio clim\u00e1tico y la p\u00e9rdida de la biodiversidad, entre otros).<\/p>\n\n<p>A partir de ese entendimiento -que no es solo intelectual-, <strong>buscamos fomentar la adopci\u00f3n de pr\u00e1cticas sostenibles y responsables para con nuestro planeta y todos los seres que lo habitan<\/strong>. Y, as\u00ed, crear un futuro verde, sustentable y feliz.<\/p>\n\n<p>Desde nuestra organizaci\u00f3n creemos en el poder transformador de la educaci\u00f3n ambiental porque la vemos en acci\u00f3n a diario \ud83d\ude42. Y, por eso, generamos diferentes materiales para lograr que los objetivos que propone sean realidad.<\/p>\n\n<figure class=\"wp-block-image size-large\"><img loading=\"lazy\" decoding=\"async\" width=\"1024\" height=\"683\" src=\"https:\/\/www.greenpeace.org\/static\/planet4-argentina-stateless\/2024\/01\/6b2169c3-gpco-dia-abejas-semillas-andinas-plaza-imperial-credito-juan-pablo-eijo-greenpeace-32-1024x683.jpg\" alt=\"\" class=\"wp-image-22858\" srcset=\"https:\/\/www.greenpeace.org\/static\/planet4-argentina-stateless\/2024\/01\/6b2169c3-gpco-dia-abejas-semillas-andinas-plaza-imperial-credito-juan-pablo-eijo-greenpeace-32-1024x683.jpg 1024w, https:\/\/www.greenpeace.org\/static\/planet4-argentina-stateless\/2024\/01\/6b2169c3-gpco-dia-abejas-semillas-andinas-plaza-imperial-credito-juan-pablo-eijo-greenpeace-32-300x200.jpg 300w, https:\/\/www.greenpeace.org\/static\/planet4-argentina-stateless\/2024\/01\/6b2169c3-gpco-dia-abejas-semillas-andinas-plaza-imperial-credito-juan-pablo-eijo-greenpeace-32-768x513.jpg 768w, https:\/\/www.greenpeace.org\/static\/planet4-argentina-stateless\/2024\/01\/6b2169c3-gpco-dia-abejas-semillas-andinas-plaza-imperial-credito-juan-pablo-eijo-greenpeace-32-1536x1025.jpg 1536w, https:\/\/www.greenpeace.org\/static\/planet4-argentina-stateless\/2024\/01\/6b2169c3-gpco-dia-abejas-semillas-andinas-plaza-imperial-credito-juan-pablo-eijo-greenpeace-32-2048x1366.jpg 2048w, https:\/\/www.greenpeace.org\/static\/planet4-argentina-stateless\/2024\/01\/6b2169c3-gpco-dia-abejas-semillas-andinas-plaza-imperial-credito-juan-pablo-eijo-greenpeace-32-510x340.jpg 510w\" sizes=\"auto, (max-width: 1024px) 100vw, 1024px\" \/><\/figure>\n\n<h2 class=\"wp-block-heading\"><\/h2>\n\n<h2 class=\"wp-block-heading\"><strong>Nuestra revista para la ni\u00f1ez, clave para la educaci\u00f3n ambiental<\/strong><\/h2>\n\n<p>Si todav\u00eda no la conoc\u00e9s,<strong> te presento Semillas Andinas, la revista medioambiental dedicada a las infancias<\/strong>. Es uno de los proyectos de Greenpeace Andino (Greenpeace Argentina, Chile y Colombia) que nos llena de orgullo.<\/p>\n\n<figure class=\"wp-block-image aligncenter size-full\"><img loading=\"lazy\" decoding=\"async\" width=\"403\" height=\"518\" src=\"https:\/\/www.greenpeace.org\/static\/planet4-argentina-stateless\/2024\/01\/b9f2978c-8dejuniosemillasoceanostapa.jpg\" alt=\"\" class=\"wp-image-22887\" srcset=\"https:\/\/www.greenpeace.org\/static\/planet4-argentina-stateless\/2024\/01\/b9f2978c-8dejuniosemillasoceanostapa.jpg 403w, https:\/\/www.greenpeace.org\/static\/planet4-argentina-stateless\/2024\/01\/b9f2978c-8dejuniosemillasoceanostapa-233x300.jpg 233w, https:\/\/www.greenpeace.org\/static\/planet4-argentina-stateless\/2024\/01\/b9f2978c-8dejuniosemillasoceanostapa-265x340.jpg 265w\" sizes=\"auto, (max-width: 403px) 100vw, 403px\" \/><\/figure>\n\n<p><strong>La creamos para acercar diferentes tem\u00e1ticas ambientales a ni\u00f1os y ni\u00f1as de una manera sencilla y entretenida<\/strong>. En cada edici\u00f3n abordamos un tema especial (Glaciares, Bosques, Reciclaje, Mar Patag\u00f3nico, entre otros) con mucha informaci\u00f3n, tips y actividades para aprender a cuidar el planeta en familia o en la escuela.\u00a0<\/p>\n\n<figure class=\"wp-block-image aligncenter size-full\"><img loading=\"lazy\" decoding=\"async\" width=\"408\" height=\"522\" src=\"https:\/\/www.greenpeace.org\/static\/planet4-argentina-stateless\/2024\/01\/84f454c7-21demarzosemillas.jpg\" alt=\"\" class=\"wp-image-22888\" srcset=\"https:\/\/www.greenpeace.org\/static\/planet4-argentina-stateless\/2024\/01\/84f454c7-21demarzosemillas.jpg 408w, https:\/\/www.greenpeace.org\/static\/planet4-argentina-stateless\/2024\/01\/84f454c7-21demarzosemillas-234x300.jpg 234w, https:\/\/www.greenpeace.org\/static\/planet4-argentina-stateless\/2024\/01\/84f454c7-21demarzosemillas-266x340.jpg 266w\" sizes=\"auto, (max-width: 408px) 100vw, 408px\" \/><\/figure>\n\n<p><strong>&gt; Ac\u00e1 te comparto la colecci\u00f3n con todos los n\u00fameros de Semillas Andinas para disfrutar y releer.<\/strong><\/p>\n\n<div class=\"wp-block-buttons is-layout-flex wp-block-buttons-is-layout-flex\">\n<div class=\"wp-block-button has-custom-width wp-block-button__width-100 is-style-cta\"><a class=\"wp-block-button__link wp-element-button\" href=\"https:\/\/bit.ly\/coleccionsemillasarg\" target=\"_blank\" rel=\"noreferrer noopener\">Descarg\u00e1 las revistas<\/a><\/div>\n<\/div>\n\n<h2 class=\"wp-block-heading\"><\/h2>\n\n<p><strong>Este material \u00fanico y tan necesario es posible gracias al aporte de nuestros socios y socias. <\/strong>Con su donaci\u00f3n mensual permiten que el mensaje de protecci\u00f3n del ambiente circule, se multiplique y genere conversaciones de valor en la sociedad.<\/p>\n\n<h2 class=\"wp-block-heading\"><\/h2>\n\n<h3 class=\"wp-block-heading\"><strong>Educaci\u00f3n Ambiental: una gu\u00eda respetuosa para conocer el ambiente desde la ni\u00f1ez<\/strong><\/h3>\n\n<p>Acompa\u00f1ar a ni\u00f1os y ni\u00f1as en el descubrimiento del mundo que los rodea es una tarea maravillosa de la que nos sentimos muy honrados de poder participar.&nbsp;<\/p>\n\n<p>Sabemos del tesoro que se nos comparte y, conscientes de eso, lo hacemos desde un lugar de humildad. Al mismo tiempo que intentamos no caer en la visi\u00f3n adultoc\u00e9ntrica, que puede terminar limitando las experiencias y la comprensi\u00f3n de las cosas.<\/p>\n\n<figure class=\"wp-block-image size-large\"><img loading=\"lazy\" decoding=\"async\" width=\"1024\" height=\"683\" src=\"https:\/\/www.greenpeace.org\/static\/planet4-argentina-stateless\/2024\/01\/d8354716-gpco-dia-abejas-semillas-andinas-plaza-imperial-credito-juan-pablo-eijo-greenpeace-26-1-1024x683.jpg\" alt=\"\" class=\"wp-image-22857\" srcset=\"https:\/\/www.greenpeace.org\/static\/planet4-argentina-stateless\/2024\/01\/d8354716-gpco-dia-abejas-semillas-andinas-plaza-imperial-credito-juan-pablo-eijo-greenpeace-26-1-1024x683.jpg 1024w, https:\/\/www.greenpeace.org\/static\/planet4-argentina-stateless\/2024\/01\/d8354716-gpco-dia-abejas-semillas-andinas-plaza-imperial-credito-juan-pablo-eijo-greenpeace-26-1-300x200.jpg 300w, https:\/\/www.greenpeace.org\/static\/planet4-argentina-stateless\/2024\/01\/d8354716-gpco-dia-abejas-semillas-andinas-plaza-imperial-credito-juan-pablo-eijo-greenpeace-26-1-768x513.jpg 768w, https:\/\/www.greenpeace.org\/static\/planet4-argentina-stateless\/2024\/01\/d8354716-gpco-dia-abejas-semillas-andinas-plaza-imperial-credito-juan-pablo-eijo-greenpeace-26-1-1536x1025.jpg 1536w, https:\/\/www.greenpeace.org\/static\/planet4-argentina-stateless\/2024\/01\/d8354716-gpco-dia-abejas-semillas-andinas-plaza-imperial-credito-juan-pablo-eijo-greenpeace-26-1-2048x1366.jpg 2048w, https:\/\/www.greenpeace.org\/static\/planet4-argentina-stateless\/2024\/01\/d8354716-gpco-dia-abejas-semillas-andinas-plaza-imperial-credito-juan-pablo-eijo-greenpeace-26-1-510x340.jpg 510w\" sizes=\"auto, (max-width: 1024px) 100vw, 1024px\" \/><\/figure>\n\n<p>Es as\u00ed que creamos herramientas y oportunidades para sumarnos e incentivar su aventura de aprendizaje, sabiendo que no se trata solo de instruirlos sobre qu\u00e9 es lo que ven y conocen, sino en intercambiar sensaciones e ideas.&nbsp;<\/p>\n\n<p><strong>En definitiva, concebimos a la educaci\u00f3n ambiental como un espacio donde los m\u00e1s peque\u00f1os y j\u00f3venes pueden sumar su voz, que es igual de v\u00e1lida que la de los mayores. Porque creemos que no existe modo m\u00e1s enriquecedor de crear innovadoras visiones y soluciones.&nbsp;<\/strong><\/p>\n\n<p>A\u00fan m\u00e1s cuando son las nuevas generaciones las que heredan la mala gesti\u00f3n que se hizo sobre el planeta y quienes levantan la posta de continuar la lucha ambiental por conservar y regenerar nuestro hogar \ud83c\udf0e\ud83d\udcaa.&nbsp;<\/p>\n\n<h2 class=\"wp-block-heading\"><\/h2>\n\n<h3 class=\"wp-block-heading\"><strong>M\u00e1s materiales de educaci\u00f3n ambiental para guardar<\/strong><\/h3>\n\n<p>Semillas Andinas es una de las propuestas en las que trabajamos con el fin de seguir educando a favor del ambiente. Adem\u00e1s, creamos diferentes gu\u00edas descargables para aprender, disfrutar y compartir.<\/p>\n\n<p><strong>Gu\u00eda infantil &#8211; Conectando en vacaciones<\/strong><br><strong>33 actividades divertidas para ni\u00f1os y ni\u00f1as que aman la naturaleza<\/strong><\/p>\n\n<figure class=\"wp-block-image aligncenter size-full\"><img loading=\"lazy\" decoding=\"async\" width=\"398\" height=\"520\" src=\"https:\/\/www.greenpeace.org\/static\/planet4-argentina-stateless\/2024\/01\/b7b5cfcb-guiavacacionesblog.png\" alt=\"\" class=\"wp-image-22861\" srcset=\"https:\/\/www.greenpeace.org\/static\/planet4-argentina-stateless\/2024\/01\/b7b5cfcb-guiavacacionesblog.png 398w, https:\/\/www.greenpeace.org\/static\/planet4-argentina-stateless\/2024\/01\/b7b5cfcb-guiavacacionesblog-230x300.png 230w, https:\/\/www.greenpeace.org\/static\/planet4-argentina-stateless\/2024\/01\/b7b5cfcb-guiavacacionesblog-260x340.png 260w\" sizes=\"auto, (max-width: 398px) 100vw, 398px\" \/><\/figure>\n\n<div class=\"wp-block-buttons is-layout-flex wp-block-buttons-is-layout-flex\">\n<div class=\"wp-block-button has-custom-width wp-block-button__width-100 is-style-cta\"><a class=\"wp-block-button__link wp-element-button\" href=\"https:\/\/bit.ly\/guiaactividadesvacaciones\" target=\"_blank\" rel=\"noreferrer noopener\">Descarga la gu\u00eda ac\u00e1<\/a><\/div>\n<\/div>\n\n<h2 class=\"wp-block-heading\"><\/h2>\n\n<p><strong>Yaguaret\u00e9s &#8211; Jug\u00e1 y pint\u00e1 <\/strong><\/p>\n\n<figure class=\"wp-block-image aligncenter size-full\"><img loading=\"lazy\" decoding=\"async\" width=\"401\" height=\"519\" src=\"https:\/\/www.greenpeace.org\/static\/planet4-argentina-stateless\/2024\/01\/a4c84c2c-guiayaguareteblog.png\" alt=\"\" class=\"wp-image-22862\" srcset=\"https:\/\/www.greenpeace.org\/static\/planet4-argentina-stateless\/2024\/01\/a4c84c2c-guiayaguareteblog.png 401w, https:\/\/www.greenpeace.org\/static\/planet4-argentina-stateless\/2024\/01\/a4c84c2c-guiayaguareteblog-232x300.png 232w, https:\/\/www.greenpeace.org\/static\/planet4-argentina-stateless\/2024\/01\/a4c84c2c-guiayaguareteblog-263x340.png 263w\" sizes=\"auto, (max-width: 401px) 100vw, 401px\" \/><\/figure>\n\n<div class=\"wp-block-buttons is-layout-flex wp-block-buttons-is-layout-flex\">\n<div class=\"wp-block-button has-custom-width wp-block-button__width-100 is-style-cta\"><a class=\"wp-block-button__link wp-element-button\" href=\"https:\/\/bit.ly\/guiainfantilyaguarete\" target=\"_blank\" rel=\"noreferrer noopener\">Descargala y colore\u00e1<\/a><\/div>\n<\/div>\n\n<h2 class=\"wp-block-heading\"><\/h2>\n\n<p>Para cerrar, quiero resaltar que lo m\u00e1s motivador de la educaci\u00f3n ambiental es que cada uno, desde su lugar, tiene la posibilidad de hacer su parte hablando de los h\u00e1bitos y esas convicciones sustentables que te mueven.&nbsp;<\/p>\n\n<p>Vos tambi\u00e9n pod\u00e9s sembrar la semilla del cambio en tu comunidad.<br><strong>\u00a1Animate! Convertite en activista por nuestro planeta Tierra y de toda la biodiversidad que lo habita<\/strong> \ud83e\udd8b\ud83e\udd88\ud83d\udc27\ud83d\udc3b\ud83d\udc38.<\/p>\n","protected":false},"excerpt":{"rendered":"<p>Te contamos c\u00f3mo apostamos al poder transformador de la educaci\u00f3n ambiental. <\/p>\n","protected":false},"author":23,"featured_media":22886,"comment_status":"closed","ping_status":"open","sticky":false,"template":"","format":"standard","meta":{"ep_exclude_from_search":false,"p4_og_title":"Imperdible: descarg\u00e1 la colecci\u00f3n completa de nuestra revista ambiental para la ni\u00f1ez ","p4_og_description":"Te contamos c\u00f3mo apostamos al poder transformador de la educaci\u00f3n ambiental. ","p4_og_image":"https:\/\/www.greenpeace.org\/static\/planet4-argentina-stateless\/2024\/01\/d8354716-gpco-dia-abejas-semillas-andinas-plaza-imperial-credito-juan-pablo-eijo-greenpeace-26-1-scaled.jpg","p4_og_image_id":"22857","p4_seo_canonical_url":"","p4_campaign_name":"","p4_local_project":"","p4_basket_name":"","p4_department":"","footnotes":""},"categories":[44,62],"tags":[23],"p4-page-type":[14],"class_list":["post-22856","post","type-post","status-publish","format-standard","has-post-thumbnail","hentry","category-blog","category-sustentabilidad","tag-socios","p4-page-type-blog"],"_links":{"self":[{"href":"https:\/\/www.greenpeace.org\/argentina\/wp-json\/wp\/v2\/posts\/22856","targetHints":{"allow":["GET"]}}],"collection":[{"href":"https:\/\/www.greenpeace.org\/argentina\/wp-json\/wp\/v2\/posts"}],"about":[{"href":"https:\/\/www.greenpeace.org\/argentina\/wp-json\/wp\/v2\/types\/post"}],"author":[{"embeddable":true,"href":"https:\/\/www.greenpeace.org\/argentina\/wp-json\/wp\/v2\/users\/23"}],"replies":[{"embeddable":true,"href":"https:\/\/www.greenpeace.org\/argentina\/wp-json\/wp\/v2\/comments?post=22856"}],"version-history":[{"count":10,"href":"https:\/\/www.greenpeace.org\/argentina\/wp-json\/wp\/v2\/posts\/22856\/revisions"}],"predecessor-version":[{"id":30642,"href":"https:\/\/www.greenpeace.org\/argentina\/wp-json\/wp\/v2\/posts\/22856\/revisions\/30642"}],"wp:featuredmedia":[{"embeddable":true,"href":"https:\/\/www.greenpeace.org\/argentina\/wp-json\/wp\/v2\/media\/22886"}],"wp:attachment":[{"href":"https:\/\/www.greenpeace.org\/argentina\/wp-json\/wp\/v2\/media?parent=22856"}],"wp:term":[{"taxonomy":"category","embeddable":true,"href":"https:\/\/www.greenpeace.org\/argentina\/wp-json\/wp\/v2\/categories?post=22856"},{"taxonomy":"post_tag","embeddable":true,"href":"https:\/\/www.greenpeace.org\/argentina\/wp-json\/wp\/v2\/tags?post=22856"},{"taxonomy":"p4-page-type","embeddable":true,"href":"https:\/\/www.greenpeace.org\/argentina\/wp-json\/wp\/v2\/p4-page-type?post=22856"}],"curies":[{"name":"wp","href":"https:\/\/api.w.org\/{rel}","templated":true}]}}