{"id":23292,"date":"2024-03-11T15:48:12","date_gmt":"2024-03-11T18:48:12","guid":{"rendered":"https:\/\/www.greenpeace.org\/argentina\/?p=23292"},"modified":"2025-07-07T11:49:44","modified_gmt":"2025-07-07T14:49:44","slug":"greenpeace-se-une-al-mundo-de-la-musica-con-lina-y-los-amigos-del-arcoiris-la-serie-infantil-que-promueve-la-conciencia-ambiental","status":"publish","type":"post","link":"https:\/\/www.greenpeace.org\/argentina\/story\/greenpeace\/greenpeace-se-une-al-mundo-de-la-musica-con-lina-y-los-amigos-del-arcoiris-la-serie-infantil-que-promueve-la-conciencia-ambiental\/","title":{"rendered":"Greenpeace se une al mundo de la m\u00fasica con &#8216;Lina y los amigos del arco\u00edris&#8217;, la serie infantil que promueve la conciencia ambiental"},"content":{"rendered":"\n<figure class=\"wp-block-image size-large\"><img loading=\"lazy\" decoding=\"async\" width=\"1024\" height=\"576\" src=\"https:\/\/www.greenpeace.org\/static\/planet4-argentina-stateless\/2024\/03\/1224f221-vlcsnap-2023-11-24-10h59m27s952-1024x576.jpg\" alt=\"\" class=\"wp-image-23293\" srcset=\"https:\/\/www.greenpeace.org\/static\/planet4-argentina-stateless\/2024\/03\/1224f221-vlcsnap-2023-11-24-10h59m27s952-1024x576.jpg 1024w, https:\/\/www.greenpeace.org\/static\/planet4-argentina-stateless\/2024\/03\/1224f221-vlcsnap-2023-11-24-10h59m27s952-300x169.jpg 300w, https:\/\/www.greenpeace.org\/static\/planet4-argentina-stateless\/2024\/03\/1224f221-vlcsnap-2023-11-24-10h59m27s952-768x432.jpg 768w, https:\/\/www.greenpeace.org\/static\/planet4-argentina-stateless\/2024\/03\/1224f221-vlcsnap-2023-11-24-10h59m27s952-1536x864.jpg 1536w, https:\/\/www.greenpeace.org\/static\/planet4-argentina-stateless\/2024\/03\/1224f221-vlcsnap-2023-11-24-10h59m27s952-510x287.jpg 510w, https:\/\/www.greenpeace.org\/static\/planet4-argentina-stateless\/2024\/03\/1224f221-vlcsnap-2023-11-24-10h59m27s952.jpg 1920w\" sizes=\"auto, (max-width: 1024px) 100vw, 1024px\" \/><\/figure>\n\n<p>La revoluci\u00f3n verde hace su entrada triunfal en las plataformas digitales con el lanzamiento de <strong>la primera incursi\u00f3n musical de Greenpeace<\/strong>: <strong>&#8220;Lina y los amigos del arco\u00edris&#8221;.<\/strong> La serie animada infantil, pionera en la creaci\u00f3n de conciencia ambiental, estrena su esperado \u00e1lbum.<\/p>\n\n<figure class=\"wp-block-embed is-type-video is-provider-youtube wp-block-embed-youtube wp-embed-aspect-16-9 wp-has-aspect-ratio\"><div class=\"wp-block-embed__wrapper\">\n<lite-youtube style=\"background-image: url('https:\/\/i.ytimg.com\/vi\/9tTpPuJvyr0\/hqdefault.jpg');\" videoid=\"9tTpPuJvyr0\" params=\"rel=0\"><\/lite-youtube>\n<\/div><\/figure>\n\n<p>Bajo la producci\u00f3n conjunta de<strong> Pop Art, Greenpeace y Focus Entertainment<\/strong>, el disco narra las aventuras de <strong>Lina, una eco-hero\u00edna de 9 a\u00f1os, y su abuelo G\u00fcnter,<\/strong> quienes a bordo de un barco s<strong>e embarcan en la misi\u00f3n de proteger los humedales, promover el reciclaje y defender el mar argentino.<\/strong><\/p>\n\n<figure class=\"wp-block-image size-large\"><img loading=\"lazy\" decoding=\"async\" width=\"1024\" height=\"576\" src=\"https:\/\/www.greenpeace.org\/static\/planet4-argentina-stateless\/2024\/03\/7e87f3a4-vlcsnap-2023-11-24-11h00m43s424-1024x576.jpg\" alt=\"\" class=\"wp-image-23294\" srcset=\"https:\/\/www.greenpeace.org\/static\/planet4-argentina-stateless\/2024\/03\/7e87f3a4-vlcsnap-2023-11-24-11h00m43s424-1024x576.jpg 1024w, https:\/\/www.greenpeace.org\/static\/planet4-argentina-stateless\/2024\/03\/7e87f3a4-vlcsnap-2023-11-24-11h00m43s424-300x169.jpg 300w, https:\/\/www.greenpeace.org\/static\/planet4-argentina-stateless\/2024\/03\/7e87f3a4-vlcsnap-2023-11-24-11h00m43s424-768x432.jpg 768w, https:\/\/www.greenpeace.org\/static\/planet4-argentina-stateless\/2024\/03\/7e87f3a4-vlcsnap-2023-11-24-11h00m43s424-1536x864.jpg 1536w, https:\/\/www.greenpeace.org\/static\/planet4-argentina-stateless\/2024\/03\/7e87f3a4-vlcsnap-2023-11-24-11h00m43s424-510x287.jpg 510w, https:\/\/www.greenpeace.org\/static\/planet4-argentina-stateless\/2024\/03\/7e87f3a4-vlcsnap-2023-11-24-11h00m43s424.jpg 1920w\" sizes=\"auto, (max-width: 1024px) 100vw, 1024px\" \/><\/figure>\n\n<p>El <strong>\u00e1lbum<\/strong>, interpretado por la talentosa cantante y actriz <strong>Natalia Rosminati<\/strong>, junto al reconocido locutor e int\u00e9rprete <strong>Mariano Chiessa<\/strong>, con letras a cargo de Luciano Saracino y m\u00fasica compuesta por Mauro Conforti, es una herramienta invaluable para fomentar la conciencia ecol\u00f3gica entre los m\u00e1s j\u00f3venes.<\/p>\n\n<figure class=\"wp-block-image size-large\"><img loading=\"lazy\" decoding=\"async\" width=\"1024\" height=\"576\" src=\"https:\/\/www.greenpeace.org\/static\/planet4-argentina-stateless\/2024\/03\/29057581-vlcsnap-2023-11-24-10h58m01s388-1024x576.jpg\" alt=\"\" class=\"wp-image-23296\" srcset=\"https:\/\/www.greenpeace.org\/static\/planet4-argentina-stateless\/2024\/03\/29057581-vlcsnap-2023-11-24-10h58m01s388-1024x576.jpg 1024w, https:\/\/www.greenpeace.org\/static\/planet4-argentina-stateless\/2024\/03\/29057581-vlcsnap-2023-11-24-10h58m01s388-300x169.jpg 300w, https:\/\/www.greenpeace.org\/static\/planet4-argentina-stateless\/2024\/03\/29057581-vlcsnap-2023-11-24-10h58m01s388-768x432.jpg 768w, https:\/\/www.greenpeace.org\/static\/planet4-argentina-stateless\/2024\/03\/29057581-vlcsnap-2023-11-24-10h58m01s388-1536x864.jpg 1536w, https:\/\/www.greenpeace.org\/static\/planet4-argentina-stateless\/2024\/03\/29057581-vlcsnap-2023-11-24-10h58m01s388-510x287.jpg 510w, https:\/\/www.greenpeace.org\/static\/planet4-argentina-stateless\/2024\/03\/29057581-vlcsnap-2023-11-24-10h58m01s388.jpg 1920w\" sizes=\"auto, (max-width: 1024px) 100vw, 1024px\" \/><\/figure>\n\n<p>El tema principal, &#8220;<strong>Estamos a tiempo&#8221;<\/strong>, disponible desde el 8 de marzo en Spotify, YouTube, Deezer, Apple Music y Amazon Music, sirve como un <strong>potente llamado a la acci\u00f3n frente al &#8220;desastre ambiental&#8221; que nos rodea<\/strong>. <\/p>\n\n<p>Lina, en la voz de Rosminati, destaca la imperiosa necesidad de un cambio, inspirando a los ni\u00f1os a convertirse en agentes de cambio mediante acciones como el consumo consciente, la separaci\u00f3n de residuos y el compostaje.<\/p>\n\n<figure class=\"wp-block-image size-large\"><img loading=\"lazy\" decoding=\"async\" width=\"1024\" height=\"576\" src=\"https:\/\/www.greenpeace.org\/static\/planet4-argentina-stateless\/2024\/03\/4cf7ec62-captura-de-pantalla-2024-03-07-a-las-11.42.13-1-1024x576.png\" alt=\"\" class=\"wp-image-23295\" srcset=\"https:\/\/www.greenpeace.org\/static\/planet4-argentina-stateless\/2024\/03\/4cf7ec62-captura-de-pantalla-2024-03-07-a-las-11.42.13-1-1024x576.png 1024w, https:\/\/www.greenpeace.org\/static\/planet4-argentina-stateless\/2024\/03\/4cf7ec62-captura-de-pantalla-2024-03-07-a-las-11.42.13-1-300x169.png 300w, https:\/\/www.greenpeace.org\/static\/planet4-argentina-stateless\/2024\/03\/4cf7ec62-captura-de-pantalla-2024-03-07-a-las-11.42.13-1-768x432.png 768w, https:\/\/www.greenpeace.org\/static\/planet4-argentina-stateless\/2024\/03\/4cf7ec62-captura-de-pantalla-2024-03-07-a-las-11.42.13-1-1536x864.png 1536w, https:\/\/www.greenpeace.org\/static\/planet4-argentina-stateless\/2024\/03\/4cf7ec62-captura-de-pantalla-2024-03-07-a-las-11.42.13-1-510x287.png 510w, https:\/\/www.greenpeace.org\/static\/planet4-argentina-stateless\/2024\/03\/4cf7ec62-captura-de-pantalla-2024-03-07-a-las-11.42.13-1.png 1920w\" sizes=\"auto, (max-width: 1024px) 100vw, 1024px\" \/><\/figure>\n\n<p>Este primer sencillo es s\u00f3lo el comienzo. <strong>Desde el 8 de marzo hasta el 19 de abril, todos los viernes se estrenar\u00e1n otras nuevas canciones, con sus respectivos videoclips.<\/strong> &#8220;Tu isla de locura&#8221;, &#8220;Que la semilla rebrote&#8221;, &#8220;Canci\u00f3n de orilla al humedal&#8221;, &#8220;Algo huele mal en el mar&#8221;, &#8220;Glaciar&#8221; y &#8220;Pesca ilegal&#8221;, ser\u00e1n los pr\u00f3ximos lanzamientos de Lina y los amigos del arco\u00edris, disponibles en todas las plataformas digitales.<\/p>\n\n<p>Con estas poderosas melod\u00edas, <strong>Greenpeace espera sembrar la semilla del cambio y empoderar a las futuras generaciones <\/strong>para construir un mundo m\u00e1s sostenible.<\/p>\n\n<h4 class=\"wp-block-heading\"><strong>Sobre Lina y los amigos del arco\u00edris<\/strong><\/h4>\n\n<figure class=\"wp-block-image size-large\"><img loading=\"lazy\" decoding=\"async\" width=\"1024\" height=\"576\" src=\"https:\/\/www.greenpeace.org\/static\/planet4-argentina-stateless\/2024\/03\/dd45aae6-vlcsnap-2023-11-24-11h01m37s777-1024x576.jpg\" alt=\"\" class=\"wp-image-23297\" srcset=\"https:\/\/www.greenpeace.org\/static\/planet4-argentina-stateless\/2024\/03\/dd45aae6-vlcsnap-2023-11-24-11h01m37s777-1024x576.jpg 1024w, https:\/\/www.greenpeace.org\/static\/planet4-argentina-stateless\/2024\/03\/dd45aae6-vlcsnap-2023-11-24-11h01m37s777-300x169.jpg 300w, https:\/\/www.greenpeace.org\/static\/planet4-argentina-stateless\/2024\/03\/dd45aae6-vlcsnap-2023-11-24-11h01m37s777-768x432.jpg 768w, https:\/\/www.greenpeace.org\/static\/planet4-argentina-stateless\/2024\/03\/dd45aae6-vlcsnap-2023-11-24-11h01m37s777-1536x864.jpg 1536w, https:\/\/www.greenpeace.org\/static\/planet4-argentina-stateless\/2024\/03\/dd45aae6-vlcsnap-2023-11-24-11h01m37s777-510x287.jpg 510w, https:\/\/www.greenpeace.org\/static\/planet4-argentina-stateless\/2024\/03\/dd45aae6-vlcsnap-2023-11-24-11h01m37s777.jpg 1920w\" sizes=\"auto, (max-width: 1024px) 100vw, 1024px\" \/><\/figure>\n\n<p><strong><em>Lina y los amigos del arco\u00edris<\/em><\/strong>, el proyecto de Greenpeace en coproducci\u00f3n con Focus Entertainment, es un \u00e9xito y ya acumul\u00f3 m\u00e1s de un mill\u00f3n de reproducciones.<\/p>\n\n<p>La serie animada, que se puede ver a trav\u00e9s del <strong><a href=\"https:\/\/www.youtube.com\/user\/GreenpeaceArgentina\">Canal de Greenpeace en YouTube<\/a> <\/strong>y se emite por Flow, cuenta con 8 episodios y busca acercar tanto a los m\u00e1s peque\u00f1os como a los adultos a las tem\u00e1ticas del cuidado ambiental.<\/p>\n\n<figure class=\"wp-block-image size-large\"><img loading=\"lazy\" decoding=\"async\" width=\"1024\" height=\"576\" src=\"https:\/\/www.greenpeace.org\/static\/planet4-argentina-stateless\/2024\/03\/c84ae7ce-captura-de-pantalla-2024-03-07-a-las-16.53.18-1024x576.png\" alt=\"\" class=\"wp-image-23299\" srcset=\"https:\/\/www.greenpeace.org\/static\/planet4-argentina-stateless\/2024\/03\/c84ae7ce-captura-de-pantalla-2024-03-07-a-las-16.53.18-1024x576.png 1024w, https:\/\/www.greenpeace.org\/static\/planet4-argentina-stateless\/2024\/03\/c84ae7ce-captura-de-pantalla-2024-03-07-a-las-16.53.18-300x169.png 300w, https:\/\/www.greenpeace.org\/static\/planet4-argentina-stateless\/2024\/03\/c84ae7ce-captura-de-pantalla-2024-03-07-a-las-16.53.18-768x432.png 768w, https:\/\/www.greenpeace.org\/static\/planet4-argentina-stateless\/2024\/03\/c84ae7ce-captura-de-pantalla-2024-03-07-a-las-16.53.18-1536x864.png 1536w, https:\/\/www.greenpeace.org\/static\/planet4-argentina-stateless\/2024\/03\/c84ae7ce-captura-de-pantalla-2024-03-07-a-las-16.53.18-510x287.png 510w, https:\/\/www.greenpeace.org\/static\/planet4-argentina-stateless\/2024\/03\/c84ae7ce-captura-de-pantalla-2024-03-07-a-las-16.53.18.png 1640w\" sizes=\"auto, (max-width: 1024px) 100vw, 1024px\" \/><\/figure>\n\n<p>Durante los cap\u00edtulos de 11 minutos, se puede disfrutar de la historia de Lina, el personaje principal de 9 a\u00f1os, que vive con su abuelo G\u00fcnther en un barco que recorre mares y r\u00edos, y aborda misiones ambientalistas para defender los ecosistemas y las especies en peligro.&nbsp;<\/p>\n\n<p>A lo largo de la primera temporada, Lina y sus amigos se enfrentan a diversas aventuras para salvar nuestro planeta. \u00bfAlgunas de ellas? La defensa del mar argentino de la pesca intensiva y la explotaci\u00f3n petrolera y el resguardo de los bosques, a la par que tratan de ofrecer soluciones para bajar los grandes niveles de contaminaci\u00f3n por residuos.<\/p>\n\n<figure class=\"wp-block-image size-large\"><img loading=\"lazy\" decoding=\"async\" width=\"1024\" height=\"576\" src=\"https:\/\/www.greenpeace.org\/static\/planet4-argentina-stateless\/2024\/03\/9c27ed9d-captura-de-pantalla-2023-07-17-094853-1024x576.png\" alt=\"\" class=\"wp-image-23298\" srcset=\"https:\/\/www.greenpeace.org\/static\/planet4-argentina-stateless\/2024\/03\/9c27ed9d-captura-de-pantalla-2023-07-17-094853-1024x576.png 1024w, https:\/\/www.greenpeace.org\/static\/planet4-argentina-stateless\/2024\/03\/9c27ed9d-captura-de-pantalla-2023-07-17-094853-300x169.png 300w, https:\/\/www.greenpeace.org\/static\/planet4-argentina-stateless\/2024\/03\/9c27ed9d-captura-de-pantalla-2023-07-17-094853-768x432.png 768w, https:\/\/www.greenpeace.org\/static\/planet4-argentina-stateless\/2024\/03\/9c27ed9d-captura-de-pantalla-2023-07-17-094853-1536x864.png 1536w, https:\/\/www.greenpeace.org\/static\/planet4-argentina-stateless\/2024\/03\/9c27ed9d-captura-de-pantalla-2023-07-17-094853-510x287.png 510w, https:\/\/www.greenpeace.org\/static\/planet4-argentina-stateless\/2024\/03\/9c27ed9d-captura-de-pantalla-2023-07-17-094853.png 1920w\" sizes=\"auto, (max-width: 1024px) 100vw, 1024px\" \/><\/figure>\n\n<p>Esta producci\u00f3n conjunta entre Greenpeace y Focus Entertainment, con direcci\u00f3n general de Claudio Groppo, y el gui\u00f3n de Luciano Saracino, cuenta con Natalia Rosminati en las voces de Lina e Iris, y Mariano Chiesa, quien le da vida a G\u00fcnther y Alba. Leto Dugatkin, Facundo Reyes e Ignacio Alaniz completan el elenco.<\/p>\n\n<p><strong>Diego Salas<\/strong>, director de Programas de Greenpeace, detall\u00f3 sobre <em>Lina y los amigos del arco\u00edris<\/em>: \u201cEs una serie animada que expone los problemas ambientales que atravesamos desde la mirada de una ni\u00f1a de 9 a\u00f1os. Lina representa la esencia del activismo ambiental, el deseo de luchar por un mundo mejor y m\u00e1s justo, que respete nuestros ecosistemas \u00fanicos y diversos\u201d.<\/p>\n\n<p><strong>Ignacio Oruezabala<\/strong>, director de Contenidos de Greenpeace, se refiri\u00f3 al premio que recibi\u00f3 la serie en el Festival Internacional de Cine para Ni\u00f1os, Ni\u00f1as y J\u00f3venes Ojo de Pescado: \u201cDesde Greenpeace Argentina estamos orgullosos de haber recibido esta menci\u00f3n que refuerza la esencia del activismo ambiental, desde una edad muy peque\u00f1a como la de Lina. Es un refuerzo de que estamos en el camino correcto\u201d.<\/p>\n\n<p><strong>Ficha T\u00e9cnica:<\/strong><\/p>\n\n<ul class=\"wp-block-list\">\n<li>Producto: Serie de TV<\/li>\n\n\n\n<li>Animaci\u00f3n 2D Digital \/ Cut Out<\/li>\n\n\n\n<li>Formato: 4 programas de aproximadamente 23 minutos de duraci\u00f3n cada uno (dos episodios de Lina por cada emisi\u00f3n)<\/li>\n\n\n\n<li>Productora: Focus<\/li>\n\n\n\n<li>Direcci\u00f3n y Producci\u00f3n General &#8211; Claudio Groppo<\/li>\n\n\n\n<li>Guion &#8211; Luciano Saracino<\/li>\n\n\n\n<li>Voces &#8211; Natalia Rosminati, Mariano Chiesa, Leto Dugatkin, Facundo Reyes<\/li>\n\n\n\n<li>Direcci\u00f3n de animaci\u00f3n &#8211; Mariano Vidal<\/li>\n<\/ul>\n\n<h4 class=\"wp-block-heading\"><strong>Sobre los futuros proyectos de Lina y los amigos del arco\u00edris<\/strong><\/h4>\n\n<p>Al estreno del primer \u00e1lbum de la primera serie animada con conciencia ambiental, le seguir\u00e1n otros potentes lanzamientos: el debut de la plataforma digital de <em>Lina y los amigos del arco\u00edris<\/em>; una serie de libros, que ser\u00e1n editados por Riderchild; y la inserci\u00f3n en las escuelas del contenido ambientalista que promueve, con clases magistrales y programas de capacitaci\u00f3n docente.<\/p>\n\n<p><\/p>\n\n<p><\/p>\n","protected":false},"excerpt":{"rendered":"<p>La revoluci\u00f3n verde hace su entrada triunfal en las plataformas digitales con el lanzamiento de la primera incursi\u00f3n musical de Greenpeace: <\/p>\n","protected":false},"author":24,"featured_media":23296,"comment_status":"closed","ping_status":"open","sticky":false,"template":"","format":"standard","meta":{"ep_exclude_from_search":false,"p4_og_title":"Greenpeace se une al mundo de la m\u00fasica con 'Lina y los amigos del arco\u00edris', la serie infantil que promueve la conciencia ambiental","p4_og_description":"La revoluci\u00f3n verde hace su entrada triunfal en las plataformas digitales con el lanzamiento de la primera incursi\u00f3n musical de Greenpeace: \"Lina y los amigos del arco\u00edris\". La serie animada infantil, pionera en la creaci\u00f3n de conciencia ambiental, estrena su esperado \u00e1lbum","p4_og_image":"https:\/\/www.greenpeace.org\/static\/planet4-argentina-stateless\/2024\/03\/29057581-vlcsnap-2023-11-24-10h58m01s388.jpg","p4_og_image_id":"23296","p4_seo_canonical_url":"","p4_campaign_name":"","p4_local_project":"","p4_basket_name":"","p4_department":"","footnotes":""},"categories":[37],"tags":[],"p4-page-type":[16],"class_list":["post-23292","post","type-post","status-publish","format-standard","has-post-thumbnail","hentry","category-greenpeace","p4-page-type-story"],"_links":{"self":[{"href":"https:\/\/www.greenpeace.org\/argentina\/wp-json\/wp\/v2\/posts\/23292","targetHints":{"allow":["GET"]}}],"collection":[{"href":"https:\/\/www.greenpeace.org\/argentina\/wp-json\/wp\/v2\/posts"}],"about":[{"href":"https:\/\/www.greenpeace.org\/argentina\/wp-json\/wp\/v2\/types\/post"}],"author":[{"embeddable":true,"href":"https:\/\/www.greenpeace.org\/argentina\/wp-json\/wp\/v2\/users\/24"}],"replies":[{"embeddable":true,"href":"https:\/\/www.greenpeace.org\/argentina\/wp-json\/wp\/v2\/comments?post=23292"}],"version-history":[{"count":8,"href":"https:\/\/www.greenpeace.org\/argentina\/wp-json\/wp\/v2\/posts\/23292\/revisions"}],"predecessor-version":[{"id":30897,"href":"https:\/\/www.greenpeace.org\/argentina\/wp-json\/wp\/v2\/posts\/23292\/revisions\/30897"}],"wp:featuredmedia":[{"embeddable":true,"href":"https:\/\/www.greenpeace.org\/argentina\/wp-json\/wp\/v2\/media\/23296"}],"wp:attachment":[{"href":"https:\/\/www.greenpeace.org\/argentina\/wp-json\/wp\/v2\/media?parent=23292"}],"wp:term":[{"taxonomy":"category","embeddable":true,"href":"https:\/\/www.greenpeace.org\/argentina\/wp-json\/wp\/v2\/categories?post=23292"},{"taxonomy":"post_tag","embeddable":true,"href":"https:\/\/www.greenpeace.org\/argentina\/wp-json\/wp\/v2\/tags?post=23292"},{"taxonomy":"p4-page-type","embeddable":true,"href":"https:\/\/www.greenpeace.org\/argentina\/wp-json\/wp\/v2\/p4-page-type?post=23292"}],"curies":[{"name":"wp","href":"https:\/\/api.w.org\/{rel}","templated":true}]}}