{"id":24723,"date":"2024-07-16T11:35:47","date_gmt":"2024-07-16T14:35:47","guid":{"rendered":"https:\/\/www.greenpeace.org\/argentina\/?p=24723"},"modified":"2025-07-02T04:31:39","modified_gmt":"2025-07-02T07:31:39","slug":"greenpeace-denuncia-a-los-duenos-de-manaos-por-un-gigantesco-desmonte-de-10-000-hectareas","status":"publish","type":"post","link":"https:\/\/www.greenpeace.org\/argentina\/story\/problemas\/bosques\/greenpeace-denuncia-a-los-duenos-de-manaos-por-un-gigantesco-desmonte-de-10-000-hectareas\/","title":{"rendered":"Greenpeace denuncia a los due\u00f1os de Manaos por un gigantesco desmonte de 10.000 hect\u00e1reas\u00a0"},"content":{"rendered":"\n<figure class=\"wp-block-image size-large\"><img loading=\"lazy\" decoding=\"async\" width=\"1024\" height=\"683\" src=\"https:\/\/www.greenpeace.org\/static\/planet4-argentina-stateless\/2024\/07\/584c6aa6-gpa_desmontes_sdee_07-1024x683.jpg\" alt=\"\" class=\"wp-image-24728\" srcset=\"https:\/\/www.greenpeace.org\/static\/planet4-argentina-stateless\/2024\/07\/584c6aa6-gpa_desmontes_sdee_07-1024x683.jpg 1024w, https:\/\/www.greenpeace.org\/static\/planet4-argentina-stateless\/2024\/07\/584c6aa6-gpa_desmontes_sdee_07-300x200.jpg 300w, https:\/\/www.greenpeace.org\/static\/planet4-argentina-stateless\/2024\/07\/584c6aa6-gpa_desmontes_sdee_07-768x512.jpg 768w, https:\/\/www.greenpeace.org\/static\/planet4-argentina-stateless\/2024\/07\/584c6aa6-gpa_desmontes_sdee_07-1536x1024.jpg 1536w, https:\/\/www.greenpeace.org\/static\/planet4-argentina-stateless\/2024\/07\/584c6aa6-gpa_desmontes_sdee_07-2048x1366.jpg 2048w, https:\/\/www.greenpeace.org\/static\/planet4-argentina-stateless\/2024\/07\/584c6aa6-gpa_desmontes_sdee_07-510x340.jpg 510w\" sizes=\"auto, (max-width: 1024px) 100vw, 1024px\" \/><figcaption><div class=\"credit icon-left\"> \u00a9 Mart\u00edn Katz \/ Greenpeace<\/div><\/figcaption><\/figure>\n\n<h4 class=\"wp-block-heading\"><strong>Santiago del Estero, 16 de julio de 2024.- La organizaci\u00f3n ecologista document\u00f3 un desmonte de m\u00e1s de 10.000 hect\u00e1reas en Santiago del Estero que est\u00e1 ejecutando la familia Canido, due\u00f1a de la empresa Refres Now, que produce la gaseosa Manaos. Convocan a la ciudadan\u00eda a reclamar a la empresa que detenga las topadoras.&nbsp;&nbsp;<\/strong><\/h4>\n\n<p><em>\u201cDescubrimos que <strong>los due\u00f1os de Manaos est\u00e1n realizando un gigantesco desmonte, del tama\u00f1o de media ciudad de Buenos Aires<\/strong>, para hacer producci\u00f3n ganadera, cerca de Nueva Esperanza, en el norte de Santiago del Estero. Tienen permisos del gobierno provincial en una zona donde la Ley Nacional de Bosques proh\u00edbe deforestar.<strong> Hay una evidente complicidad para avanzar impunemente con este ecocidio<\/strong>\u201d<\/em>, se\u00f1al\u00f3 Hern\u00e1n Giardini, coordinador de la campa\u00f1a de Bosques de Greenpeace Argentina.&nbsp;<\/p>\n\n<figure class=\"wp-block-embed is-type-video is-provider-youtube wp-block-embed-youtube wp-embed-aspect-16-9 wp-has-aspect-ratio\"><div class=\"wp-block-embed__wrapper\">\n<iframe loading=\"lazy\" title=\"MANAOS = DEFORESTACI\u00d3N\" width=\"500\" height=\"281\" src=\"https:\/\/www.youtube.com\/embed\/D2b01VqLo74?feature=oembed\" frameborder=\"0\" allow=\"accelerometer; autoplay; clipboard-write; encrypted-media; gyroscope; picture-in-picture; web-share\" referrerpolicy=\"strict-origin-when-cross-origin\" allowfullscreen><\/iframe>\n<\/div><\/figure>\n\n<div class=\"wp-block-buttons is-content-justification-center is-layout-flex wp-container-core-buttons-is-layout-16018d1d wp-block-buttons-is-layout-flex\">\n<div class=\"wp-block-button is-style-cta\"><a class=\"wp-block-button__link wp-element-button\" href=\"https:\/\/excesodedesmontes.org\/\"><strong>Exigile con tu firma a los due\u00f1os de Manaos que paren de deforestar.<\/strong><\/a><\/div>\n<\/div>\n\n<p>La <strong>familia Canido<\/strong> posee varias fincas en la provincia de<strong> <\/strong>Santiago del Estero, donde desde hace una d\u00e9cada viene deforestando para desarrollo agropecuario y manteniendo conflictos con familias campesinas e ind\u00edgenas. Greenpeace ya la denunci\u00f3 en el a\u00f1o 2016. (1)<\/p>\n\n<figure class=\"wp-block-image size-full\"><img loading=\"lazy\" decoding=\"async\" width=\"2560\" height=\"1706\" src=\"https:\/\/www.greenpeace.org\/static\/planet4-argentina-stateless\/2024\/07\/ef7c69d7-gpa_desmontes_sdee_05-scaled.jpg\" alt=\"\" class=\"wp-image-24732\" srcset=\"https:\/\/www.greenpeace.org\/static\/planet4-argentina-stateless\/2024\/07\/ef7c69d7-gpa_desmontes_sdee_05-scaled.jpg 2560w, https:\/\/www.greenpeace.org\/static\/planet4-argentina-stateless\/2024\/07\/ef7c69d7-gpa_desmontes_sdee_05-300x200.jpg 300w, https:\/\/www.greenpeace.org\/static\/planet4-argentina-stateless\/2024\/07\/ef7c69d7-gpa_desmontes_sdee_05-1024x683.jpg 1024w, https:\/\/www.greenpeace.org\/static\/planet4-argentina-stateless\/2024\/07\/ef7c69d7-gpa_desmontes_sdee_05-768x512.jpg 768w, https:\/\/www.greenpeace.org\/static\/planet4-argentina-stateless\/2024\/07\/ef7c69d7-gpa_desmontes_sdee_05-1536x1024.jpg 1536w, https:\/\/www.greenpeace.org\/static\/planet4-argentina-stateless\/2024\/07\/ef7c69d7-gpa_desmontes_sdee_05-2048x1366.jpg 2048w, https:\/\/www.greenpeace.org\/static\/planet4-argentina-stateless\/2024\/07\/ef7c69d7-gpa_desmontes_sdee_05-510x340.jpg 510w\" sizes=\"auto, (max-width: 2560px) 100vw, 2560px\" \/><figcaption><div class=\"credit icon-left\"> \u00a9 Mart\u00edn Katz \/ Greenpeace<\/div><\/figcaption><\/figure>\n\n<p><em>\u201cLas <strong>topadoras no se detienen y afectan la rica biodiversidad de la regi\u00f3n<\/strong>; especies como el oso hormiguero, la corzuela, el pecar\u00ed, el loro hablador, y la tortuga terrestre se ven amenazadas. Adem\u00e1s, se trata de la zona de pastoreo y uso del monte de comunidades campesinas.<strong> Convocamos a la gente a reclamar a los due\u00f1os de Manaos que paren de deforestar<\/strong>\u201d<\/em>, afirm\u00f3 Giardini.<\/p>\n\n<figure class=\"wp-block-image size-large\"><img loading=\"lazy\" decoding=\"async\" width=\"1024\" height=\"683\" src=\"https:\/\/www.greenpeace.org\/static\/planet4-argentina-stateless\/2024\/07\/19baeb0f-gpa_desmontes_sdee_08-1024x683.jpg\" alt=\"\" class=\"wp-image-24729\" srcset=\"https:\/\/www.greenpeace.org\/static\/planet4-argentina-stateless\/2024\/07\/19baeb0f-gpa_desmontes_sdee_08-1024x683.jpg 1024w, https:\/\/www.greenpeace.org\/static\/planet4-argentina-stateless\/2024\/07\/19baeb0f-gpa_desmontes_sdee_08-300x200.jpg 300w, https:\/\/www.greenpeace.org\/static\/planet4-argentina-stateless\/2024\/07\/19baeb0f-gpa_desmontes_sdee_08-768x512.jpg 768w, https:\/\/www.greenpeace.org\/static\/planet4-argentina-stateless\/2024\/07\/19baeb0f-gpa_desmontes_sdee_08-1536x1024.jpg 1536w, https:\/\/www.greenpeace.org\/static\/planet4-argentina-stateless\/2024\/07\/19baeb0f-gpa_desmontes_sdee_08-2048x1366.jpg 2048w, https:\/\/www.greenpeace.org\/static\/planet4-argentina-stateless\/2024\/07\/19baeb0f-gpa_desmontes_sdee_08-510x340.jpg 510w\" sizes=\"auto, (max-width: 1024px) 100vw, 1024px\" \/><figcaption><div class=\"credit icon-left\"> \u00a9 Mart\u00edn Katz \/ Greenpeace<\/div><\/figcaption><\/figure>\n\n<figure class=\"wp-block-image size-large\"><img loading=\"lazy\" decoding=\"async\" width=\"1024\" height=\"683\" src=\"https:\/\/www.greenpeace.org\/static\/planet4-argentina-stateless\/2024\/07\/0fbfb4c9-gpa_desmontes_sdee_06-1024x683.jpg\" alt=\"\" class=\"wp-image-24731\" srcset=\"https:\/\/www.greenpeace.org\/static\/planet4-argentina-stateless\/2024\/07\/0fbfb4c9-gpa_desmontes_sdee_06-1024x683.jpg 1024w, https:\/\/www.greenpeace.org\/static\/planet4-argentina-stateless\/2024\/07\/0fbfb4c9-gpa_desmontes_sdee_06-300x200.jpg 300w, https:\/\/www.greenpeace.org\/static\/planet4-argentina-stateless\/2024\/07\/0fbfb4c9-gpa_desmontes_sdee_06-768x512.jpg 768w, https:\/\/www.greenpeace.org\/static\/planet4-argentina-stateless\/2024\/07\/0fbfb4c9-gpa_desmontes_sdee_06-1536x1024.jpg 1536w, https:\/\/www.greenpeace.org\/static\/planet4-argentina-stateless\/2024\/07\/0fbfb4c9-gpa_desmontes_sdee_06-2048x1366.jpg 2048w, https:\/\/www.greenpeace.org\/static\/planet4-argentina-stateless\/2024\/07\/0fbfb4c9-gpa_desmontes_sdee_06-510x340.jpg 510w\" sizes=\"auto, (max-width: 1024px) 100vw, 1024px\" \/><figcaption><div class=\"credit icon-left\"> \u00a9 Mart\u00edn Katz \/ Greenpeace<\/div><\/figcaption><\/figure>\n\n<p class=\"has-grey-200-background-color has-background\"><strong>En la p\u00e1gina <a href=\"https:\/\/excesodedesmontes.org\/\">excesodedesmontes.org<\/a> se puede firmar la petici\u00f3n a la empresa para que frene el desmonte.<\/strong><\/p>\n\n<p><strong>Santiago del Estero es la provincia con m\u00e1s deforestaci\u00f3n del pa\u00eds de las \u00faltimas d\u00e9cadas<\/strong>. Seg\u00fan datos oficiales, desde 1998 en la provincia se desmontaron m\u00e1s de 2 millones de hect\u00e1reas de bosques nativos. (2)<\/p>\n\n<figure class=\"wp-block-image size-large\"><img loading=\"lazy\" decoding=\"async\" width=\"1024\" height=\"683\" src=\"https:\/\/www.greenpeace.org\/static\/planet4-argentina-stateless\/2024\/07\/bb6e1ba1-gpa_desmontes_sdee_04-1024x683.jpg\" alt=\"\" class=\"wp-image-24730\" srcset=\"https:\/\/www.greenpeace.org\/static\/planet4-argentina-stateless\/2024\/07\/bb6e1ba1-gpa_desmontes_sdee_04-1024x683.jpg 1024w, https:\/\/www.greenpeace.org\/static\/planet4-argentina-stateless\/2024\/07\/bb6e1ba1-gpa_desmontes_sdee_04-300x200.jpg 300w, https:\/\/www.greenpeace.org\/static\/planet4-argentina-stateless\/2024\/07\/bb6e1ba1-gpa_desmontes_sdee_04-768x512.jpg 768w, https:\/\/www.greenpeace.org\/static\/planet4-argentina-stateless\/2024\/07\/bb6e1ba1-gpa_desmontes_sdee_04-1536x1024.jpg 1536w, https:\/\/www.greenpeace.org\/static\/planet4-argentina-stateless\/2024\/07\/bb6e1ba1-gpa_desmontes_sdee_04-2048x1366.jpg 2048w, https:\/\/www.greenpeace.org\/static\/planet4-argentina-stateless\/2024\/07\/bb6e1ba1-gpa_desmontes_sdee_04-510x340.jpg 510w\" sizes=\"auto, (max-width: 1024px) 100vw, 1024px\" \/><figcaption><div class=\"credit icon-left\"> \u00a9 Mart\u00edn Katz \/ Greenpeace<\/div><\/figcaption><\/figure>\n\n<figure class=\"wp-block-image size-large\"><img loading=\"lazy\" decoding=\"async\" width=\"1024\" height=\"683\" src=\"https:\/\/www.greenpeace.org\/static\/planet4-argentina-stateless\/2024\/07\/a37204c9-gpa_desmontes_sdee_03-1024x683.jpg\" alt=\"\" class=\"wp-image-24733\" srcset=\"https:\/\/www.greenpeace.org\/static\/planet4-argentina-stateless\/2024\/07\/a37204c9-gpa_desmontes_sdee_03-1024x683.jpg 1024w, https:\/\/www.greenpeace.org\/static\/planet4-argentina-stateless\/2024\/07\/a37204c9-gpa_desmontes_sdee_03-300x200.jpg 300w, https:\/\/www.greenpeace.org\/static\/planet4-argentina-stateless\/2024\/07\/a37204c9-gpa_desmontes_sdee_03-768x512.jpg 768w, https:\/\/www.greenpeace.org\/static\/planet4-argentina-stateless\/2024\/07\/a37204c9-gpa_desmontes_sdee_03-1536x1024.jpg 1536w, https:\/\/www.greenpeace.org\/static\/planet4-argentina-stateless\/2024\/07\/a37204c9-gpa_desmontes_sdee_03-2048x1366.jpg 2048w, https:\/\/www.greenpeace.org\/static\/planet4-argentina-stateless\/2024\/07\/a37204c9-gpa_desmontes_sdee_03-510x340.jpg 510w\" sizes=\"auto, (max-width: 1024px) 100vw, 1024px\" \/><figcaption><div class=\"credit icon-left\"> \u00a9 Mart\u00edn Katz \/ Greenpeace<\/div><\/figcaption><\/figure>\n\n<p>\u201c<em>Frente a la <strong>grave crisis clim\u00e1tica y de biodiversidad<\/strong> en la que nos encontramos, resulta clave proteger nuestros \u00faltimos bosques. Seguir deforestando implica m\u00e1s cambio clim\u00e1tico, m\u00e1s desaparici\u00f3n de especies, m\u00e1s inundaciones, m\u00e1s desertificaci\u00f3n, m\u00e1s enfermedades, m\u00e1s desalojos de campesinos e ind\u00edgenas, y m\u00e1s p\u00e9rdida de alimentos, maderas y medicinas. <strong>Destruir bosques es un crimen que debe convertirse en un delito penal\u201d<\/strong>,<\/em> finaliz\u00f3 Giardini.<\/p>\n\n<p><strong>Notas:&nbsp;<\/strong><\/p>\n\n<ol class=\"wp-block-list\">\n<li><a href=\"https:\/\/www.greenpeace.org\/static\/planet4-argentina-stateless\/2024\/01\/61235dc2-informe-desmontes-sa-3-final.pdf\">Informe de Greenpeace \u201cDesmontes S.A. Parte 3. El mapa del delito forestal en Argentina\u201d<\/a> <\/li>\n\n\n\n<li><a href=\"https:\/\/www.argentina.gob.ar\/ambiente\/bosques\/umsef&nbsp;\">https:\/\/www.argentina.gob.ar\/ambiente\/bosques\/umsef&nbsp;<\/a><\/li>\n<\/ol>\n","protected":false},"excerpt":{"rendered":"<p>Descubrimos que los due\u00f1os de Manaos est\u00e1n realizando un gigantesco desmonte, del tama\u00f1o de media ciudad de Buenos Aires.<\/p>\n","protected":false},"author":24,"featured_media":24728,"comment_status":"closed","ping_status":"open","sticky":false,"template":"","format":"standard","meta":{"ep_exclude_from_search":false,"p4_og_title":"Greenpeace denuncia a los due\u00f1os de Manaos por un gigantesco desmonte de 10.000 hect\u00e1reas\u00a0","p4_og_description":"Documentamos un desmonte de m\u00e1s de 10.000 hect\u00e1reas en Santiago del Estero que est\u00e1 ejecutando la familia Canido, due\u00f1a de la empresa Refres Now, que produce la gaseosa Manaos","p4_og_image":"https:\/\/www.greenpeace.org\/static\/planet4-argentina-stateless\/2024\/07\/584c6aa6-gpa_desmontes_sdee_07-scaled.jpg","p4_og_image_id":"24728","p4_seo_canonical_url":"","p4_campaign_name":"","p4_local_project":"","p4_basket_name":"","p4_department":"","footnotes":""},"categories":[2],"tags":[46],"p4-page-type":[16],"class_list":["post-24723","post","type-post","status-publish","format-standard","has-post-thumbnail","hentry","category-bosques","tag-destruirbosquesesuncrimen","p4-page-type-story"],"_links":{"self":[{"href":"https:\/\/www.greenpeace.org\/argentina\/wp-json\/wp\/v2\/posts\/24723","targetHints":{"allow":["GET"]}}],"collection":[{"href":"https:\/\/www.greenpeace.org\/argentina\/wp-json\/wp\/v2\/posts"}],"about":[{"href":"https:\/\/www.greenpeace.org\/argentina\/wp-json\/wp\/v2\/types\/post"}],"author":[{"embeddable":true,"href":"https:\/\/www.greenpeace.org\/argentina\/wp-json\/wp\/v2\/users\/24"}],"replies":[{"embeddable":true,"href":"https:\/\/www.greenpeace.org\/argentina\/wp-json\/wp\/v2\/comments?post=24723"}],"version-history":[{"count":6,"href":"https:\/\/www.greenpeace.org\/argentina\/wp-json\/wp\/v2\/posts\/24723\/revisions"}],"predecessor-version":[{"id":30614,"href":"https:\/\/www.greenpeace.org\/argentina\/wp-json\/wp\/v2\/posts\/24723\/revisions\/30614"}],"wp:featuredmedia":[{"embeddable":true,"href":"https:\/\/www.greenpeace.org\/argentina\/wp-json\/wp\/v2\/media\/24728"}],"wp:attachment":[{"href":"https:\/\/www.greenpeace.org\/argentina\/wp-json\/wp\/v2\/media?parent=24723"}],"wp:term":[{"taxonomy":"category","embeddable":true,"href":"https:\/\/www.greenpeace.org\/argentina\/wp-json\/wp\/v2\/categories?post=24723"},{"taxonomy":"post_tag","embeddable":true,"href":"https:\/\/www.greenpeace.org\/argentina\/wp-json\/wp\/v2\/tags?post=24723"},{"taxonomy":"p4-page-type","embeddable":true,"href":"https:\/\/www.greenpeace.org\/argentina\/wp-json\/wp\/v2\/p4-page-type?post=24723"}],"curies":[{"name":"wp","href":"https:\/\/api.w.org\/{rel}","templated":true}]}}