{"id":24876,"date":"2024-07-23T18:30:15","date_gmt":"2024-07-23T21:30:15","guid":{"rendered":"https:\/\/www.greenpeace.org\/argentina\/?p=24876"},"modified":"2024-07-29T12:35:15","modified_gmt":"2024-07-29T15:35:15","slug":"activistas-de-greenpeace-bloquearon-topadoras-en-un-enorme-desmonte-de-los-duenos-de-manaos","status":"publish","type":"post","link":"https:\/\/www.greenpeace.org\/argentina\/story\/problemas\/bosques\/activistas-de-greenpeace-bloquearon-topadoras-en-un-enorme-desmonte-de-los-duenos-de-manaos\/","title":{"rendered":"Activistas de Greenpeace bloquearon topadoras en un enorme desmonte de los due\u00f1os de Manaos"},"content":{"rendered":"\n<figure class=\"wp-block-image size-large\"><img loading=\"lazy\" decoding=\"async\" width=\"1024\" height=\"683\" src=\"https:\/\/www.greenpeace.org\/static\/planet4-argentina-stateless\/2024\/07\/d1258432-gpa_desmonte-manaos-19-juan-pablo-eijo-greenpeace-1024x683.jpg\" alt=\"\" class=\"wp-image-24877\" srcset=\"https:\/\/www.greenpeace.org\/static\/planet4-argentina-stateless\/2024\/07\/d1258432-gpa_desmonte-manaos-19-juan-pablo-eijo-greenpeace-1024x683.jpg 1024w, https:\/\/www.greenpeace.org\/static\/planet4-argentina-stateless\/2024\/07\/d1258432-gpa_desmonte-manaos-19-juan-pablo-eijo-greenpeace-300x200.jpg 300w, https:\/\/www.greenpeace.org\/static\/planet4-argentina-stateless\/2024\/07\/d1258432-gpa_desmonte-manaos-19-juan-pablo-eijo-greenpeace-768x513.jpg 768w, https:\/\/www.greenpeace.org\/static\/planet4-argentina-stateless\/2024\/07\/d1258432-gpa_desmonte-manaos-19-juan-pablo-eijo-greenpeace-1536x1025.jpg 1536w, https:\/\/www.greenpeace.org\/static\/planet4-argentina-stateless\/2024\/07\/d1258432-gpa_desmonte-manaos-19-juan-pablo-eijo-greenpeace-2048x1366.jpg 2048w, https:\/\/www.greenpeace.org\/static\/planet4-argentina-stateless\/2024\/07\/d1258432-gpa_desmonte-manaos-19-juan-pablo-eijo-greenpeace-510x340.jpg 510w\" sizes=\"auto, (max-width: 1024px) 100vw, 1024px\" \/><figcaption class=\"wp-element-caption\">&nbsp;\u00a9 Juan Pablo Eijo \/ Greenpeace<div class=\"credit icon-left\"> \u00a9 Ju\u00e1n Eijo \/ Greenpeace<\/div><\/figcaption><\/figure>\n\n<h4 class=\"wp-block-heading\"><strong>Santiago del Estero, 23 de julio de 2024.- Integrantes de la organizaci\u00f3n ecologista bloquearon dos topadoras contratadas por la familia Canido, que produce la gaseosa Manaos. Las m\u00e1quinas estaban realizando la deforestaci\u00f3n de m\u00e1s de 10.000 hect\u00e1reas en el norte de Santiago del Estero.&nbsp;<\/strong><\/h4>\n\n<figure class=\"wp-block-image size-large\"><img loading=\"lazy\" decoding=\"async\" width=\"1024\" height=\"684\" src=\"https:\/\/www.greenpeace.org\/static\/planet4-argentina-stateless\/2024\/07\/f30f4bee-gpa_desmonte-manaos-21-osvaldo-tesoro-greenpeace-1024x684.jpg\" alt=\"\" class=\"wp-image-24882\" srcset=\"https:\/\/www.greenpeace.org\/static\/planet4-argentina-stateless\/2024\/07\/f30f4bee-gpa_desmonte-manaos-21-osvaldo-tesoro-greenpeace-1024x684.jpg 1024w, https:\/\/www.greenpeace.org\/static\/planet4-argentina-stateless\/2024\/07\/f30f4bee-gpa_desmonte-manaos-21-osvaldo-tesoro-greenpeace-300x200.jpg 300w, https:\/\/www.greenpeace.org\/static\/planet4-argentina-stateless\/2024\/07\/f30f4bee-gpa_desmonte-manaos-21-osvaldo-tesoro-greenpeace-768x513.jpg 768w, https:\/\/www.greenpeace.org\/static\/planet4-argentina-stateless\/2024\/07\/f30f4bee-gpa_desmonte-manaos-21-osvaldo-tesoro-greenpeace-1536x1026.jpg 1536w, https:\/\/www.greenpeace.org\/static\/planet4-argentina-stateless\/2024\/07\/f30f4bee-gpa_desmonte-manaos-21-osvaldo-tesoro-greenpeace-2048x1367.jpg 2048w, https:\/\/www.greenpeace.org\/static\/planet4-argentina-stateless\/2024\/07\/f30f4bee-gpa_desmonte-manaos-21-osvaldo-tesoro-greenpeace-2046x1366.jpg 2046w, https:\/\/www.greenpeace.org\/static\/planet4-argentina-stateless\/2024\/07\/f30f4bee-gpa_desmonte-manaos-21-osvaldo-tesoro-greenpeace-510x340.jpg 510w\" sizes=\"auto, (max-width: 1024px) 100vw, 1024px\" \/><figcaption class=\"wp-element-caption\">Las dos topadoras estaban arrasando los bosques de la estancia \u201cAlgarrobal Viejo\u201d, ubicada a 45 kil\u00f3metros de Nueva Esperanza, Santiago del Estero &#8211; \u00a9 Osvaldo Tesoro \/ Greenpeace<\/figcaption><\/figure>\n\n<p><em>\u201cAnte la grave crisis clim\u00e1tica y de biodiversidad en la que nos encontramos, resulta fundamental proteger nuestros \u00faltimos bosques nativos. Es inaceptable que se siga avanzando con este gigantesco desmonte. <strong>Las topadoras de los due\u00f1os de Manaos ya arrasaron bosques en una superficie equivalente a media ciudad de Buenos Aires. <\/strong>Es un <strong>ecocidio<\/strong> que no debe continuar\u201d, <\/em>se\u00f1al\u00f3 Hern\u00e1n Giardini, coordinador de la campa\u00f1a de Bosques de Greenpeace Argentina.\u00a0<\/p>\n\n<figure class=\"wp-block-embed is-type-video is-provider-youtube wp-block-embed-youtube wp-embed-aspect-16-9 wp-has-aspect-ratio\"><div class=\"wp-block-embed__wrapper\">\n<iframe loading=\"lazy\" title=\"Bloqueamos topadoras en un enorme desmonte de los due\u00f1os de Manaos\" width=\"500\" height=\"281\" src=\"https:\/\/www.youtube.com\/embed\/b5P5zZWjpBQ?feature=oembed\" frameborder=\"0\" allow=\"accelerometer; autoplay; clipboard-write; encrypted-media; gyroscope; picture-in-picture; web-share\" referrerpolicy=\"strict-origin-when-cross-origin\" allowfullscreen><\/iframe>\n<\/div><\/figure>\n\n<figure class=\"wp-block-image size-large\"><img loading=\"lazy\" decoding=\"async\" width=\"1024\" height=\"684\" src=\"https:\/\/www.greenpeace.org\/static\/planet4-argentina-stateless\/2024\/07\/1ca26706-gpa_desmonte-manaos-27-osvaldo-tesoro-greenpeace-1024x684.jpg\" alt=\"\" class=\"wp-image-24884\" srcset=\"https:\/\/www.greenpeace.org\/static\/planet4-argentina-stateless\/2024\/07\/1ca26706-gpa_desmonte-manaos-27-osvaldo-tesoro-greenpeace-1024x684.jpg 1024w, https:\/\/www.greenpeace.org\/static\/planet4-argentina-stateless\/2024\/07\/1ca26706-gpa_desmonte-manaos-27-osvaldo-tesoro-greenpeace-300x200.jpg 300w, https:\/\/www.greenpeace.org\/static\/planet4-argentina-stateless\/2024\/07\/1ca26706-gpa_desmonte-manaos-27-osvaldo-tesoro-greenpeace-768x513.jpg 768w, https:\/\/www.greenpeace.org\/static\/planet4-argentina-stateless\/2024\/07\/1ca26706-gpa_desmonte-manaos-27-osvaldo-tesoro-greenpeace-1536x1026.jpg 1536w, https:\/\/www.greenpeace.org\/static\/planet4-argentina-stateless\/2024\/07\/1ca26706-gpa_desmonte-manaos-27-osvaldo-tesoro-greenpeace-2048x1367.jpg 2048w, https:\/\/www.greenpeace.org\/static\/planet4-argentina-stateless\/2024\/07\/1ca26706-gpa_desmonte-manaos-27-osvaldo-tesoro-greenpeace-2046x1366.jpg 2046w, https:\/\/www.greenpeace.org\/static\/planet4-argentina-stateless\/2024\/07\/1ca26706-gpa_desmonte-manaos-27-osvaldo-tesoro-greenpeace-510x340.jpg 510w\" sizes=\"auto, (max-width: 1024px) 100vw, 1024px\" \/><figcaption class=\"wp-element-caption\">&nbsp;\u00a9 Osvaldo Tesoro \/ Greenpeace<\/figcaption><\/figure>\n\n<figure class=\"wp-block-image size-large\"><img loading=\"lazy\" decoding=\"async\" width=\"1024\" height=\"683\" src=\"https:\/\/www.greenpeace.org\/static\/planet4-argentina-stateless\/2024\/07\/67cd1e08-gpa_desmonte-manaos-17-juan-pablo-eijo-greenpeace-1024x683.jpg\" alt=\"\" class=\"wp-image-24880\" srcset=\"https:\/\/www.greenpeace.org\/static\/planet4-argentina-stateless\/2024\/07\/67cd1e08-gpa_desmonte-manaos-17-juan-pablo-eijo-greenpeace-1024x683.jpg 1024w, https:\/\/www.greenpeace.org\/static\/planet4-argentina-stateless\/2024\/07\/67cd1e08-gpa_desmonte-manaos-17-juan-pablo-eijo-greenpeace-300x200.jpg 300w, https:\/\/www.greenpeace.org\/static\/planet4-argentina-stateless\/2024\/07\/67cd1e08-gpa_desmonte-manaos-17-juan-pablo-eijo-greenpeace-768x513.jpg 768w, https:\/\/www.greenpeace.org\/static\/planet4-argentina-stateless\/2024\/07\/67cd1e08-gpa_desmonte-manaos-17-juan-pablo-eijo-greenpeace-1536x1025.jpg 1536w, https:\/\/www.greenpeace.org\/static\/planet4-argentina-stateless\/2024\/07\/67cd1e08-gpa_desmonte-manaos-17-juan-pablo-eijo-greenpeace-2048x1366.jpg 2048w, https:\/\/www.greenpeace.org\/static\/planet4-argentina-stateless\/2024\/07\/67cd1e08-gpa_desmonte-manaos-17-juan-pablo-eijo-greenpeace-510x340.jpg 510w\" sizes=\"auto, (max-width: 1024px) 100vw, 1024px\" \/><figcaption class=\"wp-element-caption\">\u00a9 Juan Pablo Eijo \/ Greenpeace<\/figcaption><\/figure>\n\n<p>Las dos topadoras estaban arrasando los bosques de la estancia \u201cAlgarrobal Viejo\u201d, ubicada a 45 kil\u00f3metros de Nueva Esperanza, Santiago del Estero. Las<strong> m\u00e1quinas fueron detectadas mediante im\u00e1genes satelitales y sobrevuelos en helic\u00f3ptero<\/strong>. Los activistas de la organizaci\u00f3n ecologista <strong>se interpusieron entre las topadoras y el bosque; y luego bloquearon su funcionamiento mediante la instalaci\u00f3n de cepos en las palancas de manejo.<\/strong>&nbsp;&nbsp;&nbsp;<\/p>\n\n<figure class=\"wp-block-image size-large\"><img loading=\"lazy\" decoding=\"async\" width=\"1024\" height=\"684\" src=\"https:\/\/www.greenpeace.org\/static\/planet4-argentina-stateless\/2024\/07\/5c51e199-gpa_desmonte-manaos-08-osvaldo-tesoro-greenpeace-1024x684.jpg\" alt=\"\" class=\"wp-image-24887\" srcset=\"https:\/\/www.greenpeace.org\/static\/planet4-argentina-stateless\/2024\/07\/5c51e199-gpa_desmonte-manaos-08-osvaldo-tesoro-greenpeace-1024x684.jpg 1024w, https:\/\/www.greenpeace.org\/static\/planet4-argentina-stateless\/2024\/07\/5c51e199-gpa_desmonte-manaos-08-osvaldo-tesoro-greenpeace-300x200.jpg 300w, https:\/\/www.greenpeace.org\/static\/planet4-argentina-stateless\/2024\/07\/5c51e199-gpa_desmonte-manaos-08-osvaldo-tesoro-greenpeace-768x513.jpg 768w, https:\/\/www.greenpeace.org\/static\/planet4-argentina-stateless\/2024\/07\/5c51e199-gpa_desmonte-manaos-08-osvaldo-tesoro-greenpeace-1536x1026.jpg 1536w, https:\/\/www.greenpeace.org\/static\/planet4-argentina-stateless\/2024\/07\/5c51e199-gpa_desmonte-manaos-08-osvaldo-tesoro-greenpeace-2048x1367.jpg 2048w, https:\/\/www.greenpeace.org\/static\/planet4-argentina-stateless\/2024\/07\/5c51e199-gpa_desmonte-manaos-08-osvaldo-tesoro-greenpeace-2046x1366.jpg 2046w, https:\/\/www.greenpeace.org\/static\/planet4-argentina-stateless\/2024\/07\/5c51e199-gpa_desmonte-manaos-08-osvaldo-tesoro-greenpeace-510x340.jpg 510w\" sizes=\"auto, (max-width: 1024px) 100vw, 1024px\" \/><figcaption class=\"wp-element-caption\">&nbsp;\u00a9 Osvaldo Tesoro \/ Greenpeace<\/figcaption><\/figure>\n\n<p>Desde hace una d\u00e9cada la <strong>familia Canido<\/strong> viene deforestando en varias fincas en la provincia de<strong> <\/strong>Santiago del Estero, para desarrollo agropecuario, <strong>manteniendo conflictos con familias campesinas e ind\u00edgenas.<\/strong> Greenpeace ya los denunci\u00f3 en el a\u00f1o 2016. (1)<\/p>\n\n<figure class=\"wp-block-image aligncenter size-large\"><img loading=\"lazy\" decoding=\"async\" width=\"683\" height=\"1024\" src=\"https:\/\/www.greenpeace.org\/static\/planet4-argentina-stateless\/2024\/07\/9b8c6e64-gpa_desmonte-manaos-12-juan-pablo-eijo-greenpeace-683x1024.jpg\" alt=\"\" class=\"wp-image-24886\" srcset=\"https:\/\/www.greenpeace.org\/static\/planet4-argentina-stateless\/2024\/07\/9b8c6e64-gpa_desmonte-manaos-12-juan-pablo-eijo-greenpeace-683x1024.jpg 683w, https:\/\/www.greenpeace.org\/static\/planet4-argentina-stateless\/2024\/07\/9b8c6e64-gpa_desmonte-manaos-12-juan-pablo-eijo-greenpeace-200x300.jpg 200w, https:\/\/www.greenpeace.org\/static\/planet4-argentina-stateless\/2024\/07\/9b8c6e64-gpa_desmonte-manaos-12-juan-pablo-eijo-greenpeace-768x1151.jpg 768w, https:\/\/www.greenpeace.org\/static\/planet4-argentina-stateless\/2024\/07\/9b8c6e64-gpa_desmonte-manaos-12-juan-pablo-eijo-greenpeace-1025x1536.jpg 1025w, https:\/\/www.greenpeace.org\/static\/planet4-argentina-stateless\/2024\/07\/9b8c6e64-gpa_desmonte-manaos-12-juan-pablo-eijo-greenpeace-1367x2048.jpg 1367w, https:\/\/www.greenpeace.org\/static\/planet4-argentina-stateless\/2024\/07\/9b8c6e64-gpa_desmonte-manaos-12-juan-pablo-eijo-greenpeace-912x1366.jpg 912w, https:\/\/www.greenpeace.org\/static\/planet4-argentina-stateless\/2024\/07\/9b8c6e64-gpa_desmonte-manaos-12-juan-pablo-eijo-greenpeace-227x340.jpg 227w, https:\/\/www.greenpeace.org\/static\/planet4-argentina-stateless\/2024\/07\/9b8c6e64-gpa_desmonte-manaos-12-juan-pablo-eijo-greenpeace-scaled.jpg 1708w\" sizes=\"auto, (max-width: 683px) 100vw, 683px\" \/><figcaption class=\"wp-element-caption\">\u00a9 Juan Pablo Eijo \/ Greenpeace<\/figcaption><\/figure>\n\n<p><em>\u201cHay una<strong> clara complicidad del gobierno provincial, ya que los due\u00f1os de Manaos tienen permisos para desmontar <\/strong>y producir ganader\u00eda en una zona donde la Ley Nacional de Bosques no lo permite. La deforestaci\u00f3n afecta a la rica biodiversidad de la regi\u00f3n y el \u00e1rea de uso comunitario del monte de familias campesinas\u201d<\/em>, afirm\u00f3 Giardini.<\/p>\n\n<p>En la p\u00e1gina <a href=\"https:\/\/excesodedesmontes.org\/\">excesodedesmontes.org<\/a> se puede firmar la petici\u00f3n a la empresa para que frene el desmonte.<\/p>\n\n<figure class=\"wp-block-image size-large\"><img loading=\"lazy\" decoding=\"async\" width=\"1024\" height=\"683\" src=\"https:\/\/www.greenpeace.org\/static\/planet4-argentina-stateless\/2024\/07\/2de5a16a-gpa_desmonte-manaos-20-juan-pablo-eijo-greenpeace-1024x683.jpg\" alt=\"\" class=\"wp-image-24879\" srcset=\"https:\/\/www.greenpeace.org\/static\/planet4-argentina-stateless\/2024\/07\/2de5a16a-gpa_desmonte-manaos-20-juan-pablo-eijo-greenpeace-1024x683.jpg 1024w, https:\/\/www.greenpeace.org\/static\/planet4-argentina-stateless\/2024\/07\/2de5a16a-gpa_desmonte-manaos-20-juan-pablo-eijo-greenpeace-300x200.jpg 300w, https:\/\/www.greenpeace.org\/static\/planet4-argentina-stateless\/2024\/07\/2de5a16a-gpa_desmonte-manaos-20-juan-pablo-eijo-greenpeace-768x513.jpg 768w, https:\/\/www.greenpeace.org\/static\/planet4-argentina-stateless\/2024\/07\/2de5a16a-gpa_desmonte-manaos-20-juan-pablo-eijo-greenpeace-1536x1025.jpg 1536w, https:\/\/www.greenpeace.org\/static\/planet4-argentina-stateless\/2024\/07\/2de5a16a-gpa_desmonte-manaos-20-juan-pablo-eijo-greenpeace-2048x1366.jpg 2048w, https:\/\/www.greenpeace.org\/static\/planet4-argentina-stateless\/2024\/07\/2de5a16a-gpa_desmonte-manaos-20-juan-pablo-eijo-greenpeace-510x340.jpg 510w\" sizes=\"auto, (max-width: 1024px) 100vw, 1024px\" \/><figcaption class=\"wp-element-caption\">&nbsp;\u00a9 Juan Pablo Eijo \/ Greenpeace<div class=\"credit icon-left\"> \u00a9 Ju\u00e1n Pablo Eijo \/ Greenpeace<\/div><\/figcaption><\/figure>\n\n<p>Santiago del Estero es la <strong>provincia con m\u00e1s deforestaci\u00f3n del pa\u00eds de las \u00faltimas d\u00e9cadas. <\/strong>Seg\u00fan datos oficiales, desde 1998 en la provincia se desmontaron m\u00e1s de 2 millones de hect\u00e1reas de bosques nativos. (2)<\/p>\n\n<figure class=\"wp-block-image size-large\"><img loading=\"lazy\" decoding=\"async\" width=\"1024\" height=\"694\" src=\"https:\/\/www.greenpeace.org\/static\/planet4-argentina-stateless\/2024\/07\/26f96759-gpa_desmonte-manaos-09-juan-pablo-eijo-greenpeace-1024x694.jpg\" alt=\"\" class=\"wp-image-24883\" srcset=\"https:\/\/www.greenpeace.org\/static\/planet4-argentina-stateless\/2024\/07\/26f96759-gpa_desmonte-manaos-09-juan-pablo-eijo-greenpeace-1024x694.jpg 1024w, https:\/\/www.greenpeace.org\/static\/planet4-argentina-stateless\/2024\/07\/26f96759-gpa_desmonte-manaos-09-juan-pablo-eijo-greenpeace-300x203.jpg 300w, https:\/\/www.greenpeace.org\/static\/planet4-argentina-stateless\/2024\/07\/26f96759-gpa_desmonte-manaos-09-juan-pablo-eijo-greenpeace-768x521.jpg 768w, https:\/\/www.greenpeace.org\/static\/planet4-argentina-stateless\/2024\/07\/26f96759-gpa_desmonte-manaos-09-juan-pablo-eijo-greenpeace-1536x1041.jpg 1536w, https:\/\/www.greenpeace.org\/static\/planet4-argentina-stateless\/2024\/07\/26f96759-gpa_desmonte-manaos-09-juan-pablo-eijo-greenpeace-2048x1389.jpg 2048w, https:\/\/www.greenpeace.org\/static\/planet4-argentina-stateless\/2024\/07\/26f96759-gpa_desmonte-manaos-09-juan-pablo-eijo-greenpeace-2015x1366.jpg 2015w, https:\/\/www.greenpeace.org\/static\/planet4-argentina-stateless\/2024\/07\/26f96759-gpa_desmonte-manaos-09-juan-pablo-eijo-greenpeace-501x340.jpg 501w\" sizes=\"auto, (max-width: 1024px) 100vw, 1024px\" \/><figcaption class=\"wp-element-caption\">\u00a9 Juan Pablo Eijo \/ Greenpeace<\/figcaption><\/figure>\n\n<p>\u201c<em><strong>M\u00e1s desmonte implica m\u00e1s cambio clim\u00e1tico, m\u00e1s desaparici\u00f3n de especies, m\u00e1s inundaciones, m\u00e1s desertificaci\u00f3n<\/strong>, m\u00e1s enfermedades, m\u00e1s desalojos de campesinos e ind\u00edgenas, y m\u00e1s p\u00e9rdida de alimentos, maderas y medicinas. Destruir bosques es un crimen que debe convertirse en un delito penal\u201d,<\/em> finaliz\u00f3 Giardini.<\/p>\n\t\t\t<section\n\t\t\tclass=\"boxout post-24756 \"\n\t\t\t\n\t\t>\n\t\t\t<a\n\t\t\t\tdata-ga-category=\"Take Action Boxout\"\n\t\t\t\tdata-ga-action=\"Image\"\n\t\t\t\tdata-ga-label=\"n\/a\"\n\t\t\t\tclass=\"cover-card-overlay\"\n\t\t\t\thref=\"https:\/\/www.greenpeace.org\/argentina\/participa\/desmontes\/\" \n\t\t\t><\/a>\n\t\t\t\t\t\t\t<img\n\t\t\t\t\t\tsrc=\"https:\/\/www.greenpeace.org\/static\/planet4-argentina-stateless\/2024\/07\/01b0e8a8-gpa_desmonte-manaos-14-juan-pablo-eijo-greenpeace-1024x683.jpg\"\n\t\t\t\t\t\tsrcset=\"https:\/\/www.greenpeace.org\/static\/planet4-argentina-stateless\/2024\/07\/01b0e8a8-gpa_desmonte-manaos-14-juan-pablo-eijo-greenpeace-300x200.jpg 300w, https:\/\/www.greenpeace.org\/static\/planet4-argentina-stateless\/2024\/07\/01b0e8a8-gpa_desmonte-manaos-14-juan-pablo-eijo-greenpeace-1024x683.jpg 1024w, https:\/\/www.greenpeace.org\/static\/planet4-argentina-stateless\/2024\/07\/01b0e8a8-gpa_desmonte-manaos-14-juan-pablo-eijo-greenpeace-768x513.jpg 768w, https:\/\/www.greenpeace.org\/static\/planet4-argentina-stateless\/2024\/07\/01b0e8a8-gpa_desmonte-manaos-14-juan-pablo-eijo-greenpeace-1536x1025.jpg 1536w, https:\/\/www.greenpeace.org\/static\/planet4-argentina-stateless\/2024\/07\/01b0e8a8-gpa_desmonte-manaos-14-juan-pablo-eijo-greenpeace-2048x1366.jpg 2048w, https:\/\/www.greenpeace.org\/static\/planet4-argentina-stateless\/2024\/07\/01b0e8a8-gpa_desmonte-manaos-14-juan-pablo-eijo-greenpeace-510x340.jpg 510w\"\n\t\t\t\t\t\tsizes=\"(min-width: 1000px) 358px, (min-width: 780px) 313px, 88px\"\n\t\t\t\t\t\talt=\"\" title=\"\"\n\t\t\t\t\/>\n            \t\t\t<div class=\"boxout-content\">\n\t\t\t\t\t\t\t\t\t<a\n\t\t\t\t\t\tclass=\"boxout-heading medium\"\n\t\t\t\t\t\tdata-ga-category=\"Take Action Boxout\"\n\t\t\t\t\t\tdata-ga-action=\"Title\"\n\t\t\t\t\t\tdata-ga-label=\"n\/a\"\n\t\t\t\t\t\thref=\"https:\/\/www.greenpeace.org\/argentina\/participa\/desmontes\/\"\n\t\t\t\t\t\t\n\t\t\t\t\t>\n\t\t\t\t\t\t#ExcesoDeDesmontes\n\t\t\t\t\t<\/a>\n\t\t\t\t\t\t\t\t\t\t\t\t\t<p class=\"boxout-excerpt\">La familia Canido posee varias fincas en la provincia de Santiago del Estero, donde desde hace una d\u00e9cada viene deforestando.<\/p>\n\t\t\t\t                                    <a\n                        class=\"btn btn-primary\"\n                        data-ga-category=\"Take Action Boxout\"\n                        data-ga-action=\"Call to Action\"\n                        data-ga-label=\"n\/a\"\n                        href=\"https:\/\/www.greenpeace.org\/argentina\/participa\/desmontes\/\"\n                        \n                    >\n                        Particip\u00e1\n                    <\/a>\n                \t\t\t<\/div>\n\t\t\t\t\t<\/section>\n\t\n<p><strong>Notas:&nbsp;<\/strong><\/p>\n\n<ol class=\"wp-block-list\">\n<li><a href=\"https:\/\/www.greenpeace.org\/static\/planet4-argentina-stateless\/2024\/01\/61235dc2-informe-desmontes-sa-3-final.pdf\">Informe de Greenpeace \u201cDesmontes S.A. Parte 3. El mapa del delito forestal en Argentina\u201d <\/a><\/li>\n\n\n\n<li><a href=\"https:\/\/www.argentina.gob.ar\/ambiente\/bosques\/umsef\">https:\/\/www.argentina.gob.ar\/ambiente\/bosques\/umsef<\/a>&nbsp;<\/li>\n<\/ol>\n","protected":false},"excerpt":{"rendered":"<p>Activistas bloquearon dos topadoras contratadas por la familia Canido, que produce la gaseosa Manaos. Las m\u00e1quinas estaban realizando la deforestaci\u00f3n de m\u00e1s de 10.000 hect\u00e1reas en el norte de Santiago del Estero.\u00a0<\/p>\n","protected":false},"author":24,"featured_media":24878,"comment_status":"closed","ping_status":"open","sticky":false,"template":"","format":"standard","meta":{"ep_exclude_from_search":false,"p4_og_title":"Activistas de Greenpeace bloquearon topadoras en un enorme desmonte de los due\u00f1os de Manaos","p4_og_description":"Activistas bloquearon dos topadoras contratadas por la familia Canido, que produce la gaseosa Manaos. Las m\u00e1quinas estaban realizando la deforestaci\u00f3n de m\u00e1s de 10.000 hect\u00e1reas en el norte de Santiago del Estero.\u00a0","p4_og_image":"https:\/\/www.greenpeace.org\/static\/planet4-argentina-stateless\/2024\/07\/01b0e8a8-gpa_desmonte-manaos-14-juan-pablo-eijo-greenpeace-scaled.jpg","p4_og_image_id":"24878","p4_seo_canonical_url":"","p4_campaign_name":"","p4_local_project":"","p4_basket_name":"","p4_department":"","footnotes":""},"categories":[2],"tags":[71],"p4-page-type":[16],"class_list":["post-24876","post","type-post","status-publish","format-standard","has-post-thumbnail","hentry","category-bosques","tag-excesodedesmontes","p4-page-type-story"],"_links":{"self":[{"href":"https:\/\/www.greenpeace.org\/argentina\/wp-json\/wp\/v2\/posts\/24876","targetHints":{"allow":["GET"]}}],"collection":[{"href":"https:\/\/www.greenpeace.org\/argentina\/wp-json\/wp\/v2\/posts"}],"about":[{"href":"https:\/\/www.greenpeace.org\/argentina\/wp-json\/wp\/v2\/types\/post"}],"author":[{"embeddable":true,"href":"https:\/\/www.greenpeace.org\/argentina\/wp-json\/wp\/v2\/users\/24"}],"replies":[{"embeddable":true,"href":"https:\/\/www.greenpeace.org\/argentina\/wp-json\/wp\/v2\/comments?post=24876"}],"version-history":[{"count":3,"href":"https:\/\/www.greenpeace.org\/argentina\/wp-json\/wp\/v2\/posts\/24876\/revisions"}],"predecessor-version":[{"id":24911,"href":"https:\/\/www.greenpeace.org\/argentina\/wp-json\/wp\/v2\/posts\/24876\/revisions\/24911"}],"wp:featuredmedia":[{"embeddable":true,"href":"https:\/\/www.greenpeace.org\/argentina\/wp-json\/wp\/v2\/media\/24878"}],"wp:attachment":[{"href":"https:\/\/www.greenpeace.org\/argentina\/wp-json\/wp\/v2\/media?parent=24876"}],"wp:term":[{"taxonomy":"category","embeddable":true,"href":"https:\/\/www.greenpeace.org\/argentina\/wp-json\/wp\/v2\/categories?post=24876"},{"taxonomy":"post_tag","embeddable":true,"href":"https:\/\/www.greenpeace.org\/argentina\/wp-json\/wp\/v2\/tags?post=24876"},{"taxonomy":"p4-page-type","embeddable":true,"href":"https:\/\/www.greenpeace.org\/argentina\/wp-json\/wp\/v2\/p4-page-type?post=24876"}],"curies":[{"name":"wp","href":"https:\/\/api.w.org\/{rel}","templated":true}]}}