{"id":24946,"date":"2024-08-01T10:03:31","date_gmt":"2024-08-01T13:03:31","guid":{"rendered":"https:\/\/www.greenpeace.org\/argentina\/?p=24946"},"modified":"2024-08-01T14:40:02","modified_gmt":"2024-08-01T17:40:02","slug":"dia-mundial-del-sobregiro-de-la-tierra-las-consecuencias-de-consumir-sin-control","status":"publish","type":"post","link":"https:\/\/www.greenpeace.org\/argentina\/blog\/problemas\/climayenergia\/dia-mundial-del-sobregiro-de-la-tierra-las-consecuencias-de-consumir-sin-control\/","title":{"rendered":"D\u00eda Mundial del Sobregiro de la Tierra: las consecuencias de consumir sin control"},"content":{"rendered":"\n<p>El <strong>D\u00eda del Sobregiro de la Tierra<\/strong>, una fecha que visibiliza que, como sociedad global, <strong>nuestra forma de consumir est\u00e1 fuera de control y esto genera una presi\u00f3n extra sobre el planeta<\/strong>.&nbsp;Este 2024 se adelanta en relaci\u00f3n a 2023 siendo el 1 de agosto la fecha en la que la demanda de recursos ecol\u00f3gicos por parte de la humanidad supera los recursos que la Tierra puede regenerar en ese a\u00f1o.<\/p>\n\n<div class=\"wp-block-columns is-layout-flex wp-container-core-columns-is-layout-9d6595d7 wp-block-columns-is-layout-flex\">\n<div class=\"wp-block-column is-layout-flow wp-block-column-is-layout-flow\">\n<figure class=\"wp-block-image size-full\"><img loading=\"lazy\" decoding=\"async\" width=\"800\" height=\"534\" src=\"https:\/\/www.greenpeace.org\/static\/planet4-argentina-stateless\/2024\/07\/4176e9d0-gp0su1qlo_low-res-with-credit-line-800px.jpg\" alt=\"\" class=\"wp-image-24951\" style=\"aspect-ratio:1.3333333333333333;object-fit:cover\" srcset=\"https:\/\/www.greenpeace.org\/static\/planet4-argentina-stateless\/2024\/07\/4176e9d0-gp0su1qlo_low-res-with-credit-line-800px.jpg 800w, https:\/\/www.greenpeace.org\/static\/planet4-argentina-stateless\/2024\/07\/4176e9d0-gp0su1qlo_low-res-with-credit-line-800px-300x200.jpg 300w, https:\/\/www.greenpeace.org\/static\/planet4-argentina-stateless\/2024\/07\/4176e9d0-gp0su1qlo_low-res-with-credit-line-800px-768x513.jpg 768w, https:\/\/www.greenpeace.org\/static\/planet4-argentina-stateless\/2024\/07\/4176e9d0-gp0su1qlo_low-res-with-credit-line-800px-510x340.jpg 510w\" sizes=\"auto, (max-width: 800px) 100vw, 800px\" \/><figcaption class=\"wp-element-caption\">Una vista a\u00e9rea de la deforestaci\u00f3n realizada por la familia Canido que produc\u00eda bebidas en Manaos.<\/figcaption><\/figure>\n<\/div>\n\n\n\n<div class=\"wp-block-column is-layout-flow wp-block-column-is-layout-flow\">\n<figure class=\"wp-block-image size-full\"><img loading=\"lazy\" decoding=\"async\" width=\"800\" height=\"600\" src=\"https:\/\/www.greenpeace.org\/static\/planet4-argentina-stateless\/2024\/07\/5e93bd79-gp0stwseb_low-res-with-credit-line-800px.jpg\" alt=\"\" class=\"wp-image-24961\" style=\"aspect-ratio:4\/3;object-fit:cover\" srcset=\"https:\/\/www.greenpeace.org\/static\/planet4-argentina-stateless\/2024\/07\/5e93bd79-gp0stwseb_low-res-with-credit-line-800px.jpg 800w, https:\/\/www.greenpeace.org\/static\/planet4-argentina-stateless\/2024\/07\/5e93bd79-gp0stwseb_low-res-with-credit-line-800px-300x225.jpg 300w, https:\/\/www.greenpeace.org\/static\/planet4-argentina-stateless\/2024\/07\/5e93bd79-gp0stwseb_low-res-with-credit-line-800px-768x576.jpg 768w, https:\/\/www.greenpeace.org\/static\/planet4-argentina-stateless\/2024\/07\/5e93bd79-gp0stwseb_low-res-with-credit-line-800px-453x340.jpg 453w\" sizes=\"auto, (max-width: 800px) 100vw, 800px\" \/><figcaption class=\"wp-element-caption\">Protesta contra la ampliaci\u00f3n de la mina B\u00edlina en la Rep\u00fablica Checa. La inscripci\u00f3n dice &#8220;Fin a los cr\u00edmenes f\u00f3siles&#8221;<\/figcaption><\/figure>\n<\/div>\n<\/div>\n\n<p>Estamos demandando los recursos de 1.7 planetas Tierra para cubrir nuestras necesidades. As\u00ed lo calcula la <a href=\"https:\/\/www.footprintnetwork.org\/\" target=\"_blank\" rel=\"noreferrer noopener\">Red Global de la Huella Ecol\u00f3gica (Global Footprint Network)<\/a>, organizaci\u00f3n internacional especializada en temas de sustentabilidad.\u00a0<\/p>\n\n<p>Esto quiere decir que para producir todo lo que consumimos en un a\u00f1o a nivel mundial,<strong> lo que genera la naturaleza a su ritmo natural no nos alcanza<\/strong>. Por ende, a partir de hoy estamos<strong> pidiendo prestados recursos <\/strong>de nuestro futuro cercano.&nbsp;<\/p>\n\n<h2 class=\"wp-block-heading\"><strong>El sobregiro ecol\u00f3gico, explicado en ejemplos<\/strong><\/h2>\n\n<figure class=\"wp-block-image aligncenter size-full is-resized\"><img decoding=\"async\" src=\"https:\/\/www.greenpeace.org\/static\/planet4-chile-stateless\/2024\/08\/5ff327bf-sobregiro.png\" alt=\"\" class=\"wp-image-12770\" style=\"width:610px\"\/><\/figure>\n\n<p>La sobreexplotaci\u00f3n de los sistemas naturales es posible porque la humanidad a\u00fan puede tomar m\u00e1s de lo que se est\u00e1 renovando a paso lento en las plantaciones, los cursos de agua, las selvas, etc.&nbsp;<\/p>\n\n<div class=\"wp-block-columns are-vertically-aligned-center is-layout-flex wp-container-core-columns-is-layout-9d6595d7 wp-block-columns-is-layout-flex\">\n<div class=\"wp-block-column is-vertically-aligned-center is-layout-flow wp-block-column-is-layout-flow\" style=\"flex-basis:50%\">\n<p>Pero, \u00bfcu\u00e1ndo estamos usando m\u00e1s de lo que debemos? Por ejemplo, cuando con determinadas pr\u00e1cticas intensivas de <strong>producci\u00f3n de granos y cr\u00eda de ganado<\/strong> no se cuida <strong>la capa f\u00e9rtil del suelo. <\/strong>Entonces, cuando no se piensa en regenerar eso que se utiliz\u00f3, se terminan <strong>desertificando<\/strong> miles de hect\u00e1reas de campos que quedan inutilizados para siempre.<\/p>\n<\/div>\n\n\n\n<div class=\"wp-block-column is-vertically-aligned-center is-layout-flow wp-block-column-is-layout-flow\" style=\"flex-basis:60%\">\n<figure class=\"wp-block-image size-full\"><img loading=\"lazy\" decoding=\"async\" width=\"800\" height=\"533\" src=\"https:\/\/www.greenpeace.org\/static\/planet4-argentina-stateless\/2024\/07\/2f4e89e3-gp1svhc5_low-res-with-credit-line-800px.jpg\" alt=\"\" class=\"wp-image-24949\" srcset=\"https:\/\/www.greenpeace.org\/static\/planet4-argentina-stateless\/2024\/07\/2f4e89e3-gp1svhc5_low-res-with-credit-line-800px.jpg 800w, https:\/\/www.greenpeace.org\/static\/planet4-argentina-stateless\/2024\/07\/2f4e89e3-gp1svhc5_low-res-with-credit-line-800px-300x200.jpg 300w, https:\/\/www.greenpeace.org\/static\/planet4-argentina-stateless\/2024\/07\/2f4e89e3-gp1svhc5_low-res-with-credit-line-800px-768x512.jpg 768w, https:\/\/www.greenpeace.org\/static\/planet4-argentina-stateless\/2024\/07\/2f4e89e3-gp1svhc5_low-res-with-credit-line-800px-510x340.jpg 510w\" sizes=\"auto, (max-width: 800px) 100vw, 800px\" \/><figcaption class=\"wp-element-caption\">Desertificaci\u00f3n de Rumania.\n<\/figcaption><\/figure>\n<\/div>\n<\/div>\n\n<div class=\"wp-block-columns are-vertically-aligned-center is-layout-flex wp-container-core-columns-is-layout-9d6595d7 wp-block-columns-is-layout-flex\">\n<div class=\"wp-block-column is-vertically-aligned-center is-layout-flow wp-block-column-is-layout-flow\" style=\"flex-basis:50%\">\n<p>Otro caso es el de la <strong>pesca indiscriminada<\/strong>, que se practica a gran escala, y que altera el equilibrio de los ecosistemas marinos afectando a las poblaciones de peces y poniendo en <strong>peligro la fuente de alimento de millones de personas<\/strong>.&nbsp;<\/p>\n<\/div>\n\n\n\n<div class=\"wp-block-column is-vertically-aligned-center is-layout-flow wp-block-column-is-layout-flow\" style=\"flex-basis:60%\">\n<figure class=\"wp-block-image size-large is-resized\"><img loading=\"lazy\" decoding=\"async\" width=\"1024\" height=\"684\" src=\"https:\/\/www.greenpeace.org\/static\/planet4-argentina-stateless\/2022\/03\/97c1c18a-arrastreros-mar-argentino-ship-tour-2019-1024x684.jpg\" alt=\"\" class=\"wp-image-14858\" style=\"width:384px;height:auto\" srcset=\"https:\/\/www.greenpeace.org\/static\/planet4-argentina-stateless\/2022\/03\/97c1c18a-arrastreros-mar-argentino-ship-tour-2019-1024x684.jpg 1024w, https:\/\/www.greenpeace.org\/static\/planet4-argentina-stateless\/2022\/03\/97c1c18a-arrastreros-mar-argentino-ship-tour-2019-300x200.jpg 300w, https:\/\/www.greenpeace.org\/static\/planet4-argentina-stateless\/2022\/03\/97c1c18a-arrastreros-mar-argentino-ship-tour-2019-768x513.jpg 768w, https:\/\/www.greenpeace.org\/static\/planet4-argentina-stateless\/2022\/03\/97c1c18a-arrastreros-mar-argentino-ship-tour-2019-1536x1025.jpg 1536w, https:\/\/www.greenpeace.org\/static\/planet4-argentina-stateless\/2022\/03\/97c1c18a-arrastreros-mar-argentino-ship-tour-2019-2048x1367.jpg 2048w, https:\/\/www.greenpeace.org\/static\/planet4-argentina-stateless\/2022\/03\/97c1c18a-arrastreros-mar-argentino-ship-tour-2019-2046x1366.jpg 2046w, https:\/\/www.greenpeace.org\/static\/planet4-argentina-stateless\/2022\/03\/97c1c18a-arrastreros-mar-argentino-ship-tour-2019-510x340.jpg 510w\" sizes=\"auto, (max-width: 1024px) 100vw, 1024px\" \/><\/figure>\n<\/div>\n<\/div>\n\n<div class=\"wp-block-columns are-vertically-aligned-center is-layout-flex wp-container-core-columns-is-layout-9d6595d7 wp-block-columns-is-layout-flex\">\n<div class=\"wp-block-column is-vertically-aligned-center is-layout-flow wp-block-column-is-layout-flow\" style=\"flex-basis:50%\">\n<p>Este abuso tambi\u00e9n ocurre con la<strong> tala de \u00e1rboles para producir papel o madera virgen<\/strong> en zonas donde no est\u00e1 autorizado hacerlo. As\u00ed, se <strong>aniquilan bosques enteros<\/strong> (pulmones del mundo), dejando sin <strong>hogar a la fauna y flora<\/strong> que lo habita y rompiendo el equilibrio natural que sostienen.&nbsp;&nbsp;&nbsp;<\/p>\n<\/div>\n\n\n\n<div class=\"wp-block-column is-vertically-aligned-center is-layout-flow wp-block-column-is-layout-flow\" style=\"flex-basis:60%\">\n<figure class=\"wp-block-image size-large\"><img loading=\"lazy\" decoding=\"async\" width=\"1024\" height=\"683\" src=\"https:\/\/www.greenpeace.org\/static\/planet4-argentina-stateless\/2024\/07\/584c6aa6-gpa_desmontes_sdee_07-1024x683.jpg\" alt=\"\" class=\"wp-image-24728\" srcset=\"https:\/\/www.greenpeace.org\/static\/planet4-argentina-stateless\/2024\/07\/584c6aa6-gpa_desmontes_sdee_07-1024x683.jpg 1024w, https:\/\/www.greenpeace.org\/static\/planet4-argentina-stateless\/2024\/07\/584c6aa6-gpa_desmontes_sdee_07-300x200.jpg 300w, https:\/\/www.greenpeace.org\/static\/planet4-argentina-stateless\/2024\/07\/584c6aa6-gpa_desmontes_sdee_07-768x512.jpg 768w, https:\/\/www.greenpeace.org\/static\/planet4-argentina-stateless\/2024\/07\/584c6aa6-gpa_desmontes_sdee_07-1536x1024.jpg 1536w, https:\/\/www.greenpeace.org\/static\/planet4-argentina-stateless\/2024\/07\/584c6aa6-gpa_desmontes_sdee_07-2048x1366.jpg 2048w, https:\/\/www.greenpeace.org\/static\/planet4-argentina-stateless\/2024\/07\/584c6aa6-gpa_desmontes_sdee_07-510x340.jpg 510w\" sizes=\"auto, (max-width: 1024px) 100vw, 1024px\" \/><figcaption class=\"wp-element-caption\">Deforestaci\u00f3n por la familia Canido, productores de bebidas Manaos.<div class=\"credit icon-left\"> \u00a9 Mart\u00edn Katz \/ Greenpeace<\/div><\/figcaption><\/figure>\n<\/div>\n<\/div>\n\n<p>Estas pr\u00e1cticas tan poco \u00e9ticas suelen basarse en la idea de que<strong> los recursos que la naturaleza nos brinda son infinitos<\/strong>. Pero esto<strong> no es as\u00ed<\/strong> y las pruebas est\u00e1n a la vista.&nbsp;<\/p>\n\n<div class=\"wp-block-columns is-layout-flex wp-container-core-columns-is-layout-9d6595d7 wp-block-columns-is-layout-flex\">\n<div class=\"wp-block-column is-layout-flow wp-block-column-is-layout-flow\" style=\"flex-basis:50%\">\n<p>Es indudable que desde que el mundo natural fue sometido al ritmo acelerado de la econom\u00eda de mercado (consumo irreflexivo y descarte r\u00e1pido)<strong> el resultado ha sido ganancias colosales para pocos y triple crisis planetaria para todos<\/strong> (cambio clim\u00e1tico, p\u00e9rdida de biodiversidad y contaminaci\u00f3n.)&nbsp;<\/p>\n<\/div>\n\n\n\n<div class=\"wp-block-column is-layout-flow wp-block-column-is-layout-flow\" style=\"flex-basis:60%\">\n<figure class=\"wp-block-image size-full\"><img loading=\"lazy\" decoding=\"async\" width=\"800\" height=\"533\" src=\"https:\/\/www.greenpeace.org\/static\/planet4-argentina-stateless\/2024\/07\/7f8a1360-gp1sworp_low-res-with-credit-line-800px.jpg\" alt=\"\" class=\"wp-image-24965\" srcset=\"https:\/\/www.greenpeace.org\/static\/planet4-argentina-stateless\/2024\/07\/7f8a1360-gp1sworp_low-res-with-credit-line-800px.jpg 800w, https:\/\/www.greenpeace.org\/static\/planet4-argentina-stateless\/2024\/07\/7f8a1360-gp1sworp_low-res-with-credit-line-800px-300x200.jpg 300w, https:\/\/www.greenpeace.org\/static\/planet4-argentina-stateless\/2024\/07\/7f8a1360-gp1sworp_low-res-with-credit-line-800px-768x512.jpg 768w, https:\/\/www.greenpeace.org\/static\/planet4-argentina-stateless\/2024\/07\/7f8a1360-gp1sworp_low-res-with-credit-line-800px-510x340.jpg 510w\" sizes=\"auto, (max-width: 800px) 100vw, 800px\" \/><figcaption class=\"wp-element-caption\">Protesta en la reuni\u00f3n del consejo de supervisi\u00f3n de VW en Wolfsburgo.<\/figcaption><\/figure>\n<\/div>\n<\/div>\n\n<p>El D\u00eda del Sobregiro de la Tierra es el momento perfecto para entender que este accionar no podr\u00e1 sostenerse por mucho tiempo m\u00e1s. No debemos esperar a que los sistemas naturales ya no puedan regenerarse, para preguntarnos \u00bfy ahora qu\u00e9?<\/p>\n\n<figure class=\"wp-block-image size-full\"><img loading=\"lazy\" decoding=\"async\" width=\"800\" height=\"533\" src=\"https:\/\/www.greenpeace.org\/static\/planet4-argentina-stateless\/2024\/08\/f469b6f0-gp0stu4kz_low-res-with-credit-line-800px.jpg\" alt=\"\" class=\"wp-image-24968\" srcset=\"https:\/\/www.greenpeace.org\/static\/planet4-argentina-stateless\/2024\/08\/f469b6f0-gp0stu4kz_low-res-with-credit-line-800px.jpg 800w, https:\/\/www.greenpeace.org\/static\/planet4-argentina-stateless\/2024\/08\/f469b6f0-gp0stu4kz_low-res-with-credit-line-800px-300x200.jpg 300w, https:\/\/www.greenpeace.org\/static\/planet4-argentina-stateless\/2024\/08\/f469b6f0-gp0stu4kz_low-res-with-credit-line-800px-768x512.jpg 768w, https:\/\/www.greenpeace.org\/static\/planet4-argentina-stateless\/2024\/08\/f469b6f0-gp0stu4kz_low-res-with-credit-line-800px-510x340.jpg 510w\" sizes=\"auto, (max-width: 800px) 100vw, 800px\" \/><figcaption class=\"wp-element-caption\">&#8220;No existe el planeta B para vos&#8221;<\/figcaption><\/figure>\n\n<figure class=\"wp-block-embed is-type-wp-embed is-provider-fundaci-n-greenpeace-argentina wp-block-embed-fundaci-n-greenpeace-argentina\"><div class=\"wp-block-embed__wrapper\">\n<blockquote class=\"wp-embedded-content\" data-secret=\"ZnyahN0mXP\"><a href=\"https:\/\/www.greenpeace.org\/argentina\/blog\/problemas\/sustentabilidad\/dia-del-sobregiro-de-la-tierra-2023-en-deuda-con-el-planeta-otra-vez\/\">D\u00eda del Sobregiro de la Tierra 2023: en deuda con el planeta, otra vez<\/a><\/blockquote><iframe loading=\"lazy\" class=\"wp-embedded-content\" sandbox=\"allow-scripts\" security=\"restricted\" style=\"position: absolute; clip: rect(1px, 1px, 1px, 1px);\" title=\"&#8220;D\u00eda del Sobregiro de la Tierra 2023: en deuda con el planeta, otra vez&#8221; &#8212; Fundaci\u00f3n Greenpeace Argentina\" src=\"https:\/\/www.greenpeace.org\/argentina\/blog\/problemas\/sustentabilidad\/dia-del-sobregiro-de-la-tierra-2023-en-deuda-con-el-planeta-otra-vez\/embed\/#?secret=pAB8pwZxar#?secret=ZnyahN0mXP\" data-secret=\"ZnyahN0mXP\" width=\"500\" height=\"282\" frameborder=\"0\" marginwidth=\"0\" marginheight=\"0\" scrolling=\"no\"><\/iframe>\n<\/div><\/figure>\n","protected":false},"excerpt":{"rendered":"<p>Comenzamos agosto con un llamado de atenci\u00f3n.<\/p>\n","protected":false},"author":55,"featured_media":24968,"comment_status":"closed","ping_status":"open","sticky":false,"template":"","format":"standard","meta":{"ep_exclude_from_search":false,"p4_og_title":"D\u00eda Mundial del Sobregiro de la Tierra: las consecuencias de consumir sin control","p4_og_description":"Comenzamos agosto con un llamado de atenci\u00f3n.\n","p4_og_image":"https:\/\/www.greenpeace.org\/static\/planet4-argentina-stateless\/2024\/08\/f469b6f0-gp0stu4kz_low-res-with-credit-line-800px.jpg","p4_og_image_id":"24968","p4_seo_canonical_url":"","p4_campaign_name":"","p4_local_project":"","p4_basket_name":"","p4_department":"","footnotes":""},"categories":[3,62],"tags":[66,67],"p4-page-type":[14],"class_list":["post-24946","post","type-post","status-publish","format-standard","has-post-thumbnail","hentry","category-climayenergia","category-sustentabilidad","tag-consumo","tag-cambio-climatico","p4-page-type-blog"],"_links":{"self":[{"href":"https:\/\/www.greenpeace.org\/argentina\/wp-json\/wp\/v2\/posts\/24946","targetHints":{"allow":["GET"]}}],"collection":[{"href":"https:\/\/www.greenpeace.org\/argentina\/wp-json\/wp\/v2\/posts"}],"about":[{"href":"https:\/\/www.greenpeace.org\/argentina\/wp-json\/wp\/v2\/types\/post"}],"author":[{"embeddable":true,"href":"https:\/\/www.greenpeace.org\/argentina\/wp-json\/wp\/v2\/users\/55"}],"replies":[{"embeddable":true,"href":"https:\/\/www.greenpeace.org\/argentina\/wp-json\/wp\/v2\/comments?post=24946"}],"version-history":[{"count":9,"href":"https:\/\/www.greenpeace.org\/argentina\/wp-json\/wp\/v2\/posts\/24946\/revisions"}],"predecessor-version":[{"id":24971,"href":"https:\/\/www.greenpeace.org\/argentina\/wp-json\/wp\/v2\/posts\/24946\/revisions\/24971"}],"wp:featuredmedia":[{"embeddable":true,"href":"https:\/\/www.greenpeace.org\/argentina\/wp-json\/wp\/v2\/media\/24968"}],"wp:attachment":[{"href":"https:\/\/www.greenpeace.org\/argentina\/wp-json\/wp\/v2\/media?parent=24946"}],"wp:term":[{"taxonomy":"category","embeddable":true,"href":"https:\/\/www.greenpeace.org\/argentina\/wp-json\/wp\/v2\/categories?post=24946"},{"taxonomy":"post_tag","embeddable":true,"href":"https:\/\/www.greenpeace.org\/argentina\/wp-json\/wp\/v2\/tags?post=24946"},{"taxonomy":"p4-page-type","embeddable":true,"href":"https:\/\/www.greenpeace.org\/argentina\/wp-json\/wp\/v2\/p4-page-type?post=24946"}],"curies":[{"name":"wp","href":"https:\/\/api.w.org\/{rel}","templated":true}]}}