{"id":2589,"date":"2019-10-01T13:27:27","date_gmt":"2019-10-01T16:27:27","guid":{"rendered":"https:\/\/www.greenpeace.org\/argentina\/?p=2589"},"modified":"2021-12-01T09:32:37","modified_gmt":"2021-12-01T12:32:37","slug":"a-limpiar-el-mundo-por-sexto-ano-consecutivo-en-mar-del-plata","status":"publish","type":"post","link":"https:\/\/www.greenpeace.org\/argentina\/blog\/greenpeace\/a-limpiar-el-mundo-por-sexto-ano-consecutivo-en-mar-del-plata\/","title":{"rendered":"&#8220;A limpiar el mundo&#8221; por sexto a\u00f1o consecutivo en Mar del Plata"},"content":{"rendered":"<h5>En el marco del <a href=\"https:\/\/www.worldcleanupday.org\/\">D\u00eda Mundial de Limpieza<\/a> realizado a fines del mes de septiembre, el equipo de voluntarios y voluntarias de Mar del Plata se sum\u00f3 por sexto a\u00f1o consecutivo a dicha jornada internacional en la que junto a otras organizaciones y la comunidad en general limpiaron distintos puntos de la ciudad. En esta nota, Victoria y Juan, integrantes de Greenpeace en Mar del Plata te cuentan la experiencia.<\/h5>\n<p><img loading=\"lazy\" decoding=\"async\" class=\"wp-image-2590 alignnone\" src=\"https:\/\/www.greenpeace.org\/static\/planet4-argentina-stateless\/2019\/10\/ed4b0661-img-20190926-wa0002-300x192.jpg\" alt=\"\" width=\"712\" height=\"456\" srcset=\"https:\/\/www.greenpeace.org\/static\/planet4-argentina-stateless\/2019\/10\/ed4b0661-img-20190926-wa0002-300x192.jpg 300w, https:\/\/www.greenpeace.org\/static\/planet4-argentina-stateless\/2019\/10\/ed4b0661-img-20190926-wa0002-1024x654.jpg 1024w, https:\/\/www.greenpeace.org\/static\/planet4-argentina-stateless\/2019\/10\/ed4b0661-img-20190926-wa0002-510x326.jpg 510w, https:\/\/www.greenpeace.org\/static\/planet4-argentina-stateless\/2019\/10\/ed4b0661-img-20190926-wa0002.jpg 1272w\" sizes=\"auto, (max-width: 712px) 100vw, 712px\" \/><\/p>\n<p>Como desde hace ya seis a\u00f1os, los <strong>voluntarios del Equipo Local de Mar del Plata<\/strong> nos sumamos de la jornada internacional <strong>\u201cA limpiar el mundo\u201d<\/strong>; actividad internacional originada de Estonia en el 2008 para mitigar el impacto negativo que generamos en el medio ambiente. En nuestra ciudad, con el transcurso de los a\u00f1os cada vez m\u00e1s gente y lugares se suman a esta jornada, por lo que actualmente se publica una grilla con los espacios para que las personas elijan d\u00f3nde participar.<\/p>\n<p>Como todos los a\u00f1os, empezamos limpiando nuestro tan preciado espacio de la <strong>Reserva Provincial Natural del Puerto <\/strong>donde ayudados con ca\u00f1as terminadas con ganchos hemos \u201cpescado\u201d la basura tirada. Gracias al cuidado y mantenimiento que se realiza en la Reserva desde hace algunos a\u00f1os, es que podemos extender la actividad hacia otros lugares. Por esto, en compa\u00f1\u00eda de vecinos y otras organizaciones, ampliamos la limpieza a las Lagunas de Punta Mogotes, linderas a la Reserva.<\/p>\n<p>Es un d\u00eda de mucho entusiasmo. Despu\u00e9s de juntar muchas bolsas de residuos, el cansancio pasa a un segundo plano. Es que quedamos satisfechos del gran trabajo realizado. Y adem\u00e1s compartirlo con otras personas aumenta la felicidad.<\/p>\n<p>Nuestras compa\u00f1eras Matilde y Silvia les cuentan en persona su experiencia:<br \/>\n<em>\u201cEstuvimos convocados a una jornada de limpieza en la reserva. Juntamos <\/em><em>pl\u00e1sticos, botellas, latitas de bebidas, cubiertas de autos y todo lo <\/em><em>que encontramos a nuestro paso. Fue hermoso al final de la jornada compartir<\/em><br \/>\n<em>una mateada con todos los compa\u00f1eros, con algunas organizaciones <\/em><em>que limpiaron la laguna y adem\u00e1s de otras personas que se sumaron <\/em><em>la convocatoria. Fue un d\u00eda hermoso y muy fruct\u00edfero.\u201d <\/em><strong>Matilde<\/strong><\/p>\n<p><em>\u201cLa tarde de primavera fue ideal para limpiar. El equipo trabaj\u00f3 \u00e1gil y amenamente. <\/em><em>Ir a un lugar tan nuestro como la Reserva con un equipo unido es muy productivo. <\/em><em>Y poder compartir una mateada es muy divertido y da energ\u00eda.\u201d <\/em><strong>Silvia<\/strong><\/p>\n<p>Esta edici\u00f3n nuevamente fue una jornada agradable, provechosa y \u00a1ya esperamos la pr\u00f3xima! donde esperamos contar con vos para lograr <strong>un planeta m\u00e1s limpio y saludable<\/strong><\/p>\n<div class=\"EmptyMessage\">Block content is empty. Check the block&#8217;s settings or remove it.<\/div>","protected":false},"excerpt":{"rendered":"<p>En el marco del D\u00eda Mundial de Limpieza, el equipo de voluntarios y voluntarias de Mar del Plata se sum\u00f3 por sexto a\u00f1o consecutivo a dicha jornada internacional en la&hellip;<\/p>\n","protected":false},"author":25,"featured_media":2590,"comment_status":"closed","ping_status":"open","sticky":false,"template":"","format":"standard","meta":{"ep_exclude_from_search":false,"p4_og_title":"","p4_og_description":"","p4_og_image":"","p4_og_image_id":"","p4_seo_canonical_url":"","p4_campaign_name":"not set","p4_local_project":"not set","p4_basket_name":"not set","p4_department":"","footnotes":""},"categories":[44,37],"tags":[25],"p4-page-type":[14],"class_list":["post-2589","post","type-post","status-publish","format-standard","has-post-thumbnail","hentry","category-blog","category-greenpeace","tag-voluntarios","p4-page-type-blog"],"_links":{"self":[{"href":"https:\/\/www.greenpeace.org\/argentina\/wp-json\/wp\/v2\/posts\/2589","targetHints":{"allow":["GET"]}}],"collection":[{"href":"https:\/\/www.greenpeace.org\/argentina\/wp-json\/wp\/v2\/posts"}],"about":[{"href":"https:\/\/www.greenpeace.org\/argentina\/wp-json\/wp\/v2\/types\/post"}],"author":[{"embeddable":true,"href":"https:\/\/www.greenpeace.org\/argentina\/wp-json\/wp\/v2\/users\/25"}],"replies":[{"embeddable":true,"href":"https:\/\/www.greenpeace.org\/argentina\/wp-json\/wp\/v2\/comments?post=2589"}],"version-history":[{"count":17,"href":"https:\/\/www.greenpeace.org\/argentina\/wp-json\/wp\/v2\/posts\/2589\/revisions"}],"predecessor-version":[{"id":13751,"href":"https:\/\/www.greenpeace.org\/argentina\/wp-json\/wp\/v2\/posts\/2589\/revisions\/13751"}],"wp:featuredmedia":[{"embeddable":true,"href":"https:\/\/www.greenpeace.org\/argentina\/wp-json\/wp\/v2\/media\/2590"}],"wp:attachment":[{"href":"https:\/\/www.greenpeace.org\/argentina\/wp-json\/wp\/v2\/media?parent=2589"}],"wp:term":[{"taxonomy":"category","embeddable":true,"href":"https:\/\/www.greenpeace.org\/argentina\/wp-json\/wp\/v2\/categories?post=2589"},{"taxonomy":"post_tag","embeddable":true,"href":"https:\/\/www.greenpeace.org\/argentina\/wp-json\/wp\/v2\/tags?post=2589"},{"taxonomy":"p4-page-type","embeddable":true,"href":"https:\/\/www.greenpeace.org\/argentina\/wp-json\/wp\/v2\/p4-page-type?post=2589"}],"curies":[{"name":"wp","href":"https:\/\/api.w.org\/{rel}","templated":true}]}}