{"id":26135,"date":"2024-12-27T12:20:32","date_gmt":"2024-12-27T15:20:32","guid":{"rendered":"https:\/\/www.greenpeace.org\/argentina\/?p=26135"},"modified":"2025-01-07T11:57:54","modified_gmt":"2025-01-07T14:57:54","slug":"alerta-incendio-en-nahuel-huapi","status":"publish","type":"post","link":"https:\/\/www.greenpeace.org\/argentina\/story\/problemas\/bosques\/alerta-incendio-en-nahuel-huapi\/","title":{"rendered":"ALERTA: INCENDIOS EN EL PARQUE NACIONAL NAHUEL HUAPI"},"content":{"rendered":"\n<figure class=\"wp-block-image size-large\"><img loading=\"lazy\" decoding=\"async\" width=\"1024\" height=\"576\" src=\"https:\/\/www.greenpeace.org\/static\/planet4-argentina-stateless\/2024\/12\/4440cece-fuente-nahuelhuapi.gov-1-1024x576.jpg\" alt=\"\" class=\"wp-image-26136\" srcset=\"https:\/\/www.greenpeace.org\/static\/planet4-argentina-stateless\/2024\/12\/4440cece-fuente-nahuelhuapi.gov-1-1024x576.jpg 1024w, https:\/\/www.greenpeace.org\/static\/planet4-argentina-stateless\/2024\/12\/4440cece-fuente-nahuelhuapi.gov-1-300x169.jpg 300w, https:\/\/www.greenpeace.org\/static\/planet4-argentina-stateless\/2024\/12\/4440cece-fuente-nahuelhuapi.gov-1-768x432.jpg 768w, https:\/\/www.greenpeace.org\/static\/planet4-argentina-stateless\/2024\/12\/4440cece-fuente-nahuelhuapi.gov-1-510x287.jpg 510w, https:\/\/www.greenpeace.org\/static\/planet4-argentina-stateless\/2024\/12\/4440cece-fuente-nahuelhuapi.gov-1.jpg 1500w\" sizes=\"auto, (max-width: 1024px) 100vw, 1024px\" \/><figcaption><div class=\"credit icon-left\"> \u00a9 Fuente nahuelhuapi.gov <\/div><\/figcaption><\/figure>\n\n<p><strong>Dos focos de incendio se encuentran activos en la zona sur del Parque Nacional Nahuel Huapi<\/strong>, en la zona de Reserva Estricta, en cercan\u00edas del Lago Los Manzanos. Seg\u00fan informa la intendencia del Parque,<strong> el fuego avanz\u00f3 hacia la cabecera norte del lago Martin, llegando a una zona ya quemada por un incendio del 2022, un sector de bosque h\u00famedo de dif\u00edcil acceso.<\/strong><\/p>\n\n<p>La superficie afectada hasta el momento es de aproximadamente 1450 hect\u00e1reas. Hasta el momento,<strong> las autoridades no han podido determinar el origen de los focos \u00edgneos.<\/strong> Sin embargo, las tormentas el\u00e9ctricas registradas hace pocos d\u00edas podr\u00edan haber sido el detonante.<\/p>\n\n<p>Desde Greenpeace,<strong> reclamamos se aumenten tanto desde Naci\u00f3n como desde las provincias los presupuestos, brigadistas e infraestructura para el r\u00e1pido combate del fuego y que se establezca como delito penal a los desmontes e incendios forestales.<\/strong><\/p>\n\n<p>&#8220;Los <strong>Bosques Andino Patag\u00f3nicos <\/strong>constituyen una de las \u00faltimas reservas mundiales de bosques templados con poca alteraci\u00f3n antr\u00f3pica y valiosa biodiversidad, y son uno de los biomas argentinos mejor conservados. En ese sentido, <strong>continuar con la destrucci\u00f3n de bosques significa m\u00e1s cambio clim\u00e1tico; m\u00e1s desaparici\u00f3n de especies; m\u00e1s inundaciones; m\u00e1s desertificaci\u00f3n; m\u00e1s desalojos de comunidades campesinas e ind\u00edgenas<\/strong>; m\u00e1s p\u00e9rdida de alimentos, maderas y medicinas; y m\u00e1s enfermedades&#8221;, sostuvo Noem\u00ed Cruz, coordinadora de la campa\u00f1a de bosques de Greenpeace.<\/p>\n\t\t\t<section\n\t\t\tclass=\"boxout post-23671 \"\n\t\t\t\n\t\t>\n\t\t\t<a\n\t\t\t\tdata-ga-category=\"Take Action Boxout\"\n\t\t\t\tdata-ga-action=\"Image\"\n\t\t\t\tdata-ga-label=\"n\/a\"\n\t\t\t\tclass=\"cover-card-overlay\"\n\t\t\t\thref=\"https:\/\/www.greenpeace.org\/argentina\/participa\/incendios\/\" \n\t\t\t><\/a>\n\t\t\t\t\t\t\t<img\n\t\t\t\t\t\tsrc=\"https:\/\/www.greenpeace.org\/static\/planet4-argentina-stateless\/2025\/02\/1cc80f2a-incendios-en-el-bolson-\u00a9-marcelo-martinez-greenpeace-02-1024x684.jpg\"\n\t\t\t\t\t\tsrcset=\"https:\/\/www.greenpeace.org\/static\/planet4-argentina-stateless\/2025\/02\/1cc80f2a-incendios-en-el-bolson-\u00a9-marcelo-martinez-greenpeace-02-300x200.jpg 300w, https:\/\/www.greenpeace.org\/static\/planet4-argentina-stateless\/2025\/02\/1cc80f2a-incendios-en-el-bolson-\u00a9-marcelo-martinez-greenpeace-02-1024x684.jpg 1024w, https:\/\/www.greenpeace.org\/static\/planet4-argentina-stateless\/2025\/02\/1cc80f2a-incendios-en-el-bolson-\u00a9-marcelo-martinez-greenpeace-02-768x513.jpg 768w, https:\/\/www.greenpeace.org\/static\/planet4-argentina-stateless\/2025\/02\/1cc80f2a-incendios-en-el-bolson-\u00a9-marcelo-martinez-greenpeace-02-1536x1025.jpg 1536w, https:\/\/www.greenpeace.org\/static\/planet4-argentina-stateless\/2025\/02\/1cc80f2a-incendios-en-el-bolson-\u00a9-marcelo-martinez-greenpeace-02-2048x1367.jpg 2048w, https:\/\/www.greenpeace.org\/static\/planet4-argentina-stateless\/2025\/02\/1cc80f2a-incendios-en-el-bolson-\u00a9-marcelo-martinez-greenpeace-02-2046x1366.jpg 2046w, https:\/\/www.greenpeace.org\/static\/planet4-argentina-stateless\/2025\/02\/1cc80f2a-incendios-en-el-bolson-\u00a9-marcelo-martinez-greenpeace-02-510x340.jpg 510w\"\n\t\t\t\t\t\tsizes=\"(min-width: 1000px) 358px, (min-width: 780px) 313px, 88px\"\n\t\t\t\t\t\talt=\"\" title=\"\"\n\t\t\t\t\/>\n            \t\t\t<div class=\"boxout-content\">\n\t\t\t\t\t\t\t\t\t<a\n\t\t\t\t\t\tclass=\"boxout-heading medium\"\n\t\t\t\t\t\tdata-ga-category=\"Take Action Boxout\"\n\t\t\t\t\t\tdata-ga-action=\"Title\"\n\t\t\t\t\t\tdata-ga-label=\"n\/a\"\n\t\t\t\t\t\thref=\"https:\/\/www.greenpeace.org\/argentina\/participa\/incendios\/\"\n\t\t\t\t\t\t\n\t\t\t\t\t>\n\t\t\t\t\t\tIncendios forestales\n\t\t\t\t\t<\/a>\n\t\t\t\t\t\t\t\t\t\t\t\t\t<p class=\"boxout-excerpt\">Los incendios en distintas localidades de la Patagonia y en varios Parques Nacionales, afectan seriamente a bosques nativos irremplazables y viviendasConvocamos a la ciudadan\u00eda a reclamar a los gobiernos acciones concretas para frenar los incendios forestales<\/p>\n\t\t\t\t                                    <a\n                        class=\"btn btn-primary\"\n                        data-ga-category=\"Take Action Boxout\"\n                        data-ga-action=\"Call to Action\"\n                        data-ga-label=\"n\/a\"\n                        href=\"https:\/\/www.greenpeace.org\/argentina\/participa\/incendios\/\"\n                        \n                    >\n                        Particip\u00e1\n                    <\/a>\n                \t\t\t<\/div>\n\t\t\t\t\t<\/section>\n\t\n<p><\/p>\n","protected":false},"excerpt":{"rendered":"<p>ALERTA: INCENDIO EN NAHUEL HUAPI<\/p>\n","protected":false},"author":24,"featured_media":26136,"comment_status":"closed","ping_status":"open","sticky":false,"template":"","format":"standard","meta":{"ep_exclude_from_search":false,"p4_og_title":"","p4_og_description":"","p4_og_image":"","p4_og_image_id":"","p4_seo_canonical_url":"","p4_campaign_name":"","p4_local_project":"","p4_basket_name":"","p4_department":"","footnotes":""},"categories":[2],"tags":[46],"p4-page-type":[16],"class_list":["post-26135","post","type-post","status-publish","format-standard","has-post-thumbnail","hentry","category-bosques","tag-destruirbosquesesuncrimen","p4-page-type-story"],"_links":{"self":[{"href":"https:\/\/www.greenpeace.org\/argentina\/wp-json\/wp\/v2\/posts\/26135","targetHints":{"allow":["GET"]}}],"collection":[{"href":"https:\/\/www.greenpeace.org\/argentina\/wp-json\/wp\/v2\/posts"}],"about":[{"href":"https:\/\/www.greenpeace.org\/argentina\/wp-json\/wp\/v2\/types\/post"}],"author":[{"embeddable":true,"href":"https:\/\/www.greenpeace.org\/argentina\/wp-json\/wp\/v2\/users\/24"}],"replies":[{"embeddable":true,"href":"https:\/\/www.greenpeace.org\/argentina\/wp-json\/wp\/v2\/comments?post=26135"}],"version-history":[{"count":2,"href":"https:\/\/www.greenpeace.org\/argentina\/wp-json\/wp\/v2\/posts\/26135\/revisions"}],"predecessor-version":[{"id":26254,"href":"https:\/\/www.greenpeace.org\/argentina\/wp-json\/wp\/v2\/posts\/26135\/revisions\/26254"}],"wp:featuredmedia":[{"embeddable":true,"href":"https:\/\/www.greenpeace.org\/argentina\/wp-json\/wp\/v2\/media\/26136"}],"wp:attachment":[{"href":"https:\/\/www.greenpeace.org\/argentina\/wp-json\/wp\/v2\/media?parent=26135"}],"wp:term":[{"taxonomy":"category","embeddable":true,"href":"https:\/\/www.greenpeace.org\/argentina\/wp-json\/wp\/v2\/categories?post=26135"},{"taxonomy":"post_tag","embeddable":true,"href":"https:\/\/www.greenpeace.org\/argentina\/wp-json\/wp\/v2\/tags?post=26135"},{"taxonomy":"p4-page-type","embeddable":true,"href":"https:\/\/www.greenpeace.org\/argentina\/wp-json\/wp\/v2\/p4-page-type?post=26135"}],"curies":[{"name":"wp","href":"https:\/\/api.w.org\/{rel}","templated":true}]}}