{"id":2632,"date":"2019-10-09T17:33:56","date_gmt":"2019-10-09T20:33:56","guid":{"rendered":"https:\/\/www.greenpeace.org\/argentina\/?p=2632"},"modified":"2021-12-01T09:32:37","modified_gmt":"2021-12-01T12:32:37","slug":"greenpeace-el-gobierno-de-la-ciudad-esta-empecinado-en-quemar-basura","status":"publish","type":"post","link":"https:\/\/www.greenpeace.org\/argentina\/story\/problemas\/contaminacion\/greenpeace-el-gobierno-de-la-ciudad-esta-empecinado-en-quemar-basura\/","title":{"rendered":"Greenpeace: \u201cEl gobierno de la ciudad est\u00e1 empecinado en quemar basura\u201d"},"content":{"rendered":"<div id=\"attachment_1007\" style=\"width: 1034px\" class=\"wp-caption aligncenter\"><img loading=\"lazy\" decoding=\"async\" aria-describedby=\"caption-attachment-1007\" class=\"size-large wp-image-1007\" src=\"https:\/\/www.greenpeace.org\/static\/planet4-argentina-stateless\/2019\/02\/38077656-gpa_4602-1024x683.jpg\" alt=\"\" width=\"1024\" height=\"683\" srcset=\"https:\/\/www.greenpeace.org\/static\/planet4-argentina-stateless\/2019\/02\/38077656-gpa_4602-1024x683.jpg 1024w, https:\/\/www.greenpeace.org\/static\/planet4-argentina-stateless\/2019\/02\/38077656-gpa_4602-300x200.jpg 300w, https:\/\/www.greenpeace.org\/static\/planet4-argentina-stateless\/2019\/02\/38077656-gpa_4602-768x512.jpg 768w, https:\/\/www.greenpeace.org\/static\/planet4-argentina-stateless\/2019\/02\/38077656-gpa_4602-2048x1366.jpg 2048w, https:\/\/www.greenpeace.org\/static\/planet4-argentina-stateless\/2019\/02\/38077656-gpa_4602-510x340.jpg 510w\" sizes=\"auto, (max-width: 1024px) 100vw, 1024px\" \/><p id=\"caption-attachment-1007\" class=\"wp-caption-text\">El gobierno apel\u00f3 el fallo que fren\u00f3 la incineraci\u00f3n en CABA<\/p><\/div>\n<p><span style=\"font-weight: 400\">La organizaci\u00f3n ambientalista critic\u00f3 la decisi\u00f3n del gobierno porte\u00f1o de apelar la medida de la jueza de la ciudad, Elena Liberatori, del viernes pasado, que declar\u00f3 nula e inconstitucional la incineraci\u00f3n. Esta tecnolog\u00eda se introdujo a trav\u00e9s de la modificaci\u00f3n de la Ley de Basura Cero, aprobada por la legislatura porte\u00f1a en 2018, sin cumplir con los procedimientos legislativos contemplados en la Constituci\u00f3n de la Ciudad.&nbsp;<\/span><\/p>\n<p><i><span style=\"font-weight: 400\">\u201cEl gobierno se empecina en apelar cuando la modificaci\u00f3n que introdujeron a la ley de Basura Cero es inconstitucional ya que supone un grave retroceso en relaci\u00f3n&nbsp; a los principios de progresividad y no regresividad contemplados en la Constituci\u00f3n Nacional y al paradigma de Basura Cero adoptado por la ciudad desde el a\u00f1o 2005\u201d, sostuvo Gonzalo Strano, vocero de Greenpeace.&nbsp;<\/span><\/i><\/p>\n<p><span style=\"font-weight: 400\">El fallo de la jueza hab\u00eda dado lugar al amparo presentado por la organizaci\u00f3n junto a Observatorio del Derecho a la Ciudad, Federaci\u00f3n de Cartoneros, Carreros y Recicladores, Fundaci\u00f3n Ambiente y Recursos Naturales (FARN), Avina, y la Asociaci\u00f3n por la Justicia Ambiental.<\/span><\/p>\n<p><span style=\"font-weight: 400\">Desde Greenpeace argumentaron que tambi\u00e9n implica la violaci\u00f3n la Ley nacional de Residuos Domiciliarios (25.916) que no autoriza como proceso de tratamiento y valorizaci\u00f3n de los residuos la incineraci\u00f3n.&nbsp;<\/span><\/p>\n<p><span style=\"font-weight: 400\">Hace unos d\u00edas, los candidatos a Jefe de Gobierno de la ciudad respondieron a un pedido formal de Greenpeace en el que se les solicit\u00f3, en caso de ser electos, prohibir la incineraci\u00f3n e importaci\u00f3n de residuos y comprometerse a cumplir con la Ley de Basura Cero original. Mat\u00edas Lammens y Gabriel Solano manifestaron su compromiso a los tres puntos. Mat\u00edas Tombolini accedi\u00f3 parcialmente, ya que no tom\u00f3 una postura activa hacia la prohibici\u00f3n de la incineraci\u00f3n. Horacio Rodr\u00edguez Larreta no respondi\u00f3 al pedido formal. <\/span><\/p>\n\t\t\t<section\n\t\t\tclass=\"boxout post-759 \"\n\t\t\t\n\t\t>\n\t\t\t<a\n\t\t\t\tdata-ga-category=\"Take Action Boxout\"\n\t\t\t\tdata-ga-action=\"Image\"\n\t\t\t\tdata-ga-label=\"n\/a\"\n\t\t\t\tclass=\"cover-card-overlay\"\n\t\t\t\thref=\"https:\/\/www.greenpeace.org\/argentina\/participa\/involucrate\/con-incineracion-no-hay-basura-cero\/\" \n\t\t\t><\/a>\n\t\t\t\t\t\t\t<img\n\t\t\t\t\t\tsrc=\"https:\/\/www.greenpeace.org\/static\/planet4-argentina-stateless\/2019\/01\/3ec9e2c8-normal_gpa_basuralnorteiii_06.jpg\"\n\t\t\t\t\t\tsrcset=\"https:\/\/www.greenpeace.org\/static\/planet4-argentina-stateless\/2019\/01\/3ec9e2c8-normal_gpa_basuralnorteiii_06-300x200.jpg 300w, https:\/\/www.greenpeace.org\/static\/planet4-argentina-stateless\/2019\/01\/3ec9e2c8-normal_gpa_basuralnorteiii_06.jpg 400w\"\n\t\t\t\t\t\tsizes=\"(min-width: 1000px) 358px, (min-width: 780px) 313px, 88px\"\n\t\t\t\t\t\talt=\"\" title=\"\"\n\t\t\t\t\/>\n            \t\t\t<div class=\"boxout-content\">\n\t\t\t\t\t\t\t\t\t<a\n\t\t\t\t\t\tclass=\"boxout-heading medium\"\n\t\t\t\t\t\tdata-ga-category=\"Take Action Boxout\"\n\t\t\t\t\t\tdata-ga-action=\"Title\"\n\t\t\t\t\t\tdata-ga-label=\"n\/a\"\n\t\t\t\t\t\thref=\"https:\/\/www.greenpeace.org\/argentina\/participa\/involucrate\/con-incineracion-no-hay-basura-cero\/\"\n\t\t\t\t\t\t\n\t\t\t\t\t>\n\t\t\t\t\t\tCon incineraci\u00f3n no hay Basura Cero\n\t\t\t\t\t<\/a>\n\t\t\t\t\t\t\t\t                                    <a\n                        class=\"btn btn-primary\"\n                        data-ga-category=\"Take Action Boxout\"\n                        data-ga-action=\"Call to Action\"\n                        data-ga-label=\"n\/a\"\n                        href=\"https:\/\/www.greenpeace.org\/argentina\/participa\/involucrate\/con-incineracion-no-hay-basura-cero\/\"\n                        \n                    >\n                        Particip\u00e1\n                    <\/a>\n                \t\t\t<\/div>\n\t\t\t\t\t<\/section>\n\t","protected":false},"excerpt":{"rendered":"<p>La organizaci\u00f3n ambientalista critic\u00f3 la decisi\u00f3n del gobierno porte\u00f1o de apelar la medida de la jueza de la ciudad, Elena Liberatori, del viernes pasado, que declar\u00f3 nula e inconstitucional la&hellip;<\/p>\n","protected":false},"author":24,"featured_media":1007,"comment_status":"closed","ping_status":"open","sticky":false,"template":"","format":"standard","meta":{"ep_exclude_from_search":false,"p4_og_title":"","p4_og_description":"","p4_og_image":"","p4_og_image_id":"","p4_seo_canonical_url":"","p4_campaign_name":"not set","p4_local_project":"not set","p4_basket_name":"not set","p4_department":"","footnotes":""},"categories":[4,37],"tags":[32],"p4-page-type":[16],"class_list":["post-2632","post","type-post","status-publish","format-standard","has-post-thumbnail","hentry","category-contaminacion","category-greenpeace","tag-quemarbasuramata","p4-page-type-story"],"_links":{"self":[{"href":"https:\/\/www.greenpeace.org\/argentina\/wp-json\/wp\/v2\/posts\/2632","targetHints":{"allow":["GET"]}}],"collection":[{"href":"https:\/\/www.greenpeace.org\/argentina\/wp-json\/wp\/v2\/posts"}],"about":[{"href":"https:\/\/www.greenpeace.org\/argentina\/wp-json\/wp\/v2\/types\/post"}],"author":[{"embeddable":true,"href":"https:\/\/www.greenpeace.org\/argentina\/wp-json\/wp\/v2\/users\/24"}],"replies":[{"embeddable":true,"href":"https:\/\/www.greenpeace.org\/argentina\/wp-json\/wp\/v2\/comments?post=2632"}],"version-history":[{"count":8,"href":"https:\/\/www.greenpeace.org\/argentina\/wp-json\/wp\/v2\/posts\/2632\/revisions"}],"predecessor-version":[{"id":13749,"href":"https:\/\/www.greenpeace.org\/argentina\/wp-json\/wp\/v2\/posts\/2632\/revisions\/13749"}],"wp:featuredmedia":[{"embeddable":true,"href":"https:\/\/www.greenpeace.org\/argentina\/wp-json\/wp\/v2\/media\/1007"}],"wp:attachment":[{"href":"https:\/\/www.greenpeace.org\/argentina\/wp-json\/wp\/v2\/media?parent=2632"}],"wp:term":[{"taxonomy":"category","embeddable":true,"href":"https:\/\/www.greenpeace.org\/argentina\/wp-json\/wp\/v2\/categories?post=2632"},{"taxonomy":"post_tag","embeddable":true,"href":"https:\/\/www.greenpeace.org\/argentina\/wp-json\/wp\/v2\/tags?post=2632"},{"taxonomy":"p4-page-type","embeddable":true,"href":"https:\/\/www.greenpeace.org\/argentina\/wp-json\/wp\/v2\/p4-page-type?post=2632"}],"curies":[{"name":"wp","href":"https:\/\/api.w.org\/{rel}","templated":true}]}}