{"id":26516,"date":"2025-01-22T16:29:31","date_gmt":"2025-01-22T19:29:31","guid":{"rendered":"https:\/\/www.greenpeace.org\/argentina\/?p=26516"},"modified":"2025-07-02T04:31:11","modified_gmt":"2025-07-02T07:31:11","slug":"2025-por-los-glaciares-la-unesco-y-la-omm-lanzaron-el-ano-internacional-de-la-conservacion-de-los-glaciares","status":"publish","type":"post","link":"https:\/\/www.greenpeace.org\/argentina\/blog\/problemas\/climayenergia\/2025-por-los-glaciares-la-unesco-y-la-omm-lanzaron-el-ano-internacional-de-la-conservacion-de-los-glaciares\/","title":{"rendered":"\u00a12025 por los Glaciares! La UNESCO y la OMM lanzaron el A\u00f1o Internacional de la Conservaci\u00f3n de los Glaciares"},"content":{"rendered":"\n<figure class=\"wp-block-image size-full\"><img loading=\"lazy\" decoding=\"async\" width=\"800\" height=\"533\" src=\"https:\/\/www.greenpeace.org\/static\/planet4-argentina-stateless\/2024\/12\/470682f4-gp0su236s_low-res-with-credit-line-800px.jpg\" alt=\"\" class=\"wp-image-26041\" srcset=\"https:\/\/www.greenpeace.org\/static\/planet4-argentina-stateless\/2024\/12\/470682f4-gp0su236s_low-res-with-credit-line-800px.jpg 800w, https:\/\/www.greenpeace.org\/static\/planet4-argentina-stateless\/2024\/12\/470682f4-gp0su236s_low-res-with-credit-line-800px-300x200.jpg 300w, https:\/\/www.greenpeace.org\/static\/planet4-argentina-stateless\/2024\/12\/470682f4-gp0su236s_low-res-with-credit-line-800px-768x512.jpg 768w, https:\/\/www.greenpeace.org\/static\/planet4-argentina-stateless\/2024\/12\/470682f4-gp0su236s_low-res-with-credit-line-800px-510x340.jpg 510w\" sizes=\"auto, (max-width: 800px) 100vw, 800px\" \/><\/figure>\n\n<h4 class=\"wp-block-heading\"><strong>La Organizaci\u00f3n de las Naciones Unidas para la Educaci\u00f3n, la Ciencia y la Cultura (UNESCO) y la Organizaci\u00f3n Meteorol\u00f3gica Mundial (OMM) lanzaron oficialmente este martes 21 de enero de 2025 como el A\u00f1o Internacional de la Preservaci\u00f3n de los Glaciares, un hito en los esfuerzos mundiales para proteger el aire acondicionado del planeta. <\/strong><strong>Esta iniciativa global busca destacar la funci\u00f3n cr\u00edtica de los glaciares y abordar\u00e1 los desaf\u00edos urgentes que plantea el su deshielo acelerado.<\/strong><\/h4>\n\n<p>La <strong>UNESCO<\/strong> y la <strong>OMM<\/strong> son los principales organismos que coordinan estos esfuerzos internacionales con el apoyo de m\u00e1s de 75 organizaciones internacionales y 35 pa\u00edses. <strong>La OMM celebr\u00f3 el <a href=\"https:\/\/wmo.int\/events\/meeting\/high-level-curtain-raiser-launch-of-international-year-of-glaciers-preservation-2025-iygp-2025\">acto de inauguraci\u00f3n<\/a> en su sede de Ginebra el 21 de enero, mientras que la UNESCO lo har\u00e1 en su sede de Par\u00eds los d\u00edas 20 y 21 de marzo. <\/strong>En esta ocasi\u00f3n, la UNESCO dedicar\u00e1 su <a href=\"https:\/\/www.unesco.org\/reports\/wwdr\/es\">Informe Mundial sobre el Agua<\/a> a los glaciares, con nuevos datos sobre su desaparici\u00f3n y las medidas adoptadas para hacer frente a este desaf\u00edo.<\/p>\n\n<p>Estas decisiones buscan <strong>generar una conversaci\u00f3n central para nuestro futuro: la de la importancia de estas gruesas masas de hielo y nieve <\/strong>que se forman en la superficie terrestre y que son, ni m\u00e1s ni menos, las que acumulan m\u00e1s del 70% del agua dulce del planeta.<\/p>\n\n<figure class=\"wp-block-image size-full\"><img loading=\"lazy\" decoding=\"async\" width=\"800\" height=\"599\" src=\"https:\/\/www.greenpeace.org\/static\/planet4-argentina-stateless\/2024\/04\/e6fd4551-gp1szwy2_low_res_with_credit_line.jpg\" alt=\"\" class=\"wp-image-23608\" srcset=\"https:\/\/www.greenpeace.org\/static\/planet4-argentina-stateless\/2024\/04\/e6fd4551-gp1szwy2_low_res_with_credit_line.jpg 800w, https:\/\/www.greenpeace.org\/static\/planet4-argentina-stateless\/2024\/04\/e6fd4551-gp1szwy2_low_res_with_credit_line-300x225.jpg 300w, https:\/\/www.greenpeace.org\/static\/planet4-argentina-stateless\/2024\/04\/e6fd4551-gp1szwy2_low_res_with_credit_line-768x575.jpg 768w, https:\/\/www.greenpeace.org\/static\/planet4-argentina-stateless\/2024\/04\/e6fd4551-gp1szwy2_low_res_with_credit_line-454x340.jpg 454w\" sizes=\"auto, (max-width: 800px) 100vw, 800px\" \/><figcaption class=\"wp-element-caption\">A<\/figcaption><\/figure>\n\n<p>De acuerdo con Audrey Azoulay, Directora General de la UNESCO, la preservaci\u00f3n de los glaciares es uno de los retos m\u00e1s apremiantes de la humanidad. \u201cEstas antiguas formaciones de hielo<strong> no son solo agua congelada, son los guardianes de la historia clim\u00e1tica de nuestro planeta<\/strong>, la <strong>fuente de vida de miles de millones de personas y lugares sagrados<\/strong> para muchas culturas. Su r\u00e1pida desaparici\u00f3n es un crudo recordatorio de que debemos actuar ahora\u201d, declar\u00f3.<\/p>\n\n<p>Es que <strong>al perder parte de los glaciares<\/strong>, la nieve y el hielo (todo aquello que compone la cri\u00f3sfera, la parte de la Tierra donde el agua se encuentra en estado s\u00f3lido), tanto <strong>el sistema clim\u00e1tico y el ciclo hidrol\u00f3gico se desbalancean por completo<\/strong>. Esto no es gratuito sino que trae consecuencias irreversibles para la naturaleza,\u00a0 la econom\u00eda y la sociedad en su conjunto.<\/p>\n\n<figure class=\"wp-block-image aligncenter size-large\"><img loading=\"lazy\" decoding=\"async\" width=\"1024\" height=\"672\" src=\"https:\/\/www.greenpeace.org\/static\/planet4-argentina-stateless\/2024\/02\/66ebe457-gp0amb_medium_res_with_credit_line-1024x672.jpg\" alt=\"\" class=\"wp-image-23211\" srcset=\"https:\/\/www.greenpeace.org\/static\/planet4-argentina-stateless\/2024\/02\/66ebe457-gp0amb_medium_res_with_credit_line-1024x672.jpg 1024w, https:\/\/www.greenpeace.org\/static\/planet4-argentina-stateless\/2024\/02\/66ebe457-gp0amb_medium_res_with_credit_line-300x197.jpg 300w, https:\/\/www.greenpeace.org\/static\/planet4-argentina-stateless\/2024\/02\/66ebe457-gp0amb_medium_res_with_credit_line-768x504.jpg 768w, https:\/\/www.greenpeace.org\/static\/planet4-argentina-stateless\/2024\/02\/66ebe457-gp0amb_medium_res_with_credit_line-510x335.jpg 510w, https:\/\/www.greenpeace.org\/static\/planet4-argentina-stateless\/2024\/02\/66ebe457-gp0amb_medium_res_with_credit_line.jpg 1200w\" sizes=\"auto, (max-width: 1024px) 100vw, 1024px\" \/><\/figure>\n\n<p>Por ejemplo, <strong>su desaparici\u00f3n repercute en que los r\u00edos y arroyos que se nutren de su derretimiento estacional <\/strong>estar\u00e1n cada vez m\u00e1s secos lo que, en muchos casos, puede determinar el final de una zona productiva.\u00a0<\/p>\n\n<p>Incluso de esta grave situaci\u00f3n podr\u00eda derivarse el aumento del nivel del mar, la escasez de agua y alimentos, riesgos geot\u00e9cnicos y amenazas al comercio, las econom\u00edas y las fuentes de energ\u00eda.<\/p>\n\n<p>Por todo esto, establecer <strong>2025 como el A\u00f1o Internacional de la Conservaci\u00f3n de los Glaciares <\/strong>busca garantizar que quienes se ven directamente afectados por los procesos criosf\u00e9ricos reciban los servicios hidrol\u00f3gicos, meteorol\u00f3gicos y clim\u00e1ticos necesarios.\u00a0<\/p>\n\n<p>Celeste Saulo, secretaria general de la OMM, destac\u00f3 que 2023 fue el segundo a\u00f1o consecutivo en que todas las regiones del mundo con glaciares reportaron p\u00e9rdidas de hielo. \u201c<strong>El derretimiento del hielo y de los glaciares pone en jaque la seguridad h\u00eddrica a largo plazo para muchos millones de personas. Este a\u00f1o internacional debe ser una llamada de atenci\u00f3n al mundo<\/strong>\u201d, dijo.<\/p>\n\n<p>La OMM confirm\u00f3 <strong><a href=\"https:\/\/www.greenpeace.org\/argentina\/blog\/problemas\/climayenergia\/calor-extremo-2025-por-que-frente-a-las-temperaturas-record-es-clave-proteger-nuestros-glaciares\/\">recientemente que el 2024 fue el a\u00f1o m\u00e1s c\u00e1lido registrado y ha emitido repetidas alertas rojas <\/a><\/strong>sobre el estado del clima y el retroceso de los glaciares.\u00a0<\/p>\n\n<figure class=\"wp-block-image size-large\"><img loading=\"lazy\" decoding=\"async\" width=\"1024\" height=\"682\" src=\"https:\/\/www.greenpeace.org\/static\/planet4-argentina-stateless\/2025\/01\/9856740a-glaciar-1024x682.jpg\" alt=\"\" class=\"wp-image-26194\" srcset=\"https:\/\/www.greenpeace.org\/static\/planet4-argentina-stateless\/2025\/01\/9856740a-glaciar-1024x682.jpg 1024w, https:\/\/www.greenpeace.org\/static\/planet4-argentina-stateless\/2025\/01\/9856740a-glaciar-300x200.jpg 300w, https:\/\/www.greenpeace.org\/static\/planet4-argentina-stateless\/2025\/01\/9856740a-glaciar-768x511.jpg 768w, https:\/\/www.greenpeace.org\/static\/planet4-argentina-stateless\/2025\/01\/9856740a-glaciar-510x340.jpg 510w, https:\/\/www.greenpeace.org\/static\/planet4-argentina-stateless\/2025\/01\/9856740a-glaciar.jpg 1199w\" sizes=\"auto, (max-width: 1024px) 100vw, 1024px\" \/><figcaption class=\"wp-element-caption\"> \u00a9 Nick Cobbing\/ Greenpeace. <\/figcaption><\/figure>\n\n<p>Este 2025, el A\u00f1o Internacional de la Conservaci\u00f3n de los Glaciares se centrar\u00e1 en varias \u00e1reas cr\u00edticas:<\/p>\n\n<ul class=\"wp-block-list\">\n<li>ampliaci\u00f3n de los sistemas mundiales de vigilancia de glaciares para mejorar la recopilaci\u00f3n y el an\u00e1lisis de datos;<\/li>\n\n\n\n<li>desarrollo de sistemas de alerta temprana para los peligros relacionados con los glaciares;<\/li>\n\n\n\n<li>promover la gesti\u00f3n sostenible de los recursos h\u00eddricos en las regiones que dependen de los glaciares;<\/li>\n\n\n\n<li>preservar el patrimonio cultural y los conocimientos tradicionales relacionados con los entornos glaciares;<\/li>\n\n\n\n<li>involucrar a los j\u00f3venes en los esfuerzos de conservaci\u00f3n de los glaciares y en la acci\u00f3n clim\u00e1tica.<\/li>\n<\/ul>\n\n<p>El A\u00f1o Internacional de la Conservaci\u00f3n de los Glaciares 2025 <strong>movilizar\u00e1 a gobiernos, instituciones cient\u00edficas, organizaciones del sector privado y sociedad civil para reducir urgentemente las emisiones de gases de efecto invernadero<\/strong> y poner en marcha estrategias efectivas de adaptaci\u00f3n. Solo a trav\u00e9s de la acci\u00f3n colaborativa y una mayor conciencia se preservar\u00e1n estos recursos vitales para las generaciones futuras.<\/p>\n\n<p>Para obtener m\u00e1s informaci\u00f3n sobre el A\u00f1o Internacional de la Conservaci\u00f3n de los Glaciares y c\u00f3mo participar en sus iniciativas, se piede visitar&nbsp; <a href=\"https:\/\/www.un-glaciers.org\/es\/homepage\">www.un-glaciers.org<\/a><\/p>\n\n<h4 class=\"wp-block-heading\"><strong>Los glaciares en Argentina<\/strong><\/h4>\n\n<figure class=\"wp-block-image size-large\"><img loading=\"lazy\" decoding=\"async\" width=\"1024\" height=\"683\" src=\"https:\/\/www.greenpeace.org\/static\/planet4-argentina-stateless\/2025\/01\/c6575248-glaciares-san-juan-061-\u00a9-martin-katz-greenpeace-1024x683.jpg\" alt=\"\" class=\"wp-image-26219\" srcset=\"https:\/\/www.greenpeace.org\/static\/planet4-argentina-stateless\/2025\/01\/c6575248-glaciares-san-juan-061-\u00a9-martin-katz-greenpeace-1024x683.jpg 1024w, https:\/\/www.greenpeace.org\/static\/planet4-argentina-stateless\/2025\/01\/c6575248-glaciares-san-juan-061-\u00a9-martin-katz-greenpeace-300x200.jpg 300w, https:\/\/www.greenpeace.org\/static\/planet4-argentina-stateless\/2025\/01\/c6575248-glaciares-san-juan-061-\u00a9-martin-katz-greenpeace-768x512.jpg 768w, https:\/\/www.greenpeace.org\/static\/planet4-argentina-stateless\/2025\/01\/c6575248-glaciares-san-juan-061-\u00a9-martin-katz-greenpeace-1536x1024.jpg 1536w, https:\/\/www.greenpeace.org\/static\/planet4-argentina-stateless\/2025\/01\/c6575248-glaciares-san-juan-061-\u00a9-martin-katz-greenpeace-2048x1366.jpg 2048w, https:\/\/www.greenpeace.org\/static\/planet4-argentina-stateless\/2025\/01\/c6575248-glaciares-san-juan-061-\u00a9-martin-katz-greenpeace-510x340.jpg 510w\" sizes=\"auto, (max-width: 1024px) 100vw, 1024px\" \/><figcaption class=\"wp-element-caption\"> \u00a9 Mart\u00edn Katz \/ Greenpeace<\/figcaption><\/figure>\n\n<p>En nuestro pa\u00eds<strong> los glaciares est\u00e1n presentes en 12 provincias, alimentando 36 cuencas h\u00eddricas que proveen agua a m\u00e1s de 1.800 localidades.<\/strong> Estas \u00e1reas albergan a cerca de 7 millones de personas, un<strong> 18% de la poblaci\u00f3n nacional<\/strong>, que dependen directamente de los glaciares para el acceso al agua potable<\/p>\n\n<figure class=\"wp-block-image size-large\"><img loading=\"lazy\" decoding=\"async\" width=\"1024\" height=\"679\" src=\"https:\/\/www.greenpeace.org\/static\/planet4-argentina-stateless\/2025\/01\/625951c9-glaciar-perito-moreno-patagonia-arg-\u00a9-greenpeace-daniel-beltra-1024x679.jpg\" alt=\"\" class=\"wp-image-26227\" srcset=\"https:\/\/www.greenpeace.org\/static\/planet4-argentina-stateless\/2025\/01\/625951c9-glaciar-perito-moreno-patagonia-arg-\u00a9-greenpeace-daniel-beltra-1024x679.jpg 1024w, https:\/\/www.greenpeace.org\/static\/planet4-argentina-stateless\/2025\/01\/625951c9-glaciar-perito-moreno-patagonia-arg-\u00a9-greenpeace-daniel-beltra-300x199.jpg 300w, https:\/\/www.greenpeace.org\/static\/planet4-argentina-stateless\/2025\/01\/625951c9-glaciar-perito-moreno-patagonia-arg-\u00a9-greenpeace-daniel-beltra-768x509.jpg 768w, https:\/\/www.greenpeace.org\/static\/planet4-argentina-stateless\/2025\/01\/625951c9-glaciar-perito-moreno-patagonia-arg-\u00a9-greenpeace-daniel-beltra-1536x1018.jpg 1536w, https:\/\/www.greenpeace.org\/static\/planet4-argentina-stateless\/2025\/01\/625951c9-glaciar-perito-moreno-patagonia-arg-\u00a9-greenpeace-daniel-beltra-2048x1357.jpg 2048w, https:\/\/www.greenpeace.org\/static\/planet4-argentina-stateless\/2025\/01\/625951c9-glaciar-perito-moreno-patagonia-arg-\u00a9-greenpeace-daniel-beltra-510x338.jpg 510w\" sizes=\"auto, (max-width: 1024px) 100vw, 1024px\" \/><figcaption class=\"wp-element-caption\">Glaciar Perito Moreno<\/figcaption><\/figure>\n\n<p>Sin embargo<strong>, enfrentan amenazas sin precedentes debido a la emergencia clim\u00e1tica y a actividades humanas. <\/strong>En este momento cr\u00edtico, su situaci\u00f3n se agrava debido al avance de inversiones econ\u00f3micas realizadas sobre el ambiente periglacial (fundamentalmente mineras) que afectan su equilibrio y ponen en riesgo el agua de comunidades enteras, as\u00ed como la biodiversidad de estas regiones.<\/p>\n\n<figure class=\"wp-block-image size-large\"><img loading=\"lazy\" decoding=\"async\" width=\"1024\" height=\"683\" src=\"https:\/\/www.greenpeace.org\/static\/planet4-argentina-stateless\/2025\/01\/17e91214-glaciares-san-juan-103-\u00a9-martin-katz-greenpeace-1024x683.jpg\" alt=\"\" class=\"wp-image-26229\" srcset=\"https:\/\/www.greenpeace.org\/static\/planet4-argentina-stateless\/2025\/01\/17e91214-glaciares-san-juan-103-\u00a9-martin-katz-greenpeace-1024x683.jpg 1024w, https:\/\/www.greenpeace.org\/static\/planet4-argentina-stateless\/2025\/01\/17e91214-glaciares-san-juan-103-\u00a9-martin-katz-greenpeace-300x200.jpg 300w, https:\/\/www.greenpeace.org\/static\/planet4-argentina-stateless\/2025\/01\/17e91214-glaciares-san-juan-103-\u00a9-martin-katz-greenpeace-768x512.jpg 768w, https:\/\/www.greenpeace.org\/static\/planet4-argentina-stateless\/2025\/01\/17e91214-glaciares-san-juan-103-\u00a9-martin-katz-greenpeace-1536x1024.jpg 1536w, https:\/\/www.greenpeace.org\/static\/planet4-argentina-stateless\/2025\/01\/17e91214-glaciares-san-juan-103-\u00a9-martin-katz-greenpeace-2048x1366.jpg 2048w, https:\/\/www.greenpeace.org\/static\/planet4-argentina-stateless\/2025\/01\/17e91214-glaciares-san-juan-103-\u00a9-martin-katz-greenpeace-510x340.jpg 510w\" sizes=\"auto, (max-width: 1024px) 100vw, 1024px\" \/><figcaption class=\"wp-element-caption\">Glaciares en San Juan  <div class=\"credit icon-left\"> \u00a9 Mart\u00edn Katz \/ Greenpeace<\/div><\/figcaption><\/figure>\n\n<p>Este a\u00f1o<strong> se cumplen quince a\u00f1os desde que logramos la Ley de Protecci\u00f3n de Glaciares<\/strong>, una victoria ciudadana, fruto de una movilizaci\u00f3n hist\u00f3rica, la segunda ley ambiental m\u00e1s importante del pa\u00eds impulsada por Greenpeace y m\u00e1s de 300 organizaciones.&nbsp;<\/p>\n\n<h4 class=\"wp-block-heading\"><strong>Proteger nuestros glaciares no es solo un deber, es un acto de amor hacia nuestras futuras generaciones y hacia el planeta que compartimos. Desde Greenpeace, trabajamos incansablemente para asegurar el cumplimiento de la Ley de Glaciares, pero esta lucha necesita de personas, cuya voz resuena y mueve a otros a actuar.<\/strong><\/h4>\n\n<h4 class=\"wp-block-heading has-grey-200-background-color has-background\"><strong>Invitamos a la ciudadan\u00eda a que sume su voz a esta campa\u00f1a en <a href=\"https:\/\/salvemoslosglaciares.org\/\">salvemoslosglaciares.org<\/a> y contamos con toda la colaboraci\u00f3n que permita fortalecer esta causa. Los glaciares son parte de nuestra identidad, y protegerlos es algo que nos toca a todos.<\/strong><\/h4>\n\t\t\t<section\n\t\t\tclass=\"boxout post-608 \"\n\t\t\t\n\t\t>\n\t\t\t<a\n\t\t\t\tdata-ga-category=\"Take Action Boxout\"\n\t\t\t\tdata-ga-action=\"Image\"\n\t\t\t\tdata-ga-label=\"n\/a\"\n\t\t\t\tclass=\"cover-card-overlay\"\n\t\t\t\thref=\"https:\/\/www.greenpeace.org\/argentina\/participa\/glaciares-en-peligro\/\" \n\t\t\t><\/a>\n\t\t\t\t\t\t\t<img\n\t\t\t\t\t\tsrc=\"https:\/\/www.greenpeace.org\/static\/planet4-argentina-stateless\/2025\/01\/7e6bafb0-glaciares-san-juan-073-\u00a9-greenpeace-1024x683.jpg\"\n\t\t\t\t\t\tsrcset=\"https:\/\/www.greenpeace.org\/static\/planet4-argentina-stateless\/2025\/01\/7e6bafb0-glaciares-san-juan-073-\u00a9-greenpeace-300x200.jpg 300w, https:\/\/www.greenpeace.org\/static\/planet4-argentina-stateless\/2025\/01\/7e6bafb0-glaciares-san-juan-073-\u00a9-greenpeace-1024x683.jpg 1024w, https:\/\/www.greenpeace.org\/static\/planet4-argentina-stateless\/2025\/01\/7e6bafb0-glaciares-san-juan-073-\u00a9-greenpeace-768x512.jpg 768w, https:\/\/www.greenpeace.org\/static\/planet4-argentina-stateless\/2025\/01\/7e6bafb0-glaciares-san-juan-073-\u00a9-greenpeace-1536x1024.jpg 1536w, https:\/\/www.greenpeace.org\/static\/planet4-argentina-stateless\/2025\/01\/7e6bafb0-glaciares-san-juan-073-\u00a9-greenpeace-2048x1366.jpg 2048w, https:\/\/www.greenpeace.org\/static\/planet4-argentina-stateless\/2025\/01\/7e6bafb0-glaciares-san-juan-073-\u00a9-greenpeace-510x340.jpg 510w\"\n\t\t\t\t\t\tsizes=\"(min-width: 1000px) 358px, (min-width: 780px) 313px, 88px\"\n\t\t\t\t\t\talt=\"\" title=\"\"\n\t\t\t\t\/>\n            \t\t\t<div class=\"boxout-content\">\n\t\t\t\t\t\t\t\t\t<a\n\t\t\t\t\t\tclass=\"boxout-heading medium\"\n\t\t\t\t\t\tdata-ga-category=\"Take Action Boxout\"\n\t\t\t\t\t\tdata-ga-action=\"Title\"\n\t\t\t\t\t\tdata-ga-label=\"n\/a\"\n\t\t\t\t\t\thref=\"https:\/\/www.greenpeace.org\/argentina\/participa\/glaciares-en-peligro\/\"\n\t\t\t\t\t\t\n\t\t\t\t\t>\n\t\t\t\t\t\tGlaciares: hielos en peligro\n\t\t\t\t\t<\/a>\n\t\t\t\t\t\t\t\t\t\t\t\t\t<p class=\"boxout-excerpt\">Es importante comprender el rol fundamental que cumplen tanto los glaciares como el ambiente periglaciar en el resguardo de los recursos h\u00eddricos, por lo cual ambos necesitan protecci\u00f3n.<\/p>\n\t\t\t\t                                    <a\n                        class=\"btn btn-primary\"\n                        data-ga-category=\"Take Action Boxout\"\n                        data-ga-action=\"Call to Action\"\n                        data-ga-label=\"n\/a\"\n                        href=\"https:\/\/www.greenpeace.org\/argentina\/participa\/glaciares-en-peligro\/\"\n                        \n                    >\n                        Particip\u00e1\n                    <\/a>\n                \t\t\t<\/div>\n\t\t\t\t\t<\/section>\n\t","protected":false},"excerpt":{"rendered":"<p>Esta iniciativa global busca destacar la funci\u00f3n cr\u00edtica de los glaciares y abordar\u00e1 los desaf\u00edos urgentes que plantea el su deshielo acelerado.<\/p>\n","protected":false},"author":21,"featured_media":26041,"comment_status":"closed","ping_status":"open","sticky":false,"template":"","format":"standard","meta":{"ep_exclude_from_search":false,"p4_og_title":"\u00a12025 por los Glaciares! La UNESCO y la OMM lanzaron el A\u00f1o Internacional de la Conservaci\u00f3n de los Glaciares","p4_og_description":"Esta iniciativa global busca destacar la funci\u00f3n cr\u00edtica de los glaciares y abordar\u00e1 los desaf\u00edos urgentes que plantea el su deshielo acelerado.","p4_og_image":"https:\/\/www.greenpeace.org\/static\/planet4-argentina-stateless\/2024\/12\/470682f4-gp0su236s_low-res-with-credit-line-800px.jpg","p4_og_image_id":"26041","p4_seo_canonical_url":"","p4_campaign_name":"","p4_local_project":"","p4_basket_name":"","p4_department":"","footnotes":""},"categories":[3],"tags":[27],"p4-page-type":[14],"class_list":["post-26516","post","type-post","status-publish","format-standard","has-post-thumbnail","hentry","category-climayenergia","tag-glaciares","p4-page-type-blog"],"_links":{"self":[{"href":"https:\/\/www.greenpeace.org\/argentina\/wp-json\/wp\/v2\/posts\/26516","targetHints":{"allow":["GET"]}}],"collection":[{"href":"https:\/\/www.greenpeace.org\/argentina\/wp-json\/wp\/v2\/posts"}],"about":[{"href":"https:\/\/www.greenpeace.org\/argentina\/wp-json\/wp\/v2\/types\/post"}],"author":[{"embeddable":true,"href":"https:\/\/www.greenpeace.org\/argentina\/wp-json\/wp\/v2\/users\/21"}],"replies":[{"embeddable":true,"href":"https:\/\/www.greenpeace.org\/argentina\/wp-json\/wp\/v2\/comments?post=26516"}],"version-history":[{"count":4,"href":"https:\/\/www.greenpeace.org\/argentina\/wp-json\/wp\/v2\/posts\/26516\/revisions"}],"predecessor-version":[{"id":30583,"href":"https:\/\/www.greenpeace.org\/argentina\/wp-json\/wp\/v2\/posts\/26516\/revisions\/30583"}],"wp:featuredmedia":[{"embeddable":true,"href":"https:\/\/www.greenpeace.org\/argentina\/wp-json\/wp\/v2\/media\/26041"}],"wp:attachment":[{"href":"https:\/\/www.greenpeace.org\/argentina\/wp-json\/wp\/v2\/media?parent=26516"}],"wp:term":[{"taxonomy":"category","embeddable":true,"href":"https:\/\/www.greenpeace.org\/argentina\/wp-json\/wp\/v2\/categories?post=26516"},{"taxonomy":"post_tag","embeddable":true,"href":"https:\/\/www.greenpeace.org\/argentina\/wp-json\/wp\/v2\/tags?post=26516"},{"taxonomy":"p4-page-type","embeddable":true,"href":"https:\/\/www.greenpeace.org\/argentina\/wp-json\/wp\/v2\/p4-page-type?post=26516"}],"curies":[{"name":"wp","href":"https:\/\/api.w.org\/{rel}","templated":true}]}}