{"id":26816,"date":"2025-02-11T13:46:48","date_gmt":"2025-02-11T16:46:48","guid":{"rendered":"https:\/\/www.greenpeace.org\/argentina\/?p=26816"},"modified":"2025-07-02T04:31:07","modified_gmt":"2025-07-02T07:31:07","slug":"la-patagonia-argentina-sufre-los-peores-incendios-forestales-de-las-ultimas-tres-decadas","status":"publish","type":"post","link":"https:\/\/www.greenpeace.org\/argentina\/story\/problemas\/bosques\/la-patagonia-argentina-sufre-los-peores-incendios-forestales-de-las-ultimas-tres-decadas\/","title":{"rendered":"La Patagonia argentina sufre los peores incendios forestales de las \u00faltimas tres d\u00e9cadas"},"content":{"rendered":"\n<h4 class=\"wp-block-heading\"><strong>M\u00e1s de 37.000 hect\u00e1reas arrasadas por el fuego<\/strong>.<\/h4>\n\n<figure class=\"wp-block-image size-large\"><img loading=\"lazy\" decoding=\"async\" width=\"1024\" height=\"682\" src=\"https:\/\/www.greenpeace.org\/static\/planet4-argentina-stateless\/2025\/02\/41d4aaef-incendios-en-el-bolson-\u00a9-marcelo-martinez-greenpeace-01-1024x682.jpg\" alt=\"\" class=\"wp-image-26834\" srcset=\"https:\/\/www.greenpeace.org\/static\/planet4-argentina-stateless\/2025\/02\/41d4aaef-incendios-en-el-bolson-\u00a9-marcelo-martinez-greenpeace-01-1024x682.jpg 1024w, https:\/\/www.greenpeace.org\/static\/planet4-argentina-stateless\/2025\/02\/41d4aaef-incendios-en-el-bolson-\u00a9-marcelo-martinez-greenpeace-01-300x200.jpg 300w, https:\/\/www.greenpeace.org\/static\/planet4-argentina-stateless\/2025\/02\/41d4aaef-incendios-en-el-bolson-\u00a9-marcelo-martinez-greenpeace-01-768x512.jpg 768w, https:\/\/www.greenpeace.org\/static\/planet4-argentina-stateless\/2025\/02\/41d4aaef-incendios-en-el-bolson-\u00a9-marcelo-martinez-greenpeace-01-1536x1024.jpg 1536w, https:\/\/www.greenpeace.org\/static\/planet4-argentina-stateless\/2025\/02\/41d4aaef-incendios-en-el-bolson-\u00a9-marcelo-martinez-greenpeace-01-2048x1366.jpg 2048w, https:\/\/www.greenpeace.org\/static\/planet4-argentina-stateless\/2025\/02\/41d4aaef-incendios-en-el-bolson-\u00a9-marcelo-martinez-greenpeace-01-510x340.jpg 510w\" sizes=\"auto, (max-width: 1024px) 100vw, 1024px\" \/><figcaption class=\"wp-element-caption\">Incendios en El Bols\u00f3n \u00a9 Marcelo Martinez \/ Greenpeace<\/figcaption><\/figure>\n\n<h4 class=\"wp-block-heading\"><strong>11 de febrero de 2025.- Los incendios forestales en Neuqu\u00e9n, R\u00edo Negro y Chubut afectan seriamente a dos Parques Nacionales y ya arrasaron m\u00e1s de 37.000 hect\u00e1reas de bosques y viviendas, una superficie equivalente a dos veces el tama\u00f1o la ciudad de Buenos Aires. Greenpeace reclama m\u00e1s prevenci\u00f3n, brigadistas e infraestructura para respuesta r\u00e1pida, y penalizar tanto incendios como desmontes.<\/strong><\/h4>\n\n<figure class=\"wp-block-image size-large\"><img loading=\"lazy\" decoding=\"async\" width=\"1024\" height=\"683\" src=\"https:\/\/www.greenpeace.org\/static\/planet4-argentina-stateless\/2025\/02\/f3d97f0b-incendios-en-pn-lanin-\u00a9-federico-soto-greenpeace-01-1024x683.jpg\" alt=\"\" class=\"wp-image-26827\" srcset=\"https:\/\/www.greenpeace.org\/static\/planet4-argentina-stateless\/2025\/02\/f3d97f0b-incendios-en-pn-lanin-\u00a9-federico-soto-greenpeace-01-1024x683.jpg 1024w, https:\/\/www.greenpeace.org\/static\/planet4-argentina-stateless\/2025\/02\/f3d97f0b-incendios-en-pn-lanin-\u00a9-federico-soto-greenpeace-01-300x200.jpg 300w, https:\/\/www.greenpeace.org\/static\/planet4-argentina-stateless\/2025\/02\/f3d97f0b-incendios-en-pn-lanin-\u00a9-federico-soto-greenpeace-01-768x512.jpg 768w, https:\/\/www.greenpeace.org\/static\/planet4-argentina-stateless\/2025\/02\/f3d97f0b-incendios-en-pn-lanin-\u00a9-federico-soto-greenpeace-01-1536x1024.jpg 1536w, https:\/\/www.greenpeace.org\/static\/planet4-argentina-stateless\/2025\/02\/f3d97f0b-incendios-en-pn-lanin-\u00a9-federico-soto-greenpeace-01-2048x1366.jpg 2048w, https:\/\/www.greenpeace.org\/static\/planet4-argentina-stateless\/2025\/02\/f3d97f0b-incendios-en-pn-lanin-\u00a9-federico-soto-greenpeace-01-510x340.jpg 510w\" sizes=\"auto, (max-width: 1024px) 100vw, 1024px\" \/><figcaption class=\"wp-element-caption\">Incendios en Parque Nacional Lanin  \u00a9 Federico Soto \/ Greenpeace<\/figcaption><\/figure>\n\n<p>Seg\u00fan reportes oficiales, los incendios forestales durante este verano en Argentina se quemaron 37.601 hect\u00e1reas de bosques andino patag\u00f3nicos: <strong>450 hect\u00e1reas en Caviahue (Neuqu\u00e9n), 15.200 hect\u00e1reas en el Parque Nacional Lan\u00edn (Neuqu\u00e9n), 10.233 hect\u00e1reas en el Parque Nacional Nahuel Huapi (R\u00edo Negro), 3.637 hect\u00e1reas en El Bols\u00f3n (R\u00edo Negro), 55 hect\u00e1reas en El Pedregoso (Chubut), 3.530 hect\u00e1reas en Epuy\u00e9n (Chubut), y 4.496 hect\u00e1reas en Atilio Viglione (Chubut).<\/strong> (1)<\/p>\n\n<figure class=\"wp-block-image size-large\"><img loading=\"lazy\" decoding=\"async\" width=\"1024\" height=\"684\" src=\"https:\/\/www.greenpeace.org\/static\/planet4-argentina-stateless\/2025\/02\/1cc80f2a-incendios-en-el-bolson-\u00a9-marcelo-martinez-greenpeace-02-1024x684.jpg\" alt=\"\" class=\"wp-image-26835\" srcset=\"https:\/\/www.greenpeace.org\/static\/planet4-argentina-stateless\/2025\/02\/1cc80f2a-incendios-en-el-bolson-\u00a9-marcelo-martinez-greenpeace-02-1024x684.jpg 1024w, https:\/\/www.greenpeace.org\/static\/planet4-argentina-stateless\/2025\/02\/1cc80f2a-incendios-en-el-bolson-\u00a9-marcelo-martinez-greenpeace-02-300x200.jpg 300w, https:\/\/www.greenpeace.org\/static\/planet4-argentina-stateless\/2025\/02\/1cc80f2a-incendios-en-el-bolson-\u00a9-marcelo-martinez-greenpeace-02-768x513.jpg 768w, https:\/\/www.greenpeace.org\/static\/planet4-argentina-stateless\/2025\/02\/1cc80f2a-incendios-en-el-bolson-\u00a9-marcelo-martinez-greenpeace-02-1536x1025.jpg 1536w, https:\/\/www.greenpeace.org\/static\/planet4-argentina-stateless\/2025\/02\/1cc80f2a-incendios-en-el-bolson-\u00a9-marcelo-martinez-greenpeace-02-2048x1367.jpg 2048w, https:\/\/www.greenpeace.org\/static\/planet4-argentina-stateless\/2025\/02\/1cc80f2a-incendios-en-el-bolson-\u00a9-marcelo-martinez-greenpeace-02-2046x1366.jpg 2046w, https:\/\/www.greenpeace.org\/static\/planet4-argentina-stateless\/2025\/02\/1cc80f2a-incendios-en-el-bolson-\u00a9-marcelo-martinez-greenpeace-02-510x340.jpg 510w\" sizes=\"auto, (max-width: 1024px) 100vw, 1024px\" \/><figcaption class=\"wp-element-caption\">Incendios en El Bols\u00f3n \u00a9 Marcelo Martinez  \/Greenpeace.<\/figcaption><\/figure>\n\n<p><em>\u201c<strong>Los bosques andino patag\u00f3nicos de Argentina est\u00e1n sufriendo los peores incendios forestales de las \u00faltimas tres d\u00e9cadas.<\/strong> <strong>Es un ecocidio<\/strong>. La superficie arrasada por el fuego es enorme, afectando seriamente dos Parques Nacionales, y tardar\u00e1 cerca de 200 a\u00f1os en recuperarse. <strong>La crisis clim\u00e1tica exige prepararse para un aumento de los incendios y la dirigencia pol\u00edtica debe dejar de negar o subestimar esta situaci\u00f3n. <\/strong>Se precisa mucha m\u00e1s prevenci\u00f3n, brigadistas e infraestructura, tanto a nivel nacional como en las provincias, para dar respuesta r\u00e1pida a los m\u00faltiples focos que luego se vuelven incontrolables. El viento, la sequ\u00eda y los pinos ex\u00f3ticos aumentan los riesgos.\u201d, <\/em>se\u00f1al\u00f3 Hern\u00e1n Giardini, coordinador de la campa\u00f1a de Bosques de Greenpeace.<br><\/p>\n\n<figure class=\"wp-block-image aligncenter size-large is-resized\"><img loading=\"lazy\" decoding=\"async\" width=\"683\" height=\"1024\" src=\"https:\/\/www.greenpeace.org\/static\/planet4-argentina-stateless\/2025\/02\/4fe67c53-incendios-en-pn-lanin-\u00a9-federico-soto-greenpeace-02-683x1024.jpg\" alt=\"\" class=\"wp-image-26818\" style=\"width:683px;height:auto\" srcset=\"https:\/\/www.greenpeace.org\/static\/planet4-argentina-stateless\/2025\/02\/4fe67c53-incendios-en-pn-lanin-\u00a9-federico-soto-greenpeace-02-683x1024.jpg 683w, https:\/\/www.greenpeace.org\/static\/planet4-argentina-stateless\/2025\/02\/4fe67c53-incendios-en-pn-lanin-\u00a9-federico-soto-greenpeace-02-200x300.jpg 200w, https:\/\/www.greenpeace.org\/static\/planet4-argentina-stateless\/2025\/02\/4fe67c53-incendios-en-pn-lanin-\u00a9-federico-soto-greenpeace-02-768x1152.jpg 768w, https:\/\/www.greenpeace.org\/static\/planet4-argentina-stateless\/2025\/02\/4fe67c53-incendios-en-pn-lanin-\u00a9-federico-soto-greenpeace-02-1024x1536.jpg 1024w, https:\/\/www.greenpeace.org\/static\/planet4-argentina-stateless\/2025\/02\/4fe67c53-incendios-en-pn-lanin-\u00a9-federico-soto-greenpeace-02-1365x2048.jpg 1365w, https:\/\/www.greenpeace.org\/static\/planet4-argentina-stateless\/2025\/02\/4fe67c53-incendios-en-pn-lanin-\u00a9-federico-soto-greenpeace-02-911x1366.jpg 911w, https:\/\/www.greenpeace.org\/static\/planet4-argentina-stateless\/2025\/02\/4fe67c53-incendios-en-pn-lanin-\u00a9-federico-soto-greenpeace-02-227x340.jpg 227w, https:\/\/www.greenpeace.org\/static\/planet4-argentina-stateless\/2025\/02\/4fe67c53-incendios-en-pn-lanin-\u00a9-federico-soto-greenpeace-02-scaled.jpg 1707w\" sizes=\"auto, (max-width: 683px) 100vw, 683px\" \/><figcaption class=\"wp-element-caption\">Incendios en Parque Nacional Lanin \u00a9 Federico Soto \/ Greenpeace<\/figcaption><\/figure>\n\n<p>Un <strong><a href=\"https:\/\/www.greenpeace.org\/static\/planet4-argentina-stateless\/2024\/05\/acaa1d9b-informe-incendios-forestales-en-los-bosques-andino-patagonicos-2023-2024.pdf\">informe de Greenpeace<\/a><\/strong> estim\u00f3 que la superficie afectada por incendios forestales en la regi\u00f3n de los Bosques Andino Patag\u00f3nicos de Argentina durante el per\u00edodo octubre 2023 \u2013 marzo 2024 fue de 7.747 hect\u00e1reas, el 90% en la provincia de Chubut. (2)<\/p>\n\n<figure class=\"wp-block-image size-large\"><img loading=\"lazy\" decoding=\"async\" width=\"1024\" height=\"682\" src=\"https:\/\/www.greenpeace.org\/static\/planet4-argentina-stateless\/2025\/02\/63c8552a-incendios-en-el-bolson-\u00a9-marcelo-martinez-greenpeace-03-1-1024x682.jpg\" alt=\"\" class=\"wp-image-26836\" srcset=\"https:\/\/www.greenpeace.org\/static\/planet4-argentina-stateless\/2025\/02\/63c8552a-incendios-en-el-bolson-\u00a9-marcelo-martinez-greenpeace-03-1-1024x682.jpg 1024w, https:\/\/www.greenpeace.org\/static\/planet4-argentina-stateless\/2025\/02\/63c8552a-incendios-en-el-bolson-\u00a9-marcelo-martinez-greenpeace-03-1-300x200.jpg 300w, https:\/\/www.greenpeace.org\/static\/planet4-argentina-stateless\/2025\/02\/63c8552a-incendios-en-el-bolson-\u00a9-marcelo-martinez-greenpeace-03-1-768x512.jpg 768w, https:\/\/www.greenpeace.org\/static\/planet4-argentina-stateless\/2025\/02\/63c8552a-incendios-en-el-bolson-\u00a9-marcelo-martinez-greenpeace-03-1-1536x1024.jpg 1536w, https:\/\/www.greenpeace.org\/static\/planet4-argentina-stateless\/2025\/02\/63c8552a-incendios-en-el-bolson-\u00a9-marcelo-martinez-greenpeace-03-1-2048x1366.jpg 2048w, https:\/\/www.greenpeace.org\/static\/planet4-argentina-stateless\/2025\/02\/63c8552a-incendios-en-el-bolson-\u00a9-marcelo-martinez-greenpeace-03-1-510x340.jpg 510w\" sizes=\"auto, (max-width: 1024px) 100vw, 1024px\" \/><figcaption class=\"wp-element-caption\">Incendios en El Bols\u00f3n \u00a9 Marcelo Martinez \/ Greenpeace<\/figcaption><\/figure>\n\n<p>Se estima que <strong>el 95% de los incendios forestales se producen por el accionar humano <\/strong>ya sea por intencionalidad, negligencia o accidentes por fogatas, asados y colillas de cigarrillos mal apagados, la preparaci\u00f3n de \u00e1reas de pastoreo con fuego y la quema de residuos forestales.<\/p>\n\n<figure class=\"wp-block-image size-large\"><img loading=\"lazy\" decoding=\"async\" width=\"1024\" height=\"683\" src=\"https:\/\/www.greenpeace.org\/static\/planet4-argentina-stateless\/2025\/02\/2e9b9d3c-incendios-en-epuyen-\u00a9-matias-garay-greenpeace-01-1024x683.jpg\" alt=\"\" class=\"wp-image-26820\" srcset=\"https:\/\/www.greenpeace.org\/static\/planet4-argentina-stateless\/2025\/02\/2e9b9d3c-incendios-en-epuyen-\u00a9-matias-garay-greenpeace-01-1024x683.jpg 1024w, https:\/\/www.greenpeace.org\/static\/planet4-argentina-stateless\/2025\/02\/2e9b9d3c-incendios-en-epuyen-\u00a9-matias-garay-greenpeace-01-300x200.jpg 300w, https:\/\/www.greenpeace.org\/static\/planet4-argentina-stateless\/2025\/02\/2e9b9d3c-incendios-en-epuyen-\u00a9-matias-garay-greenpeace-01-768x512.jpg 768w, https:\/\/www.greenpeace.org\/static\/planet4-argentina-stateless\/2025\/02\/2e9b9d3c-incendios-en-epuyen-\u00a9-matias-garay-greenpeace-01-1536x1024.jpg 1536w, https:\/\/www.greenpeace.org\/static\/planet4-argentina-stateless\/2025\/02\/2e9b9d3c-incendios-en-epuyen-\u00a9-matias-garay-greenpeace-01-2048x1366.jpg 2048w, https:\/\/www.greenpeace.org\/static\/planet4-argentina-stateless\/2025\/02\/2e9b9d3c-incendios-en-epuyen-\u00a9-matias-garay-greenpeace-01-510x340.jpg 510w\" sizes=\"auto, (max-width: 1024px) 100vw, 1024px\" \/><figcaption class=\"wp-element-caption\">Incendios en Epuyen \u00a9 Matias Garay \/ Greenpeace<\/figcaption><\/figure>\n\n<p><em>\u201cMientras los incendios en el sur van en aumento<strong>, la mitad de los desmontes en el norte son ilegales.<\/strong> Debemos acabar con la impunidad. En forma urgente se debe prohibir y penalizar la destrucci\u00f3n de bosques nativos\u201d,<\/em> afirm\u00f3 Giardini. (3)<\/p>\n\n<figure class=\"wp-block-image size-large\"><img loading=\"lazy\" decoding=\"async\" width=\"1024\" height=\"683\" src=\"https:\/\/www.greenpeace.org\/static\/planet4-argentina-stateless\/2025\/02\/55ac5ec4-incendios-en-epuyen-\u00a9-matias-garay-greenpeace-02-1024x683.jpg\" alt=\"\" class=\"wp-image-26821\" srcset=\"https:\/\/www.greenpeace.org\/static\/planet4-argentina-stateless\/2025\/02\/55ac5ec4-incendios-en-epuyen-\u00a9-matias-garay-greenpeace-02-1024x683.jpg 1024w, https:\/\/www.greenpeace.org\/static\/planet4-argentina-stateless\/2025\/02\/55ac5ec4-incendios-en-epuyen-\u00a9-matias-garay-greenpeace-02-300x200.jpg 300w, https:\/\/www.greenpeace.org\/static\/planet4-argentina-stateless\/2025\/02\/55ac5ec4-incendios-en-epuyen-\u00a9-matias-garay-greenpeace-02-768x512.jpg 768w, https:\/\/www.greenpeace.org\/static\/planet4-argentina-stateless\/2025\/02\/55ac5ec4-incendios-en-epuyen-\u00a9-matias-garay-greenpeace-02-1536x1024.jpg 1536w, https:\/\/www.greenpeace.org\/static\/planet4-argentina-stateless\/2025\/02\/55ac5ec4-incendios-en-epuyen-\u00a9-matias-garay-greenpeace-02-2048x1366.jpg 2048w, https:\/\/www.greenpeace.org\/static\/planet4-argentina-stateless\/2025\/02\/55ac5ec4-incendios-en-epuyen-\u00a9-matias-garay-greenpeace-02-510x340.jpg 510w\" sizes=\"auto, (max-width: 1024px) 100vw, 1024px\" \/><figcaption class=\"wp-element-caption\">Incendios en Epuy\u00e9n &nbsp;\u00a9 Matias Garay \/ Greenpeace<\/figcaption><\/figure>\n\n<p>La organizaci\u00f3n ecologista convoca a la ciudadan\u00eda a <strong>reclamar en la p\u00e1gina <a href=\"http:\/\/votaporlosbosques.org\" target=\"_blank\" rel=\"noreferrer noopener\">votaporlosbosques.org<\/a> que se establezcan penas de prisi\u00f3n para los responsables de incendios forestales y desmontes ilegales<\/strong>. Ya participaron m\u00e1s de 265.000 personas.&nbsp;<\/p>\n\n<p><strong>Notas:&nbsp;<\/strong><\/p>\n\n<ol class=\"wp-block-list\">\n<li>Datos preliminares obtenidos de la Administraci\u00f3n de Parques Nacionales, del Servicio de Prevenci\u00f3n y Lucha contra Incendios Forestales de R\u00edo Negro, del Servicio Provincial de Manejo del Fuego de Chubut, y del Sistema Provincial de Manejo del Fuego de Neuqu\u00e9n.<\/li>\n<\/ol>\n\n<ol start=\"2\" class=\"wp-block-list\">\n<li><a href=\"https:\/\/www.greenpeace.org\/static\/planet4-argentina-stateless\/2024\/05\/acaa1d9b-informe-incendios-forestales-en-los-bosques-andino-patagonicos-2023-2024.pdf\">Informe \u201cIncendios forestales en los Bosques Andino Patag\u00f3nicos de Argentina. Per\u00edodo octubre 2023 \u2013 marzo 2024\u201d<\/a><\/li>\n<\/ol>\n\n<ol start=\"3\" class=\"wp-block-list\">\n<li><a href=\"https:\/\/www.greenpeace.org\/static\/planet4-argentina-stateless\/2025\/01\/96e4c507-informedeforestacion-greenpeace-1.pdf\">\u201cDeforestaci\u00f3n en el norte de Argentina. Informe Anual 2024\u201d<\/a><\/li>\n<\/ol>\n\n<p><\/p>\n\t\t\t<section\n\t\t\tclass=\"boxout post-16851 \"\n\t\t\t\n\t\t>\n\t\t\t<a\n\t\t\t\tdata-ga-category=\"Take Action Boxout\"\n\t\t\t\tdata-ga-action=\"Image\"\n\t\t\t\tdata-ga-label=\"n\/a\"\n\t\t\t\tclass=\"cover-card-overlay\"\n\t\t\t\thref=\"https:\/\/www.greenpeace.org\/argentina\/campanas\/bosques\/\" \n\t\t\t><\/a>\n\t\t\t\t\t\t\t<img\n\t\t\t\t\t\tsrc=\"https:\/\/www.greenpeace.org\/static\/planet4-argentina-stateless\/2021\/04\/8fe4641c-gp-sde.2021-14-1024x683.jpg\"\n\t\t\t\t\t\tsrcset=\"https:\/\/www.greenpeace.org\/static\/planet4-argentina-stateless\/2021\/04\/8fe4641c-gp-sde.2021-14-300x200.jpg 300w, https:\/\/www.greenpeace.org\/static\/planet4-argentina-stateless\/2021\/04\/8fe4641c-gp-sde.2021-14-1024x683.jpg 1024w, https:\/\/www.greenpeace.org\/static\/planet4-argentina-stateless\/2021\/04\/8fe4641c-gp-sde.2021-14-768x512.jpg 768w, https:\/\/www.greenpeace.org\/static\/planet4-argentina-stateless\/2021\/04\/8fe4641c-gp-sde.2021-14-1536x1024.jpg 1536w, https:\/\/www.greenpeace.org\/static\/planet4-argentina-stateless\/2021\/04\/8fe4641c-gp-sde.2021-14-2048x1366.jpg 2048w, https:\/\/www.greenpeace.org\/static\/planet4-argentina-stateless\/2021\/04\/8fe4641c-gp-sde.2021-14-510x340.jpg 510w\"\n\t\t\t\t\t\tsizes=\"(min-width: 1000px) 358px, (min-width: 780px) 313px, 88px\"\n\t\t\t\t\t\talt=\"\" title=\"\"\n\t\t\t\t\/>\n            \t\t\t<div class=\"boxout-content\">\n\t\t\t\t\t\t\t\t\t<a\n\t\t\t\t\t\tclass=\"boxout-heading medium\"\n\t\t\t\t\t\tdata-ga-category=\"Take Action Boxout\"\n\t\t\t\t\t\tdata-ga-action=\"Title\"\n\t\t\t\t\t\tdata-ga-label=\"n\/a\"\n\t\t\t\t\t\thref=\"https:\/\/www.greenpeace.org\/argentina\/campanas\/bosques\/\"\n\t\t\t\t\t\t\n\t\t\t\t\t>\n\t\t\t\t\t\tBosques\n\t\t\t\t\t<\/a>\n\t\t\t\t\t\t\t\t                                    <a\n                        class=\"btn btn-primary\"\n                        data-ga-category=\"Take Action Boxout\"\n                        data-ga-action=\"Call to Action\"\n                        data-ga-label=\"n\/a\"\n                        href=\"https:\/\/www.greenpeace.org\/argentina\/campanas\/bosques\/\"\n                        \n                    >\n                        Particip\u00e1\n                    <\/a>\n                \t\t\t<\/div>\n\t\t\t\t\t<\/section>\n\t","protected":false},"excerpt":{"rendered":"<p>Los incendios forestales en Neuqu\u00e9n, R\u00edo Negro y Chubut afectan seriamente a dos Parques Nacionales y ya arrasaron m\u00e1s de 37.000 hect\u00e1reas de bosques y viviendas<\/p>\n","protected":false},"author":24,"featured_media":26834,"comment_status":"closed","ping_status":"open","sticky":false,"template":"","format":"standard","meta":{"ep_exclude_from_search":false,"p4_og_title":"","p4_og_description":"","p4_og_image":"","p4_og_image_id":"","p4_seo_canonical_url":"","p4_campaign_name":"","p4_local_project":"","p4_basket_name":"","p4_department":"","footnotes":""},"categories":[2],"tags":[46],"p4-page-type":[16],"class_list":["post-26816","post","type-post","status-publish","format-standard","has-post-thumbnail","hentry","category-bosques","tag-destruirbosquesesuncrimen","p4-page-type-story"],"_links":{"self":[{"href":"https:\/\/www.greenpeace.org\/argentina\/wp-json\/wp\/v2\/posts\/26816","targetHints":{"allow":["GET"]}}],"collection":[{"href":"https:\/\/www.greenpeace.org\/argentina\/wp-json\/wp\/v2\/posts"}],"about":[{"href":"https:\/\/www.greenpeace.org\/argentina\/wp-json\/wp\/v2\/types\/post"}],"author":[{"embeddable":true,"href":"https:\/\/www.greenpeace.org\/argentina\/wp-json\/wp\/v2\/users\/24"}],"replies":[{"embeddable":true,"href":"https:\/\/www.greenpeace.org\/argentina\/wp-json\/wp\/v2\/comments?post=26816"}],"version-history":[{"count":8,"href":"https:\/\/www.greenpeace.org\/argentina\/wp-json\/wp\/v2\/posts\/26816\/revisions"}],"predecessor-version":[{"id":30578,"href":"https:\/\/www.greenpeace.org\/argentina\/wp-json\/wp\/v2\/posts\/26816\/revisions\/30578"}],"wp:featuredmedia":[{"embeddable":true,"href":"https:\/\/www.greenpeace.org\/argentina\/wp-json\/wp\/v2\/media\/26834"}],"wp:attachment":[{"href":"https:\/\/www.greenpeace.org\/argentina\/wp-json\/wp\/v2\/media?parent=26816"}],"wp:term":[{"taxonomy":"category","embeddable":true,"href":"https:\/\/www.greenpeace.org\/argentina\/wp-json\/wp\/v2\/categories?post=26816"},{"taxonomy":"post_tag","embeddable":true,"href":"https:\/\/www.greenpeace.org\/argentina\/wp-json\/wp\/v2\/tags?post=26816"},{"taxonomy":"p4-page-type","embeddable":true,"href":"https:\/\/www.greenpeace.org\/argentina\/wp-json\/wp\/v2\/p4-page-type?post=26816"}],"curies":[{"name":"wp","href":"https:\/\/api.w.org\/{rel}","templated":true}]}}