{"id":26936,"date":"2025-02-25T09:00:00","date_gmt":"2025-02-25T12:00:00","guid":{"rendered":"https:\/\/www.greenpeace.org\/argentina\/?p=26936"},"modified":"2025-07-07T11:49:07","modified_gmt":"2025-07-07T14:49:07","slug":"glaciares-en-argentina-su-retroceso-esta-sucediendo-frente-a-nuestros-ojos-alerta-la-especialista-en-biodiversidad-de-greenpeace","status":"publish","type":"post","link":"https:\/\/www.greenpeace.org\/argentina\/blog\/problemas\/climayenergia\/glaciares-en-argentina-su-retroceso-esta-sucediendo-frente-a-nuestros-ojos-alerta-la-especialista-en-biodiversidad-de-greenpeace\/","title":{"rendered":"Glaciares en Argentina: \u201csu retroceso est\u00e1 sucediendo frente a nuestros ojos\u201d alerta la especialista en biodiversidad de Greenpeace\u00a0"},"content":{"rendered":"\n<figure class=\"wp-block-image size-large\"><img loading=\"lazy\" decoding=\"async\" width=\"1024\" height=\"683\" src=\"https:\/\/www.greenpeace.org\/static\/planet4-argentina-stateless\/2025\/01\/66872bc5-glaciares-san-juan-042-\u00a9-martin-katz-greenpeace-1024x683.jpg\" alt=\"\" class=\"wp-image-26221\" srcset=\"https:\/\/www.greenpeace.org\/static\/planet4-argentina-stateless\/2025\/01\/66872bc5-glaciares-san-juan-042-\u00a9-martin-katz-greenpeace-1024x683.jpg 1024w, https:\/\/www.greenpeace.org\/static\/planet4-argentina-stateless\/2025\/01\/66872bc5-glaciares-san-juan-042-\u00a9-martin-katz-greenpeace-300x200.jpg 300w, https:\/\/www.greenpeace.org\/static\/planet4-argentina-stateless\/2025\/01\/66872bc5-glaciares-san-juan-042-\u00a9-martin-katz-greenpeace-768x512.jpg 768w, https:\/\/www.greenpeace.org\/static\/planet4-argentina-stateless\/2025\/01\/66872bc5-glaciares-san-juan-042-\u00a9-martin-katz-greenpeace-1536x1024.jpg 1536w, https:\/\/www.greenpeace.org\/static\/planet4-argentina-stateless\/2025\/01\/66872bc5-glaciares-san-juan-042-\u00a9-martin-katz-greenpeace-2048x1366.jpg 2048w, https:\/\/www.greenpeace.org\/static\/planet4-argentina-stateless\/2025\/01\/66872bc5-glaciares-san-juan-042-\u00a9-martin-katz-greenpeace-510x340.jpg 510w\" sizes=\"auto, (max-width: 1024px) 100vw, 1024px\" \/><figcaption class=\"wp-element-caption\">Agostina Rossi Serra, especialista en biodiversidad de Greenpeace Argentina en Glaciares  de San Ju\u00e1n<div class=\"credit icon-left\"> \u00a9 Mart\u00edn Katz \/ Greenpeace<\/div><\/figcaption><\/figure>\n\n<p>Los <strong>glaciares <\/strong>cumplen un <strong>rol central para sostener la vida en el planeta<\/strong> pues son esenciales para la regulaci\u00f3n del clima y para el suministro de agua dulce. Sin embargo, <strong>est\u00e1n sufriendo un retroceso alarmante<\/strong> a causa de la quema de combustibles f\u00f3siles, el aumento de las temperaturas globales, la tala de bosques, la expansi\u00f3n de los proyectos mineros y las fronteras petroleras.&nbsp;<\/p>\n<div data-hydrate=\"planet4-blocks\/gallery\" data-attributes=\"{&quot;attributes&quot;:{&quot;gallery_block_style&quot;:0,&quot;gallery_block_title&quot;:&quot;&quot;,&quot;gallery_block_description&quot;:&quot;&quot;,&quot;multiple_image&quot;:&quot;&quot;,&quot;gallery_block_focus_points&quot;:&quot;&quot;,&quot;image_data&quot;:[],&quot;images&quot;:[]}}\"><section class=\"block carousel-wrap is-style-slider\"><\/section><\/div>\n<p>Para difundir sobre su importancia, y tambi\u00e9n sobre la situaci\u00f3n actual de estos gigantes de hielo,<strong> Agostina Rossi Serra<\/strong>, integrante del equipo de campa\u00f1as y<strong> especialista en biodiversidad de Greenpeace Argentina escribi\u00f3<\/strong> una nota<strong> para el <a href=\"https:\/\/www.perfil.com\/noticias\/opinion\/salvar-nuestros-glaciares-proteger-nuestro-futuro.phtml\" target=\"_blank\" rel=\"noreferrer noopener\">diario Perfil.com<\/a><\/strong> que compartimos a continuaci\u00f3n:<\/p>\n\n<p>&#8220;Nos enfrentamos a <strong>una verdad inc\u00f3moda e ineludible<\/strong>: estamos perdiendo a nuestros gigantes de hielo. Los glaciares, adem\u00e1s de ser monumentos naturales de inmensa belleza, son <strong>esenciales para la regulaci\u00f3n del clima y el suministro de agua dulce<\/strong>. Su p\u00e9rdida representa una amenaza directa a la vida tal como la conocemos: sin glaciares, no hay agua; sin agua, no hay futuro.<\/p>\n\n<figure class=\"wp-block-image aligncenter size-large\"><img loading=\"lazy\" decoding=\"async\" width=\"526\" height=\"1024\" src=\"https:\/\/www.greenpeace.org\/static\/planet4-argentina-stateless\/2024\/11\/d8ddddf3-artico-5-526x1024.jpg\" alt=\"\" class=\"wp-image-25899\" srcset=\"https:\/\/www.greenpeace.org\/static\/planet4-argentina-stateless\/2024\/11\/d8ddddf3-artico-5-526x1024.jpg 526w, https:\/\/www.greenpeace.org\/static\/planet4-argentina-stateless\/2024\/11\/d8ddddf3-artico-5-154x300.jpg 154w, https:\/\/www.greenpeace.org\/static\/planet4-argentina-stateless\/2024\/11\/d8ddddf3-artico-5-175x340.jpg 175w, https:\/\/www.greenpeace.org\/static\/planet4-argentina-stateless\/2024\/11\/d8ddddf3-artico-5.jpg 616w\" sizes=\"auto, (max-width: 526px) 100vw, 526px\" \/><figcaption class=\"wp-element-caption\">Retroceso mundial de glaciares: Arriba: imagen hist\u00f3rica del archivo del Instituto Polar de Noruega: glaciares Kronobreen, Kongsbreen y Kongsvegen extendi\u00e9ndose en el fiordo Kongsfjorden. Vista desde el Monte Zeppelinfjellet en 1939.<br>Medio: fotograf\u00eda tomada desde la misma posici\u00f3n con un miembro del equipo de Greenpeace en primer plano en el a\u00f1o 2002.<br>Abajo: imagen desde la misma posici\u00f3n con un miembro del equipo de Greenpeace en primer plano en agosto de 2024 \u00a9 Christian \u00c5slund \/ Instituto Polar de Noruega \/ Greenpeace.<\/figcaption><\/figure>\n\n<p>Es por eso que la ONU declar\u00f3 este 2025 como el a\u00f1o Internacional de la Conservaci\u00f3n de Glaciares.<\/p>\n\n<p>Pero, conscientes de este contexto, <strong>Argentina se destac\u00f3 en la regi\u00f3n, y en el mundo, al dar un paso clave en la protecci\u00f3n de sus glaciares con la sanci\u00f3n de la<a href=\"https:\/\/www.perfil.com\/noticias\/politica\/organizaciones-sociales-y-ambientalistas-contra-el-lobby-empresarial-que-busca-voltear-la-ley-de-glaciares.phtml\"> Ley 26.639, en el a\u00f1o 2010<\/a>,<\/strong> la primera en Am\u00e9rica Latina con jerarqu\u00eda constitucional. Esta norma establece el \u201cR\u00e9gimen de Presupuestos M\u00ednimos para la Preservaci\u00f3n de los Glaciares y del Ambiente Periglacial\u201d y los preserva como reservas estrat\u00e9gicas de recursos h\u00eddricos.<\/p>\n\n<p>Contar con una legislaci\u00f3n de este nivel, que a la fecha ha logrado frenar proyectos mineros que propon\u00edan realizar sus operaciones en zonas de glaciares y ambiente periglacial, es una gran conquista, pero <strong>su efectividad depende de una aplicaci\u00f3n rigurosa y de un compromiso continuo para garantizar que nuestros glaciares sigan cumpliendo su rol esencial<\/strong> en el equilibrio ambiental. Sin embargo, no es casual que los glaciares est\u00e9n en peligro.<\/p>\n\n<figure class=\"wp-block-image size-large\"><img loading=\"lazy\" decoding=\"async\" width=\"1024\" height=\"683\" src=\"https:\/\/www.greenpeace.org\/static\/planet4-argentina-stateless\/2025\/01\/f0093441-glaciares-san-juan-035-\u00a9-martin-katz-greenpeace-1024x683.jpg\" alt=\"\" class=\"wp-image-26186\" srcset=\"https:\/\/www.greenpeace.org\/static\/planet4-argentina-stateless\/2025\/01\/f0093441-glaciares-san-juan-035-\u00a9-martin-katz-greenpeace-1024x683.jpg 1024w, https:\/\/www.greenpeace.org\/static\/planet4-argentina-stateless\/2025\/01\/f0093441-glaciares-san-juan-035-\u00a9-martin-katz-greenpeace-300x200.jpg 300w, https:\/\/www.greenpeace.org\/static\/planet4-argentina-stateless\/2025\/01\/f0093441-glaciares-san-juan-035-\u00a9-martin-katz-greenpeace-768x512.jpg 768w, https:\/\/www.greenpeace.org\/static\/planet4-argentina-stateless\/2025\/01\/f0093441-glaciares-san-juan-035-\u00a9-martin-katz-greenpeace-1536x1024.jpg 1536w, https:\/\/www.greenpeace.org\/static\/planet4-argentina-stateless\/2025\/01\/f0093441-glaciares-san-juan-035-\u00a9-martin-katz-greenpeace-2048x1366.jpg 2048w, https:\/\/www.greenpeace.org\/static\/planet4-argentina-stateless\/2025\/01\/f0093441-glaciares-san-juan-035-\u00a9-martin-katz-greenpeace-510x340.jpg 510w\" sizes=\"auto, (max-width: 1024px) 100vw, 1024px\" \/><figcaption class=\"wp-element-caption\">Glaciares en San Juan<div class=\"credit icon-left\"> \u00a9 Mart\u00edn Katz<\/div><\/figcaption><\/figure>\n\n<p>No podemos ignorar que<strong> su retroceso est\u00e1 sucediendo frente a nuestros ojos como una de las evidencias m\u00e1s alarmantes <\/strong>del avance de la crisis clim\u00e1tica, acelerada por la quema de combustibles f\u00f3siles y el aumento de las temperaturas globales.<\/p>\n\n<p>A esto se suman las <strong>amenazas directas de un modelo de desarrollo<\/strong> que no prioriza la preservaci\u00f3n de nuestros recursos naturales: los<strong> proyectos mineros,<\/strong> la tala de bosques y la expansi\u00f3n de fronteras petroleras siguen poniendo en riesgo estos ecosistemas clave.<\/p>\n\n<figure class=\"wp-block-embed is-type-video is-provider-youtube wp-block-embed-youtube wp-embed-aspect-16-9 wp-has-aspect-ratio\"><div class=\"wp-block-embed__wrapper\">\n<iframe loading=\"lazy\" title=\"2025: A\u00f1o Internacional de la Conservaci\u00f3n de los Glaciares\" width=\"500\" height=\"281\" src=\"https:\/\/www.youtube.com\/embed\/Ti9NRFq9uvw?start=1&#038;feature=oembed\" frameborder=\"0\" allow=\"accelerometer; autoplay; clipboard-write; encrypted-media; gyroscope; picture-in-picture; web-share\" referrerpolicy=\"strict-origin-when-cross-origin\" allowfullscreen><\/iframe>\n<\/div><\/figure>\n\n<p>Sin embargo, con la Ley que los protege, contamos con una herramienta poderosa para seguir frenando estos embates y no resignarnos ante su p\u00e9rdida.<\/p>\n\n<p>El <strong>D\u00eda Nacional de los Glaciares<\/strong> debe ser mucho m\u00e1s que un recordatorio de lo que est\u00e1 en juego; debe ser un llamado a la acci\u00f3n. La <strong>protecci\u00f3n de los glaciares no debe ser responsabilidad s\u00f3lo de los gobiernos nacionales o internacionales, sino de cada uno de nosotros.<\/strong><\/p>\n\n<p>Es un esfuerzo compartido, que comienza en cada provincia que depende del agua de deshielo glaciar y que tiene que expandirse hacia todos los rincones del pa\u00eds.<\/p>\n\n<figure class=\"wp-block-image size-large\"><img loading=\"lazy\" decoding=\"async\" width=\"691\" height=\"1024\" src=\"https:\/\/www.greenpeace.org\/static\/planet4-argentina-stateless\/2025\/01\/f9f5b4b9-glaciares-por-provincia-691x1024.jpg\" alt=\"\" class=\"wp-image-26521\" srcset=\"https:\/\/www.greenpeace.org\/static\/planet4-argentina-stateless\/2025\/01\/f9f5b4b9-glaciares-por-provincia-691x1024.jpg 691w, https:\/\/www.greenpeace.org\/static\/planet4-argentina-stateless\/2025\/01\/f9f5b4b9-glaciares-por-provincia-202x300.jpg 202w, https:\/\/www.greenpeace.org\/static\/planet4-argentina-stateless\/2025\/01\/f9f5b4b9-glaciares-por-provincia-768x1139.jpg 768w, https:\/\/www.greenpeace.org\/static\/planet4-argentina-stateless\/2025\/01\/f9f5b4b9-glaciares-por-provincia-1036x1536.jpg 1036w, https:\/\/www.greenpeace.org\/static\/planet4-argentina-stateless\/2025\/01\/f9f5b4b9-glaciares-por-provincia-1381x2048.jpg 1381w, https:\/\/www.greenpeace.org\/static\/planet4-argentina-stateless\/2025\/01\/f9f5b4b9-glaciares-por-provincia-921x1366.jpg 921w, https:\/\/www.greenpeace.org\/static\/planet4-argentina-stateless\/2025\/01\/f9f5b4b9-glaciares-por-provincia-229x340.jpg 229w, https:\/\/www.greenpeace.org\/static\/planet4-argentina-stateless\/2025\/01\/f9f5b4b9-glaciares-por-provincia.jpg 1686w\" sizes=\"auto, (max-width: 691px) 100vw, 691px\" \/><figcaption class=\"wp-element-caption\">Los glaciares, monumentales reservorios de agua dulce, desempe\u00f1an un papel fundamental en la sostenibilidad de los ecosistemas y el bienestar de las comunidades humanas. Por su rol como reguladores h\u00eddricos y clim\u00e1ticos,  la ONU ha declarado el 2025  como el A\u00f1o Internacional de la Preservaci\u00f3n de Glaciares.<\/figcaption><\/figure>\n\n<p>Si queremos un futuro con agua y biodiversidad, <strong>no podemos seguir delegando nuestra responsabilidad en otros. Todos somos parte de este cambio<\/strong>. La transici\u00f3n hacia un modelo de energ\u00edas limpias y la reducci\u00f3n de nuestras emisiones no son solo un desaf\u00edo ambiental, sino una necesidad para preservar nuestra propia supervivencia.<\/p>\n\n<p>El <strong>retroceso de los glaciares<\/strong> nos advierte que el tiempo se agota: cada d\u00eda que retrasamos las medidas necesarias, estamos poniendo en riesgo no solo los glaciares, sino nuestra calidad de vida. Y lo sabemos: si nos comprometemos, podemos lograr la diferencia.<\/p>\n\n<p>La <strong>protecci\u00f3n de los glaciares<\/strong> es un acto de defensa de los derechos humanos, de justicia social, de planificaci\u00f3n para el futuro. Necesitamos gobiernos decididos que protejan de manera efectiva a los glaciares y el ambiente periglacial, y necesitamos a cada uno de nosotros involucrados en la causa.<\/p>\n\n<figure class=\"wp-block-image size-large\"><img loading=\"lazy\" decoding=\"async\" width=\"1024\" height=\"681\" src=\"https:\/\/www.greenpeace.org\/static\/planet4-argentina-stateless\/2024\/02\/df3456e4-gpa_expglaciarupsala_10-1024x681.jpg\" alt=\"\" class=\"wp-image-23172\" srcset=\"https:\/\/www.greenpeace.org\/static\/planet4-argentina-stateless\/2024\/02\/df3456e4-gpa_expglaciarupsala_10-1024x681.jpg 1024w, https:\/\/www.greenpeace.org\/static\/planet4-argentina-stateless\/2024\/02\/df3456e4-gpa_expglaciarupsala_10-300x200.jpg 300w, https:\/\/www.greenpeace.org\/static\/planet4-argentina-stateless\/2024\/02\/df3456e4-gpa_expglaciarupsala_10-768x511.jpg 768w, https:\/\/www.greenpeace.org\/static\/planet4-argentina-stateless\/2024\/02\/df3456e4-gpa_expglaciarupsala_10-1536x1022.jpg 1536w, https:\/\/www.greenpeace.org\/static\/planet4-argentina-stateless\/2024\/02\/df3456e4-gpa_expglaciarupsala_10-2048x1363.jpg 2048w, https:\/\/www.greenpeace.org\/static\/planet4-argentina-stateless\/2024\/02\/df3456e4-gpa_expglaciarupsala_10-510x340.jpg 510w\" sizes=\"auto, (max-width: 1024px) 100vw, 1024px\" \/><figcaption class=\"wp-element-caption\">Santa Cruz, Argentina<br>Expedicion por el Parque Nacional Los Glaciares, especificamente por el Glaciar Upsala, para presenciar su retroceso.<br><\/figcaption><\/figure>\n\n<p>La lucha por los glaciares es tambi\u00e9n <strong>una lucha por la vida y por la identidad de nuestro pa\u00eds.<\/strong><\/p>\n\n<p>Hoy, m\u00e1s que nunca, debemos entender que proteger nuestros glaciares es proteger nuestra propia existencia. Cada acci\u00f3n que tomemos en este sentido ser\u00e1 un legado para las generaciones que vendr\u00e1n. El futuro est\u00e1 en nuestras manos. Y, si actuamos con convicci\u00f3n, podemos asegurar que nuestros glaciares seguir\u00e1n siendo un s\u00edmbolo de vida y esperanza, no solo para nosotros, sino para el mundo entero.<\/p>\n\n<h4 class=\"wp-block-heading\"><strong>Por eso, desde Greenpeace Argentina pedimos acciones para preservar los glaciares y asegurar agua dulce para el futuro.<\/strong><\/h4>\n\t\t\t<section\n\t\t\tclass=\"boxout  \"\n\t\t\t\n\t\t>\n\t\t\t<a\n\t\t\t\tdata-ga-category=\"Take Action Boxout\"\n\t\t\t\tdata-ga-action=\"Image\"\n\t\t\t\tdata-ga-label=\"n\/a\"\n\t\t\t\tclass=\"cover-card-overlay\"\n\t\t\t\thref=\"https:\/\/salvemoslosglaciares.org\" target=\"_blank\"\n\t\t\t><\/a>\n\t\t\t\t\t\t\t<img\n\t\t\t\t\t\tsrc=\"https:\/\/www.greenpeace.org\/static\/planet4-argentina-stateless\/2025\/01\/7e6bafb0-glaciares-san-juan-073-\u00a9-greenpeace-1024x683.jpg\"\n\t\t\t\t\t\tsrcset=\"https:\/\/www.greenpeace.org\/static\/planet4-argentina-stateless\/2025\/01\/7e6bafb0-glaciares-san-juan-073-\u00a9-greenpeace-300x200.jpg 300w, https:\/\/www.greenpeace.org\/static\/planet4-argentina-stateless\/2025\/01\/7e6bafb0-glaciares-san-juan-073-\u00a9-greenpeace-1024x683.jpg 1024w, https:\/\/www.greenpeace.org\/static\/planet4-argentina-stateless\/2025\/01\/7e6bafb0-glaciares-san-juan-073-\u00a9-greenpeace-768x512.jpg 768w, https:\/\/www.greenpeace.org\/static\/planet4-argentina-stateless\/2025\/01\/7e6bafb0-glaciares-san-juan-073-\u00a9-greenpeace-1536x1024.jpg 1536w, https:\/\/www.greenpeace.org\/static\/planet4-argentina-stateless\/2025\/01\/7e6bafb0-glaciares-san-juan-073-\u00a9-greenpeace-2048x1366.jpg 2048w, https:\/\/www.greenpeace.org\/static\/planet4-argentina-stateless\/2025\/01\/7e6bafb0-glaciares-san-juan-073-\u00a9-greenpeace-510x340.jpg 510w\"\n\t\t\t\t\t\tsizes=\"(min-width: 1000px) 358px, (min-width: 780px) 313px, 88px\"\n\t\t\t\t\t\talt=\"\" title=\"\"\n\t\t\t\t\/>\n            \t\t\t<div class=\"boxout-content\">\n\t\t\t\t\t\t\t\t\t<a\n\t\t\t\t\t\tclass=\"boxout-heading medium\"\n\t\t\t\t\t\tdata-ga-category=\"Take Action Boxout\"\n\t\t\t\t\t\tdata-ga-action=\"Title\"\n\t\t\t\t\t\tdata-ga-label=\"n\/a\"\n\t\t\t\t\t\thref=\"https:\/\/salvemoslosglaciares.org\"\n\t\t\t\t\t\ttarget=\"_blank\"\n\t\t\t\t\t>\n\t\t\t\t\t\tFirm\u00e1 para proteger nuestros glaciares\n\t\t\t\t\t<\/a>\n\t\t\t\t\t\t\t\t                                    <a\n                        class=\"btn btn-primary\"\n                        data-ga-category=\"Take Action Boxout\"\n                        data-ga-action=\"Call to Action\"\n                        data-ga-label=\"n\/a\"\n                        href=\"https:\/\/salvemoslosglaciares.org\"\n                        target=\"_blank\"\n                    >\n                        SALVEMOS LOS GLACIARES\n                    <\/a>\n                \t\t\t<\/div>\n\t\t\t\t\t<\/section>\n\t","protected":false},"excerpt":{"rendered":"<p>\u201cSin glaciares, no hay agua; sin agua, no hay futuro\u201d, nos recuerda Agostina Rossi Serra, nuestra especialista en biodiversidad.<\/p>\n","protected":false},"author":48,"featured_media":26221,"comment_status":"closed","ping_status":"open","sticky":false,"template":"","format":"standard","meta":{"ep_exclude_from_search":false,"p4_og_title":"Glaciares en Argentina: \u201csu retroceso est\u00e1 sucediendo frente a nuestros ojos\u201d alerta la especialista en biodiversidad de Greenpeace\u00a0","p4_og_description":"\u201cSin glaciares, no hay agua; sin agua, no hay futuro\u201d, nos recuerda Agostina Rossi Serra, nuestra especialista en biodiversidad.","p4_og_image":"https:\/\/www.greenpeace.org\/static\/planet4-argentina-stateless\/2025\/01\/66872bc5-glaciares-san-juan-042-\u00a9-martin-katz-greenpeace-scaled.jpg","p4_og_image_id":"26221","p4_seo_canonical_url":"","p4_campaign_name":"","p4_local_project":"","p4_basket_name":"","p4_department":"","footnotes":""},"categories":[3],"tags":[27,67],"p4-page-type":[14],"class_list":["post-26936","post","type-post","status-publish","format-standard","has-post-thumbnail","hentry","category-climayenergia","tag-glaciares","tag-cambio-climatico","p4-page-type-blog"],"_links":{"self":[{"href":"https:\/\/www.greenpeace.org\/argentina\/wp-json\/wp\/v2\/posts\/26936","targetHints":{"allow":["GET"]}}],"collection":[{"href":"https:\/\/www.greenpeace.org\/argentina\/wp-json\/wp\/v2\/posts"}],"about":[{"href":"https:\/\/www.greenpeace.org\/argentina\/wp-json\/wp\/v2\/types\/post"}],"author":[{"embeddable":true,"href":"https:\/\/www.greenpeace.org\/argentina\/wp-json\/wp\/v2\/users\/48"}],"replies":[{"embeddable":true,"href":"https:\/\/www.greenpeace.org\/argentina\/wp-json\/wp\/v2\/comments?post=26936"}],"version-history":[{"count":10,"href":"https:\/\/www.greenpeace.org\/argentina\/wp-json\/wp\/v2\/posts\/26936\/revisions"}],"predecessor-version":[{"id":30877,"href":"https:\/\/www.greenpeace.org\/argentina\/wp-json\/wp\/v2\/posts\/26936\/revisions\/30877"}],"wp:featuredmedia":[{"embeddable":true,"href":"https:\/\/www.greenpeace.org\/argentina\/wp-json\/wp\/v2\/media\/26221"}],"wp:attachment":[{"href":"https:\/\/www.greenpeace.org\/argentina\/wp-json\/wp\/v2\/media?parent=26936"}],"wp:term":[{"taxonomy":"category","embeddable":true,"href":"https:\/\/www.greenpeace.org\/argentina\/wp-json\/wp\/v2\/categories?post=26936"},{"taxonomy":"post_tag","embeddable":true,"href":"https:\/\/www.greenpeace.org\/argentina\/wp-json\/wp\/v2\/tags?post=26936"},{"taxonomy":"p4-page-type","embeddable":true,"href":"https:\/\/www.greenpeace.org\/argentina\/wp-json\/wp\/v2\/p4-page-type?post=26936"}],"curies":[{"name":"wp","href":"https:\/\/api.w.org\/{rel}","templated":true}]}}