{"id":33245,"date":"2026-03-20T14:10:08","date_gmt":"2026-03-20T17:10:08","guid":{"rendered":"https:\/\/www.greenpeace.org\/argentina\/?p=33245"},"modified":"2026-03-20T14:10:12","modified_gmt":"2026-03-20T17:10:12","slug":"dia-de-los-glaciares-que-esta-pasando-con-la-ley-que-los-protege-en-argentina-y-por-que-preocupa-su-futuro","status":"publish","type":"post","link":"https:\/\/www.greenpeace.org\/argentina\/blog\/problemas\/climayenergia\/dia-de-los-glaciares-que-esta-pasando-con-la-ley-que-los-protege-en-argentina-y-por-que-preocupa-su-futuro\/","title":{"rendered":"D\u00eda de los Glaciares: qu\u00e9 est\u00e1 pasando con la ley que los protege en Argentina y por qu\u00e9 preocupa su futuro"},"content":{"rendered":"\n<div class=\"wp-block-cover has-custom-content-position is-position-bottom-center\" style=\"min-height:326px;aspect-ratio:unset;\"><img loading=\"lazy\" decoding=\"async\" width=\"1024\" height=\"683\" class=\"wp-block-cover__image-background wp-image-23206\" alt=\"\" src=\"https:\/\/www.greenpeace.org\/static\/planet4-argentina-stateless\/2024\/02\/96135491-gp01fhz_medium_res_with_credit_line-1024x683.jpg\" style=\"object-position:61% 8%\" data-object-fit=\"cover\" data-object-position=\"61% 8%\" srcset=\"https:\/\/www.greenpeace.org\/static\/planet4-argentina-stateless\/2024\/02\/96135491-gp01fhz_medium_res_with_credit_line-1024x683.jpg 1024w, https:\/\/www.greenpeace.org\/static\/planet4-argentina-stateless\/2024\/02\/96135491-gp01fhz_medium_res_with_credit_line-300x200.jpg 300w, https:\/\/www.greenpeace.org\/static\/planet4-argentina-stateless\/2024\/02\/96135491-gp01fhz_medium_res_with_credit_line-768x512.jpg 768w, https:\/\/www.greenpeace.org\/static\/planet4-argentina-stateless\/2024\/02\/96135491-gp01fhz_medium_res_with_credit_line-510x340.jpg 510w, https:\/\/www.greenpeace.org\/static\/planet4-argentina-stateless\/2024\/02\/96135491-gp01fhz_medium_res_with_credit_line.jpg 1200w\" sizes=\"auto, (max-width: 1024px) 100vw, 1024px\" \/><span aria-hidden=\"true\" class=\"wp-block-cover__background has-grey-900-background-color has-background-dim\"><\/span><div class=\"wp-block-cover__inner-container is-layout-flow wp-block-cover-is-layout-flow\">\n<p class=\"has-text-align-center has-medium-font-size\">El <strong>21 de marzo<\/strong> es una fecha especial en el calendario ambiental porque, desde el a\u00f1o pasado, se sum\u00f3 la conmemoraci\u00f3n por el <strong>D\u00eda Mundial de los Glaciares<\/strong>. En Argentina, lejos de tener motivos para festejar, lo que nos convoca es la alerta frente a las nuevas amenazas que se yerguen sobre estos ecosistemas clave.&nbsp;<\/p>\n\n\n\n<div style=\"height:26px\" aria-hidden=\"true\" class=\"wp-block-spacer\"><\/div>\n\n\n\n<p class=\"has-text-align-right has-small-font-size\">\u00a9 Daniel Beltr\u00e1 \/ Greenpeace<\/p>\n<\/div><\/div>\n\n<p>En este momento, el Poder Ejecutivo est\u00e1 buscando <strong>modificar a las leyes que protegen a los glaciares<\/strong>, lo que llevar\u00eda a un <strong>prejuicio en su protecci\u00f3n<\/strong> que los pondr\u00eda al <strong>borde de su desaparici\u00f3n<\/strong>. Para peor, estamos hablando de una normativa legal que se consigui\u00f3 tras a\u00f1os de lucha y movilizaci\u00f3n de la ciudadan\u00eda junto a organizaciones civiles e instituciones cient\u00edficas de renombre. Es decir, una verdadera victoria ciudadana que sent\u00f3 precedente en la regi\u00f3n y que, una vez m\u00e1s, distintos sectores econ\u00f3micos quieren llevarse por delante.&nbsp;<\/p>\n\n<div class=\"wp-block-columns is-not-stacked-on-mobile is-layout-flex wp-container-core-columns-is-layout-9d6595d7 wp-block-columns-is-layout-flex\">\n<div class=\"wp-block-column is-layout-flow wp-block-column-is-layout-flow\" style=\"flex-basis:50%\">\n<figure class=\"wp-block-image size-large\"><img loading=\"lazy\" decoding=\"async\" width=\"1024\" height=\"683\" src=\"https:\/\/www.greenpeace.org\/static\/planet4-argentina-stateless\/2026\/02\/2ef1c54b-inodoros-congreso-@-martin-katz-greenpeace-9-1024x683.jpg\" alt=\"\" class=\"wp-image-33001\" srcset=\"https:\/\/www.greenpeace.org\/static\/planet4-argentina-stateless\/2026\/02\/2ef1c54b-inodoros-congreso-@-martin-katz-greenpeace-9-1024x683.jpg 1024w, https:\/\/www.greenpeace.org\/static\/planet4-argentina-stateless\/2026\/02\/2ef1c54b-inodoros-congreso-@-martin-katz-greenpeace-9-300x200.jpg 300w, https:\/\/www.greenpeace.org\/static\/planet4-argentina-stateless\/2026\/02\/2ef1c54b-inodoros-congreso-@-martin-katz-greenpeace-9-768x512.jpg 768w, https:\/\/www.greenpeace.org\/static\/planet4-argentina-stateless\/2026\/02\/2ef1c54b-inodoros-congreso-@-martin-katz-greenpeace-9-1536x1024.jpg 1536w, https:\/\/www.greenpeace.org\/static\/planet4-argentina-stateless\/2026\/02\/2ef1c54b-inodoros-congreso-@-martin-katz-greenpeace-9-2048x1366.jpg 2048w, https:\/\/www.greenpeace.org\/static\/planet4-argentina-stateless\/2026\/02\/2ef1c54b-inodoros-congreso-@-martin-katz-greenpeace-9-510x340.jpg 510w\" sizes=\"auto, (max-width: 1024px) 100vw, 1024px\" \/><figcaption><div class=\"credit icon-left\"> \u00a9 Mart\u00edn Katz \/ Greenpeace<\/div><\/figcaption><\/figure>\n<\/div>\n\n\n\n<div class=\"wp-block-column is-layout-flow wp-block-column-is-layout-flow\" style=\"flex-basis:50%\">\n<figure class=\"wp-block-image size-large\"><img loading=\"lazy\" decoding=\"async\" width=\"1024\" height=\"683\" src=\"https:\/\/www.greenpeace.org\/static\/planet4-argentina-stateless\/2025\/12\/9c1f2c43-gpa_modificacionleyglaciares_06-1024x683.jpg\" alt=\"Con una intervenci\u00f3n frente al Congreso y bajo el lema \u201cEst\u00e1n jugando con el agua de todos. La Ley de Glaciares no se toca\u201d Greenpeace afirm\u00f3 que el proyecto de ley enviado hoy al Congreso por el Poder Ejecutivo pone en riesgo protecciones esenciales que brinda la norma al pretender autorizar intervenciones en \u00e1reas de alta monta\u00f1a, cuestionar el valor h\u00eddrico del ambiente periglaciar y modificar la autoridad de aplicaci\u00f3n a las provincias\" class=\"wp-image-32534\" srcset=\"https:\/\/www.greenpeace.org\/static\/planet4-argentina-stateless\/2025\/12\/9c1f2c43-gpa_modificacionleyglaciares_06-1024x683.jpg 1024w, https:\/\/www.greenpeace.org\/static\/planet4-argentina-stateless\/2025\/12\/9c1f2c43-gpa_modificacionleyglaciares_06-300x200.jpg 300w, https:\/\/www.greenpeace.org\/static\/planet4-argentina-stateless\/2025\/12\/9c1f2c43-gpa_modificacionleyglaciares_06-768x512.jpg 768w, https:\/\/www.greenpeace.org\/static\/planet4-argentina-stateless\/2025\/12\/9c1f2c43-gpa_modificacionleyglaciares_06-1536x1024.jpg 1536w, https:\/\/www.greenpeace.org\/static\/planet4-argentina-stateless\/2025\/12\/9c1f2c43-gpa_modificacionleyglaciares_06-2048x1366.jpg 2048w, https:\/\/www.greenpeace.org\/static\/planet4-argentina-stateless\/2025\/12\/9c1f2c43-gpa_modificacionleyglaciares_06-510x340.jpg 510w\" sizes=\"auto, (max-width: 1024px) 100vw, 1024px\" \/><\/figure>\n<\/div>\n<\/div>\n\n<p>Lo que est\u00e1 en juego con estos intentos de cambiar la ley es demasiado valioso: los hielos eternos regulan el clima global, son fuente de agua dulce para m\u00e1s de 7 millones de argentinos y dan hogar a buena parte de nuestra vida silvestre -inclu\u00eddas decenas de especies amenazadas-.&nbsp;<\/p>\n\n<p class=\"has-beige-100-background-color has-background\"><strong>Por eso, no es momento de bajar los brazos sino de informarnos y continuar luchando para preservarlos, con m\u00e1s fuerza que antes.<\/strong> &nbsp;<\/p>\n\n<h2 class=\"wp-block-heading\" style=\"text-transform:uppercase\"><strong>Nuestros glaciares, su valor y una ley de vanguardia que debemos proteger<\/strong><\/h2>\n\n<figure class=\"wp-block-image size-large\"><img loading=\"lazy\" decoding=\"async\" width=\"1024\" height=\"749\" src=\"https:\/\/www.greenpeace.org\/static\/planet4-argentina-stateless\/2026\/03\/490c3ddb-ley-de-glaciares-rosario-credito-nicolas-heredia-greenpeace-5-1024x749.jpg\" alt=\"Greenpeace realiz\u00f3 una actividad de difusi\u00f3n y concientizaci\u00f3n sobre los riesgos de una reforma a la Ley de Glaciares. La actividad incluy\u00f3 una muestra fotogr\u00e1fica que recorri\u00f3 la importancia de los glaciares para el agua que llega a las comunidades, mostrando la belleza y el valor de estos ecosistemas, as\u00ed como los impactos que hoy enfrentan glaciares y ambiente periglacial\" class=\"wp-image-33228\" srcset=\"https:\/\/www.greenpeace.org\/static\/planet4-argentina-stateless\/2026\/03\/490c3ddb-ley-de-glaciares-rosario-credito-nicolas-heredia-greenpeace-5-1024x749.jpg 1024w, https:\/\/www.greenpeace.org\/static\/planet4-argentina-stateless\/2026\/03\/490c3ddb-ley-de-glaciares-rosario-credito-nicolas-heredia-greenpeace-5-300x220.jpg 300w, https:\/\/www.greenpeace.org\/static\/planet4-argentina-stateless\/2026\/03\/490c3ddb-ley-de-glaciares-rosario-credito-nicolas-heredia-greenpeace-5-768x562.jpg 768w, https:\/\/www.greenpeace.org\/static\/planet4-argentina-stateless\/2026\/03\/490c3ddb-ley-de-glaciares-rosario-credito-nicolas-heredia-greenpeace-5-1536x1124.jpg 1536w, https:\/\/www.greenpeace.org\/static\/planet4-argentina-stateless\/2026\/03\/490c3ddb-ley-de-glaciares-rosario-credito-nicolas-heredia-greenpeace-5-2048x1498.jpg 2048w, https:\/\/www.greenpeace.org\/static\/planet4-argentina-stateless\/2026\/03\/490c3ddb-ley-de-glaciares-rosario-credito-nicolas-heredia-greenpeace-5-1867x1366.jpg 1867w, https:\/\/www.greenpeace.org\/static\/planet4-argentina-stateless\/2026\/03\/490c3ddb-ley-de-glaciares-rosario-credito-nicolas-heredia-greenpeace-5-465x340.jpg 465w\" sizes=\"auto, (max-width: 1024px) 100vw, 1024px\" \/><figcaption><div class=\"credit icon-left\"> \u00a9 Nicol\u00e1s Heredia \/ Greenpeace<\/div><\/figcaption><\/figure>\n\n<p>En m\u00e1s de la mitad de las provincias de nuestro pa\u00eds (12 de 23) se encuentran estos gigantes helados, muchos de ellos a la vista de todos y, tantos otros, entre las rocas. En total son casi <strong>17.000 cuerpos inventariados <\/strong>-incluyendo lo que se conocen como glaciares de escombros, que forman parte del ambiente periglacial-, seg\u00fan se detalla en el Inventario Nacional de Glaciares (ING). En conjunto, se extienden por <strong>m\u00e1s de 8000 km2<\/strong> (848.400 hect\u00e1reas), <strong>desde la Cordillera de los Andes hasta las Islas del Atl\u00e1ntico Sur<\/strong>.<\/p>\n\n<div class=\"wp-block-columns is-not-stacked-on-mobile is-layout-flex wp-container-core-columns-is-layout-9d6595d7 wp-block-columns-is-layout-flex\">\n<div class=\"wp-block-column is-layout-flow wp-block-column-is-layout-flow\" style=\"flex-basis:40%\">\n<figure class=\"wp-block-image aligncenter size-large is-resized\"><img loading=\"lazy\" decoding=\"async\" width=\"1024\" height=\"681\" src=\"https:\/\/www.greenpeace.org\/static\/planet4-argentina-stateless\/2025\/01\/c1bdc39a-glaciar-upsala-pque-nac-los-glaciares-05-\u00a9-martin-katz-greenpeace-1024x681.jpg\" alt=\"\" class=\"wp-image-26298\" style=\"object-fit:cover;width:177px;height:350px\" srcset=\"https:\/\/www.greenpeace.org\/static\/planet4-argentina-stateless\/2025\/01\/c1bdc39a-glaciar-upsala-pque-nac-los-glaciares-05-\u00a9-martin-katz-greenpeace-1024x681.jpg 1024w, https:\/\/www.greenpeace.org\/static\/planet4-argentina-stateless\/2025\/01\/c1bdc39a-glaciar-upsala-pque-nac-los-glaciares-05-\u00a9-martin-katz-greenpeace-300x200.jpg 300w, https:\/\/www.greenpeace.org\/static\/planet4-argentina-stateless\/2025\/01\/c1bdc39a-glaciar-upsala-pque-nac-los-glaciares-05-\u00a9-martin-katz-greenpeace-768x511.jpg 768w, https:\/\/www.greenpeace.org\/static\/planet4-argentina-stateless\/2025\/01\/c1bdc39a-glaciar-upsala-pque-nac-los-glaciares-05-\u00a9-martin-katz-greenpeace-1536x1022.jpg 1536w, https:\/\/www.greenpeace.org\/static\/planet4-argentina-stateless\/2025\/01\/c1bdc39a-glaciar-upsala-pque-nac-los-glaciares-05-\u00a9-martin-katz-greenpeace-2048x1363.jpg 2048w, https:\/\/www.greenpeace.org\/static\/planet4-argentina-stateless\/2025\/01\/c1bdc39a-glaciar-upsala-pque-nac-los-glaciares-05-\u00a9-martin-katz-greenpeace-510x340.jpg 510w\" sizes=\"auto, (max-width: 1024px) 100vw, 1024px\" \/><figcaption class=\"wp-element-caption\">Santa Cruz, Argentina.<div class=\"credit icon-left\"> \u00a9 Mart\u00edn Katz \/ Greenpeace<\/div><\/figcaption><\/figure>\n<\/div>\n\n\n\n<div class=\"wp-block-column is-layout-flow wp-block-column-is-layout-flow\" style=\"flex-basis:66.66%\">\n<figure class=\"wp-block-image size-large is-resized\"><img loading=\"lazy\" decoding=\"async\" width=\"1024\" height=\"683\" src=\"https:\/\/www.greenpeace.org\/static\/planet4-argentina-stateless\/2025\/01\/17e91214-glaciares-san-juan-103-\u00a9-martin-katz-greenpeace-1024x683.jpg\" alt=\"\" class=\"wp-image-26229\" style=\"aspect-ratio:4\/3;object-fit:cover;width:auto;height:350px\" srcset=\"https:\/\/www.greenpeace.org\/static\/planet4-argentina-stateless\/2025\/01\/17e91214-glaciares-san-juan-103-\u00a9-martin-katz-greenpeace-1024x683.jpg 1024w, https:\/\/www.greenpeace.org\/static\/planet4-argentina-stateless\/2025\/01\/17e91214-glaciares-san-juan-103-\u00a9-martin-katz-greenpeace-300x200.jpg 300w, https:\/\/www.greenpeace.org\/static\/planet4-argentina-stateless\/2025\/01\/17e91214-glaciares-san-juan-103-\u00a9-martin-katz-greenpeace-768x512.jpg 768w, https:\/\/www.greenpeace.org\/static\/planet4-argentina-stateless\/2025\/01\/17e91214-glaciares-san-juan-103-\u00a9-martin-katz-greenpeace-1536x1024.jpg 1536w, https:\/\/www.greenpeace.org\/static\/planet4-argentina-stateless\/2025\/01\/17e91214-glaciares-san-juan-103-\u00a9-martin-katz-greenpeace-2048x1366.jpg 2048w, https:\/\/www.greenpeace.org\/static\/planet4-argentina-stateless\/2025\/01\/17e91214-glaciares-san-juan-103-\u00a9-martin-katz-greenpeace-510x340.jpg 510w\" sizes=\"auto, (max-width: 1024px) 100vw, 1024px\" \/><figcaption class=\"wp-element-caption\">Glaciares San Ju\u00e1n.<div class=\"credit icon-left\"> \u00a9 Mart\u00edn Katz \/ Greenpeace<\/div><\/figcaption><\/figure>\n<\/div>\n<\/div>\n\n<p>Los <strong>glaciares<\/strong>, tan maravillosos como imponentes, no son s\u00f3lo bellezas naturales para contemplar sino que cumplen <strong>funciones claves para el equilibrio del planeta y de la humanidad<\/strong>. La m\u00e1s conocida es que son <strong>fuentes de agua dulce<\/strong>, puesto que acumulan precipitaciones y nevadas y las van liberando gradualmente durante el a\u00f1o, ayudando a mantener los ecosistemas y comunidades que se emplazan en sus cuencas.&nbsp;<\/p>\n\n<div class=\"wp-block-columns is-not-stacked-on-mobile is-layout-flex wp-container-core-columns-is-layout-9d6595d7 wp-block-columns-is-layout-flex\">\n<div class=\"wp-block-column is-layout-flow wp-block-column-is-layout-flow\" style=\"flex-basis:66.66%\">\n<figure class=\"wp-block-image aligncenter size-large is-resized\"><img loading=\"lazy\" decoding=\"async\" width=\"1024\" height=\"683\" src=\"https:\/\/www.greenpeace.org\/static\/planet4-argentina-stateless\/2025\/01\/badb8b26-parque-nacional-los-glaciares-\u00a9-greenpeace-daniel-beltra-1024x683.jpg\" alt=\"\" class=\"wp-image-26307\" style=\"width:auto;height:350px\" srcset=\"https:\/\/www.greenpeace.org\/static\/planet4-argentina-stateless\/2025\/01\/badb8b26-parque-nacional-los-glaciares-\u00a9-greenpeace-daniel-beltra-1024x683.jpg 1024w, https:\/\/www.greenpeace.org\/static\/planet4-argentina-stateless\/2025\/01\/badb8b26-parque-nacional-los-glaciares-\u00a9-greenpeace-daniel-beltra-300x200.jpg 300w, https:\/\/www.greenpeace.org\/static\/planet4-argentina-stateless\/2025\/01\/badb8b26-parque-nacional-los-glaciares-\u00a9-greenpeace-daniel-beltra-768x512.jpg 768w, https:\/\/www.greenpeace.org\/static\/planet4-argentina-stateless\/2025\/01\/badb8b26-parque-nacional-los-glaciares-\u00a9-greenpeace-daniel-beltra-1536x1024.jpg 1536w, https:\/\/www.greenpeace.org\/static\/planet4-argentina-stateless\/2025\/01\/badb8b26-parque-nacional-los-glaciares-\u00a9-greenpeace-daniel-beltra-2048x1366.jpg 2048w, https:\/\/www.greenpeace.org\/static\/planet4-argentina-stateless\/2025\/01\/badb8b26-parque-nacional-los-glaciares-\u00a9-greenpeace-daniel-beltra-510x340.jpg 510w\" sizes=\"auto, (max-width: 1024px) 100vw, 1024px\" \/><figcaption class=\"wp-element-caption\">Parque Nacional Los Glaciares.<div class=\"credit icon-left\"> \u00a9 Daniel Beltra \/ Greenpeace<\/div><\/figcaption><\/figure>\n<\/div>\n\n\n\n<div class=\"wp-block-column is-layout-flow wp-block-column-is-layout-flow\" style=\"flex-basis:33.33%\">\n<figure class=\"wp-block-image aligncenter size-large is-resized\"><img loading=\"lazy\" decoding=\"async\" width=\"1024\" height=\"684\" src=\"https:\/\/www.greenpeace.org\/static\/planet4-argentina-stateless\/2024\/02\/025dd4c1-gp0z6o_medium_res_with_credit_line-1024x684.jpg\" alt=\"\" class=\"wp-image-23208\" style=\"aspect-ratio:9\/16;object-fit:cover;width:auto;height:350px\" srcset=\"https:\/\/www.greenpeace.org\/static\/planet4-argentina-stateless\/2024\/02\/025dd4c1-gp0z6o_medium_res_with_credit_line-1024x684.jpg 1024w, https:\/\/www.greenpeace.org\/static\/planet4-argentina-stateless\/2024\/02\/025dd4c1-gp0z6o_medium_res_with_credit_line-300x200.jpg 300w, https:\/\/www.greenpeace.org\/static\/planet4-argentina-stateless\/2024\/02\/025dd4c1-gp0z6o_medium_res_with_credit_line-768x513.jpg 768w, https:\/\/www.greenpeace.org\/static\/planet4-argentina-stateless\/2024\/02\/025dd4c1-gp0z6o_medium_res_with_credit_line-510x340.jpg 510w, https:\/\/www.greenpeace.org\/static\/planet4-argentina-stateless\/2024\/02\/025dd4c1-gp0z6o_medium_res_with_credit_line.jpg 1200w\" sizes=\"auto, (max-width: 1024px) 100vw, 1024px\" \/><figcaption class=\"wp-element-caption\">Perito Moreno<div class=\"credit icon-left\"> \u00a9 Daniel Beltra \/ Greenpeace<\/div><\/figcaption><\/figure>\n<\/div>\n<\/div>\n\n<p>Tambi\u00e9n <strong>mantienen ecosistemas acu\u00e1ticos y terrestres<\/strong> que dependen del agua proveniente del deshielo y <strong>son memoria clim\u00e1tica del planeta<\/strong>, ya que almacenan informaci\u00f3n sobre la evoluci\u00f3n del clima en sus capas de hielo, permitiendo estudios sobre el cambio clim\u00e1tico. Al mismo tiempo, a nivel global, <strong>mantienen la temperatura de la Tierra estable <\/strong>al reflejar la radiaci\u00f3n solar (algo que es conocido como <em>efecto albedo<\/em>).&nbsp;<\/p>\n\n<p>De por s\u00ed, la crisis clim\u00e1tica representa un gran peligro para su existencia. <strong>El calentamiento global<\/strong>, causado por las actividades humanas que emiten gases de efecto invernadero, deriva en un aumento de temperaturas que <strong>acelera el deshielo de los glaciares<\/strong>. En tanto, otras acciones humanas, como la expansi\u00f3n de la miner\u00eda, agravan la situaci\u00f3n al generar un impacto directo a trav\u00e9s de la construcci\u00f3n de caminos y la explotaci\u00f3n de minerales.<\/p>\n\n<p>Conscientes de que <strong>una vez que un glaciar desaparece, no se puede reemplazar<\/strong>, hace 16 a\u00f1os la ciudadan\u00eda y los ONGs se unieron y lograron que se sancionara la <strong>Ley 26.639 de Presupuestos M\u00ednimos para la Protecci\u00f3n de Glaciares y del Ambiente Periglaciar<\/strong>, un <strong>logro ambiental y social del cual debemos sentir orgullo<\/strong>. Se la considera una ley<strong>de vanguardia<\/strong>, que brinda una <strong>protecci\u00f3n integral a los glaciares y al ambiente periglacial<\/strong>, asegurando su existencia y la de toda su cadena de valor. Es, ni m\u00e1s ni menos, una protecci\u00f3n legal que defiende nuestro derecho al agua.&nbsp;<\/p>\n\n<p>La normativa sufri\u00f3 su primer intento de modificaci\u00f3n, al igual que la Ley de Bosques, durante diciembre 2023 -principio 2024, con la primera presentaci\u00f3n de la Ley de Bases. Luego, durante diciembre de 2025 , acus\u00f3 otro fuerte golpe ya que el Poder Ejecutivo present\u00f3 nuevamente un <strong>proyecto de reforma<\/strong> que busca modificar aspectos centrales de la norma vigente, pone en riesgo ecosistemas vitales y podr\u00eda habilitar actividades extractivas en \u00e1reas hoy protegidas. En febrero de 2026 finalmente, el Senado otorg\u00f3 media sanci\u00f3n al proyecto haci\u00e9ndolo ingresar al siguiente paso, que es su tratamiento en la C\u00e1mara de Diputados.<\/p>\n\n<div class=\"wp-block-columns is-not-stacked-on-mobile is-layout-flex wp-container-core-columns-is-layout-9d6595d7 wp-block-columns-is-layout-flex\">\n<div class=\"wp-block-column is-layout-flow wp-block-column-is-layout-flow\" style=\"flex-basis:50%\">\n<figure class=\"wp-block-image size-large\"><img loading=\"lazy\" decoding=\"async\" width=\"1024\" height=\"683\" src=\"https:\/\/www.greenpeace.org\/static\/planet4-argentina-stateless\/2024\/01\/2c020d08-gpa_elambientenosenegocia_01-1024x683.jpg\" alt=\"Una activista de la organizaci\u00f3n ambientalista Greenpeace despleg\u00f3 un cartel con el mensaje \u201cel ambiente no se negocia\u201d durante la sesi\u00f3n de tratamiento del proyecto de ley \u00f3mnibus en la c\u00e1mara baja. Dicho proyecto incluye serias modificaciones a las leyes de Glaciares, Quemas, Manejo del Fuego y Bosques.\u00a0\" class=\"wp-image-22927\" srcset=\"https:\/\/www.greenpeace.org\/static\/planet4-argentina-stateless\/2024\/01\/2c020d08-gpa_elambientenosenegocia_01-1024x683.jpg 1024w, https:\/\/www.greenpeace.org\/static\/planet4-argentina-stateless\/2024\/01\/2c020d08-gpa_elambientenosenegocia_01-300x200.jpg 300w, https:\/\/www.greenpeace.org\/static\/planet4-argentina-stateless\/2024\/01\/2c020d08-gpa_elambientenosenegocia_01-768x512.jpg 768w, https:\/\/www.greenpeace.org\/static\/planet4-argentina-stateless\/2024\/01\/2c020d08-gpa_elambientenosenegocia_01-1536x1024.jpg 1536w, https:\/\/www.greenpeace.org\/static\/planet4-argentina-stateless\/2024\/01\/2c020d08-gpa_elambientenosenegocia_01-2048x1366.jpg 2048w, https:\/\/www.greenpeace.org\/static\/planet4-argentina-stateless\/2024\/01\/2c020d08-gpa_elambientenosenegocia_01-510x340.jpg 510w\" sizes=\"auto, (max-width: 1024px) 100vw, 1024px\" \/><figcaption class=\"wp-element-caption\">2024<\/figcaption><\/figure>\n<\/div>\n\n\n\n<div class=\"wp-block-column is-layout-flow wp-block-column-is-layout-flow\" style=\"flex-basis:50%\">\n<figure class=\"wp-block-image size-large\"><img loading=\"lazy\" decoding=\"async\" width=\"1024\" height=\"683\" src=\"https:\/\/www.greenpeace.org\/static\/planet4-argentina-stateless\/2026\/02\/d8ae27f4-gpa-derecho-agua-congreso-01-1024x683.jpg\" alt=\"\" class=\"wp-image-32870\" srcset=\"https:\/\/www.greenpeace.org\/static\/planet4-argentina-stateless\/2026\/02\/d8ae27f4-gpa-derecho-agua-congreso-01-1024x683.jpg 1024w, https:\/\/www.greenpeace.org\/static\/planet4-argentina-stateless\/2026\/02\/d8ae27f4-gpa-derecho-agua-congreso-01-300x200.jpg 300w, https:\/\/www.greenpeace.org\/static\/planet4-argentina-stateless\/2026\/02\/d8ae27f4-gpa-derecho-agua-congreso-01-768x512.jpg 768w, https:\/\/www.greenpeace.org\/static\/planet4-argentina-stateless\/2026\/02\/d8ae27f4-gpa-derecho-agua-congreso-01-1536x1024.jpg 1536w, https:\/\/www.greenpeace.org\/static\/planet4-argentina-stateless\/2026\/02\/d8ae27f4-gpa-derecho-agua-congreso-01-2048x1366.jpg 2048w, https:\/\/www.greenpeace.org\/static\/planet4-argentina-stateless\/2026\/02\/d8ae27f4-gpa-derecho-agua-congreso-01-510x340.jpg 510w\" sizes=\"auto, (max-width: 1024px) 100vw, 1024px\" \/><figcaption class=\"wp-element-caption\">2026<\/figcaption><\/figure>\n<\/div>\n<\/div>\n\n<p>En este escenario, previo a su tratamiento en dicha C\u00e1mara, la participaci\u00f3n ciudadana tendr\u00e1 lugar en una <strong>audiencia p\u00fablica el 25 y 26 de marzo, llevadas adelante por las comisiones de Recursos Naturales y Conservaci\u00f3n del Ambiente Humano y de Asuntos Constitucionales<\/strong>. La audiencia registr\u00f3 una <strong>cantidad sin precedentes de personas inscriptas de todo el pa\u00eds.<\/strong><\/p>\n\n<p>En cada audiencia p\u00fablica los participantes deben contar con hasta 5 minutos para poder exponer sus presentaciones. Sin embargo, Jos\u00e9 Peluc y Nicol\u00e1s Mayoraz, presidentes de las comisiones que organizan la audiencia, decidieron que se realice en solo dos d\u00edas lo que por reglamento deber\u00eda durar varios meses. Con ese esquema, ni siquiera el 0,5% de las personas inscriptas tendr\u00e1 derecho a hablar.<\/p>\n\n<div class=\"wp-block-buttons is-layout-flex wp-block-buttons-is-layout-flex\">\n<div class=\"wp-block-button is-style-secondary\"><a class=\"wp-block-button__link has-action-yellow-500-background-color has-background has-medium-font-size has-custom-font-size wp-element-button\" href=\"https:\/\/landing.infogreenpeace.org\/tu-voz-por-los-glaciares?_gl=1*1tfzycu*_gcl_au*MTg0NDM4MTU1MS4xNzcwMjEzMjU5*_ga*MTE0MTYyNjc3Mi4xNzcwMjEzMjYw*_ga_RLYTTGGE8B*czE3NzM5MjEwNDAkbzMxJGcxJHQxNzczOTIxMzc4JGo0NSRsMCRoMTg5NjQ5NDA0Ng..*_ga_BJRLRGGWSR*czE3NzM5MjEwNDAkbzMyJGcxJHQxNzczOTIxMzc3JGo1OSRsMCRoMA..\" style=\"box-shadow:var(--wp--preset--shadow--natural)\" target=\"_blank\" rel=\"noreferrer noopener\">Escribiles ahora a los responsables de esta decisi\u00f3n y exig\u00ed que escuchen a la sociedad.<\/a><\/div>\n<\/div>\n\n<p>Quienes defendemos los glaciares entendemos que el <strong>desarrollo no puede ser sin\u00f3nimo de destrucci\u00f3n<\/strong>: la miner\u00eda en zonas de glaciares y ambiente periglacial genera da\u00f1os ambientales irreversibles y no es sustentable a largo plazo. <\/p>\n\n<p class=\"has-gp-green-100-background-color has-background\"><strong>Proteger nuestros glaciares es fundamental. <\/strong>La Ley de Glaciares garantiza su preservaci\u00f3n al impedir el avance de actividades extractivas como la miner\u00eda en zonas sensibles como el ambiente periglacial, protegiendo ecosistemas vitales para enfrentar la actual crisis clim\u00e1tica y de biodiversidad en la que nos encontramos.<\/p>\n\t\t\t<section\n\t\t\tclass=\"boxout post-608 \"\n\t\t\t\n\t\t>\n\t\t\t<a\n\t\t\t\tdata-ga-category=\"Take Action Boxout\"\n\t\t\t\tdata-ga-action=\"Image\"\n\t\t\t\tdata-ga-label=\"n\/a\"\n\t\t\t\tclass=\"cover-card-overlay\"\n\t\t\t\thref=\"https:\/\/www.greenpeace.org\/argentina\/participa\/glaciares-en-peligro\/\" \n\t\t\t><\/a>\n\t\t\t\t\t\t\t<img\n\t\t\t\t\t\tsrc=\"https:\/\/www.greenpeace.org\/static\/planet4-argentina-stateless\/2025\/01\/7e6bafb0-glaciares-san-juan-073-\u00a9-greenpeace-1024x683.jpg\"\n\t\t\t\t\t\tsrcset=\"https:\/\/www.greenpeace.org\/static\/planet4-argentina-stateless\/2025\/01\/7e6bafb0-glaciares-san-juan-073-\u00a9-greenpeace-300x200.jpg 300w, https:\/\/www.greenpeace.org\/static\/planet4-argentina-stateless\/2025\/01\/7e6bafb0-glaciares-san-juan-073-\u00a9-greenpeace-1024x683.jpg 1024w, https:\/\/www.greenpeace.org\/static\/planet4-argentina-stateless\/2025\/01\/7e6bafb0-glaciares-san-juan-073-\u00a9-greenpeace-768x512.jpg 768w, https:\/\/www.greenpeace.org\/static\/planet4-argentina-stateless\/2025\/01\/7e6bafb0-glaciares-san-juan-073-\u00a9-greenpeace-1536x1024.jpg 1536w, https:\/\/www.greenpeace.org\/static\/planet4-argentina-stateless\/2025\/01\/7e6bafb0-glaciares-san-juan-073-\u00a9-greenpeace-2048x1366.jpg 2048w, https:\/\/www.greenpeace.org\/static\/planet4-argentina-stateless\/2025\/01\/7e6bafb0-glaciares-san-juan-073-\u00a9-greenpeace-510x340.jpg 510w\"\n\t\t\t\t\t\tsizes=\"(min-width: 1000px) 358px, (min-width: 780px) 313px, 88px\"\n\t\t\t\t\t\talt=\"\" title=\"\"\n\t\t\t\t\/>\n            \t\t\t<div class=\"boxout-content\">\n\t\t\t\t\t\t\t\t\t<a\n\t\t\t\t\t\tclass=\"boxout-heading medium\"\n\t\t\t\t\t\tdata-ga-category=\"Take Action Boxout\"\n\t\t\t\t\t\tdata-ga-action=\"Title\"\n\t\t\t\t\t\tdata-ga-label=\"n\/a\"\n\t\t\t\t\t\thref=\"https:\/\/www.greenpeace.org\/argentina\/participa\/glaciares-en-peligro\/\"\n\t\t\t\t\t\t\n\t\t\t\t\t>\n\t\t\t\t\t\tGlaciares: hielos en peligro\n\t\t\t\t\t<\/a>\n\t\t\t\t\t\t\t\t\t\t\t\t\t<p class=\"boxout-excerpt\">Es importante comprender el rol fundamental que cumplen tanto los glaciares como el ambiente periglaciar en el resguardo de los recursos h\u00eddricos, por lo cual ambos necesitan protecci\u00f3n.<\/p>\n\t\t\t\t                                    <a\n                        class=\"btn btn-primary\"\n                        data-ga-category=\"Take Action Boxout\"\n                        data-ga-action=\"Call to Action\"\n                        data-ga-label=\"n\/a\"\n                        href=\"https:\/\/www.greenpeace.org\/argentina\/participa\/glaciares-en-peligro\/\"\n                        \n                    >\n                        Particip\u00e1\n                    <\/a>\n                \t\t\t<\/div>\n\t\t\t\t\t<\/section>\n\t","protected":false},"excerpt":{"rendered":"<p>Frente a la presi\u00f3n que ejercen los intereses econ\u00f3micos, es urgente defender la ley que los protege.<\/p>\n","protected":false},"author":55,"featured_media":32534,"comment_status":"closed","ping_status":"open","sticky":false,"template":"","format":"standard","meta":{"ep_exclude_from_search":false,"p4_og_title":"D\u00eda de los Glaciares: qu\u00e9 est\u00e1 pasando con la ley que los protege en Argentina y por qu\u00e9 preocupa su futuro","p4_og_description":"Frente a la presi\u00f3n que ejercen los intereses econ\u00f3micos, es urgente defender la ley que los protege.\n","p4_og_image":"","p4_og_image_id":"","p4_seo_canonical_url":"","p4_campaign_name":"","p4_local_project":"","p4_basket_name":"","p4_department":"","footnotes":""},"categories":[3],"tags":[27],"p4-page-type":[14],"class_list":["post-33245","post","type-post","status-publish","format-standard","has-post-thumbnail","hentry","category-climayenergia","tag-glaciares","p4-page-type-blog"],"_links":{"self":[{"href":"https:\/\/www.greenpeace.org\/argentina\/wp-json\/wp\/v2\/posts\/33245","targetHints":{"allow":["GET"]}}],"collection":[{"href":"https:\/\/www.greenpeace.org\/argentina\/wp-json\/wp\/v2\/posts"}],"about":[{"href":"https:\/\/www.greenpeace.org\/argentina\/wp-json\/wp\/v2\/types\/post"}],"author":[{"embeddable":true,"href":"https:\/\/www.greenpeace.org\/argentina\/wp-json\/wp\/v2\/users\/55"}],"replies":[{"embeddable":true,"href":"https:\/\/www.greenpeace.org\/argentina\/wp-json\/wp\/v2\/comments?post=33245"}],"version-history":[{"count":19,"href":"https:\/\/www.greenpeace.org\/argentina\/wp-json\/wp\/v2\/posts\/33245\/revisions"}],"predecessor-version":[{"id":33297,"href":"https:\/\/www.greenpeace.org\/argentina\/wp-json\/wp\/v2\/posts\/33245\/revisions\/33297"}],"wp:featuredmedia":[{"embeddable":true,"href":"https:\/\/www.greenpeace.org\/argentina\/wp-json\/wp\/v2\/media\/32534"}],"wp:attachment":[{"href":"https:\/\/www.greenpeace.org\/argentina\/wp-json\/wp\/v2\/media?parent=33245"}],"wp:term":[{"taxonomy":"category","embeddable":true,"href":"https:\/\/www.greenpeace.org\/argentina\/wp-json\/wp\/v2\/categories?post=33245"},{"taxonomy":"post_tag","embeddable":true,"href":"https:\/\/www.greenpeace.org\/argentina\/wp-json\/wp\/v2\/tags?post=33245"},{"taxonomy":"p4-page-type","embeddable":true,"href":"https:\/\/www.greenpeace.org\/argentina\/wp-json\/wp\/v2\/p4-page-type?post=33245"}],"curies":[{"name":"wp","href":"https:\/\/api.w.org\/{rel}","templated":true}]}}