{"id":34048,"date":"2026-06-11T11:23:29","date_gmt":"2026-06-11T14:23:29","guid":{"rendered":"https:\/\/www.greenpeace.org\/argentina\/?p=34048"},"modified":"2026-06-29T07:24:36","modified_gmt":"2026-06-29T10:24:36","slug":"dia-del-sobregiro-greenpeace-exige-politicas-basadas-en-la-ciencia","status":"publish","type":"post","link":"https:\/\/www.greenpeace.org\/argentina\/story\/problemas\/bosques\/dia-del-sobregiro-greenpeace-exige-politicas-basadas-en-la-ciencia\/","title":{"rendered":"D\u00eda del Sobregiro: Greenpeace exige pol\u00edticas basadas en la ciencia"},"content":{"rendered":"\n<figure class=\"wp-block-image aligncenter size-large\"><img loading=\"lazy\" decoding=\"async\" width=\"1024\" height=\"683\" title=\"Contaminaci\u00f3n Pozo Petrolero L.O. X-10 en Salta 04 \u00a9 Martin Katz  Greenpeace (1)\" src=\"https:\/\/www.greenpeace.org\/static\/planet4-argentina-stateless\/2026\/06\/aaa8db6e-contaminacion-pozo-petrolero-l.o.-x-10-en-salta-04-\u00a9-martin-katz-greenpeace-1-1024x683.jpg\" alt=\"\" class=\"wp-image-34052\" srcset=\"https:\/\/www.greenpeace.org\/static\/planet4-argentina-stateless\/2026\/06\/aaa8db6e-contaminacion-pozo-petrolero-l.o.-x-10-en-salta-04-\u00a9-martin-katz-greenpeace-1-1024x683.jpg 1024w, https:\/\/www.greenpeace.org\/static\/planet4-argentina-stateless\/2026\/06\/aaa8db6e-contaminacion-pozo-petrolero-l.o.-x-10-en-salta-04-\u00a9-martin-katz-greenpeace-1-300x200.jpg 300w, https:\/\/www.greenpeace.org\/static\/planet4-argentina-stateless\/2026\/06\/aaa8db6e-contaminacion-pozo-petrolero-l.o.-x-10-en-salta-04-\u00a9-martin-katz-greenpeace-1-768x512.jpg 768w, https:\/\/www.greenpeace.org\/static\/planet4-argentina-stateless\/2026\/06\/aaa8db6e-contaminacion-pozo-petrolero-l.o.-x-10-en-salta-04-\u00a9-martin-katz-greenpeace-1-1536x1024.jpg 1536w, https:\/\/www.greenpeace.org\/static\/planet4-argentina-stateless\/2026\/06\/aaa8db6e-contaminacion-pozo-petrolero-l.o.-x-10-en-salta-04-\u00a9-martin-katz-greenpeace-1-2048x1366.jpg 2048w, https:\/\/www.greenpeace.org\/static\/planet4-argentina-stateless\/2026\/06\/aaa8db6e-contaminacion-pozo-petrolero-l.o.-x-10-en-salta-04-\u00a9-martin-katz-greenpeace-1-510x340.jpg 510w\" sizes=\"auto, (max-width: 1024px) 100vw, 1024px\" \/><figcaption class=\"wp-element-caption\">Explotaci\u00f3n petrolera abandonada<strong>\u00a0<\/strong>en Puesto Guardi\u00e1n, Lomas de Olmedo, un \u00e1rea reconocida como Ecosistema Prioritario para la Conservaci\u00f3n (EPC) por la provincia de Salta \u00a9 Martin Katz \/ Greenpeace<\/figcaption><\/figure>\n\n<h4 class=\"wp-block-heading\"><strong>Argentina agotar\u00e1 sus recursos naturales de todo el a\u00f1o el 13 de junio. <\/strong>Cient\u00edficos e investigadores advierten que el adelanto en el D\u00eda del Sobregiro refleja el impacto directo del cambio clim\u00e1tico antropog\u00e9nico. Desde Greenpeace, sostienen la necesidad urgente de planear y ejecutar las pol\u00edticas ambientales y clim\u00e1ticas basadas en evidencia cient\u00edfica.\u00a0<\/h4>\n\n<p class=\"wp-block-paragraph\">Buenos Aires, junio de 2026.- Seg\u00fan datos de la Global Footprint Network, <strong>si toda la humanidad consumiera como lo hace Argentina, el 13 de junio de 2026 se agotar\u00edan por completo los recursos ecol\u00f3gicos que el planeta puede regenerar en un a\u00f1o.<\/strong> El a\u00f1o pasado, el pa\u00eds hab\u00eda alcanzado su d\u00eda de sobregiro el 3 de julio.&nbsp;<\/p>\n\n<figure class=\"wp-block-image aligncenter size-large\"><img loading=\"lazy\" decoding=\"async\" width=\"1024\" height=\"683\" title=\"Bajante Hist\u00f3rica R\u00edo Paran\u00e1 \u00a9 Sebasti\u00e1n L\u00f3pez Brachs Greenpeace\" src=\"https:\/\/www.greenpeace.org\/static\/planet4-argentina-stateless\/2026\/06\/292086ef-bajante-historica-rio-parana-\u00a9-sebastian-lopez-brachs-greenpeace-1024x683.jpg\" alt=\"\" class=\"wp-image-34060\" srcset=\"https:\/\/www.greenpeace.org\/static\/planet4-argentina-stateless\/2026\/06\/292086ef-bajante-historica-rio-parana-\u00a9-sebastian-lopez-brachs-greenpeace-1024x683.jpg 1024w, https:\/\/www.greenpeace.org\/static\/planet4-argentina-stateless\/2026\/06\/292086ef-bajante-historica-rio-parana-\u00a9-sebastian-lopez-brachs-greenpeace-300x200.jpg 300w, https:\/\/www.greenpeace.org\/static\/planet4-argentina-stateless\/2026\/06\/292086ef-bajante-historica-rio-parana-\u00a9-sebastian-lopez-brachs-greenpeace-768x512.jpg 768w, https:\/\/www.greenpeace.org\/static\/planet4-argentina-stateless\/2026\/06\/292086ef-bajante-historica-rio-parana-\u00a9-sebastian-lopez-brachs-greenpeace-1536x1024.jpg 1536w, https:\/\/www.greenpeace.org\/static\/planet4-argentina-stateless\/2026\/06\/292086ef-bajante-historica-rio-parana-\u00a9-sebastian-lopez-brachs-greenpeace-2048x1366.jpg 2048w, https:\/\/www.greenpeace.org\/static\/planet4-argentina-stateless\/2026\/06\/292086ef-bajante-historica-rio-parana-\u00a9-sebastian-lopez-brachs-greenpeace-510x340.jpg 510w\" sizes=\"auto, (max-width: 1024px) 100vw, 1024px\" \/><figcaption class=\"wp-element-caption\">Bajante hist\u00f3rica del R\u00edo Paran\u00e1- \u00a9 Sebasti\u00e1n L\u00f3pez Brachs \/ Greenpeace<\/figcaption><\/figure>\n\n<p class=\"wp-block-paragraph\">Mat\u00edas Arrigazzi, bi\u00f3logo y especialista en biodiversidad de Greenpeace Argentina afirm\u00f3:<em> \u201cA partir de junio, Argentina entra en un d\u00e9ficit ecol\u00f3gico. La ciencia nos est\u00e1 dando el diagn\u00f3stico exacto de un planeta con fiebre. Esta fecha no es un estimado al azar, sino el resultado del an\u00e1lisis riguroso de la huella ecol\u00f3gica y la biocapacidad\u201d.<\/em><\/p>\n\n<figure class=\"wp-block-image size-large\"><img loading=\"lazy\" decoding=\"async\" width=\"1024\" height=\"683\" title=\"Desmontes Biodiversidad Yaguaret\u00e9 \u00a9 Fidel Piragine Greenpeace\" src=\"https:\/\/www.greenpeace.org\/static\/planet4-argentina-stateless\/2026\/06\/4d4cf7de-desmontes-biodiversidad-yaguarete-\u00a9-fidel-piragine-greenpeace-1024x683.jpg\" alt=\"\" class=\"wp-image-34059\" srcset=\"https:\/\/www.greenpeace.org\/static\/planet4-argentina-stateless\/2026\/06\/4d4cf7de-desmontes-biodiversidad-yaguarete-\u00a9-fidel-piragine-greenpeace-1024x683.jpg 1024w, https:\/\/www.greenpeace.org\/static\/planet4-argentina-stateless\/2026\/06\/4d4cf7de-desmontes-biodiversidad-yaguarete-\u00a9-fidel-piragine-greenpeace-300x200.jpg 300w, https:\/\/www.greenpeace.org\/static\/planet4-argentina-stateless\/2026\/06\/4d4cf7de-desmontes-biodiversidad-yaguarete-\u00a9-fidel-piragine-greenpeace-768x512.jpg 768w, https:\/\/www.greenpeace.org\/static\/planet4-argentina-stateless\/2026\/06\/4d4cf7de-desmontes-biodiversidad-yaguarete-\u00a9-fidel-piragine-greenpeace-1536x1024.jpg 1536w, https:\/\/www.greenpeace.org\/static\/planet4-argentina-stateless\/2026\/06\/4d4cf7de-desmontes-biodiversidad-yaguarete-\u00a9-fidel-piragine-greenpeace-2048x1366.jpg 2048w, https:\/\/www.greenpeace.org\/static\/planet4-argentina-stateless\/2026\/06\/4d4cf7de-desmontes-biodiversidad-yaguarete-\u00a9-fidel-piragine-greenpeace-510x340.jpg 510w\" sizes=\"auto, (max-width: 1024px) 100vw, 1024px\" \/><figcaption class=\"wp-element-caption\">Yaguart\u00e9 \u00a9 Fidel Piragine \/ Greenpeace.<\/figcaption><\/figure>\n\n<h4 class=\"wp-block-heading\"><strong>El diagn\u00f3stico de la ciencia: datos que desarman el negacionismo clim\u00e1tico<\/strong><\/h4>\n\n<p class=\"wp-block-paragraph\">De acuerdo a Greenpeace, el D\u00eda del Sobregiro no representa un problema abstracto, sino una clara evidencia que la comunidad cient\u00edfica alerta hace d\u00e9cadas.&nbsp;<\/p>\n\n<figure class=\"wp-block-image size-large\"><img loading=\"lazy\" decoding=\"async\" width=\"1024\" height=\"683\" title=\"Incendios Pto. Patriada Chubut 22 \u00a9 Matias Garay Greenpeace\" src=\"https:\/\/www.greenpeace.org\/static\/planet4-argentina-stateless\/2026\/06\/105edc25-incendios-pto.-patriada-chubut-22-\u00a9-matias-garay-greenpeace-1024x683.jpg\" alt=\"\" class=\"wp-image-34058\" srcset=\"https:\/\/www.greenpeace.org\/static\/planet4-argentina-stateless\/2026\/06\/105edc25-incendios-pto.-patriada-chubut-22-\u00a9-matias-garay-greenpeace-1024x683.jpg 1024w, https:\/\/www.greenpeace.org\/static\/planet4-argentina-stateless\/2026\/06\/105edc25-incendios-pto.-patriada-chubut-22-\u00a9-matias-garay-greenpeace-300x200.jpg 300w, https:\/\/www.greenpeace.org\/static\/planet4-argentina-stateless\/2026\/06\/105edc25-incendios-pto.-patriada-chubut-22-\u00a9-matias-garay-greenpeace-768x512.jpg 768w, https:\/\/www.greenpeace.org\/static\/planet4-argentina-stateless\/2026\/06\/105edc25-incendios-pto.-patriada-chubut-22-\u00a9-matias-garay-greenpeace-1536x1024.jpg 1536w, https:\/\/www.greenpeace.org\/static\/planet4-argentina-stateless\/2026\/06\/105edc25-incendios-pto.-patriada-chubut-22-\u00a9-matias-garay-greenpeace-2048x1366.jpg 2048w, https:\/\/www.greenpeace.org\/static\/planet4-argentina-stateless\/2026\/06\/105edc25-incendios-pto.-patriada-chubut-22-\u00a9-matias-garay-greenpeace-510x340.jpg 510w\" sizes=\"auto, (max-width: 1024px) 100vw, 1024px\" \/><figcaption class=\"wp-element-caption\">Incendios forestales. Pto. Patriada, provincia de Chubut \u00a9 Matias Garay \/ Greenpeace.<\/figcaption><\/figure>\n\n<ul class=\"wp-block-list\">\n<li><strong>Ya se han transgredido 6 de los 9 <\/strong><a href=\"https:\/\/www.stockholmresilience.org\/research\/planetary-boundaries.html\"><strong>&#8220;L\u00edmites Planetarios&#8221;<\/strong> <\/a>definidos para que el planeta sea un lugar seguro: el cambio clim\u00e1tico, la p\u00e9rdida de biodiversidad, el cambio de uso de suelo principalmente por el avance de la deforestaci\u00f3n, la contaminaci\u00f3n por sustancias qu\u00edmicas, la alteraci\u00f3n del ciclo del nitr\u00f3geno y f\u00f3sforo fundamental para trasladar nutrientes esenciales entre los seres vivos, el suelo, el agua y la atm\u00f3sfera; y la alteraci\u00f3n del agua dulce.&nbsp;<\/li>\n<\/ul>\n\n<ul class=\"wp-block-list\">\n<li>La <a href=\"https:\/\/gml.noaa.gov\/ccgg\/trends\/\">concentraci\u00f3n de di\u00f3xido de carbono<\/a> (CO2) en la atm\u00f3sfera super\u00f3 de forma sostenida las <strong>420 partes por mill\u00f3n (ppm)<\/strong> en los \u00faltimos a\u00f1os, un nivel que la Tierra no registraba desde hace m\u00e1s de 3 millones de a\u00f1os. Mientras en ese entonces la Tierra tard\u00f3 miles o millones de a\u00f1os en pasar de 300 a 420 ppm por procesos naturales, el ser humano provoc\u00f3 ese mismo aumento en apenas 150 a\u00f1os imposibilitando la adaptaci\u00f3n de la naturaleza. Es una demostraci\u00f3n, desde la evidencia, de c\u00f3mo el modelo productivo actual altera la qu\u00edmica de la atm\u00f3sfera.<\/li>\n<\/ul>\n\n<ul class=\"wp-block-list\">\n<li>El Panel Intergubernamental sobre el Cambio Clim\u00e1tico (IPCC) dictamin\u00f3 en sus \u00faltimas evaluaciones que la influencia humana ha generado que la atm\u00f3sfera, el oc\u00e9ano y la tierra se caliente a un ritmo que no tiene precedentes en al menos los \u00faltimos 2.000 a\u00f1os, lo cual desarma cualquier argumento negacionista.&nbsp;<\/li>\n<\/ul>\n\n<ul class=\"wp-block-list\">\n<li>El IPCC y agencias espaciales confirman que los \u00faltimos a\u00f1os han sido los m\u00e1s calurosos en 100.000 a\u00f1os. En sinton\u00eda, organismos como el servicio clim\u00e1tico europeo <strong>Copernicus, la <\/strong><a href=\"https:\/\/www.nasa.gov\/news-release\/aumentan-las-temperaturas-la-nasa-confirma-que-el-2024-fue-el-ano-mas-calido-registrado\/\"><strong>NASA <\/strong><\/a><strong>y la NOAA<\/strong> confirmaron que, por primera vez desde que se tiene registro, la temperatura media global de la Tierra super\u00f3 el umbral de <strong>+1,5\u00b0C<\/strong> por encima de la era preindustrial durante un per\u00edodo continuo de 12 meses, entre febrero de 2023 y enero de 2024. A diferencia de los calentamientos del pasado geol\u00f3gico, que tardaban miles de a\u00f1os en manifestarse dando margen de adaptaci\u00f3n a los ecosistemas, la velocidad del ascenso t\u00e9rmico actual no tiene precedentes y empuja&nbsp; al planeta a un estado de desequilibrio clim\u00e1tico acelerado y extremo.<\/li>\n<\/ul>\n\n<figure class=\"wp-block-image size-large\"><img loading=\"lazy\" decoding=\"async\" width=\"1024\" height=\"683\" title=\"Argentina Ola de Calor en Buenos Aires 2025 \u00a9 Martin Katz Greenpeace (4)\" src=\"https:\/\/www.greenpeace.org\/static\/planet4-argentina-stateless\/2026\/06\/2fd8a535-argentina-ola-de-calor-en-buenos-aires-2025-\u00a9-martin-katz-greenpeace-4-1024x683.jpg\" alt=\"\" class=\"wp-image-34055\" srcset=\"https:\/\/www.greenpeace.org\/static\/planet4-argentina-stateless\/2026\/06\/2fd8a535-argentina-ola-de-calor-en-buenos-aires-2025-\u00a9-martin-katz-greenpeace-4-1024x683.jpg 1024w, https:\/\/www.greenpeace.org\/static\/planet4-argentina-stateless\/2026\/06\/2fd8a535-argentina-ola-de-calor-en-buenos-aires-2025-\u00a9-martin-katz-greenpeace-4-300x200.jpg 300w, https:\/\/www.greenpeace.org\/static\/planet4-argentina-stateless\/2026\/06\/2fd8a535-argentina-ola-de-calor-en-buenos-aires-2025-\u00a9-martin-katz-greenpeace-4-768x512.jpg 768w, https:\/\/www.greenpeace.org\/static\/planet4-argentina-stateless\/2026\/06\/2fd8a535-argentina-ola-de-calor-en-buenos-aires-2025-\u00a9-martin-katz-greenpeace-4-1536x1024.jpg 1536w, https:\/\/www.greenpeace.org\/static\/planet4-argentina-stateless\/2026\/06\/2fd8a535-argentina-ola-de-calor-en-buenos-aires-2025-\u00a9-martin-katz-greenpeace-4-2048x1366.jpg 2048w, https:\/\/www.greenpeace.org\/static\/planet4-argentina-stateless\/2026\/06\/2fd8a535-argentina-ola-de-calor-en-buenos-aires-2025-\u00a9-martin-katz-greenpeace-4-510x340.jpg 510w\" sizes=\"auto, (max-width: 1024px) 100vw, 1024px\" \/><figcaption class=\"wp-element-caption\">Olas de calor en Buenos Aires  \u00a9 Martin Katz \/ Greenpeace.<\/figcaption><\/figure>\n\n<p class=\"wp-block-paragraph\">Arrigazzi agreg\u00f3: <em>\u201cLa ciencia no solo sirve para alertar, sino para predecir. Si esta tendencia contin\u00faa y se siguen flexibilizando las leyes ambientales en el pa\u00eds, los modelos cient\u00edficos predicen que Argentina sufrir\u00e1 sequ\u00edas e inundaciones cada vez m\u00e1s extremas que afectar\u00e1n gravemente la econom\u00eda y la seguridad h\u00eddrica y alimentaria. Ante este panorama, <strong>financiar la investigaci\u00f3n cient\u00edfica, escuchar a la academia y cambiar la matriz de consumo son las \u00fanicas formas de retrasar el reloj de agotamiento de recursos\u201d<\/strong>\u00a0<\/em><\/p>\n","protected":false},"excerpt":{"rendered":"<p>Argentina agotar\u00e1 sus recursos naturales de todo el a\u00f1o el 13 de junio\u00a0<\/p>\n","protected":false},"author":24,"featured_media":34053,"comment_status":"closed","ping_status":"open","sticky":false,"template":"","format":"standard","meta":{"ep_exclude_from_search":false,"p4_og_title":"D\u00eda del Sobregiro: Greenpeace exige pol\u00edticas basadas en la ciencia","p4_og_description":"Argentina agotar\u00e1 sus recursos naturales de todo el a\u00f1o el 13 de junio\u00a0","p4_og_image":"https:\/\/www.greenpeace.org\/static\/planet4-argentina-stateless\/2026\/06\/e6fc7283-consumo-sustentable-\u00a9-nathalia-angarita-greenpeace.jpg","p4_og_image_id":"34053","p4_seo_canonical_url":"","p4_campaign_name":"","p4_local_project":"","p4_basket_name":"","p4_department":"","footnotes":""},"categories":[2,3,4,17],"tags":[],"p4-page-type":[16],"class_list":["post-34048","post","type-post","status-publish","format-standard","has-post-thumbnail","hentry","category-bosques","category-climayenergia","category-contaminacion","category-oceanos","p4-page-type-story"],"_links":{"self":[{"href":"https:\/\/www.greenpeace.org\/argentina\/wp-json\/wp\/v2\/posts\/34048","targetHints":{"allow":["GET"]}}],"collection":[{"href":"https:\/\/www.greenpeace.org\/argentina\/wp-json\/wp\/v2\/posts"}],"about":[{"href":"https:\/\/www.greenpeace.org\/argentina\/wp-json\/wp\/v2\/types\/post"}],"author":[{"embeddable":true,"href":"https:\/\/www.greenpeace.org\/argentina\/wp-json\/wp\/v2\/users\/24"}],"replies":[{"embeddable":true,"href":"https:\/\/www.greenpeace.org\/argentina\/wp-json\/wp\/v2\/comments?post=34048"}],"version-history":[{"count":8,"href":"https:\/\/www.greenpeace.org\/argentina\/wp-json\/wp\/v2\/posts\/34048\/revisions"}],"predecessor-version":[{"id":34388,"href":"https:\/\/www.greenpeace.org\/argentina\/wp-json\/wp\/v2\/posts\/34048\/revisions\/34388"}],"wp:featuredmedia":[{"embeddable":true,"href":"https:\/\/www.greenpeace.org\/argentina\/wp-json\/wp\/v2\/media\/34053"}],"wp:attachment":[{"href":"https:\/\/www.greenpeace.org\/argentina\/wp-json\/wp\/v2\/media?parent=34048"}],"wp:term":[{"taxonomy":"category","embeddable":true,"href":"https:\/\/www.greenpeace.org\/argentina\/wp-json\/wp\/v2\/categories?post=34048"},{"taxonomy":"post_tag","embeddable":true,"href":"https:\/\/www.greenpeace.org\/argentina\/wp-json\/wp\/v2\/tags?post=34048"},{"taxonomy":"p4-page-type","embeddable":true,"href":"https:\/\/www.greenpeace.org\/argentina\/wp-json\/wp\/v2\/p4-page-type?post=34048"}],"curies":[{"name":"wp","href":"https:\/\/api.w.org\/{rel}","templated":true}]}}