{"id":36149,"date":"2026-08-31T20:11:11","date_gmt":"2026-08-31T23:11:11","guid":{"rendered":"https:\/\/www.greenpeace.org\/argentina\/?p=36149"},"modified":"2026-09-02T17:21:50","modified_gmt":"2026-09-02T20:21:50","slug":"greenpeace-apelo-el-procesamiento-de-sus-activistas-por-una-protesta-pacifica-en-defensa-de-los-glaciares","status":"publish","type":"post","link":"https:\/\/www.greenpeace.org\/argentina\/story\/problemas\/climayenergia\/greenpeace-apelo-el-procesamiento-de-sus-activistas-por-una-protesta-pacifica-en-defensa-de-los-glaciares\/","title":{"rendered":"Greenpeace apel\u00f3 el procesamiento de sus activistas por una protesta pac\u00edfica en defensa de los glaciares"},"content":{"rendered":"\n<p class=\"wp-block-paragraph\">Buenos Aires, 31 de agosto de 2026. Greenpeace <strong>rechaza el procesamiento de 12 activistas por la <a href=\"https:\/\/www.greenpeace.org\/argentina\/story\/problemas\/climayenergia\/activistas-de-greenpeace-detenidos-tras-realizar-una-protesta-pacifica-en-las-escalinatas-del-congreso\/\" target=\"_blank\" rel=\"noreferrer noopener\">protesta pac\u00edfica realizada el 26 de febrero en las escalinatas del Congreso de la Naci\u00f3n<\/a><\/strong>, mientras se debat\u00eda en el Senado la modificaci\u00f3n de la Ley de Glaciares. La <strong>decisi\u00f3n no est\u00e1 firme <\/strong>y ya fue apelada por la defensa, que solicit\u00f3 que la C\u00e1mara revoque los procesamientos y dicte el sobreseimiento.<\/p>\n\n<p class=\"has-grey-200-background-color has-background wp-block-paragraph\">La <strong>acci\u00f3n busc\u00f3 visibilizar el rechazo a una reforma que debilita la protecci\u00f3n de los glaciares y del ambiente periglacial.<\/strong> Fue una <strong>intervenci\u00f3n pac\u00edfica, sin violencia ni da\u00f1os material<\/strong>es. La propia resoluci\u00f3n de la justicia reconoce que no hubo afectaci\u00f3n al tr\u00e1nsito, a terceros ni al funcionamiento ordinario del Congreso.<\/p>\n\n<p class=\"wp-block-paragraph\">Los 12 activistas fueron procesados por los delitos de violaci\u00f3n de domicilio y desobediencia a un funcionario p\u00fablico.&nbsp;<\/p>\n\n<figure class=\"wp-block-image aligncenter size-large\"><img loading=\"lazy\" decoding=\"async\" width=\"1024\" height=\"683\" title=\"__Inodoros Congreso @ Martin Katz  Greenpeace (5)\" src=\"https:\/\/www.greenpeace.org\/static\/planet4-argentina-stateless\/2026\/02\/e220f9e5-inodoros-congreso-@-martin-katz-greenpeace-5-1024x683.jpg\" alt=\"\" class=\"wp-image-33003\" srcset=\"https:\/\/www.greenpeace.org\/static\/planet4-argentina-stateless\/2026\/02\/e220f9e5-inodoros-congreso-@-martin-katz-greenpeace-5-1024x683.jpg 1024w, https:\/\/www.greenpeace.org\/static\/planet4-argentina-stateless\/2026\/02\/e220f9e5-inodoros-congreso-@-martin-katz-greenpeace-5-300x200.jpg 300w, https:\/\/www.greenpeace.org\/static\/planet4-argentina-stateless\/2026\/02\/e220f9e5-inodoros-congreso-@-martin-katz-greenpeace-5-768x512.jpg 768w, https:\/\/www.greenpeace.org\/static\/planet4-argentina-stateless\/2026\/02\/e220f9e5-inodoros-congreso-@-martin-katz-greenpeace-5-1536x1024.jpg 1536w, https:\/\/www.greenpeace.org\/static\/planet4-argentina-stateless\/2026\/02\/e220f9e5-inodoros-congreso-@-martin-katz-greenpeace-5-2048x1366.jpg 2048w, https:\/\/www.greenpeace.org\/static\/planet4-argentina-stateless\/2026\/02\/e220f9e5-inodoros-congreso-@-martin-katz-greenpeace-5-510x340.jpg 510w\" sizes=\"auto, (max-width: 1024px) 100vw, 1024px\" \/><figcaption class=\"wp-element-caption\">\u2013 \u00a9 Martin Katz \/ Greenpeace<\/figcaption><\/figure>\n\n<p class=\"wp-block-paragraph\"><strong>\u201cDefender el ambiente no es un crimen, es un derecho. Mientras&nbsp; la Justicia avanza con tanta rapidez en el procesamiento de los 12 activistas por una protesta pac\u00edfica que busc\u00f3 poner en agenda la defensa de los glaciares y el agua, casi 900.000 personas seguimos esperando una respuesta sobre la demanda colectiva que exige que se declare la inconstitucionalidad de la reforma de la Ley de Glaciares\u201d, se\u00f1al\u00f3 Diego Salas, Director de Programas de Greenpeace.<\/strong><\/p>\n\n<p class=\"wp-block-paragraph\">La <strong>protesta fue parte de una movilizaci\u00f3n ciudadana mucho m\u00e1s ampl<\/strong>ia. M\u00e1s de 102.000 personas se inscribieron para participar de la audiencia p\u00fablica sobre la reforma de la Ley de Glaciares cuando fue tratada en la C\u00e1mara de Diputados y <strong>casi 900.000 acompa\u00f1aron posteriormente el reclamo judicial que se inici\u00f3 tras la sanci\u00f3n.\u00a0<\/strong><\/p>\n\n<h4 class=\"wp-block-heading\">Greenpeace reafirma su compromiso con la protesta pac\u00edfica y con la defensa del derecho de todas las personas a participar y expresarse en defensa del ambiente. La organizaci\u00f3n continuar\u00e1 impulsando el reclamo judicial para recuperar la protecci\u00f3n de los glaciares y el ambiente periglacial.<\/h4>\n\n<p class=\"wp-block-paragraph\"><\/p>\n\n<div class=\"wp-block-media-text is-stacked-on-mobile has-gp-green-200-background-color has-background\"><figure class=\"wp-block-media-text__media\"><img loading=\"lazy\" decoding=\"async\" width=\"1024\" height=\"683\" src=\"https:\/\/www.greenpeace.org\/static\/planet4-argentina-stateless\/2026\/09\/d488cbe0-inodoros-congreso-@-martin-katz-greenpeace-9-1024x683.jpg\" alt=\"\" sizes=\"auto, (min-width: 1600px) calc((1320px - 24px) \/ 2),(min-width: 1200px) calc((1140px - 24px) \/ 2),(min-width: 992px) calc((960px - 24px) \/ 2),(min-width: 768px) calc((720px - 24px) \/ 2),(min-width: 601px) calc((540px - 24px) \/ 2),(min-width: 577px) calc((540px - 24px) \/ 1), calc(100vw - 24px)\" srcset=\"https:\/\/www.greenpeace.org\/static\/planet4-argentina-stateless\/2026\/09\/d488cbe0-inodoros-congreso-@-martin-katz-greenpeace-9.jpg 2500w, https:\/\/www.greenpeace.org\/static\/planet4-argentina-stateless\/2026\/09\/d488cbe0-inodoros-congreso-@-martin-katz-greenpeace-9-300x200.jpg 300w, https:\/\/www.greenpeace.org\/static\/planet4-argentina-stateless\/2026\/09\/d488cbe0-inodoros-congreso-@-martin-katz-greenpeace-9-1024x683.jpg 1024w, https:\/\/www.greenpeace.org\/static\/planet4-argentina-stateless\/2026\/09\/d488cbe0-inodoros-congreso-@-martin-katz-greenpeace-9-768x512.jpg 768w, https:\/\/www.greenpeace.org\/static\/planet4-argentina-stateless\/2026\/09\/d488cbe0-inodoros-congreso-@-martin-katz-greenpeace-9-1536x1024.jpg 1536w, https:\/\/www.greenpeace.org\/static\/planet4-argentina-stateless\/2026\/09\/d488cbe0-inodoros-congreso-@-martin-katz-greenpeace-9-2048x1366.jpg 2048w, https:\/\/www.greenpeace.org\/static\/planet4-argentina-stateless\/2026\/09\/d488cbe0-inodoros-congreso-@-martin-katz-greenpeace-9-510x340.jpg 510w\" class=\"wp-image-36170 size-full\"\/><\/figure><div class=\"wp-block-media-text__content\">\n<h5 class=\"wp-block-heading\"><strong>Sum\u00e1 tu firma. Respald\u00e1 a quienes alzaron la voz y hac\u00e9 que este reclamo se escuche todav\u00eda m\u00e1s fuerte.<\/strong><br><\/h5>\n\n\n\n<div class=\"wp-block-buttons is-layout-flex wp-block-buttons-is-layout-flex\">\n<div class=\"wp-block-button is-style-cta\"><a class=\"wp-block-button__link wp-element-button\" href=\"https:\/\/landing.infogreenpeace.org\/tu-voz-por-los-glaciares\" target=\"_blank\" rel=\"noreferrer noopener\">Firm\u00e1 ahora<\/a><\/div>\n<\/div>\n<\/div><\/div>\n\n<p class=\"wp-block-paragraph\"><\/p>\n","protected":false},"excerpt":{"rendered":"<p>Greenpeace rechaza el procesamiento de 12 activistas por la protesta pac\u00edfica realizada el 26 de febrero en el Congreso.<\/p>\n","protected":false},"author":19,"featured_media":33001,"comment_status":"closed","ping_status":"open","sticky":false,"template":"","format":"standard","meta":{"ep_exclude_from_search":false,"p4_og_title":"Greenpeace apel\u00f3 el procesamiento de sus activistas por una protesta pac\u00edfica en defensa de los glaciares","p4_og_description":"Greenpeace rechaza el procesamiento de 12 activistas por la protesta pac\u00edfica realizada el 26 de febrero.","p4_og_image":"https:\/\/www.greenpeace.org\/static\/planet4-argentina-stateless\/2026\/02\/0bfd562b-inodoros-congreso-@-martin-katz-greenpeace-4.jpg","p4_og_image_id":"33005","p4_seo_canonical_url":"","p4_campaign_name":"","p4_local_project":"","p4_basket_name":"","p4_department":"","footnotes":""},"categories":[3],"tags":[27],"p4-page-type":[16],"class_list":["post-36149","post","type-post","status-publish","format-standard","has-post-thumbnail","hentry","category-climayenergia","tag-glaciares","p4-page-type-story"],"_links":{"self":[{"href":"https:\/\/www.greenpeace.org\/argentina\/wp-json\/wp\/v2\/posts\/36149","targetHints":{"allow":["GET"]}}],"collection":[{"href":"https:\/\/www.greenpeace.org\/argentina\/wp-json\/wp\/v2\/posts"}],"about":[{"href":"https:\/\/www.greenpeace.org\/argentina\/wp-json\/wp\/v2\/types\/post"}],"author":[{"embeddable":true,"href":"https:\/\/www.greenpeace.org\/argentina\/wp-json\/wp\/v2\/users\/19"}],"replies":[{"embeddable":true,"href":"https:\/\/www.greenpeace.org\/argentina\/wp-json\/wp\/v2\/comments?post=36149"}],"version-history":[{"count":4,"href":"https:\/\/www.greenpeace.org\/argentina\/wp-json\/wp\/v2\/posts\/36149\/revisions"}],"predecessor-version":[{"id":36171,"href":"https:\/\/www.greenpeace.org\/argentina\/wp-json\/wp\/v2\/posts\/36149\/revisions\/36171"}],"wp:featuredmedia":[{"embeddable":true,"href":"https:\/\/www.greenpeace.org\/argentina\/wp-json\/wp\/v2\/media\/33001"}],"wp:attachment":[{"href":"https:\/\/www.greenpeace.org\/argentina\/wp-json\/wp\/v2\/media?parent=36149"}],"wp:term":[{"taxonomy":"category","embeddable":true,"href":"https:\/\/www.greenpeace.org\/argentina\/wp-json\/wp\/v2\/categories?post=36149"},{"taxonomy":"post_tag","embeddable":true,"href":"https:\/\/www.greenpeace.org\/argentina\/wp-json\/wp\/v2\/tags?post=36149"},{"taxonomy":"p4-page-type","embeddable":true,"href":"https:\/\/www.greenpeace.org\/argentina\/wp-json\/wp\/v2\/p4-page-type?post=36149"}],"curies":[{"name":"wp","href":"https:\/\/api.w.org\/{rel}","templated":true}]}}