{"id":36154,"date":"2026-09-04T13:49:02","date_gmt":"2026-09-04T16:49:02","guid":{"rendered":"https:\/\/www.greenpeace.org\/argentina\/?p=36154"},"modified":"2026-09-04T13:49:06","modified_gmt":"2026-09-04T16:49:06","slug":"jovenes-y-ecoansiedad-cuando-el-futuro-angustia-hacer-comunidad-puede-ser-parte-de-la-respuesta","status":"publish","type":"post","link":"https:\/\/www.greenpeace.org\/argentina\/blog\/greenpeace\/jovenes-y-ecoansiedad-cuando-el-futuro-angustia-hacer-comunidad-puede-ser-parte-de-la-respuesta\/","title":{"rendered":"J\u00f3venes y ecoansiedad: cuando el futuro angustia, hacer comunidad puede ser parte de la respuesta"},"content":{"rendered":"\n<figure class=\"wp-block-image size-full\"><img loading=\"lazy\" decoding=\"async\" width=\"800\" height=\"533\" title=\"Brand Audit for Plastic Pollution in Buenos Aires\" src=\"https:\/\/www.greenpeace.org\/static\/planet4-argentina-stateless\/2024\/05\/c01bd91d-gp0stytbm_low-res-with-credit-line-800px.jpg\" alt=\"\" class=\"wp-image-23976\" srcset=\"https:\/\/www.greenpeace.org\/static\/planet4-argentina-stateless\/2024\/05\/c01bd91d-gp0stytbm_low-res-with-credit-line-800px.jpg 800w, https:\/\/www.greenpeace.org\/static\/planet4-argentina-stateless\/2024\/05\/c01bd91d-gp0stytbm_low-res-with-credit-line-800px-300x200.jpg 300w, https:\/\/www.greenpeace.org\/static\/planet4-argentina-stateless\/2024\/05\/c01bd91d-gp0stytbm_low-res-with-credit-line-800px-768x512.jpg 768w, https:\/\/www.greenpeace.org\/static\/planet4-argentina-stateless\/2024\/05\/c01bd91d-gp0stytbm_low-res-with-credit-line-800px-510x340.jpg 510w\" sizes=\"auto, (max-width: 800px) 100vw, 800px\" \/><figcaption class=\"wp-element-caption\">Alrededor de 50 voluntarios de Greenpeace Argentina realizan una auditor\u00eda de marca por pl\u00e1sticos en La Lucila, Buenos Aires<\/figcaption><\/figure>\n\n<p class=\"wp-block-paragraph\">Cada vez que agarramos el celular, somos alcanzados por infinitos fragmentos de informaci\u00f3n que moldean <strong>cu\u00e1les son los temas m\u00e1s urgentes<\/strong>, aquellos que nos \u201cdeben\u201d importar. En la coyuntura actual, es v\u00e1lido decir que -por l\u00f3gicas razones-, las cuestiones b\u00e9licas y pol\u00edticas han desplazado del inter\u00e9s general a la crisis clim\u00e1tica hasta excluirla casi por completo de la agenda medi\u00e1tica.<\/p>\n\n<p class=\"wp-block-paragraph\">Lo cierto es que por m\u00e1s que no figure en los medios de la forma prioritaria que requiere, <strong>la crisis clim\u00e1tica<\/strong> contin\u00faa siendo el desaf\u00edo m\u00e1s grande que atraviesa la humanidad en este momento. De hecho, es <strong>considerada como la mayor amenaza para la salud global en el siglo XXI<\/strong>, seg\u00fan la Organizaci\u00f3n Mundial de la Salud (OMS).&nbsp;<\/p>\n\n<p class=\"wp-block-paragraph\">A pesar del intento de rezagar a esta gran problem\u00e1tica de la atenci\u00f3n p\u00fablica,<strong> la realidad de que vivimos en un planeta cada vez m\u00e1s caliente<\/strong>, producto de las actividad humanas y la quema de combustibles f\u00f3siles,<strong> est\u00e1 presente en el d\u00eda a d\u00eda de las personas<\/strong>. Incluso en quienes la sienten como una amenaza latente, al punto de afectarles en su salud mental y en su \u00e1nimo. Es decir, eso que recibe el nombre de<strong> ecoansiedad<\/strong> y que<strong> en los j\u00f3venes se siente m\u00e1s fuertemente.<\/strong><\/p>\n\n<h2 class=\"wp-block-heading\"><strong>\u00bfQu\u00e9 pasa con la ecoansiedad en los j\u00f3venes de Am\u00e9rica Latina?&nbsp;<\/strong><\/h2>\n\n<p class=\"wp-block-paragraph\">En Am\u00e9rica Latina se realizaron dos muestreos en el \u00faltimo tiempo que indagan sobre <a href=\"https:\/\/www.greenpeace.org\/argentina\/blog\/problemas\/climayenergia\/como-convivir-con-la-ecoansiedad-en-tiempos-de-crisis-climatica\/\" target=\"_blank\" rel=\"noreferrer noopener\">ecoansiedad en los j\u00f3venes<\/a>, relevados desde el suplemento Am\u00e9rica Futura del diario <a href=\"https:\/\/elpais.com\/america-futura\/2026-08-14\/de-la-ecoansiedad-a-la-desesperanza-una-alerta-en-las-nuevas-generaciones.html\" target=\"_blank\" rel=\"noreferrer noopener\">El Pa\u00eds<\/a>.&nbsp;<\/p>\n\n<p class=\"wp-block-paragraph\">Por un lado, una revisi\u00f3n cualitativa en Colombia publicada en la <a href=\"https:\/\/revistaumanizales.cinde.org.co\/rlcsnj\/index.php\/Revista-Latinoamericana\/article\/view\/6829\/1661?utm_source=chatgpt.com\" target=\"_blank\" rel=\"noreferrer noopener\">Revista Latinoamericana de Ciencias Sociales, Ni\u00f1ez y Juventud<\/a>, comprob\u00f3 que al pensar en el futuro,<strong> las nuevas generaciones de la regi\u00f3n sienten m\u00e1s ansiedad, miedo, tristeza, incertidumbre e impotencia<\/strong>, en particular entre quienes viven en comunidades expuestas a incendios, sequ\u00edas, inundaciones y otros eventos clim\u00e1ticos extremos. A partir de este muestreo, han conclu\u00eddo que el cambio clim\u00e1tico es un factor que est\u00e1 afectando de manera significativa la salud mental de este grupo etario.<\/p>\n\n<p class=\"wp-block-paragraph\">El otro estudio que calific\u00f3 a la <strong>ecoansiedad como un fen\u00f3meno emergente con implicaciones cl\u00ednicas, sociales y ambientales<\/strong>, sali\u00f3 en la <a href=\"https:\/\/revistamedica.imss.gob.mx\/index.php\/revista_medica\/article\/view\/6787?utm_source=chatgpt.com\" target=\"_blank\" rel=\"noreferrer noopener\">Revista M\u00e9dica del Instituto Mexicano del Seguro Social<\/a>. Adem\u00e1s marca un factor interesante: <strong>la preocupaci\u00f3n crece entre quienes consideran m\u00e1s insuficientes las respuestas de los gobiernos<\/strong> y cuanto m\u00e1s cerca est\u00e1n de los efectos del cambio clim\u00e1tico.&nbsp;<\/p>\n\n<p class=\"wp-block-paragraph\">Si bien la evidencia cient\u00edfica sobre ecoansiedad en Am\u00e9rica Latina es a\u00fan&nbsp; limitada, los sondeos que se van haciendo consolidan la certeza de que la crisis clim\u00e1tica est\u00e1 presente en la conciencia y en la sensibilidad de este sector de la sociedad.<\/p>\n\n<h2 class=\"wp-block-heading\"><strong>El mejor ant\u00eddoto contra la ecoansiedad: hacer comunidad y activar por las causas que te movilizan&nbsp;<\/strong><\/h2>\n\n<p class=\"wp-block-paragraph\">La buena noticia es que el<strong> ant\u00eddoto<\/strong> para este malestar est\u00e1 al alcance de todos. Basta con decidirse a <a href=\"https:\/\/www.greenpeace.org\/argentina\/blog\/greenpeace\/de-la-preocupacion-a-la-participacion-activismo-para-sanar-la-ecoansiedad\/\" target=\"_blank\" rel=\"noreferrer noopener\">pasar de la preocupaci\u00f3n a la acci\u00f3n <\/a><strong> <\/strong>y <strong>sumarse a alg\u00fan grupo que lleve adelante causas que sean de tu inter\u00e9s<\/strong> para contrarrestar el sentimiento de&nbsp; impotencia y malestar que aflora cuando todo parece estar mal.&nbsp;<\/p>\n\n<figure class=\"wp-block-image size-large\"><img loading=\"lazy\" decoding=\"async\" width=\"1024\" height=\"684\" title=\"Encuentro Voluntarios Baradero Cr\u00e9dito Juan Pablo Eijo Greenpeace (28)\" src=\"https:\/\/www.greenpeace.org\/static\/planet4-argentina-stateless\/2026\/08\/0e43eeab-encuentro-voluntarios-baradero-credito-juan-pablo-eijo-greenpeace-28-1024x684.jpg\" alt=\"\" class=\"wp-image-36102\" srcset=\"https:\/\/www.greenpeace.org\/static\/planet4-argentina-stateless\/2026\/08\/0e43eeab-encuentro-voluntarios-baradero-credito-juan-pablo-eijo-greenpeace-28-1024x684.jpg 1024w, https:\/\/www.greenpeace.org\/static\/planet4-argentina-stateless\/2026\/08\/0e43eeab-encuentro-voluntarios-baradero-credito-juan-pablo-eijo-greenpeace-28-300x200.jpg 300w, https:\/\/www.greenpeace.org\/static\/planet4-argentina-stateless\/2026\/08\/0e43eeab-encuentro-voluntarios-baradero-credito-juan-pablo-eijo-greenpeace-28-768x513.jpg 768w, https:\/\/www.greenpeace.org\/static\/planet4-argentina-stateless\/2026\/08\/0e43eeab-encuentro-voluntarios-baradero-credito-juan-pablo-eijo-greenpeace-28-1536x1025.jpg 1536w, https:\/\/www.greenpeace.org\/static\/planet4-argentina-stateless\/2026\/08\/0e43eeab-encuentro-voluntarios-baradero-credito-juan-pablo-eijo-greenpeace-28-2048x1367.jpg 2048w, https:\/\/www.greenpeace.org\/static\/planet4-argentina-stateless\/2026\/08\/0e43eeab-encuentro-voluntarios-baradero-credito-juan-pablo-eijo-greenpeace-28-2046x1366.jpg 2046w, https:\/\/www.greenpeace.org\/static\/planet4-argentina-stateless\/2026\/08\/0e43eeab-encuentro-voluntarios-baradero-credito-juan-pablo-eijo-greenpeace-28-510x340.jpg 510w\" sizes=\"auto, (max-width: 1024px) 100vw, 1024px\" \/><\/figure>\n\n<p class=\"wp-block-paragraph\">De hecho, el estudio hecho en M\u00e9xico -que citamos en el apartado anterior-, ratific\u00f3 que ser parte de acciones que movilizan hacia la participaci\u00f3n comunitaria, el activismo ambiental o la denominada \u201cansiedad pr\u00e1ctica\u201d \u2014una respuesta orientada a la acci\u00f3n en lugar de la par\u00e1lisis\u2014 es la mejor herramienta para sobreponerse a la ecoansiedad, adaptarse a un presente dif\u00edcil y moldear un futuro mejor, a pesar de todas las adversidades.&nbsp;<\/p>\n\n<p class=\"wp-block-paragraph\"><strong>Si esta idea te entusiasma, te invitamos a conocer nuestro programa de voluntarios <\/strong><\/p>\n\t\t\t<section\n\t\t\tclass=\"boxout  \"\n\t\t\t\n\t\t>\n\t\t\t<a\n\t\t\t\tdata-ga-category=\"Take Action Boxout\"\n\t\t\t\tdata-ga-action=\"Image\"\n\t\t\t\tdata-ga-label=\"n\/a\"\n\t\t\t\tclass=\"cover-card-overlay\"\n\t\t\t\thref=\"https:\/\/www.greenpeace.org\/argentina\/voluntariado\/\" \n\t\t\t><\/a>\n\t\t\t\t\t\t\t<img\n\t\t\t\t\t\tsrc=\"https:\/\/www.greenpeace.org\/static\/planet4-argentina-stateless\/2023\/06\/0a3b3007-open-boat-domingo-17-credito-camila-tortarolo-greenpeace-3-1024x683-1.jpg\"\n\t\t\t\t\t\tsrcset=\"https:\/\/www.greenpeace.org\/static\/planet4-argentina-stateless\/2023\/06\/0a3b3007-open-boat-domingo-17-credito-camila-tortarolo-greenpeace-3-1024x683-1-300x200.jpg 300w, https:\/\/www.greenpeace.org\/static\/planet4-argentina-stateless\/2023\/06\/0a3b3007-open-boat-domingo-17-credito-camila-tortarolo-greenpeace-3-1024x683-1-768x512.jpg 768w, https:\/\/www.greenpeace.org\/static\/planet4-argentina-stateless\/2023\/06\/0a3b3007-open-boat-domingo-17-credito-camila-tortarolo-greenpeace-3-1024x683-1-510x340.jpg 510w, https:\/\/www.greenpeace.org\/static\/planet4-argentina-stateless\/2023\/06\/0a3b3007-open-boat-domingo-17-credito-camila-tortarolo-greenpeace-3-1024x683-1.jpg 1024w\"\n\t\t\t\t\t\tsizes=\"(min-width: 1000px) 358px, (min-width: 780px) 313px, 88px\"\n\t\t\t\t\t\talt=\"\" title=\"\"\n\t\t\t\t\/>\n            \t\t\t<div class=\"boxout-content\">\n\t\t\t\t\t\t\t\t\t<a\n\t\t\t\t\t\tclass=\"boxout-heading medium\"\n\t\t\t\t\t\tdata-ga-category=\"Take Action Boxout\"\n\t\t\t\t\t\tdata-ga-action=\"Title\"\n\t\t\t\t\t\tdata-ga-label=\"n\/a\"\n\t\t\t\t\t\thref=\"https:\/\/www.greenpeace.org\/argentina\/voluntariado\/\"\n\t\t\t\t\t\t\n\t\t\t\t\t>\n\t\t\t\t\t\tPrograma de voluntarios\n\t\t\t\t\t<\/a>\n\t\t\t\t\t\t\t\t                                    <a\n                        class=\"btn btn-primary\"\n                        data-ga-category=\"Take Action Boxout\"\n                        data-ga-action=\"Call to Action\"\n                        data-ga-label=\"n\/a\"\n                        href=\"https:\/\/www.greenpeace.org\/argentina\/voluntariado\/\"\n                        \n                    >\n                        Conocenos\n                    <\/a>\n                \t\t\t<\/div>\n\t\t\t\t\t<\/section>\n\t","protected":false},"excerpt":{"rendered":"<p>Del malestar individual a la fuerza de la acci\u00f3n colectiva.<\/p>\n","protected":false},"author":55,"featured_media":36102,"comment_status":"closed","ping_status":"open","sticky":false,"template":"","format":"standard","meta":{"ep_exclude_from_search":false,"p4_og_title":"J\u00f3venes y ecoansiedad: cuando el futuro angustia, hacer comunidad puede ser parte de la respuesta","p4_og_description":"Del malestar individual a la fuerza de la acci\u00f3n colectiva.\n","p4_og_image":"https:\/\/www.greenpeace.org\/static\/planet4-argentina-stateless\/2026\/08\/0e43eeab-encuentro-voluntarios-baradero-credito-juan-pablo-eijo-greenpeace-28-scaled.jpg","p4_og_image_id":"36102","p4_seo_canonical_url":"","p4_campaign_name":"","p4_local_project":"","p4_basket_name":"","p4_department":"","footnotes":""},"categories":[37],"tags":[25],"p4-page-type":[14],"class_list":["post-36154","post","type-post","status-publish","format-standard","has-post-thumbnail","hentry","category-greenpeace","tag-voluntarios","p4-page-type-blog"],"_links":{"self":[{"href":"https:\/\/www.greenpeace.org\/argentina\/wp-json\/wp\/v2\/posts\/36154","targetHints":{"allow":["GET"]}}],"collection":[{"href":"https:\/\/www.greenpeace.org\/argentina\/wp-json\/wp\/v2\/posts"}],"about":[{"href":"https:\/\/www.greenpeace.org\/argentina\/wp-json\/wp\/v2\/types\/post"}],"author":[{"embeddable":true,"href":"https:\/\/www.greenpeace.org\/argentina\/wp-json\/wp\/v2\/users\/55"}],"replies":[{"embeddable":true,"href":"https:\/\/www.greenpeace.org\/argentina\/wp-json\/wp\/v2\/comments?post=36154"}],"version-history":[{"count":3,"href":"https:\/\/www.greenpeace.org\/argentina\/wp-json\/wp\/v2\/posts\/36154\/revisions"}],"predecessor-version":[{"id":36182,"href":"https:\/\/www.greenpeace.org\/argentina\/wp-json\/wp\/v2\/posts\/36154\/revisions\/36182"}],"wp:featuredmedia":[{"embeddable":true,"href":"https:\/\/www.greenpeace.org\/argentina\/wp-json\/wp\/v2\/media\/36102"}],"wp:attachment":[{"href":"https:\/\/www.greenpeace.org\/argentina\/wp-json\/wp\/v2\/media?parent=36154"}],"wp:term":[{"taxonomy":"category","embeddable":true,"href":"https:\/\/www.greenpeace.org\/argentina\/wp-json\/wp\/v2\/categories?post=36154"},{"taxonomy":"post_tag","embeddable":true,"href":"https:\/\/www.greenpeace.org\/argentina\/wp-json\/wp\/v2\/tags?post=36154"},{"taxonomy":"p4-page-type","embeddable":true,"href":"https:\/\/www.greenpeace.org\/argentina\/wp-json\/wp\/v2\/p4-page-type?post=36154"}],"curies":[{"name":"wp","href":"https:\/\/api.w.org\/{rel}","templated":true}]}}