{"id":36172,"date":"2026-09-03T14:46:26","date_gmt":"2026-09-03T17:46:26","guid":{"rendered":"https:\/\/www.greenpeace.org\/argentina\/?p=36172"},"modified":"2026-09-03T18:57:40","modified_gmt":"2026-09-03T21:57:40","slug":"preocupacion-de-greenpeace-ante-el-aumento-de-desalojos-de-comunidades-indigenas","status":"publish","type":"post","link":"https:\/\/www.greenpeace.org\/argentina\/story\/problemas\/bosques\/preocupacion-de-greenpeace-ante-el-aumento-de-desalojos-de-comunidades-indigenas\/","title":{"rendered":"Preocupaci\u00f3n de Greenpeace ante el aumento de desalojos de comunidades ind\u00edgenas"},"content":{"rendered":"\n<figure class=\"wp-block-image aligncenter size-large\"><img loading=\"lazy\" decoding=\"async\" width=\"1024\" height=\"683\" title=\"signal-2026-09-03-14-37-09-104\" src=\"https:\/\/www.greenpeace.org\/static\/planet4-argentina-stateless\/2026\/09\/16e74d78-signal-2026-09-03-14-37-09-104-1024x683.jpg\" alt=\"\" class=\"wp-image-36173\" srcset=\"https:\/\/www.greenpeace.org\/static\/planet4-argentina-stateless\/2026\/09\/16e74d78-signal-2026-09-03-14-37-09-104-1024x683.jpg 1024w, https:\/\/www.greenpeace.org\/static\/planet4-argentina-stateless\/2026\/09\/16e74d78-signal-2026-09-03-14-37-09-104-300x200.jpg 300w, https:\/\/www.greenpeace.org\/static\/planet4-argentina-stateless\/2026\/09\/16e74d78-signal-2026-09-03-14-37-09-104-768x512.jpg 768w, https:\/\/www.greenpeace.org\/static\/planet4-argentina-stateless\/2026\/09\/16e74d78-signal-2026-09-03-14-37-09-104-1536x1024.jpg 1536w, https:\/\/www.greenpeace.org\/static\/planet4-argentina-stateless\/2026\/09\/16e74d78-signal-2026-09-03-14-37-09-104-510x340.jpg 510w, https:\/\/www.greenpeace.org\/static\/planet4-argentina-stateless\/2026\/09\/16e74d78-signal-2026-09-03-14-37-09-104.jpg 1600w\" sizes=\"auto, (max-width: 1024px) 100vw, 1024px\" \/><\/figure>\n\n<h4 class=\"wp-block-heading\"><strong>Greenpeace manifiesta su preocupaci\u00f3n ante el aumento de desalojos y desmontes en territorios de comunidades ind\u00edgenas en varias provincias, facilitados por decisiones judiciales y gubernamentales que vulneran derechos consagrados en la Constituci\u00f3n Nacional y en la Declaraci\u00f3n de las Naciones Unidas sobre los Derechos de los Pueblos Ind\u00edgenas.&nbsp;<\/strong><\/h4>\n\n<p class=\"wp-block-paragraph\">Algunas de las <strong>comunidades ind\u00edgenas recientemente afectadas o amenazadas por desalojos y desmontes <\/strong>son: Comunidad Mbya Guaran\u00ed Puente Quemado II (Misiones), Comunidad Kolla Santa Rosa (Jujuy), Comunidades Wich\u00ed de la Ruta 86 (Salta), Comunidad Diaguita Calchaqu\u00ed Las Pailas (Salta), Comunidad Lule Finca Las Costas (Salta), Comunidad Vilela El Tunal (Santiago del Estero), Comunidad Mapuche Kinxiquew (Neuqu\u00e9n), Comunidad Mapuche Melo (Neuqu\u00e9n), Comunidad Mapuche Buenuleo (R\u00edo Negro), Comunidad Mapuche Kurrache (Chubut).<\/p>\n\n<p class=\"wp-block-paragraph\">Cabe recordar que la Constituci\u00f3n Nacional, en su art\u00edculo 75, reconoce <em>\u201c<strong>la preexistencia \u00e9tnica y cultural de los pueblos ind\u00edgenas argentinos<\/strong>\u201d<\/em> y dicta que se debe <em>\u201cgarantizar el respeto a su identidad y el derecho a una educaci\u00f3n biling\u00fce e intercultural; reconocer la personer\u00eda Jur\u00eddica de sus comunidades, y la posesi\u00f3n y propiedad comunitarias de las tierras que tradicionalmente ocupan; y regular la entrega de otras aptas y suficientes para el desarrollo humano; ninguna de ellas ser\u00e1 enajenable, transmisible ni susceptible de grav\u00e1menes o embargos. Asegurar su participaci\u00f3n en la gesti\u00f3n referida a sus recursos naturales y a los dem\u00e1s intereses que los afecten. Las provincias pueden ejercer concurrentemente estas atribuciones\u201d.<\/em><\/p>\n\n<figure class=\"wp-block-image aligncenter size-large\"><img loading=\"lazy\" decoding=\"async\" width=\"748\" height=\"1024\" title=\"signal-2026-09-03-14-37-31-163\" src=\"https:\/\/www.greenpeace.org\/static\/planet4-argentina-stateless\/2026\/09\/14ec0544-signal-2026-09-03-14-37-31-163-748x1024.jpg\" alt=\"\" class=\"wp-image-36174\" srcset=\"https:\/\/www.greenpeace.org\/static\/planet4-argentina-stateless\/2026\/09\/14ec0544-signal-2026-09-03-14-37-31-163-748x1024.jpg 748w, https:\/\/www.greenpeace.org\/static\/planet4-argentina-stateless\/2026\/09\/14ec0544-signal-2026-09-03-14-37-31-163-219x300.jpg 219w, https:\/\/www.greenpeace.org\/static\/planet4-argentina-stateless\/2026\/09\/14ec0544-signal-2026-09-03-14-37-31-163-768x1051.jpg 768w, https:\/\/www.greenpeace.org\/static\/planet4-argentina-stateless\/2026\/09\/14ec0544-signal-2026-09-03-14-37-31-163-998x1366.jpg 998w, https:\/\/www.greenpeace.org\/static\/planet4-argentina-stateless\/2026\/09\/14ec0544-signal-2026-09-03-14-37-31-163-248x340.jpg 248w, https:\/\/www.greenpeace.org\/static\/planet4-argentina-stateless\/2026\/09\/14ec0544-signal-2026-09-03-14-37-31-163.jpg 1079w\" sizes=\"auto, (max-width: 748px) 100vw, 748px\" \/><\/figure>\n\n<p class=\"wp-block-paragraph\">Por su parte, la Ley Nacional de Bosques (26.331), establece en su art\u00edculo 19 que <em>\u201c<strong>todo proyecto de desmonte o manejo sostenible de los bosques nativos deber\u00e1 reconocer y respetar los derechos de las comunidades ind\u00edgenas originarias del pa\u00eds que tradicionalmente ocupen esas tierras<\/strong>\u201d.<\/em><\/p>\n\n<p class=\"wp-block-paragraph\"><strong>Greenpeace apoya la Declaraci\u00f3n de las Naciones Unidas sobre los Derechos de los Pueblos Ind\u00edgenas, incluyendo el derecho espec\u00edfico de autodetermi<\/strong><\/p>\n\n<p class=\"wp-block-paragraph\"><strong>naci\u00f3n, libertad, paz y seguridad, como individuos y colectivamente como pueblos distintos<\/strong>, y al consentimiento libre, previo e informado para las decisiones que los afectar\u00e1n, inclusive sobre cualquier proyecto en sus territorios tradicionales, y particularmente en relaci\u00f3n con la exploraci\u00f3n, el desarrollo, la utilizaci\u00f3n o explotaci\u00f3n de minerales, maderas, peces, agua o de otros recursos. Los pueblos ind\u00edgenas no deben ser desplazados por la fuerza de sus tierras o territorios tradicionales.<\/p>\n\n<h4 class=\"wp-block-heading has-gp-green-200-background-color has-background\">La organizaci\u00f3n apoya la b\u00fasqueda de un acuerdo justo y equitativo de los derechos ind\u00edgenas pendientes, as\u00ed como de cuestiones relacionadas con los t\u00edtulos y reclamos constitucionales, como pilar fundamental para el desarrollo de sociedades sustentables.<\/h4>\n","protected":false},"excerpt":{"rendered":"<p>Greenpeace manifiesta su preocupaci\u00f3n ante el aumento de desalojos y desmontes en territorios de comunidades ind\u00edgenas en varias provincias, facilitados por decisiones judiciales y gubernamentales que vulneran derechos consagrados en&hellip;<\/p>\n","protected":false},"author":24,"featured_media":36173,"comment_status":"closed","ping_status":"open","sticky":false,"template":"","format":"standard","meta":{"ep_exclude_from_search":false,"p4_og_title":"Preocupaci\u00f3n de Greenpeace ante el aumento de desalojos de comunidades ind\u00edgenas","p4_og_description":"Greenpeace manifiesta su preocupaci\u00f3n ante el aumento de desalojos y desmontes en territorios de comunidades ind\u00edgenas en varias provincias, facilitados por decisiones judiciales y gubernamentales que vulneran derechos consagrados en la Constituci\u00f3n Nacional y en la Declaraci\u00f3n de las Naciones Unidas sobre los Derechos de los Pueblos Ind\u00edgenas.\u00a0","p4_og_image":"https:\/\/www.greenpeace.org\/static\/planet4-argentina-stateless\/2026\/09\/16e74d78-signal-2026-09-03-14-37-09-104.jpg","p4_og_image_id":"36173","p4_seo_canonical_url":"","p4_campaign_name":"","p4_local_project":"","p4_basket_name":"","p4_department":"","footnotes":""},"categories":[2],"tags":[46],"p4-page-type":[16],"class_list":["post-36172","post","type-post","status-publish","format-standard","has-post-thumbnail","hentry","category-bosques","tag-destruirbosquesesuncrimen","p4-page-type-story"],"_links":{"self":[{"href":"https:\/\/www.greenpeace.org\/argentina\/wp-json\/wp\/v2\/posts\/36172","targetHints":{"allow":["GET"]}}],"collection":[{"href":"https:\/\/www.greenpeace.org\/argentina\/wp-json\/wp\/v2\/posts"}],"about":[{"href":"https:\/\/www.greenpeace.org\/argentina\/wp-json\/wp\/v2\/types\/post"}],"author":[{"embeddable":true,"href":"https:\/\/www.greenpeace.org\/argentina\/wp-json\/wp\/v2\/users\/24"}],"replies":[{"embeddable":true,"href":"https:\/\/www.greenpeace.org\/argentina\/wp-json\/wp\/v2\/comments?post=36172"}],"version-history":[{"count":2,"href":"https:\/\/www.greenpeace.org\/argentina\/wp-json\/wp\/v2\/posts\/36172\/revisions"}],"predecessor-version":[{"id":36177,"href":"https:\/\/www.greenpeace.org\/argentina\/wp-json\/wp\/v2\/posts\/36172\/revisions\/36177"}],"wp:featuredmedia":[{"embeddable":true,"href":"https:\/\/www.greenpeace.org\/argentina\/wp-json\/wp\/v2\/media\/36173"}],"wp:attachment":[{"href":"https:\/\/www.greenpeace.org\/argentina\/wp-json\/wp\/v2\/media?parent=36172"}],"wp:term":[{"taxonomy":"category","embeddable":true,"href":"https:\/\/www.greenpeace.org\/argentina\/wp-json\/wp\/v2\/categories?post=36172"},{"taxonomy":"post_tag","embeddable":true,"href":"https:\/\/www.greenpeace.org\/argentina\/wp-json\/wp\/v2\/tags?post=36172"},{"taxonomy":"p4-page-type","embeddable":true,"href":"https:\/\/www.greenpeace.org\/argentina\/wp-json\/wp\/v2\/p4-page-type?post=36172"}],"curies":[{"name":"wp","href":"https:\/\/api.w.org\/{rel}","templated":true}]}}