{"id":3637,"date":"2019-12-27T23:50:43","date_gmt":"2019-12-28T02:50:43","guid":{"rendered":"https:\/\/www.greenpeace.org\/argentina\/?p=3637"},"modified":"2019-12-27T23:50:45","modified_gmt":"2019-12-28T02:50:45","slug":"esta-es-la-victoria-de-la-gente-y-de-la-protesta-pacifica","status":"publish","type":"post","link":"https:\/\/www.greenpeace.org\/argentina\/story\/problemas\/climayenergia\/esta-es-la-victoria-de-la-gente-y-de-la-protesta-pacifica\/","title":{"rendered":"\u201cEsta es la victoria de la gente y de la protesta pac\u00edfica\u201d"},"content":{"rendered":"\n<figure class=\"wp-block-image size-large  caption-style-blue-overlay caption-alignment-center\"><img loading=\"lazy\" decoding=\"async\" width=\"1024\" height=\"682\" src=\"https:\/\/www.greenpeace.org\/static\/planet4-argentina-stateless\/2019\/12\/fc2ecf0f-photo-2019-12-23-19-02-50-1024x682.jpg\" alt=\"\" class=\"wp-image-3628\" srcset=\"https:\/\/www.greenpeace.org\/static\/planet4-argentina-stateless\/2019\/12\/fc2ecf0f-photo-2019-12-23-19-02-50-1024x682.jpg 1024w, https:\/\/www.greenpeace.org\/static\/planet4-argentina-stateless\/2019\/12\/fc2ecf0f-photo-2019-12-23-19-02-50-300x200.jpg 300w, https:\/\/www.greenpeace.org\/static\/planet4-argentina-stateless\/2019\/12\/fc2ecf0f-photo-2019-12-23-19-02-50-768x512.jpg 768w, https:\/\/www.greenpeace.org\/static\/planet4-argentina-stateless\/2019\/12\/fc2ecf0f-photo-2019-12-23-19-02-50-510x340.jpg 510w, https:\/\/www.greenpeace.org\/static\/planet4-argentina-stateless\/2019\/12\/fc2ecf0f-photo-2019-12-23-19-02-50.jpg 1280w\" sizes=\"auto, (max-width: 1024px) 100vw, 1024px\" \/><\/figure>\n\n<p>Greenpeace celebr\u00f3 esta noche el anuncio del gobernador de Mendoza de que ser\u00e1n derogadas las modificaciones a la Ley 7722 que pretend\u00edan abrir la puerta al uso de sustancias t\u00f3xicas para la industria minera en la provincia. Adem\u00e1s destac\u00f3 el reclamo y la movilizaci\u00f3n social que llev\u00f3 a este resultado.\u00a0<\/p>\n\n<p>\u201cEsta derogaci\u00f3n la logr\u00f3 la gente. <strong>El pueblo de la provincia ha hecho historia en la lucha por el ambiente<\/strong>; qued\u00f3 claro que el agua de Mendoza no se negocia\u201d, expres\u00f3 Diego Salas, Director de Desarrollo de Greenpeace Andino.\u00a0<\/p>\n\n<p>La norma, presentada por el gobernador el mismo d\u00eda que asumi\u00f3, modificaba la Ley provincial que pone l\u00edmites a la miner\u00eda y permit\u00eda el uso de sustancias como el cianuro y el \u00e1cido sulf\u00farico. Los mendocinos y mendocinas se movilizaron inmediatamente y lograron revertir un desastre ambiental que parec\u00eda inevitable.\u00a0<\/p>\n\n<p>A una semana de que se iniciaran las primeras manifestaciones, y con ello la marcha ambiental m\u00e1s masiva en la historia de Mendoza, la gente ha conseguido cambiar el curso de las cosas.<\/p>\n\n<p>\u201cLas movilizaciones pac\u00edficas que el pueblo mendocino ha llevado adelante en estos d\u00edas, a pesar de tener todos los pron\u00f3sticos en contra, son la demostraci\u00f3n de que esa es la leg\u00edtima v\u00eda para hacer historia y proteger nuestros bienes naturales\u201d, destac\u00f3 Salas.\u00a0<\/p>\n\n<p>En el pedido de derogaci\u00f3n las organizaciones destacaron que las modificaciones a la normativa representaban una clara violaci\u00f3n a la Constituci\u00f3n Nacional y los principios de no regresi\u00f3n ambiental. Por otra parte, estos cambios se propon\u00edan durante la peor sequ\u00eda desde que se tiene registro en la provincia, y en lugar de protegerlos se pon\u00edan en juego\u00a0 los recursos h\u00eddricos, a manos de la industria minera contaminante.\u00a0<\/p>\n\n<p>\u201cYa lo dijimos hace unos d\u00edas y hoy se vuelve a confirmar: no existe herramienta de presi\u00f3n m\u00e1s poderosa que la gente. No hay minera que tenga recursos suficientes para soportar la presi\u00f3n de un pueblo decidido a defender pac\u00edficamente a la democracia y a la Naturaleza de la que forma parte\u201d, concluy\u00f3 Salas.<br><\/p>\n","protected":false},"excerpt":{"rendered":"<p>Greenpeace celebr\u00f3 esta noche el anuncio del gobernador de Mendoza de que ser\u00e1n derogadas las modificaciones a la Ley 7722 que pretend\u00edan abrir la puerta al uso de sustancias t\u00f3xicas&hellip;<\/p>\n","protected":false},"author":24,"featured_media":3628,"comment_status":"closed","ping_status":"open","sticky":false,"template":"","format":"standard","meta":{"ep_exclude_from_search":false,"p4_og_title":"","p4_og_description":"","p4_og_image":"","p4_og_image_id":"","p4_seo_canonical_url":"","p4_campaign_name":"not set","p4_local_project":"","p4_basket_name":"not set","p4_department":"","footnotes":""},"categories":[3],"tags":[41],"p4-page-type":[16],"class_list":["post-3637","post","type-post","status-publish","format-standard","has-post-thumbnail","hentry","category-climayenergia","tag-elaguaesdemendoza","p4-page-type-story"],"_links":{"self":[{"href":"https:\/\/www.greenpeace.org\/argentina\/wp-json\/wp\/v2\/posts\/3637","targetHints":{"allow":["GET"]}}],"collection":[{"href":"https:\/\/www.greenpeace.org\/argentina\/wp-json\/wp\/v2\/posts"}],"about":[{"href":"https:\/\/www.greenpeace.org\/argentina\/wp-json\/wp\/v2\/types\/post"}],"author":[{"embeddable":true,"href":"https:\/\/www.greenpeace.org\/argentina\/wp-json\/wp\/v2\/users\/24"}],"replies":[{"embeddable":true,"href":"https:\/\/www.greenpeace.org\/argentina\/wp-json\/wp\/v2\/comments?post=3637"}],"version-history":[{"count":2,"href":"https:\/\/www.greenpeace.org\/argentina\/wp-json\/wp\/v2\/posts\/3637\/revisions"}],"predecessor-version":[{"id":3642,"href":"https:\/\/www.greenpeace.org\/argentina\/wp-json\/wp\/v2\/posts\/3637\/revisions\/3642"}],"wp:featuredmedia":[{"embeddable":true,"href":"https:\/\/www.greenpeace.org\/argentina\/wp-json\/wp\/v2\/media\/3628"}],"wp:attachment":[{"href":"https:\/\/www.greenpeace.org\/argentina\/wp-json\/wp\/v2\/media?parent=3637"}],"wp:term":[{"taxonomy":"category","embeddable":true,"href":"https:\/\/www.greenpeace.org\/argentina\/wp-json\/wp\/v2\/categories?post=3637"},{"taxonomy":"post_tag","embeddable":true,"href":"https:\/\/www.greenpeace.org\/argentina\/wp-json\/wp\/v2\/tags?post=3637"},{"taxonomy":"p4-page-type","embeddable":true,"href":"https:\/\/www.greenpeace.org\/argentina\/wp-json\/wp\/v2\/p4-page-type?post=3637"}],"curies":[{"name":"wp","href":"https:\/\/api.w.org\/{rel}","templated":true}]}}