{"id":3821,"date":"2020-01-28T16:49:19","date_gmt":"2020-01-28T19:49:19","guid":{"rendered":"https:\/\/www.greenpeace.org\/argentina\/?p=3821"},"modified":"2021-12-01T09:32:17","modified_gmt":"2021-12-01T12:32:17","slug":"greenpeace-el-plan-ganadero-de-chaco-promovera-mas-deforestacion-e-inundaciones","status":"publish","type":"post","link":"https:\/\/www.greenpeace.org\/argentina\/story\/problemas\/bosques\/greenpeace-el-plan-ganadero-de-chaco-promovera-mas-deforestacion-e-inundaciones\/","title":{"rendered":"Greenpeace: &#8220;El plan ganadero de Chaco promover\u00e1 m\u00e1s deforestaci\u00f3n e inundaciones&#8221;"},"content":{"rendered":"\n<figure class=\"wp-block-image size-large  caption-style-blue-overlay caption-alignment-center\"><img loading=\"lazy\" decoding=\"async\" width=\"1024\" height=\"683\" src=\"https:\/\/www.greenpeace.org\/static\/planet4-argentina-stateless\/2019\/08\/2a254297-dsc_0048-1024x683.jpg\" alt=\"\" class=\"wp-image-2246\" srcset=\"https:\/\/www.greenpeace.org\/static\/planet4-argentina-stateless\/2019\/08\/2a254297-dsc_0048-1024x683.jpg 1024w, https:\/\/www.greenpeace.org\/static\/planet4-argentina-stateless\/2019\/08\/2a254297-dsc_0048-300x200.jpg 300w, https:\/\/www.greenpeace.org\/static\/planet4-argentina-stateless\/2019\/08\/2a254297-dsc_0048-768x512.jpg 768w, https:\/\/www.greenpeace.org\/static\/planet4-argentina-stateless\/2019\/08\/2a254297-dsc_0048-2048x1366.jpg 2048w, https:\/\/www.greenpeace.org\/static\/planet4-argentina-stateless\/2019\/08\/2a254297-dsc_0048-510x340.jpg 510w\" sizes=\"auto, (max-width: 1024px) 100vw, 1024px\" \/><figcaption>R\u00e9plica al anuncio del Gobernador Capitanich\n\n\n<\/figcaption><\/figure>\n\n<p>La organizaci\u00f3n ambientalista advirti\u00f3 que el nuevo plan ganadero de la provincia de Chaco provocar\u00e1 m\u00e1s deforestaci\u00f3n, contribuir\u00e1 a acelerar el cambio clim\u00e1tico y aumentar\u00e1 el riesgo de inundaciones.<\/p>\n\n<p>El gobernador de la provincia de Chaco, Jorge Capitanich, present\u00f3 ayer el Plan Ganadero 2020-2030, el cual tiene como objetivo aumentar considerablemente el actual stock, pasando de 2,6 millones a 3,2 millones las cabezas de ganado, desarrollar frigor\u00edficos exportadores, y alcanzar las 500.000 hect\u00e1reas de pasturas. (1)<\/p>\n\n<p>Hern\u00e1n Giardini, coordinador de la campa\u00f1a de Bosques de Greenpeace, advirti\u00f3<em>: <\/em>\u201c<em>El ambicioso plan de expansi\u00f3n de la ganader\u00eda intensiva del gobierno de Chaco va a contramano de la actual crisis clim\u00e1tica y de biodiversidad, y pone en riesgo a El Impenetrable, ya que promover\u00e1 un aumento de la deforestaci\u00f3n y la fragmentaci\u00f3n de sus bosques\u201d.<\/em><\/p>\n\n<p>La conservaci\u00f3n de bosques juega un rol clave en la mitigaci\u00f3n del cambio clim\u00e1tico. Los sectores Agricultura, Ganader\u00eda, Silvicultura y Otros Usos de la Tierra representan el 39% de las emisiones de Gases de Efecto Invernadero del pa\u00eds.<em>&nbsp;<\/em><\/p>\n\n<p><em>\u201cLa deforestaci\u00f3n acelera el cambio clim\u00e1tico y nos vuelve m\u00e1s vulnerables al aumento e intensidad de las precipitaciones, lo que provoca cada vez m\u00e1s inundaciones, como las que sufri\u00f3 la provincia de Chaco el a\u00f1o pasado. Una hect\u00e1rea con pasturas para ganader\u00eda intensiva absorbe tres veces menos lluvia que una hect\u00e1rea con bosque chaque\u00f1o\u201d, <\/em>agreg\u00f3 Giardini.&nbsp;<\/p>\n\n<p>Chaco es la provincia con m\u00e1s deforestaci\u00f3n de los \u00faltimos cuatro a\u00f1os (130.177 hect\u00e1reas). Y ya lleva desmontadas cerca de 2 millones de hect\u00e1reas de su territorio. (2)<\/p>\n\n<p><em>\u201cEl a\u00f1o pasado el pueblo chaque\u00f1o se moviliz\u00f3 masivamente en defensa del monte. El actual gobierno debe escuchar a la gente e implementar pol\u00edticas m\u00e1s fuertes en defensa de los bosques\u201d, <\/em>sentenci\u00f3 Giardini.<\/p>\n\n<p><strong>Notas:<\/strong><\/p>\n\n<p>1)&nbsp; &nbsp; <a href=\"http:\/\/comunicacion.chaco.gov.ar\/noticia\/58501\/capitanich-presento-el-plan-ganadero-provincial-buscamos-un-modelo-mas-equitativo-y-con-mayor-valor-\">http:\/\/comunicacion.chaco.gov.ar\/noticia\/58501\/capitanich-presento-el-plan-ganadero-provincial-buscamos-un-modelo-mas-equitativo-y-con-mayor-valor-<\/a><\/p>\n\n<p>2)&nbsp; &nbsp; Reporte de Greenpeace \u201cDeforestaci\u00f3n en el norte de Argentina. Informe anual 2019\u201d<\/p>\n\n<p><a href=\"http:\/\/greenpeace.org.ar\/pdf\/2020\/Deforestaci%C3%B3n%20en%20el%20norte%20de%20Argentina%20-%20Informe%20Anual%202019.pdf\">http:\/\/greenpeace.org.ar\/pdf\/2020\/Deforestaci%C3%B3n%20en%20el%20norte%20de%20Argentina%20-%20Informe%20Anual%202019.pdf<\/a><\/p>\n<div class=\"EmptyMessage\">Block content is empty. Check the block&#8217;s settings or remove it.<\/div>","protected":false},"excerpt":{"rendered":"<p>Greenpeace: El plan ganadero de Chaco promover\u00e1 m\u00e1s deforestaci\u00f3n e inundaciones La organizaci\u00f3n ambientalista advirti\u00f3 que el nuevo plan ganadero de la provincia de Chaco provocar\u00e1 m\u00e1s deforestaci\u00f3n, contribuir\u00e1 a&hellip;<\/p>\n","protected":false},"author":24,"featured_media":2246,"comment_status":"closed","ping_status":"open","sticky":false,"template":"","format":"standard","meta":{"ep_exclude_from_search":false,"p4_og_title":"","p4_og_description":"","p4_og_image":"","p4_og_image_id":"","p4_seo_canonical_url":"","p4_campaign_name":"not set","p4_local_project":"","p4_basket_name":"not set","p4_department":"","footnotes":""},"categories":[2,37],"tags":[29],"p4-page-type":[16],"class_list":["post-3821","post","type-post","status-publish","format-standard","has-post-thumbnail","hentry","category-bosques","category-greenpeace","tag-chaco","p4-page-type-story"],"_links":{"self":[{"href":"https:\/\/www.greenpeace.org\/argentina\/wp-json\/wp\/v2\/posts\/3821","targetHints":{"allow":["GET"]}}],"collection":[{"href":"https:\/\/www.greenpeace.org\/argentina\/wp-json\/wp\/v2\/posts"}],"about":[{"href":"https:\/\/www.greenpeace.org\/argentina\/wp-json\/wp\/v2\/types\/post"}],"author":[{"embeddable":true,"href":"https:\/\/www.greenpeace.org\/argentina\/wp-json\/wp\/v2\/users\/24"}],"replies":[{"embeddable":true,"href":"https:\/\/www.greenpeace.org\/argentina\/wp-json\/wp\/v2\/comments?post=3821"}],"version-history":[{"count":3,"href":"https:\/\/www.greenpeace.org\/argentina\/wp-json\/wp\/v2\/posts\/3821\/revisions"}],"predecessor-version":[{"id":13710,"href":"https:\/\/www.greenpeace.org\/argentina\/wp-json\/wp\/v2\/posts\/3821\/revisions\/13710"}],"wp:featuredmedia":[{"embeddable":true,"href":"https:\/\/www.greenpeace.org\/argentina\/wp-json\/wp\/v2\/media\/2246"}],"wp:attachment":[{"href":"https:\/\/www.greenpeace.org\/argentina\/wp-json\/wp\/v2\/media?parent=3821"}],"wp:term":[{"taxonomy":"category","embeddable":true,"href":"https:\/\/www.greenpeace.org\/argentina\/wp-json\/wp\/v2\/categories?post=3821"},{"taxonomy":"post_tag","embeddable":true,"href":"https:\/\/www.greenpeace.org\/argentina\/wp-json\/wp\/v2\/tags?post=3821"},{"taxonomy":"p4-page-type","embeddable":true,"href":"https:\/\/www.greenpeace.org\/argentina\/wp-json\/wp\/v2\/p4-page-type?post=3821"}],"curies":[{"name":"wp","href":"https:\/\/api.w.org\/{rel}","templated":true}]}}