{"id":4009,"date":"2020-02-11T17:35:33","date_gmt":"2020-02-11T20:35:33","guid":{"rendered":"https:\/\/www.greenpeace.org\/argentina\/?p=4009"},"modified":"2021-12-01T09:32:14","modified_gmt":"2021-12-01T12:32:14","slug":"greenpeace-la-deforestacion-es-una-de-las-principales-causas-de-la-desnutricion-de-ninos-wichi-en-salta","status":"publish","type":"post","link":"https:\/\/www.greenpeace.org\/argentina\/story\/problemas\/bosques\/greenpeace-la-deforestacion-es-una-de-las-principales-causas-de-la-desnutricion-de-ninos-wichi-en-salta\/","title":{"rendered":"Greenpeace: \u201cLa deforestaci\u00f3n es una de las principales causas de la desnutrici\u00f3n de ni\u00f1os wich\u00ed en Salta\u201d"},"content":{"rendered":"\n<figure class=\"wp-block-image size-large  caption-style-medium caption-alignment-center\"><img loading=\"lazy\" decoding=\"async\" width=\"586\" height=\"393\" src=\"https:\/\/www.greenpeace.org\/static\/planet4-argentina-stateless\/2020\/02\/1537aefe-wichis.png\" alt=\"\" class=\"wp-image-4012\" srcset=\"https:\/\/www.greenpeace.org\/static\/planet4-argentina-stateless\/2020\/02\/1537aefe-wichis.png 586w, https:\/\/www.greenpeace.org\/static\/planet4-argentina-stateless\/2020\/02\/1537aefe-wichis-300x201.png 300w, https:\/\/www.greenpeace.org\/static\/planet4-argentina-stateless\/2020\/02\/1537aefe-wichis-507x340.png 507w\" sizes=\"auto, (max-width: 586px) 100vw, 586px\" \/><figcaption> <a href=\"http:\/\/images.greenpeace.org.ar\/fotos\/thumbnails.php?album=66\">Comunidad Wichi en Pizarro<\/a> <\/figcaption><\/figure>\n\n<p>Greenpeace lamenta profundamente el <strong>fallecimiento de ni\u00f1os wich\u00ed en la provincia de Salta <\/strong>y advierte que la falta de reconocimiento y titularizaci\u00f3n de sus territorios, la deforestaci\u00f3n, el agronegocio, la falta de acceso a agua potable y la pobre asistencia alimentaria son las principales causas de la desnutrici\u00f3n que provoc\u00f3 estas muertes.<\/p>\n\n<p>Se estima que en la regi\u00f3n del Gran Chaco argentino <strong>hay alrededor de 200.000 ind\u00edgenas de nueve pueblos originarios<\/strong>, en su mayor\u00eda wich\u00ed y qom.<\/p>\n\n<p><em>\u201cLa mayor\u00eda de las comunidades ind\u00edgenas <strong>no han obtenido la titularizaci\u00f3n de sus tierras y en las \u00faltimas tres d\u00e9cadas, con el avance de la frontera agropecuaria, aumentaron la destrucci\u00f3n de los bosques y los conflictos territoriales con empresarios que compran fincas que hist\u00f3ricamente son territorio ind\u00edgena y las deforestan, mayormente para ganader\u00eda intensiva y soja transg\u00e9nica<\/strong>\u201d,<\/em> se\u00f1al\u00f3 Hern\u00e1n Giardini, coordinador de la campa\u00f1a de Bosques de Greenpeace.<\/p>\n\n<iframe loading=\"lazy\" width=\"560\" height=\"315\" src=\"https:\/\/www.youtube.com\/embed\/7X4WR0k73cc\" frameborder=\"0\" allow=\"accelerometer; autoplay; encrypted-media; gyroscope; picture-in-picture\" allowfullscreen=\"\"><\/iframe>\n\n<p>Salta es una de las <strong>provincias con m\u00e1s deforestaci\u00f3n del pa\u00eds<\/strong>. Seg\u00fan datos oficiales, entre 1998 y 2018 perdi\u00f3 1.425.493 hect\u00e1reas de bosques nativos.<\/p>\n\n<p><em>\u201cLa degradaci\u00f3n y deforestaci\u00f3n de los territorios ind\u00edgena<strong>s reduce dr\u00e1sticamente las posibilidades de obtener alimentos, medicinas y maderas para su sustento y forma de vida como cazadores \u2013 recolectores<\/strong>. Por otra parte, el acceso al agua potable se volvi\u00f3 cada vez m\u00e1s dif\u00edcil, ya que muchas comunidades sufren la contaminaci\u00f3n de sus r\u00edos y arroyos con agroqu\u00edmicos. Ante esta dram\u00e1tica situaci\u00f3n, resulta evidente la pobre asistencia alimentaria por parte del Estado\u201d<\/em>, afirm\u00f3 Giardini.<\/p>\n\n<p><strong>Greenpeace apoya el acuerdo justo y equitativo de derechos ind\u00edgenas pendientes y cuestiones relacionadas con los t\u00edtulos <\/strong>como fundamentales para desarrollar sociedades sustentables. La organizaci\u00f3n ecologista apoya la Declaraci\u00f3n de las Naciones Unidas sobre los Derechos Humanos de los Pueblos Ind\u00edgenas, incluso el derecho espec\u00edfico de autodeterminaci\u00f3n, libertad, paz y seguridad, como individuos y colectivamente como pueblos distintos, y al consentimiento libre, previo e informado para las decisiones que los afectar\u00e1n, incluso cualquier proyecto en sus territorios tradicionales.<br><\/p>\n\t\t\t<section\n\t\t\tclass=\"boxout post-4400 \"\n\t\t\t\n\t\t>\n\t\t\t<a\n\t\t\t\tdata-ga-category=\"Take Action Boxout\"\n\t\t\t\tdata-ga-action=\"Image\"\n\t\t\t\tdata-ga-label=\"n\/a\"\n\t\t\t\tclass=\"cover-card-overlay\"\n\t\t\t\thref=\"https:\/\/www.greenpeace.org\/argentina\/participa\/deforestacion-cero-en-el-norte-de-argentina\/\" \n\t\t\t><\/a>\n\t\t\t\t\t\t\t<img\n\t\t\t\t\t\tsrc=\"https:\/\/www.greenpeace.org\/static\/planet4-argentina-stateless\/2020\/03\/bc092866-gpa_topadoraschaco_03-2-1024x683.jpg\"\n\t\t\t\t\t\tsrcset=\"https:\/\/www.greenpeace.org\/static\/planet4-argentina-stateless\/2020\/03\/bc092866-gpa_topadoraschaco_03-2-300x200.jpg 300w, https:\/\/www.greenpeace.org\/static\/planet4-argentina-stateless\/2020\/03\/bc092866-gpa_topadoraschaco_03-2-1024x683.jpg 1024w, https:\/\/www.greenpeace.org\/static\/planet4-argentina-stateless\/2020\/03\/bc092866-gpa_topadoraschaco_03-2-768x512.jpg 768w, https:\/\/www.greenpeace.org\/static\/planet4-argentina-stateless\/2020\/03\/bc092866-gpa_topadoraschaco_03-2-1536x1025.jpg 1536w, https:\/\/www.greenpeace.org\/static\/planet4-argentina-stateless\/2020\/03\/bc092866-gpa_topadoraschaco_03-2-510x340.jpg 510w, https:\/\/www.greenpeace.org\/static\/planet4-argentina-stateless\/2020\/03\/bc092866-gpa_topadoraschaco_03-2.jpg 2000w\"\n\t\t\t\t\t\tsizes=\"(min-width: 1000px) 358px, (min-width: 780px) 313px, 88px\"\n\t\t\t\t\t\talt=\"Topadora deforestando en Chaco.\" title=\"Topadora deforestando en Chaco.\"\n\t\t\t\t\/>\n            \t\t\t<div class=\"boxout-content\">\n\t\t\t\t\t\t\t\t\t<a\n\t\t\t\t\t\tclass=\"boxout-heading medium\"\n\t\t\t\t\t\tdata-ga-category=\"Take Action Boxout\"\n\t\t\t\t\t\tdata-ga-action=\"Title\"\n\t\t\t\t\t\tdata-ga-label=\"n\/a\"\n\t\t\t\t\t\thref=\"https:\/\/www.greenpeace.org\/argentina\/participa\/deforestacion-cero-en-el-norte-de-argentina\/\"\n\t\t\t\t\t\t\n\t\t\t\t\t>\n\t\t\t\t\t\tExig\u00ed deforestaci\u00f3n cero\n\t\t\t\t\t<\/a>\n\t\t\t\t\t\t\t\t\t\t\t\t\t<p class=\"boxout-excerpt\">Un monitoreo satelital de Greenpeace demostr\u00f3 que Chaco, por el avance de la producci\u00f3n agropecuaria, es la provincia con m\u00e1s p\u00e9rdidas de bosques nativos.<\/p>\n\t\t\t\t                                    <a\n                        class=\"btn btn-primary\"\n                        data-ga-category=\"Take Action Boxout\"\n                        data-ga-action=\"Call to Action\"\n                        data-ga-label=\"n\/a\"\n                        href=\"https:\/\/www.greenpeace.org\/argentina\/participa\/deforestacion-cero-en-el-norte-de-argentina\/\"\n                        \n                    >\n                        Particip\u00e1\n                    <\/a>\n                \t\t\t<\/div>\n\t\t\t\t\t<\/section>\n\t","protected":false},"excerpt":{"rendered":"<p>Greenpeace lamenta profundamente el fallecimiento de ni\u00f1os wich\u00ed en la provincia de Salta y advierte que la falta de reconocimiento y titularizaci\u00f3n de sus territorios, la deforestaci\u00f3n, el agronegocio.<\/p>\n","protected":false},"author":24,"featured_media":4012,"comment_status":"closed","ping_status":"open","sticky":false,"template":"","format":"standard","meta":{"ep_exclude_from_search":false,"p4_og_title":"","p4_og_description":"","p4_og_image":"","p4_og_image_id":"","p4_seo_canonical_url":"","p4_campaign_name":"not set","p4_local_project":"not set","p4_basket_name":"not set","p4_department":"","footnotes":""},"categories":[2,37],"tags":[29,31],"p4-page-type":[16],"class_list":["post-4009","post","type-post","status-publish","format-standard","has-post-thumbnail","hentry","category-bosques","category-greenpeace","tag-chaco","tag-salta","p4-page-type-story"],"_links":{"self":[{"href":"https:\/\/www.greenpeace.org\/argentina\/wp-json\/wp\/v2\/posts\/4009","targetHints":{"allow":["GET"]}}],"collection":[{"href":"https:\/\/www.greenpeace.org\/argentina\/wp-json\/wp\/v2\/posts"}],"about":[{"href":"https:\/\/www.greenpeace.org\/argentina\/wp-json\/wp\/v2\/types\/post"}],"author":[{"embeddable":true,"href":"https:\/\/www.greenpeace.org\/argentina\/wp-json\/wp\/v2\/users\/24"}],"replies":[{"embeddable":true,"href":"https:\/\/www.greenpeace.org\/argentina\/wp-json\/wp\/v2\/comments?post=4009"}],"version-history":[{"count":7,"href":"https:\/\/www.greenpeace.org\/argentina\/wp-json\/wp\/v2\/posts\/4009\/revisions"}],"predecessor-version":[{"id":13704,"href":"https:\/\/www.greenpeace.org\/argentina\/wp-json\/wp\/v2\/posts\/4009\/revisions\/13704"}],"wp:featuredmedia":[{"embeddable":true,"href":"https:\/\/www.greenpeace.org\/argentina\/wp-json\/wp\/v2\/media\/4012"}],"wp:attachment":[{"href":"https:\/\/www.greenpeace.org\/argentina\/wp-json\/wp\/v2\/media?parent=4009"}],"wp:term":[{"taxonomy":"category","embeddable":true,"href":"https:\/\/www.greenpeace.org\/argentina\/wp-json\/wp\/v2\/categories?post=4009"},{"taxonomy":"post_tag","embeddable":true,"href":"https:\/\/www.greenpeace.org\/argentina\/wp-json\/wp\/v2\/tags?post=4009"},{"taxonomy":"p4-page-type","embeddable":true,"href":"https:\/\/www.greenpeace.org\/argentina\/wp-json\/wp\/v2\/p4-page-type?post=4009"}],"curies":[{"name":"wp","href":"https:\/\/api.w.org\/{rel}","templated":true}]}}