{"id":4100,"date":"2020-03-01T15:53:06","date_gmt":"2020-03-01T18:53:06","guid":{"rendered":"https:\/\/www.greenpeace.org\/argentina\/?p=4100"},"modified":"2021-12-01T09:32:11","modified_gmt":"2021-12-01T12:32:11","slug":"greenpeace-sobre-el-discurso-presidencial-los-anuncios-deben-concretarse-en-decisiones-en-favor-del-ambiente","status":"publish","type":"post","link":"https:\/\/www.greenpeace.org\/argentina\/story\/problemas\/bosques\/greenpeace-sobre-el-discurso-presidencial-los-anuncios-deben-concretarse-en-decisiones-en-favor-del-ambiente\/","title":{"rendered":"Greenpeace sobre el discurso presidencial: &#8220;Los anuncios deben concretarse en decisiones en favor del ambiente&#8221;"},"content":{"rendered":"\n<figure class=\"wp-block-image size-large  caption-style-blue-overlay caption-alignment-center\"><img loading=\"lazy\" decoding=\"async\" width=\"1024\" height=\"683\" src=\"https:\/\/www.greenpeace.org\/static\/planet4-argentina-stateless\/2020\/03\/b2a8b5ce-gpa_2830-1024x683.jpg\" alt=\"\" class=\"wp-image-4101\" srcset=\"https:\/\/www.greenpeace.org\/static\/planet4-argentina-stateless\/2020\/03\/b2a8b5ce-gpa_2830-1024x683.jpg 1024w, https:\/\/www.greenpeace.org\/static\/planet4-argentina-stateless\/2020\/03\/b2a8b5ce-gpa_2830-300x200.jpg 300w, https:\/\/www.greenpeace.org\/static\/planet4-argentina-stateless\/2020\/03\/b2a8b5ce-gpa_2830-768x512.jpg 768w, https:\/\/www.greenpeace.org\/static\/planet4-argentina-stateless\/2020\/03\/b2a8b5ce-gpa_2830-1536x1025.jpg 1536w, https:\/\/www.greenpeace.org\/static\/planet4-argentina-stateless\/2020\/03\/b2a8b5ce-gpa_2830-2048x1366.jpg 2048w, https:\/\/www.greenpeace.org\/static\/planet4-argentina-stateless\/2020\/03\/b2a8b5ce-gpa_2830-510x340.jpg 510w\" sizes=\"auto, (max-width: 1024px) 100vw, 1024px\" \/><\/figure>\n\n<p>Al t\u00e9rmino del discurso del presidente Alberto Fern\u00e1ndez en la apertura de la sesiones legislativas, en el cual se establecieron los lineamientos centrales de la gesti\u00f3n en los pr\u00f3ximos meses, Greenpeace se expres\u00f3 sobre los anuncios de pol\u00edticas ambientales: \u201c<strong>Es preciso que el rumbo se concrete en decisiones valientes en favor de las pr\u00f3ximas generaciones de argentinos<\/strong>\u201d, dijo Natalia Machain, Directora Ejecutiva de Greenpeace Andino.<\/p>\n\n<p>En sus palabras, el mandatario hizo referencia a la derogaci\u00f3n del decreto de importaci\u00f3n de basura firmado por el gobierno de Mauricio Macri, a la erradicaci\u00f3n de basurales a cielo abierto, el fortalecimiento de la Ley de bosques y el desarrollo de la producci\u00f3n agroecol\u00f3gica.\u00a0<\/p>\n\n<p>La organizaci\u00f3n reiter\u00f3 su acuerdo con la anulaci\u00f3n del decreto de importaci\u00f3n de residuos, y coincide en la necesidad de fortalecer la protecci\u00f3n de los bosques, controlando el avance de la frontera agropecuaria sobre ecosistemas naturales y resguardando la salud de la poblaci\u00f3n a partir de la revisi\u00f3n de los actuales est\u00e1ndares del modelo de producci\u00f3n agropecuaria.<br><\/p>\n\n<p>&#8220;Precisamente, si el objetivo es proteger los bosques, el presidente debe <strong>impulsar un plan de Deforestaci\u00f3n Cero<\/strong>\u201d se\u00f1al\u00f3 Machain. Adem\u00e1s, destac\u00f3 que las reformas legales tambi\u00e9n deben apuntalar ese rumbo. \u201cModernizar el c\u00f3digo penal implica <strong>incluir el delito de crimen ambiental <\/strong>contra los bosques nativos\u201d.<\/p>\n\n<p>Greenpeace considera que la Argentina tiene el gran desaf\u00edo de transformar la tendencia extractivista y de uso de combustibles f\u00f3siles, hacia un cambio profundo en el modelo actual, y la oportunidad de transformarse en el pa\u00eds l\u00edder en la regi\u00f3n en materia clim\u00e1tica si adopta decisiones valientes en relaci\u00f3n a la protecci\u00f3n de los ecosistemas de bosques y el oc\u00e9ano, y la producci\u00f3n con resguardo ambiental.\u00a0<br><\/p>\n<div class=\"EmptyMessage\">Block content is empty. Check the block&#8217;s settings or remove it.<\/div>","protected":false},"excerpt":{"rendered":"<p>Al t\u00e9rmino del discurso del presidente Alberto Fern\u00e1ndez en la apertura de la sesiones legislativas, en el cual se establecieron los lineamientos centrales de la gesti\u00f3n en los pr\u00f3ximos meses,&hellip;<\/p>\n","protected":false},"author":24,"featured_media":4101,"comment_status":"closed","ping_status":"open","sticky":false,"template":"","format":"standard","meta":{"ep_exclude_from_search":false,"p4_og_title":"","p4_og_description":"","p4_og_image":"","p4_og_image_id":"","p4_seo_canonical_url":"","p4_campaign_name":"not set","p4_local_project":"","p4_basket_name":"not set","p4_department":"","footnotes":""},"categories":[2,37],"tags":[],"p4-page-type":[16],"class_list":["post-4100","post","type-post","status-publish","format-standard","has-post-thumbnail","hentry","category-bosques","category-greenpeace","p4-page-type-story"],"_links":{"self":[{"href":"https:\/\/www.greenpeace.org\/argentina\/wp-json\/wp\/v2\/posts\/4100","targetHints":{"allow":["GET"]}}],"collection":[{"href":"https:\/\/www.greenpeace.org\/argentina\/wp-json\/wp\/v2\/posts"}],"about":[{"href":"https:\/\/www.greenpeace.org\/argentina\/wp-json\/wp\/v2\/types\/post"}],"author":[{"embeddable":true,"href":"https:\/\/www.greenpeace.org\/argentina\/wp-json\/wp\/v2\/users\/24"}],"replies":[{"embeddable":true,"href":"https:\/\/www.greenpeace.org\/argentina\/wp-json\/wp\/v2\/comments?post=4100"}],"version-history":[{"count":3,"href":"https:\/\/www.greenpeace.org\/argentina\/wp-json\/wp\/v2\/posts\/4100\/revisions"}],"predecessor-version":[{"id":13695,"href":"https:\/\/www.greenpeace.org\/argentina\/wp-json\/wp\/v2\/posts\/4100\/revisions\/13695"}],"wp:featuredmedia":[{"embeddable":true,"href":"https:\/\/www.greenpeace.org\/argentina\/wp-json\/wp\/v2\/media\/4101"}],"wp:attachment":[{"href":"https:\/\/www.greenpeace.org\/argentina\/wp-json\/wp\/v2\/media?parent=4100"}],"wp:term":[{"taxonomy":"category","embeddable":true,"href":"https:\/\/www.greenpeace.org\/argentina\/wp-json\/wp\/v2\/categories?post=4100"},{"taxonomy":"post_tag","embeddable":true,"href":"https:\/\/www.greenpeace.org\/argentina\/wp-json\/wp\/v2\/tags?post=4100"},{"taxonomy":"p4-page-type","embeddable":true,"href":"https:\/\/www.greenpeace.org\/argentina\/wp-json\/wp\/v2\/p4-page-type?post=4100"}],"curies":[{"name":"wp","href":"https:\/\/api.w.org\/{rel}","templated":true}]}}