{"id":778,"date":"2018-06-05T19:13:35","date_gmt":"2018-06-05T19:13:35","guid":{"rendered":"https:\/\/www.greenpeace.org\/argentina\/?p=778"},"modified":"2021-12-01T09:33:50","modified_gmt":"2021-12-01T12:33:50","slug":"organizacion-europea-cuestiona-el-avance-de-la-incineracion-en-buenos-aires","status":"publish","type":"post","link":"https:\/\/www.greenpeace.org\/argentina\/story\/problemas\/contaminacion\/organizacion-europea-cuestiona-el-avance-de-la-incineracion-en-buenos-aires\/","title":{"rendered":"Organizaci\u00f3n europea cuestiona el avance de la incineraci\u00f3n en Buenos Aires"},"content":{"rendered":"<p><img loading=\"lazy\" decoding=\"async\" class=\"size-full wp-image-775 aligncenter\" src=\"https:\/\/www.greenpeace.org\/static\/planet4-argentina-stateless\/2019\/01\/68499d95-quemar_cuerpo.jpg\" alt=\"\" width=\"540\" height=\"360\" srcset=\"https:\/\/www.greenpeace.org\/static\/planet4-argentina-stateless\/2019\/01\/68499d95-quemar_cuerpo.jpg 540w, https:\/\/www.greenpeace.org\/static\/planet4-argentina-stateless\/2019\/01\/68499d95-quemar_cuerpo-300x200.jpg 300w, https:\/\/www.greenpeace.org\/static\/planet4-argentina-stateless\/2019\/01\/68499d95-quemar_cuerpo-510x340.jpg 510w\" sizes=\"auto, (max-width: 540px) 100vw, 540px\" \/><\/p>\n<p><strong>La organizaci\u00f3n Zero Waste Europe public\u00f3 un informe (1) sobre la incineraci\u00f3n en Am\u00e9rica Latina y sus antecedentes en los pa\u00edses europeos. En el reporte, cuestionan a la t\u00e9cnica porque \u201corigina nuevos problemas ambientales y sanitarios y es extremadamente cara en equipamiento, implementaci\u00f3n y mantenimiento\u201d.<\/strong><\/p>\n<p>Adem\u00e1s, invitan a las ciudades latinoamericanas, como Buenos Aires, a adoptar las buenas pr\u00e1cticas europeas, como la creaci\u00f3n de circuitos de recogida selectiva puerta a puerta y sistemas de dep\u00f3sito, devoluci\u00f3n y retorno para envases, medidas acorde con la legislaci\u00f3n de Basura Cero local hasta la modificaci\u00f3n reciente; la generaci\u00f3n de sistemas de Responsabilidad Extendida del Productor; y la implementaci\u00f3n de sistemas de compostaje comunitarios.<\/p>\n<p>\u201c<strong>Todas estas buenas pr\u00e1cticas europeas de Basura Cero son m\u00e1s baratas, m\u00e1s flexibles, menos contaminantes, m\u00e1s participativas y generan m\u00e1s empleos que la incineraci\u00f3n. Am\u00e9rica Latina tiene la oportunidad dar un salto hacia Basura Cero y no tener que repetir los errores que los europeos cometimos por ustedes<\/strong>\u201d, cita el informe.<\/p>\n<p>En la misma l\u00ednea, la organizaci\u00f3n dirigi\u00f3 una carta (2) a la vicealcalde de Estocolmo (Suecia), Katarina Luhr, para expresar preocupaci\u00f3n en relaci\u00f3n a las reuniones que mantuvieron con el gobierno de la ciudad de Buenos Aires, que hicieron foco en promover la incineraci\u00f3n y no la eficiente aplicaci\u00f3n de la Ley de Basura Cero.<\/p>\n<p>Zero Waste Europe solicit\u00f3 a la ciudad n\u00f3rdica que se convierta en un modelo a seguir en materia de buenas pr\u00e1cticas de reciclaje y no promueva tecnolog\u00edas que desalientan la econom\u00eda circular, como la incineraci\u00f3n.<\/p>\n<p dir=\"ltr\">Notas:<\/p>\n<ol>\n<li dir=\"ltr\">\n<p dir=\"ltr\">Informe Zero Waste Europe (en espa\u00f1ol):<a href=\"http:\/\/zerowasteeurope.eu\/wp-content\/uploads\/edd-free-downloads-cache\/Comunicado-LATAM.pdf\" target=\"_blank\" rel=\"noopener noreferrer\" data-saferedirecturl=\"https:\/\/www.google.com\/url?hl=en&amp;q=http:\/\/zerowasteeurope.eu\/wp-content\/uploads\/edd-free-downloads-cache\/Comunicado-LATAM.pdf&amp;source=gmail&amp;ust=1528302226001000&amp;usg=AFQjCNF8Gz0sBhrdLOTAOK4dlLbRCwfdTQ\">http:\/\/zerowasteeurope.eu\/wp-content\/uploads\/edd-free-downloads-cache\/Comunicado-LATAM.pdf<\/a><\/p>\n<\/li>\n<li dir=\"ltr\">\n<p dir=\"ltr\">Carta a la vicealcalde de Estocolmo (en ingl\u00e9s):<a href=\"http:\/\/zerowasteeurope.eu\/wp-content\/uploads\/2018\/05\/Buenos-Aires.pdf\" target=\"_blank\" rel=\"noopener noreferrer\" data-saferedirecturl=\"https:\/\/www.google.com\/url?hl=en&amp;q=http:\/\/zerowasteeurope.eu\/wp-content\/uploads\/2018\/05\/Buenos-Aires.pdf&amp;source=gmail&amp;ust=1528302226001000&amp;usg=AFQjCNHLE0k3dTjF__VFcd2whISg0ImK1A\">&nbsp;http:\/\/zerowasteeurope.eu\/wp-content\/uploads\/2018\/05\/Buenos-Aires.pdf<\/a><\/p>\n<\/li>\n<li dir=\"ltr\">\n<p dir=\"ltr\">Art\u00edculo de Zero Waste Europe:<a href=\"https:\/\/zerowasteeurope.eu\/2018\/05\/lets-export-only-what-we-are-proud-of\/\" target=\"_blank\" rel=\"noopener noreferrer\" data-saferedirecturl=\"https:\/\/www.google.com\/url?hl=en&amp;q=https:\/\/zerowasteeurope.eu\/2018\/05\/lets-export-only-what-we-are-proud-of\/&amp;source=gmail&amp;ust=1528302226001000&amp;usg=AFQjCNER5w5McEQcePA1f-K_mRUP2EfI_Q\">https:\/\/zerowasteeurope.eu\/2018\/05\/lets-export-only-what-we-are-proud-of\/<\/a><\/p>\n<\/li>\n<\/ol>\n<p>&nbsp;<\/p>\n\t\t\t<section\n\t\t\tclass=\"boxout post-759 \"\n\t\t\t\n\t\t>\n\t\t\t<a\n\t\t\t\tdata-ga-category=\"Take Action Boxout\"\n\t\t\t\tdata-ga-action=\"Image\"\n\t\t\t\tdata-ga-label=\"n\/a\"\n\t\t\t\tclass=\"cover-card-overlay\"\n\t\t\t\thref=\"https:\/\/www.greenpeace.org\/argentina\/participa\/involucrate\/con-incineracion-no-hay-basura-cero\/\" \n\t\t\t><\/a>\n\t\t\t\t\t\t\t<img\n\t\t\t\t\t\tsrc=\"https:\/\/www.greenpeace.org\/static\/planet4-argentina-stateless\/2019\/01\/3ec9e2c8-normal_gpa_basuralnorteiii_06.jpg\"\n\t\t\t\t\t\tsrcset=\"https:\/\/www.greenpeace.org\/static\/planet4-argentina-stateless\/2019\/01\/3ec9e2c8-normal_gpa_basuralnorteiii_06-300x200.jpg 300w, https:\/\/www.greenpeace.org\/static\/planet4-argentina-stateless\/2019\/01\/3ec9e2c8-normal_gpa_basuralnorteiii_06.jpg 400w\"\n\t\t\t\t\t\tsizes=\"(min-width: 1000px) 358px, (min-width: 780px) 313px, 88px\"\n\t\t\t\t\t\talt=\"\" title=\"\"\n\t\t\t\t\/>\n            \t\t\t<div class=\"boxout-content\">\n\t\t\t\t\t\t\t\t\t<a\n\t\t\t\t\t\tclass=\"boxout-heading medium\"\n\t\t\t\t\t\tdata-ga-category=\"Take Action Boxout\"\n\t\t\t\t\t\tdata-ga-action=\"Title\"\n\t\t\t\t\t\tdata-ga-label=\"n\/a\"\n\t\t\t\t\t\thref=\"https:\/\/www.greenpeace.org\/argentina\/participa\/involucrate\/con-incineracion-no-hay-basura-cero\/\"\n\t\t\t\t\t\t\n\t\t\t\t\t>\n\t\t\t\t\t\tCon incineraci\u00f3n no hay Basura Cero\n\t\t\t\t\t<\/a>\n\t\t\t\t\t\t\t\t                                    <a\n                        class=\"btn btn-primary\"\n                        data-ga-category=\"Take Action Boxout\"\n                        data-ga-action=\"Call to Action\"\n                        data-ga-label=\"n\/a\"\n                        href=\"https:\/\/www.greenpeace.org\/argentina\/participa\/involucrate\/con-incineracion-no-hay-basura-cero\/\"\n                        \n                    >\n                        Particip\u00e1\n                    <\/a>\n                \t\t\t<\/div>\n\t\t\t\t\t<\/section>\n\t","protected":false},"excerpt":{"rendered":"<p>La organizaci\u00f3n Zero Waste Europe public\u00f3 un informe (1) sobre la incineraci\u00f3n en Am\u00e9rica Latina y sus antecedentes en los pa\u00edses europeos. En el reporte, cuestionan a la t\u00e9cnica porque&hellip;<\/p>\n","protected":false},"author":19,"featured_media":775,"comment_status":"open","ping_status":"open","sticky":false,"template":"","format":"standard","meta":{"ep_exclude_from_search":false,"p4_og_title":"","p4_og_description":"","p4_og_image":"","p4_og_image_id":"","p4_seo_canonical_url":"","p4_campaign_name":"not set","p4_local_project":"not set","p4_basket_name":"not set","p4_department":"","footnotes":""},"categories":[4],"tags":[32],"p4-page-type":[16],"class_list":["post-778","post","type-post","status-publish","format-standard","has-post-thumbnail","hentry","category-contaminacion","tag-quemarbasuramata","p4-page-type-story"],"_links":{"self":[{"href":"https:\/\/www.greenpeace.org\/argentina\/wp-json\/wp\/v2\/posts\/778","targetHints":{"allow":["GET"]}}],"collection":[{"href":"https:\/\/www.greenpeace.org\/argentina\/wp-json\/wp\/v2\/posts"}],"about":[{"href":"https:\/\/www.greenpeace.org\/argentina\/wp-json\/wp\/v2\/types\/post"}],"author":[{"embeddable":true,"href":"https:\/\/www.greenpeace.org\/argentina\/wp-json\/wp\/v2\/users\/19"}],"replies":[{"embeddable":true,"href":"https:\/\/www.greenpeace.org\/argentina\/wp-json\/wp\/v2\/comments?post=778"}],"version-history":[{"count":5,"href":"https:\/\/www.greenpeace.org\/argentina\/wp-json\/wp\/v2\/posts\/778\/revisions"}],"predecessor-version":[{"id":13877,"href":"https:\/\/www.greenpeace.org\/argentina\/wp-json\/wp\/v2\/posts\/778\/revisions\/13877"}],"wp:featuredmedia":[{"embeddable":true,"href":"https:\/\/www.greenpeace.org\/argentina\/wp-json\/wp\/v2\/media\/775"}],"wp:attachment":[{"href":"https:\/\/www.greenpeace.org\/argentina\/wp-json\/wp\/v2\/media?parent=778"}],"wp:term":[{"taxonomy":"category","embeddable":true,"href":"https:\/\/www.greenpeace.org\/argentina\/wp-json\/wp\/v2\/categories?post=778"},{"taxonomy":"post_tag","embeddable":true,"href":"https:\/\/www.greenpeace.org\/argentina\/wp-json\/wp\/v2\/tags?post=778"},{"taxonomy":"p4-page-type","embeddable":true,"href":"https:\/\/www.greenpeace.org\/argentina\/wp-json\/wp\/v2\/p4-page-type?post=778"}],"curies":[{"name":"wp","href":"https:\/\/api.w.org\/{rel}","templated":true}]}}