{"id":792,"date":"2018-04-23T19:18:21","date_gmt":"2018-04-23T19:18:21","guid":{"rendered":"https:\/\/www.greenpeace.org\/argentina\/?p=792"},"modified":"2021-12-01T09:33:54","modified_gmt":"2021-12-01T12:33:54","slug":"la-incineracion-el-verdugo-del-reciclaje-de-residuos","status":"publish","type":"post","link":"https:\/\/www.greenpeace.org\/argentina\/story\/problemas\/contaminacion\/la-incineracion-el-verdugo-del-reciclaje-de-residuos\/","title":{"rendered":"La incineraci\u00f3n, el verdugo del reciclaje de residuos"},"content":{"rendered":"<div class=\"leader\">\n<div><img loading=\"lazy\" decoding=\"async\" class=\"alignnone size-full wp-image-793\" src=\"https:\/\/www.greenpeace.org\/static\/planet4-argentina-stateless\/2019\/01\/9a2f8fce-1g5a8583.jpg\" alt=\"\" width=\"800\" height=\"533\" srcset=\"https:\/\/www.greenpeace.org\/static\/planet4-argentina-stateless\/2019\/01\/9a2f8fce-1g5a8583.jpg 800w, https:\/\/www.greenpeace.org\/static\/planet4-argentina-stateless\/2019\/01\/9a2f8fce-1g5a8583-300x200.jpg 300w, https:\/\/www.greenpeace.org\/static\/planet4-argentina-stateless\/2019\/01\/9a2f8fce-1g5a8583-768x512.jpg 768w, https:\/\/www.greenpeace.org\/static\/planet4-argentina-stateless\/2019\/01\/9a2f8fce-1g5a8583-510x340.jpg 510w\" sizes=\"auto, (max-width: 800px) 100vw, 800px\" \/><\/div>\n<div><strong>Las agrupaciones se hicieron presentes hoy en el centro de la ciudad, en el marco de una campa\u00f1a de concientizaci\u00f3n, para alertar por un el avance de la incineraci\u00f3n de residuos, cuyo proyecto est\u00e1 previsto para ser tratado esta semana en la Legislatura porte\u00f1a.<\/strong><\/div>\n<\/div>\n<div>\n<p dir=\"ltr\">\u201cLa incineraci\u00f3n no es m\u00e1s que quemar basura. La \u00fanica medida que deber\u00eda alentar el gobierno de la ciudad es el cumplimiento efectivo de la Ley de Basura Cero. Sin embargo, pretende introducir a la incineraci\u00f3n que mata una industria clave, como es la del reciclaje\u201d,&nbsp;sostuvo Leonel Mingo, coordinador de campa\u00f1as de Greenpeace.<\/p>\n<p dir=\"ltr\">A diferencia de las datos oficiales que prometen asegurar aproximadamente 150 puestos de trabajo en estas nuevas plantas, la industria del reciclaje es el sustento econ\u00f3mico de miles de personas en la ciudad.&nbsp;&#8220;Corre peligro el trabajo de m\u00e1s de 6.000 recicladores en la ciudad que tienen que seguir manteniendo a su familia. La quema de basura ser\u00eda un paso m\u00e1s en la cultura del descarte contra la que predica Francisco, porque da\u00f1a a la madre tierra y excluye cada vez m\u00e1s gente.&#8221;, sostuvo&nbsp;Sergio S\u00e1nchez, presidente de&nbsp;FACCYR.<\/p>\n<p dir=\"ltr\"><img loading=\"lazy\" decoding=\"async\" class=\"alignnone size-full wp-image-794\" src=\"https:\/\/www.greenpeace.org\/static\/planet4-argentina-stateless\/2019\/01\/70b175d7-1g5a8576.jpg\" alt=\"\" width=\"800\" height=\"533\" srcset=\"https:\/\/www.greenpeace.org\/static\/planet4-argentina-stateless\/2019\/01\/70b175d7-1g5a8576.jpg 800w, https:\/\/www.greenpeace.org\/static\/planet4-argentina-stateless\/2019\/01\/70b175d7-1g5a8576-300x200.jpg 300w, https:\/\/www.greenpeace.org\/static\/planet4-argentina-stateless\/2019\/01\/70b175d7-1g5a8576-768x512.jpg 768w, https:\/\/www.greenpeace.org\/static\/planet4-argentina-stateless\/2019\/01\/70b175d7-1g5a8576-510x340.jpg 510w\" sizes=\"auto, (max-width: 800px) 100vw, 800px\" \/><\/p>\n<p dir=\"ltr\">El avance de la incineraci\u00f3n, seg\u00fan argumentan desde Greenpeace, es \u201cuna justificaci\u00f3n liviana para no admitir la ineficiencia del gobierno para hacer efectiva la ejecuci\u00f3n de la Ley de Basura Cero en la ciudad. A 13 a\u00f1os de la sanci\u00f3n s\u00f3lo se cumpli\u00f3 un 26% de las metas de reducci\u00f3n de residuos en rellenos sanitarios, es decir, que ni siquiera fue alcanzado el objetivo impuesto para el 2010\u201d, agreg\u00f3 Mingo.<\/p>\n<p dir=\"ltr\">En 2017, fueron llevadas a entierro 1.101.202 toneladas de basura, tres veces m\u00e1s de lo exigido por la ley.<\/p>\n<\/div>\n\t\t\t<section\n\t\t\tclass=\"boxout post-759 \"\n\t\t\t\n\t\t>\n\t\t\t<a\n\t\t\t\tdata-ga-category=\"Take Action Boxout\"\n\t\t\t\tdata-ga-action=\"Image\"\n\t\t\t\tdata-ga-label=\"n\/a\"\n\t\t\t\tclass=\"cover-card-overlay\"\n\t\t\t\thref=\"https:\/\/www.greenpeace.org\/argentina\/participa\/involucrate\/con-incineracion-no-hay-basura-cero\/\" \n\t\t\t><\/a>\n\t\t\t\t\t\t\t<img\n\t\t\t\t\t\tsrc=\"https:\/\/www.greenpeace.org\/static\/planet4-argentina-stateless\/2019\/01\/3ec9e2c8-normal_gpa_basuralnorteiii_06.jpg\"\n\t\t\t\t\t\tsrcset=\"https:\/\/www.greenpeace.org\/static\/planet4-argentina-stateless\/2019\/01\/3ec9e2c8-normal_gpa_basuralnorteiii_06-300x200.jpg 300w, https:\/\/www.greenpeace.org\/static\/planet4-argentina-stateless\/2019\/01\/3ec9e2c8-normal_gpa_basuralnorteiii_06.jpg 400w\"\n\t\t\t\t\t\tsizes=\"(min-width: 1000px) 358px, (min-width: 780px) 313px, 88px\"\n\t\t\t\t\t\talt=\"\" title=\"\"\n\t\t\t\t\/>\n            \t\t\t<div class=\"boxout-content\">\n\t\t\t\t\t\t\t\t\t<a\n\t\t\t\t\t\tclass=\"boxout-heading medium\"\n\t\t\t\t\t\tdata-ga-category=\"Take Action Boxout\"\n\t\t\t\t\t\tdata-ga-action=\"Title\"\n\t\t\t\t\t\tdata-ga-label=\"n\/a\"\n\t\t\t\t\t\thref=\"https:\/\/www.greenpeace.org\/argentina\/participa\/involucrate\/con-incineracion-no-hay-basura-cero\/\"\n\t\t\t\t\t\t\n\t\t\t\t\t>\n\t\t\t\t\t\tCon incineraci\u00f3n no hay Basura Cero\n\t\t\t\t\t<\/a>\n\t\t\t\t\t\t\t\t                                    <a\n                        class=\"btn btn-primary\"\n                        data-ga-category=\"Take Action Boxout\"\n                        data-ga-action=\"Call to Action\"\n                        data-ga-label=\"n\/a\"\n                        href=\"https:\/\/www.greenpeace.org\/argentina\/participa\/involucrate\/con-incineracion-no-hay-basura-cero\/\"\n                        \n                    >\n                        Particip\u00e1\n                    <\/a>\n                \t\t\t<\/div>\n\t\t\t\t\t<\/section>\n\t","protected":false},"excerpt":{"rendered":"<p>Las agrupaciones se hicieron presentes hoy en el centro de la ciudad, en el marco de una campa\u00f1a de concientizaci\u00f3n, para alertar por un el avance de la incineraci\u00f3n de&hellip;<\/p>\n","protected":false},"author":19,"featured_media":793,"comment_status":"open","ping_status":"open","sticky":false,"template":"","format":"standard","meta":{"ep_exclude_from_search":false,"p4_og_title":"","p4_og_description":"","p4_og_image":"","p4_og_image_id":"","p4_seo_canonical_url":"","p4_campaign_name":"not set","p4_local_project":"not set","p4_basket_name":"not set","p4_department":"","footnotes":""},"categories":[4],"tags":[32],"p4-page-type":[16],"class_list":["post-792","post","type-post","status-publish","format-standard","has-post-thumbnail","hentry","category-contaminacion","tag-quemarbasuramata","p4-page-type-story"],"_links":{"self":[{"href":"https:\/\/www.greenpeace.org\/argentina\/wp-json\/wp\/v2\/posts\/792","targetHints":{"allow":["GET"]}}],"collection":[{"href":"https:\/\/www.greenpeace.org\/argentina\/wp-json\/wp\/v2\/posts"}],"about":[{"href":"https:\/\/www.greenpeace.org\/argentina\/wp-json\/wp\/v2\/types\/post"}],"author":[{"embeddable":true,"href":"https:\/\/www.greenpeace.org\/argentina\/wp-json\/wp\/v2\/users\/19"}],"replies":[{"embeddable":true,"href":"https:\/\/www.greenpeace.org\/argentina\/wp-json\/wp\/v2\/comments?post=792"}],"version-history":[{"count":4,"href":"https:\/\/www.greenpeace.org\/argentina\/wp-json\/wp\/v2\/posts\/792\/revisions"}],"predecessor-version":[{"id":13888,"href":"https:\/\/www.greenpeace.org\/argentina\/wp-json\/wp\/v2\/posts\/792\/revisions\/13888"}],"wp:featuredmedia":[{"embeddable":true,"href":"https:\/\/www.greenpeace.org\/argentina\/wp-json\/wp\/v2\/media\/793"}],"wp:attachment":[{"href":"https:\/\/www.greenpeace.org\/argentina\/wp-json\/wp\/v2\/media?parent=792"}],"wp:term":[{"taxonomy":"category","embeddable":true,"href":"https:\/\/www.greenpeace.org\/argentina\/wp-json\/wp\/v2\/categories?post=792"},{"taxonomy":"post_tag","embeddable":true,"href":"https:\/\/www.greenpeace.org\/argentina\/wp-json\/wp\/v2\/tags?post=792"},{"taxonomy":"p4-page-type","embeddable":true,"href":"https:\/\/www.greenpeace.org\/argentina\/wp-json\/wp\/v2\/p4-page-type?post=792"}],"curies":[{"name":"wp","href":"https:\/\/api.w.org\/{rel}","templated":true}]}}