{"id":932,"date":"2017-02-02T20:46:50","date_gmt":"2017-02-02T20:46:50","guid":{"rendered":"https:\/\/www.greenpeace.org\/argentina\/?p=932"},"modified":"2021-12-01T09:34:06","modified_gmt":"2021-12-01T12:34:06","slug":"se-beneficia-el-suelo-bajas-los-costos-y-mejoras-la-calidad-del-alimento","status":"publish","type":"post","link":"https:\/\/www.greenpeace.org\/argentina\/story\/problemas\/bosques\/se-beneficia-el-suelo-bajas-los-costos-y-mejoras-la-calidad-del-alimento\/","title":{"rendered":"\u201cSe beneficia el suelo, baj\u00e1s los costos y mejor\u00e1s la calidad del alimento\u201d"},"content":{"rendered":"<p><img loading=\"lazy\" decoding=\"async\" class=\"alignnone size-full wp-image-933\" src=\"https:\/\/www.greenpeace.org\/static\/planet4-argentina-stateless\/2019\/01\/e2f841a7-1_agroeco.jpg\" alt=\"\" width=\"707\" height=\"477\" srcset=\"https:\/\/www.greenpeace.org\/static\/planet4-argentina-stateless\/2019\/01\/e2f841a7-1_agroeco.jpg 707w, https:\/\/www.greenpeace.org\/static\/planet4-argentina-stateless\/2019\/01\/e2f841a7-1_agroeco-300x202.jpg 300w, https:\/\/www.greenpeace.org\/static\/planet4-argentina-stateless\/2019\/01\/e2f841a7-1_agroeco-504x340.jpg 504w\" sizes=\"auto, (max-width: 707px) 100vw, 707px\" \/><\/p>\n<p><b>Jos\u00e9 Baulowski se define como un peque\u00f1o productor con cultivos diversificados, que cuida el suelo y busca \u201crecuperarlo\u201d. No usa agroqu\u00edmicos, tiene yerbales y comercializa alimentos sanos.<\/b><\/p>\n<p><b>\u00a0Por Dar\u00edo Aranda*<\/b><br \/>\n<b>\u00a0\u00a0Fotos Martin Katz<\/b><br \/>\n<b>Jos\u00e9 tiene una certeza: no sirve hacer un solo cultivo.<\/b>\u00a0La tierra misionera, el clima y la historia sugieren, al menos para el peque\u00f1o productor, diversidad. Y \u00e9l tom\u00f3 nota de eso. Por eso cultiva mandioca, avena, poroto, repollo, choclo, sand\u00eda, melones, lechuga, acelga y, claro, yerba. Y hasta cuenta con un estanque donde cr\u00eda peces para autoconsumo<span id=\"more-17991\"><\/span>\u00a0y vende en la feria franca local.<br \/>\nEst\u00e1 frente a una planta de yerba. La mira. La analiza. Casi una radiograf\u00eda sin siquiera tocarla. Hasta que se abalanza sobre ella y muestra una rama. Avisa que es un gajo maduro que est\u00e1 creciendo mal. Lo corta. Explica que\u00a0<b>es un trabajo met\u00f3dico para que la planta crezca fuerte y produzca m\u00e1s. Es uno de los secretos \u00a0del productor agroecol\u00f3gico.<\/b><br \/>\nOtra pr\u00e1ctica que recomienda es dejar \u201ccobertura\u201d (avena, poroto) en los callejones entre las plantas y no senderos de tierra, como en las plantaciones industriales. As\u00ed evita la degradaci\u00f3n del suelo. Y\u00a0<b>avisa que no usa qu\u00edmicos<\/b>.<br \/>\n<strong><a href=\"http:\/\/blog.greenpeace.org.ar\/wp-content\/uploads\/2017\/02\/2_Agroeco.jpg\"><img loading=\"lazy\" decoding=\"async\" class=\"aligncenter size-full wp-image-17993\" src=\"http:\/\/blog.greenpeace.org.ar\/wp-content\/uploads\/2017\/02\/2_Agroeco.jpg\" sizes=\"auto, (max-width: 919px) 100vw, 919px\" srcset=\"https:\/\/blog.greenpeace.org.ar\/wp-content\/uploads\/2017\/02\/2_Agroeco.jpg 919w, https:\/\/blog.greenpeace.org.ar\/wp-content\/uploads\/2017\/02\/2_Agroeco-300x200.jpg 300w, https:\/\/blog.greenpeace.org.ar\/wp-content\/uploads\/2017\/02\/2_Agroeco-768x513.jpg 768w\" alt=\"2_Agroeco\" width=\"919\" height=\"614\" \/><\/a><\/strong><br \/>\nOtra certeza: \u201cHay que recuperar la tierra\u201d. Recuerda que antes utilizaban una hect\u00e1rea para determinado cultivo, le sacaban el m\u00e1ximo rendimiento, la dejaban un tiempo e iban a otra hect\u00e1rea (previo desmonte). Pero ya no hay m\u00e1s monte para seguir explotando. Y Jos\u00e9 insiste: \u201cHay que recuperar la tierra\u201d. Utiliza abonos naturales, entre ellos incluye tierra mezclado con hojas de pinos.\u00a0<b>\u201cTen\u00e9s que ir probando, buscar la manera de poner todo m\u00e1s org\u00e1nico y no usar qu\u00edmicos.\u00a0<\/b>As\u00ed se beneficia el suelo, baj\u00e1s los costos y mejor\u00e1s la calidad del alimento\u201d, asegura.<br \/>\nCuenta que tambi\u00e9n cultiva mandioca. Que lo ayud\u00f3 en los momentos en el que la yerba ten\u00eda un precio muy bajo. Este a\u00f1o ingres\u00f3 mucho almid\u00f3n del exterior (Paraguay y Brasil), cay\u00f3 el precio de la mandioca y lo sostuvo la yerba. \u201cSi plant\u00e1s uno solo no sirve. Los colonos de antes sab\u00edan bien eso. Si la mandioca no la pod\u00e9s vender al menos se la das a los chanchos o las vacas. Nunca se pierde\u201d, explica.<br \/>\n<strong><a href=\"http:\/\/blog.greenpeace.org.ar\/wp-content\/uploads\/2017\/02\/3_Agroeco.jpg\"><img loading=\"lazy\" decoding=\"async\" class=\"aligncenter size-full wp-image-17994\" src=\"http:\/\/blog.greenpeace.org.ar\/wp-content\/uploads\/2017\/02\/3_Agroeco.jpg\" sizes=\"auto, (max-width: 711px) 100vw, 711px\" srcset=\"https:\/\/blog.greenpeace.org.ar\/wp-content\/uploads\/2017\/02\/3_Agroeco.jpg 711w, https:\/\/blog.greenpeace.org.ar\/wp-content\/uploads\/2017\/02\/3_Agroeco-300x200.jpg 300w\" alt=\"3_Agroeco\" width=\"711\" height=\"473\" \/><\/a><\/strong><br \/>\nS\u00ed es m\u00e1s cr\u00edtico del t\u00e9. Para cosechar se debe usar m\u00e1quinas, tiene costos fijos altos y desde hace a\u00f1os que el precio viene en ca\u00edda. Hizo n\u00fameros y hasta ofreci\u00f3 a los cosecheros que se lleven la producci\u00f3n, pero no tuvo suerte. Si la planta crece mucho, se vuelve muy grande y luego cuesta m\u00e1s podarla. Decidi\u00f3 ya no hacer m\u00e1s t\u00e9.<br \/>\nJos\u00e9 recorre la chacra. Muestra los yerbales, pero tambi\u00e9n la quinta, donde tiene productos para consumo familiar y que le evitar\u00e1 tener que comprar en el pueblo. Se puede ver perejil, repollo, choclo, sand\u00eda, melones, lechuga, acelga.<br \/>\nAl final del recorrido lleva a un extremo del predio. Es una peque\u00f1a laguna, la llama \u201cestanque\u201d. Cr\u00eda pac\u00fa y carpa. Est\u00e1 probando qu\u00e9 otra especie se adapta. Lo usan para la dieta familiar, pero tambi\u00e9n en la feria franca del pueblo. \u201cNo es grande, pero ayuda para comer y vender\u201d, grafica.<br \/>\n\u00bfTe perdiste la entrega anterior?\u00a0<a href=\"http:\/\/www.greenpeace.org.ar\/blog\/tierra-trabajo-y-justicia\/17973\/?blog_0202\">Encontrala ac\u00e1.<\/a><br \/>\nLe\u00e9 m\u00e1s sobre este tema:\u00a0<a href=\"http:\/\/www.greenpeace.org\/argentina\/Global\/argentina\/graphics\/2015\/agricultura\/Agricultura%20Ecologica%20Caso%20Misiones.pdf\">Agricultura ecol\u00f3gica. Caso Misiones: La cuna de la yerba mate.<\/a><br \/>\n*<i>Dar\u00edo Aranda es periodista especializado en extractivismo (petr\u00f3leo, miner\u00eda, agronegocios y forestales). Trabaja en el diario P\u00e1gina\/12, la cooperativa de comunicaci\u00f3n La Vaca y las radios FM Kalewche (Esquel), la Cooperativa La Br\u00fajula (Rosario) y Los Ludditas (FM La Tribu). Escribe sobre pueblos ind\u00edgenas, organizaciones campesinas y asambleas socioambientales. Adem\u00e1s es autor de \u201cArgentina originaria: genocidios, saqueos y resistencias\u201d y \u201cTierra Arrasada. Petr\u00f3leo, soja, pasteras y megaminer\u00eda.\u201d<\/i><br \/>\n<i>En el marco de la campa\u00f1a de Agroecolog\u00eda, escribi\u00f3 una serie de art\u00edculos vinculados a la tem\u00e1tica de la agricultura ecol\u00f3gica. Todos los jueves publicaremos en nuestro blog una nota contando diferentes aspectos y testimonios sobre este tema. No te pierdas este especial sobre el futuro de los alimentos en la Argentina.<\/i><\/p>\n\t\t\t<section\n\t\t\tclass=\"boxout post-887 \"\n\t\t\t\n\t\t>\n\t\t\t<a\n\t\t\t\tdata-ga-category=\"Take Action Boxout\"\n\t\t\t\tdata-ga-action=\"Image\"\n\t\t\t\tdata-ga-label=\"n\/a\"\n\t\t\t\tclass=\"cover-card-overlay\"\n\t\t\t\thref=\"https:\/\/www.greenpeace.org\/argentina\/participa\/involucrate\/la-agricultura-sustentable-es-posible\/\" \n\t\t\t><\/a>\n\t\t\t\t\t\t\t<img\n\t\t\t\t\t\tsrc=\"https:\/\/www.greenpeace.org\/static\/planet4-argentina-stateless\/2019\/01\/3796790c-w7a9229-1024x683.jpg\"\n\t\t\t\t\t\tsrcset=\"https:\/\/www.greenpeace.org\/static\/planet4-argentina-stateless\/2019\/01\/3796790c-w7a9229-300x200.jpg 300w, https:\/\/www.greenpeace.org\/static\/planet4-argentina-stateless\/2019\/01\/3796790c-w7a9229-768x512.jpg 768w, https:\/\/www.greenpeace.org\/static\/planet4-argentina-stateless\/2019\/01\/3796790c-w7a9229-1024x683.jpg 1024w, https:\/\/www.greenpeace.org\/static\/planet4-argentina-stateless\/2019\/01\/3796790c-w7a9229-2048x1366.jpg 2048w, https:\/\/www.greenpeace.org\/static\/planet4-argentina-stateless\/2019\/01\/3796790c-w7a9229-510x340.jpg 510w\"\n\t\t\t\t\t\tsizes=\"(min-width: 1000px) 358px, (min-width: 780px) 313px, 88px\"\n\t\t\t\t\t\talt=\"\" title=\"\"\n\t\t\t\t\/>\n            \t\t\t<div class=\"boxout-content\">\n\t\t\t\t\t\t\t\t\t<a\n\t\t\t\t\t\tclass=\"boxout-heading medium\"\n\t\t\t\t\t\tdata-ga-category=\"Take Action Boxout\"\n\t\t\t\t\t\tdata-ga-action=\"Title\"\n\t\t\t\t\t\tdata-ga-label=\"n\/a\"\n\t\t\t\t\t\thref=\"https:\/\/www.greenpeace.org\/argentina\/participa\/involucrate\/la-agricultura-sustentable-es-posible\/\"\n\t\t\t\t\t\t\n\t\t\t\t\t>\n\t\t\t\t\t\tLa agricultura sustentable es posible\n\t\t\t\t\t<\/a>\n\t\t\t\t\t\t\t\t\t\t\t\t\t<p class=\"boxout-excerpt\">\u00bfSab\u00e9s c\u00f3mo se producen los alimentos que com\u00e9s todos los d\u00edas? \u00bfQu\u00e9 consecuencias provocan los agrot\u00f3xicos?<\/p>\n\t\t\t\t                                    <a\n                        class=\"btn btn-primary\"\n                        data-ga-category=\"Take Action Boxout\"\n                        data-ga-action=\"Call to Action\"\n                        data-ga-label=\"n\/a\"\n                        href=\"https:\/\/www.greenpeace.org\/argentina\/participa\/involucrate\/la-agricultura-sustentable-es-posible\/\"\n                        \n                    >\n                        Particip\u00e1\n                    <\/a>\n                \t\t\t<\/div>\n\t\t\t\t\t<\/section>\n\t","protected":false},"excerpt":{"rendered":"<p>Jos\u00e9 Baulowski se define como un peque\u00f1o productor con cultivos diversificados, que cuida el suelo y busca \u201crecuperarlo\u201d. No usa agroqu\u00edmicos, tiene yerbales y comercializa alimentos sanos. \u00a0Por Dar\u00edo Aranda*&hellip;<\/p>\n","protected":false},"author":19,"featured_media":933,"comment_status":"open","ping_status":"open","sticky":false,"template":"","format":"standard","meta":{"ep_exclude_from_search":false,"p4_og_title":"","p4_og_description":"","p4_og_image":"","p4_og_image_id":"","p4_seo_canonical_url":"","p4_campaign_name":"","p4_local_project":"","p4_basket_name":"","p4_department":"","footnotes":""},"categories":[2],"tags":[33],"p4-page-type":[16],"class_list":["post-932","post","type-post","status-publish","format-standard","has-post-thumbnail","hentry","category-bosques","tag-agroecologia","p4-page-type-story"],"_links":{"self":[{"href":"https:\/\/www.greenpeace.org\/argentina\/wp-json\/wp\/v2\/posts\/932","targetHints":{"allow":["GET"]}}],"collection":[{"href":"https:\/\/www.greenpeace.org\/argentina\/wp-json\/wp\/v2\/posts"}],"about":[{"href":"https:\/\/www.greenpeace.org\/argentina\/wp-json\/wp\/v2\/types\/post"}],"author":[{"embeddable":true,"href":"https:\/\/www.greenpeace.org\/argentina\/wp-json\/wp\/v2\/users\/19"}],"replies":[{"embeddable":true,"href":"https:\/\/www.greenpeace.org\/argentina\/wp-json\/wp\/v2\/comments?post=932"}],"version-history":[{"count":4,"href":"https:\/\/www.greenpeace.org\/argentina\/wp-json\/wp\/v2\/posts\/932\/revisions"}],"predecessor-version":[{"id":13909,"href":"https:\/\/www.greenpeace.org\/argentina\/wp-json\/wp\/v2\/posts\/932\/revisions\/13909"}],"wp:featuredmedia":[{"embeddable":true,"href":"https:\/\/www.greenpeace.org\/argentina\/wp-json\/wp\/v2\/media\/933"}],"wp:attachment":[{"href":"https:\/\/www.greenpeace.org\/argentina\/wp-json\/wp\/v2\/media?parent=932"}],"wp:term":[{"taxonomy":"category","embeddable":true,"href":"https:\/\/www.greenpeace.org\/argentina\/wp-json\/wp\/v2\/categories?post=932"},{"taxonomy":"post_tag","embeddable":true,"href":"https:\/\/www.greenpeace.org\/argentina\/wp-json\/wp\/v2\/tags?post=932"},{"taxonomy":"p4-page-type","embeddable":true,"href":"https:\/\/www.greenpeace.org\/argentina\/wp-json\/wp\/v2\/p4-page-type?post=932"}],"curies":[{"name":"wp","href":"https:\/\/api.w.org\/{rel}","templated":true}]}}