{"id":1004,"date":"2017-06-22T17:33:00","date_gmt":"2017-06-22T17:33:00","guid":{"rendered":"https:\/\/www.greenpeace.org\/belgium\/blog\/1004\/la-coree-du-sud-renonce-au-nucleaire-et-au-charbon\/"},"modified":"2021-12-01T14:19:08","modified_gmt":"2021-12-01T13:19:08","slug":"la-coree-du-sud-renonce-au-nucleaire-et-au-charbon","status":"publish","type":"post","link":"https:\/\/www.greenpeace.org\/belgium\/fr\/actualites-blog\/1004\/la-coree-du-sud-renonce-au-nucleaire-et-au-charbon\/","title":{"rendered":"Bonne nouvelle ! La Cor\u00e9e du Sud renonce au nucl\u00e9aire et au charbon"},"content":{"rendered":"<p><strong>Jusqu\u2019\u00e0 il y a peu, les groupes de pression en faveur du nucl\u00e9aire citaient constamment l\u2019exemple de la Cor\u00e9e du Sud, un pays qui avait largement opt\u00e9 pour ce mode de production \u00e9nerg\u00e9tique. Aujourd\u2019hui, pour les partisans du nucl\u00e9aire, c\u2019est une grande d\u00e9sillusion. Le r\u00e9acteur de Kori 1 a \u00e9t\u00e9 d\u00e9finitivement arr\u00eat\u00e9 le 19 juin apr\u00e8s que le gouvernement cor\u00e9en a d\u00e9cid\u00e9, l\u2019an dernier, de ne pas prolonger sa dur\u00e9e de vie.<\/strong><!--more--><\/p>\n<p><img loading=\"lazy\" decoding=\"async\" class=\"alignnone\" src=\"https:\/\/www.greenpeace.org\/static\/planet4-belgium-stateless\/2018\/12\/b7885c3a-b7885c3a-136726_244193.jpg\" alt=\"La Cor\u00e9e du Sud renonce au nucl\u00e9aire et au charbon\" width=\"600\" height=\"400\" \/><\/p>\n<p>\u00c0 la suite de la c\u00e9r\u00e9monie de cl\u00f4ture de Kori\u00a01, le pr\u00e9sident sud-cor\u00e9en Jae-In Moon a annonc\u00e9 une nouvelle encore bien plus importante. Il a en effet annonc\u00e9 sans ambages la fermeture de toutes les <strong>centrales nucl\u00e9aires<\/strong> et au charbon du pays et une transition vers les \u00e9nergies durables.<br \/>\n<span class=\"mid-button-fix\"><a class=\"cta-blog-button-mid\" href=\"https:\/\/www.greenpeace.org\/belgium\/fr\/agir\/suivez-lactualite-de-nos-campagnes\/\" target=\"_blank\" rel=\"noopener noreferrer\">Je m\u2019inscris \u00e0 la newsletter<\/a><\/span><\/p>\n<h3>Tournant radical<\/h3>\n<p>Pour un pays industrialis\u00e9 dens\u00e9ment peupl\u00e9 et gros consommateur \u00e9nerg\u00e9tique comme la Cor\u00e9e du Sud, cette d\u00e9cision repr\u00e9sente un tournant radical. Le pays compte actuellement non moins de 25\u00a0<strong>r\u00e9acteurs nucl\u00e9aires<\/strong> commerciaux qui produisent ensemble 30\u00a0% \u00a0de son \u00e9lectricit\u00e9.<\/p>\n<p>En 2011, l\u2019exploitant de ces <strong>centrales nucl\u00e9aires<\/strong>, KEPCO, annon\u00e7ait encore qu\u2019il allait investir une fortune dans le renforcement de sa capacit\u00e9 nucl\u00e9aire et doubler la contribution du <strong>nucl\u00e9aire<\/strong> \u00e0 la production nationale d\u2019\u00e9lectricit\u00e9. Les partisans occidentaux du <strong>nucl\u00e9aire<\/strong> voyaient l\u00e0 un signe de la \u00ab\u2009renaissance nucl\u00e9aire\u2009\u00bb.<\/p>\n<p>Depuis lors, le vent a commenc\u00e9 \u00e0 tourner. Aussi bien l\u2019opinion publique que les dirigeants politiques ont \u00e9t\u00e9 fortement marqu\u00e9s par la <strong>catastrophe nucl\u00e9aire de Fukushima<\/strong>, ville situ\u00e9e non loin de la Cor\u00e9e du Sud. De surcro\u00eet, il est apparu que les certificats d\u00e9livr\u00e9s \u00e0 l\u2019occasion des contr\u00f4les de s\u00e9curit\u00e9 des <strong>centrales nucl\u00e9aires<\/strong> ont \u00e9t\u00e9 falsifi\u00e9s pendant de nombreuses ann\u00e9es.<\/p>\n<h3>Nos coll\u00e8gues en action contre le nucl\u00e9aire<\/h3>\n<p>Nos coll\u00e8gues de Greenpeace Asie du Sud-Est, \u00e0 S\u00e9oul, ont men\u00e9 des campagnes intensives pour convaincre les responsables politiques du fait que l\u2019<strong>\u00e9nergie nucl\u00e9aire<\/strong> et le charbon n\u2019\u00e9taient pas des solutions d\u2019avenir et qu\u2019il fallait \u0153uvrer d\u2019urgence \u00e0 une transition \u00e9nerg\u00e9tique. Encore tout r\u00e9cemment, ils ont projet\u00e9 le message \u00ab\u2009New Energy, New Korea\u2009\u00bb sur la centrale nucl\u00e9aire de Kori. Le pr\u00e9sident cor\u00e9en a compris ce message et a annonc\u00e9 que son pays allait organiser une rapide <strong>sortie du nucl\u00e9aire<\/strong> et du charbon.<br \/>\n<a class=\"cta-blog-button\" href=\"https:\/\/www.greenpeace.org\/belgium\/fr\/agir\/suivez-lactualite-de-nos-campagnes\/\" target=\"_blank\" rel=\"noopener noreferrer\">Je m\u2019inscris \u00e0 la newsletter<\/a><\/p>\n<table class=\"hideme\" style=\"width: 100%;\" width=\"100%\">\n<tbody>\n<tr style=\"width: 100%;\">\n<td class=\"icon\"><a href=\"https:\/\/www.facebook.com\/greenpeace.belgium\" target=\"_blank\" rel=\"noopener noreferrer\"><br \/>\n<img decoding=\"async\" title=\"Facebook\" src=\"https:\/\/www.greenpeace.org\/static\/planet4-belgium-stateless\/2019\/09\/09281872-fb.png\" alt=\"Facebook\" width=\"100%\" \/><br \/>\n<\/a><\/td>\n<td class=\"name\"><a href=\"https:\/\/www.facebook.com\/greenpeace.belgium\" target=\"_blank\" rel=\"noopener noreferrer\"><br \/>\nFacebook<br \/>\n<\/a><\/td>\n<td class=\"icon\"><a href=\"https:\/\/www.instagram.com\/greenpeace_be\/\" target=\"_blank\" rel=\"noopener noreferrer\"><br \/>\n<img decoding=\"async\" title=\"Instagram\" src=\"https:\/\/www.greenpeace.org\/static\/planet4-belgium-stateless\/2019\/09\/89871ad4-insta.png\" alt=\"Instagram\" width=\"100%\" \/><br \/>\n<\/a><\/td>\n<td class=\"name\"><a href=\"https:\/\/www.instagram.com\/greenpeace_be\/\" target=\"_blank\" rel=\"noopener noreferrer\"><br \/>\nInstagram<br \/>\n<\/a><\/td>\n<td class=\"icon\"><a href=\"https:\/\/twitter.com\/greenpeace_be\" target=\"_blank\" rel=\"noopener noreferrer\"><br \/>\n<img decoding=\"async\" title=\"Twitter\" src=\"https:\/\/www.greenpeace.org\/static\/planet4-belgium-stateless\/2019\/09\/aebb8c6a-tw.png\" alt=\"Twitter\" width=\"100%\" \/><br \/>\n<\/a><\/td>\n<td class=\"name\"><a href=\"https:\/\/twitter.com\/greenpeace_be\" target=\"_blank\" rel=\"noopener noreferrer\"><br \/>\nTwitter<br \/>\n<\/a><\/td>\n<td class=\"icon\"><a href=\"https:\/\/www.youtube.com\/user\/GreenpeaceBelgium\" target=\"_blank\" rel=\"noopener noreferrer\"><br \/>\n<img decoding=\"async\" title=\"YouTube\" src=\"https:\/\/www.greenpeace.org\/static\/planet4-belgium-stateless\/2019\/09\/4fd7759c-yt.png\" alt=\"YouTube\" width=\"100%\" \/><br \/>\n<\/a><\/td>\n<td class=\"name\"><a href=\"https:\/\/www.youtube.com\/user\/GreenpeaceBelgium\" target=\"_blank\" rel=\"noopener noreferrer\"><br \/>\nYouTube<br \/>\n<\/a><\/td>\n<\/tr>\n<\/tbody>\n<\/table>\n<div class=\"EmptyMessage\">Block content is empty. Check the block&rsquo;s settings or remove it.<\/div>","protected":false},"excerpt":{"rendered":"<p>Jusqu\u2019il y a peu, les groupes de pression en faveur du nucl\u00e9aire citaient constamment l\u2019exemple de la Cor\u00e9e du Sud, un pays qui avait largement opt\u00e9 pour ce mode de production \u00e9nerg\u00e9tique. Aujourd\u2019hui, pour les partisans du nucl\u00e9aire, c\u2019est une grande d\u00e9sillusion. Le r\u00e9acteur de Kori\u00a01 a \u00e9t\u00e9 d\u00e9finitivement arr\u00eat\u00e9 le 19\u00a0juin apr\u00e8s que le gouvernement cor\u00e9en a d\u00e9cid\u00e9, l\u2019an dernier, de ne pas prolonger sa dur\u00e9e de vie.<\/p>\n","protected":false},"author":49,"featured_media":1005,"comment_status":"closed","ping_status":"closed","sticky":false,"template":"","format":"standard","meta":{"ep_exclude_from_search":false,"p4_og_title":"Bonne nouvelle ! La Cor\u00e9e du Sud renonce au nucl\u00e9aire et au charbon","p4_og_description":"En Cor\u00e9e du Sud, le r\u00e9acteur de Kori 1 a \u00e9t\u00e9 arr\u00eat\u00e9 le 19 juin apr\u00e8s que le gouvernement cor\u00e9en a d\u00e9cid\u00e9, l\u2019an dernier, de ne pas prolonger sa dur\u00e9e de vie.","p4_og_image":"","p4_og_image_id":"","p4_seo_canonical_url":"","p4_campaign_name":"not set","p4_local_project":"","p4_basket_name":"not set","p4_department":"","footnotes":""},"categories":[107],"tags":[70,83,86],"p4-page-type":[116],"class_list":["post-1004","post","type-post","status-publish","format-standard","has-post-thumbnail","hentry","category-ensemble-nous-sommes-la-solution","tag-energie","tag-politique","tag-climat","p4-page-type-actualites-blog"],"_links":{"self":[{"href":"https:\/\/www.greenpeace.org\/belgium\/fr\/wp-json\/wp\/v2\/posts\/1004","targetHints":{"allow":["GET"]}}],"collection":[{"href":"https:\/\/www.greenpeace.org\/belgium\/fr\/wp-json\/wp\/v2\/posts"}],"about":[{"href":"https:\/\/www.greenpeace.org\/belgium\/fr\/wp-json\/wp\/v2\/types\/post"}],"author":[{"embeddable":true,"href":"https:\/\/www.greenpeace.org\/belgium\/fr\/wp-json\/wp\/v2\/users\/49"}],"replies":[{"embeddable":true,"href":"https:\/\/www.greenpeace.org\/belgium\/fr\/wp-json\/wp\/v2\/comments?post=1004"}],"version-history":[{"count":6,"href":"https:\/\/www.greenpeace.org\/belgium\/fr\/wp-json\/wp\/v2\/posts\/1004\/revisions"}],"predecessor-version":[{"id":25620,"href":"https:\/\/www.greenpeace.org\/belgium\/fr\/wp-json\/wp\/v2\/posts\/1004\/revisions\/25620"}],"wp:featuredmedia":[{"embeddable":true,"href":"https:\/\/www.greenpeace.org\/belgium\/fr\/wp-json\/wp\/v2\/media\/1005"}],"wp:attachment":[{"href":"https:\/\/www.greenpeace.org\/belgium\/fr\/wp-json\/wp\/v2\/media?parent=1004"}],"wp:term":[{"taxonomy":"category","embeddable":true,"href":"https:\/\/www.greenpeace.org\/belgium\/fr\/wp-json\/wp\/v2\/categories?post=1004"},{"taxonomy":"post_tag","embeddable":true,"href":"https:\/\/www.greenpeace.org\/belgium\/fr\/wp-json\/wp\/v2\/tags?post=1004"},{"taxonomy":"p4-page-type","embeddable":true,"href":"https:\/\/www.greenpeace.org\/belgium\/fr\/wp-json\/wp\/v2\/p4-page-type?post=1004"}],"curies":[{"name":"wp","href":"https:\/\/api.w.org\/{rel}","templated":true}]}}