{"id":1037,"date":"2016-08-24T13:45:00","date_gmt":"2016-08-24T13:45:00","guid":{"rendered":"https:\/\/www.greenpeace.org\/belgium\/blog\/1037\/engie-prend-sa-place-au-soleil\/"},"modified":"2019-11-06T10:23:48","modified_gmt":"2019-11-06T08:23:48","slug":"engie-prend-sa-place-au-soleil","status":"publish","type":"post","link":"https:\/\/www.greenpeace.org\/belgium\/fr\/actualites-blog\/1037\/engie-prend-sa-place-au-soleil\/","title":{"rendered":"Engie prend sa place au soleil"},"content":{"rendered":"<div class=\"post-content\">\n<div>\n<p><strong>Engie a compris ce que nous d\u00e9fendons depuis toujours: l\u2019avenir est aux \u00e9nergies renouvelables. Le premier acteur de l\u2019\u00e9nergie en Belgique doit d\u00e9sormais \u00eatre coh\u00e9rent et sortir du nucl\u00e9aire au plus vite. Le nucl\u00e9aire pr\u00e9domine encore et toujours sur le r\u00e9seau \u00e9lectrique, il faut faire de la place au renouvelable !<\/strong><\/p>\n<p>Greenpeace a pris connaissance de la transition amorc\u00e9e par Engie et l\u2019accueille favorablement. A l\u2019instar du tournant pris par Total (rachetant Sunpower, producteur de PV et Saft-batterie de stockage) les multinationales de l\u2019\u00e9nergie sale ont compris que le r\u00e9chauffement climatique n\u2019attend plus; que l\u2019accord de Paris doit \u00eatre mis en oeuvre urgemment et qu\u2019il sonne le glas des \u00e9nergies fossiles et du nucl\u00e9aire.<\/p>\n<p><img decoding=\"async\" src=\"https:\/\/www.greenpeace.org\/static\/planet4-belgium-stateless\/2018\/12\/a08eb9b3-a08eb9b3-129745_226836.jpg\" alt=\"Solar Panels Germany\" \/><\/p>\n<p>Engie, Total et les autres ont \u00e9galement pes\u00e9 combien les \u00e9nergies renouvelables sont un investissement \u00e9conomique extr\u00eamement rentable disposant d\u2019une technologie toujours plus mature et flexible. Et pour ces grandes entreprises, le changement est urgent car des g\u00e9ants comme Google (via leur projet pilote SunRoof Project) ou des t\u00e9l\u00e9coms reluquent d\u00e9j\u00e0 avec insistance sur le potentiel que repr\u00e9sente le march\u00e9 du photovolta\u00efque r\u00e9sidentiel et de l\u2019\u00e9nergie d\u00e9centralis\u00e9e en g\u00e9n\u00e9ral.<\/p>\n<p>C\u2019est un signal important dans le chef de la maison Engie qui reconna\u00eet par l\u00e0-m\u00eame combien les \u00e9nergies renouvelables sont notre pr\u00e9sent et notre avenir et combien le nucl\u00e9aire est une technologie du pass\u00e9.<\/p>\n<p>La ministre Marghem et le gouvernement belge entendront-ils ce signal ? D\u00e9cideront-ils enfin, eux aussi, d\u2019ouvrir la voie au renouvelable en retirant le nucl\u00e9aire encombrant, incertain voire m\u00eame parfois dangereux du r\u00e9seau ?<\/p>\n<p>C\u2019est notre conviction et notre combat depuis de nombreuses ann\u00e9es. Mais notre combat est aussi celui du partage de l\u2019\u00e9nergie et de la d\u00e9mocratisation de ce secteur. C\u2019est pour cela que, plus que jamais ce combat pour plus d\u2019\u00e9nergies renouvelables et la fin des \u00e9nergies sales s\u2019accompagnera toujours d\u2019une volont\u00e9 que l\u2019\u00e9nergie appartienne aux citoyens.<\/p>\n<p>Pour plus de coop\u00e9ratives de l\u2019\u00e9olien,<br \/>\nPour plus de citoyens consommacteurs,<br \/>\nPour de l\u2019\u00e9nergie renouvelable aux mains des citoyens !<br \/>\nLa transition est en marche, tout le monde doit pouvoir en b\u00e9n\u00e9ficier.<\/p>\n<\/div>\n<\/div>\n","protected":false},"excerpt":{"rendered":"<p>Engie a compris ce que nous d\u00e9fendons depuis toujours: l&rsquo;avenir est aux \u00e9nergies renouvelables. Le premier acteur de l&rsquo;\u00e9nergie en Belgique doit d\u00e9sormais \u00eatre coh\u00e9rent et sortir du nucl\u00e9aire au plus vite. Le nucl\u00e9aire pr\u00e9domine encore et toujours sur le r\u00e9seau \u00e9lectrique, il faut faire de la place au renouvelable !Greenpeace a pris connaissance de la transition amorc\u00e9e par Engie et l&rsquo;accueille favorablement. A l&rsquo;instar du tournant pris par Total (rachetant Sunpower, producteur de PV et Saft-batterie de stockage) les multinationales de l&rsquo;\u00e9nergie sale ont compris que le r\u00e9chauffement climatique n&rsquo;attend plus; que l&rsquo;accord de Paris doit \u00eatre mis en oeuvre urgemment et qu&rsquo;il sonne le glas des \u00e9nergies fossiles et du nucl\u00e9aire.<\/p>\n","protected":false},"author":49,"featured_media":1038,"comment_status":"closed","ping_status":"closed","sticky":false,"template":"","format":"standard","meta":{"ep_exclude_from_search":false,"p4_og_title":"","p4_og_description":"","p4_og_image":"","p4_og_image_id":"","p4_seo_canonical_url":"","p4_campaign_name":"","p4_local_project":"","p4_basket_name":"","p4_department":"","footnotes":""},"categories":[106],"tags":[70],"p4-page-type":[116],"class_list":["post-1037","post","type-post","status-publish","format-standard","has-post-thumbnail","hentry","category-il-est-encore-temps","tag-energie","p4-page-type-actualites-blog"],"_links":{"self":[{"href":"https:\/\/www.greenpeace.org\/belgium\/fr\/wp-json\/wp\/v2\/posts\/1037","targetHints":{"allow":["GET"]}}],"collection":[{"href":"https:\/\/www.greenpeace.org\/belgium\/fr\/wp-json\/wp\/v2\/posts"}],"about":[{"href":"https:\/\/www.greenpeace.org\/belgium\/fr\/wp-json\/wp\/v2\/types\/post"}],"author":[{"embeddable":true,"href":"https:\/\/www.greenpeace.org\/belgium\/fr\/wp-json\/wp\/v2\/users\/49"}],"replies":[{"embeddable":true,"href":"https:\/\/www.greenpeace.org\/belgium\/fr\/wp-json\/wp\/v2\/comments?post=1037"}],"version-history":[{"count":2,"href":"https:\/\/www.greenpeace.org\/belgium\/fr\/wp-json\/wp\/v2\/posts\/1037\/revisions"}],"predecessor-version":[{"id":2707,"href":"https:\/\/www.greenpeace.org\/belgium\/fr\/wp-json\/wp\/v2\/posts\/1037\/revisions\/2707"}],"wp:featuredmedia":[{"embeddable":true,"href":"https:\/\/www.greenpeace.org\/belgium\/fr\/wp-json\/wp\/v2\/media\/1038"}],"wp:attachment":[{"href":"https:\/\/www.greenpeace.org\/belgium\/fr\/wp-json\/wp\/v2\/media?parent=1037"}],"wp:term":[{"taxonomy":"category","embeddable":true,"href":"https:\/\/www.greenpeace.org\/belgium\/fr\/wp-json\/wp\/v2\/categories?post=1037"},{"taxonomy":"post_tag","embeddable":true,"href":"https:\/\/www.greenpeace.org\/belgium\/fr\/wp-json\/wp\/v2\/tags?post=1037"},{"taxonomy":"p4-page-type","embeddable":true,"href":"https:\/\/www.greenpeace.org\/belgium\/fr\/wp-json\/wp\/v2\/p4-page-type?post=1037"}],"curies":[{"name":"wp","href":"https:\/\/api.w.org\/{rel}","templated":true}]}}