{"id":1048,"date":"2018-05-03T00:00:00","date_gmt":"2018-05-02T23:00:00","guid":{"rendered":"https:\/\/www.greenpeace.org\/belgium\/blog\/1048\/la-decision-inattendue-de-la-kbc-est-une-victoire-pour-le-climat\/"},"modified":"2019-11-06T10:23:30","modified_gmt":"2019-11-06T08:23:30","slug":"la-decision-inattendue-de-la-kbc-est-une-victoire-pour-le-climat","status":"publish","type":"post","link":"https:\/\/www.greenpeace.org\/belgium\/fr\/communique-de-presse\/1048\/la-decision-inattendue-de-la-kbc-est-une-victoire-pour-le-climat\/","title":{"rendered":"\u00ab\u00a0La d\u00e9cision inattendue de la KBC est une victoire pour le climat\u00a0\u00bb"},"content":{"rendered":"<div class=\"leader\">Ce matin, Greenpeace a men\u00e9 une action au si\u00e8ge de la KBC, s\u2019opposant aux investissements de la banque dans les \u00e9nergies fossiles. De mani\u00e8re inattendue, celle-ci a d\u00e9clar\u00e9 durant son Assembl\u00e9e g\u00e9n\u00e9rale un revirement complet de sa politique en la mati\u00e8re.<\/div>\n<div>\n<p>Mathieu Soete, expert Energie chez Greenpeace Belgique se trouvait ce matin avec la quinzaine d\u2019activistes qui ont d\u00e9ploy\u00e9 des banderoles au si\u00e8ge de la KBC, \u00e0 Bruxelles. Il r\u00e9agit \u00e0 cette d\u00e9cision: <em>\u201cAlors que durant nos contacts pass\u00e9s avec la banque, nous nous heurtions \u00e0 une fin de non-recevoir en la mati\u00e8re, il semble bien que cela soit devenu enfin possible: la KBC va arr\u00eater imm\u00e9diatement ses investissements dans de nouvelles mines et centrales de charbon, et va rapidement l\u00e2cher ses capitaux dans les \u00e9nergies fossiles en Tch\u00e9quie \u00e9galement. C\u2019est une victoire pour le climat, l\u2019environnement et les localit\u00e9s tch\u00e8ques qui aujourd\u2019hui encore sont menac\u00e9es par l\u2019expansion mini\u00e8re.\u201d<\/em><\/p>\n<p>Vladim\u00edr Bu\u0159t, le bourgmestre de la commune tch\u00e8que de Horn\u00ed Ji\u0159et\u00edn, \u00e9tait m\u00eame pr\u00e9sent ce matin afin de mettre sur le tapis les cons\u00e9quences de l\u2019industrie du charbon pour la population locale. <em>\u201cL\u2019entreprise mini\u00e8re Severn\u00ed Energetick\u00e1 essaie depuis des ann\u00e9es d\u2019\u00e9tendre sa mine \u010cSA aux d\u00e9pens de notre village. Mais nos concitoyens refusent de quitter leur maison. Je suis ici aujourd\u2019hui pour demander \u00e0 la CBC de ne plus investir dans ce genre de projets, car les cons\u00e9quences seront encore visibles pendant des g\u00e9n\u00e9rations\u201d<\/em>, avait-il d\u00e9clar\u00e9 avant l\u2019Assembl\u00e9e g\u00e9n\u00e9rale de la banque.<\/p>\n<p>Celle-ci aura finalement entendu sa pri\u00e8re et celle de tous ses concitoyens. Pour le bien de la plan\u00e8te.<\/p>\n<p><strong>Contact:<\/strong><br \/>\nThomas Leroy, attach\u00e9 de presse de Greenpeace, 0496\/26.31.91<\/p>\n<\/div>\n","protected":false},"excerpt":{"rendered":"<div>\n\tCe matin, Greenpeace a men\u00e9 une action au si\u00e8ge de la KBC, s&rsquo;opposant aux investissements de la banque dans les \u00e9nergies fossiles. De mani\u00e8re inattendue, celle-ci a d\u00e9clar\u00e9 durant son Assembl\u00e9e g\u00e9n\u00e9rale un revirement complet de sa politique en la mati\u00e8re.\n<\/div>\n","protected":false},"author":105,"featured_media":2515,"comment_status":"closed","ping_status":"closed","sticky":false,"template":"","format":"standard","meta":{"ep_exclude_from_search":false,"p4_og_title":"","p4_og_description":"","p4_og_image":"","p4_og_image_id":"","p4_seo_canonical_url":"","p4_campaign_name":"","p4_local_project":"","p4_basket_name":"","p4_department":"","footnotes":""},"categories":[107],"tags":[86],"p4-page-type":[117],"class_list":["post-1048","post","type-post","status-publish","format-standard","has-post-thumbnail","hentry","category-ensemble-nous-sommes-la-solution","tag-climat","p4-page-type-communique-de-presse"],"_links":{"self":[{"href":"https:\/\/www.greenpeace.org\/belgium\/fr\/wp-json\/wp\/v2\/posts\/1048","targetHints":{"allow":["GET"]}}],"collection":[{"href":"https:\/\/www.greenpeace.org\/belgium\/fr\/wp-json\/wp\/v2\/posts"}],"about":[{"href":"https:\/\/www.greenpeace.org\/belgium\/fr\/wp-json\/wp\/v2\/types\/post"}],"author":[{"embeddable":true,"href":"https:\/\/www.greenpeace.org\/belgium\/fr\/wp-json\/wp\/v2\/users\/105"}],"replies":[{"embeddable":true,"href":"https:\/\/www.greenpeace.org\/belgium\/fr\/wp-json\/wp\/v2\/comments?post=1048"}],"version-history":[{"count":2,"href":"https:\/\/www.greenpeace.org\/belgium\/fr\/wp-json\/wp\/v2\/posts\/1048\/revisions"}],"predecessor-version":[{"id":2517,"href":"https:\/\/www.greenpeace.org\/belgium\/fr\/wp-json\/wp\/v2\/posts\/1048\/revisions\/2517"}],"wp:featuredmedia":[{"embeddable":true,"href":"https:\/\/www.greenpeace.org\/belgium\/fr\/wp-json\/wp\/v2\/media\/2515"}],"wp:attachment":[{"href":"https:\/\/www.greenpeace.org\/belgium\/fr\/wp-json\/wp\/v2\/media?parent=1048"}],"wp:term":[{"taxonomy":"category","embeddable":true,"href":"https:\/\/www.greenpeace.org\/belgium\/fr\/wp-json\/wp\/v2\/categories?post=1048"},{"taxonomy":"post_tag","embeddable":true,"href":"https:\/\/www.greenpeace.org\/belgium\/fr\/wp-json\/wp\/v2\/tags?post=1048"},{"taxonomy":"p4-page-type","embeddable":true,"href":"https:\/\/www.greenpeace.org\/belgium\/fr\/wp-json\/wp\/v2\/p4-page-type?post=1048"}],"curies":[{"name":"wp","href":"https:\/\/api.w.org\/{rel}","templated":true}]}}