{"id":1050,"date":"2016-06-15T20:12:00","date_gmt":"2016-06-15T20:12:00","guid":{"rendered":"https:\/\/www.greenpeace.org\/belgium\/blog\/1050\/total-rachete-lampiris-totalement-pas-daccord\/"},"modified":"2021-12-01T14:19:12","modified_gmt":"2021-12-01T13:19:12","slug":"total-rachete-lampiris-totalement-pas-daccord","status":"publish","type":"post","link":"https:\/\/www.greenpeace.org\/belgium\/fr\/actualites-blog\/1050\/total-rachete-lampiris-totalement-pas-daccord\/","title":{"rendered":"Total rach\u00e8te Lampiris: totalement pas d\u2019accord"},"content":{"rendered":"<div class=\"post-content\">\n<div>\n<p><strong>Le rachat de Lampiris par Total est coh\u00e9rent avec la strat\u00e9gie du g\u00e9ant p\u00e9trolier fran\u00e7ais, mais pose des questions importantes aux consommateurs quant aux c\u00f4t\u00e9s vert et belge que Lampiris a toujours mis en avant.<\/strong><\/p>\n<p><strong><img decoding=\"async\" src=\"https:\/\/www.greenpeace.org\/static\/planet4-belgium-stateless\/2018\/12\/f7242a08-f7242a08-127504_221593.jpg\" alt=\"\" \/><\/strong><\/p>\n<p>Il ne vous aura pas \u00e9chapp\u00e9 que le g\u00e9ant p\u00e9trolier fran\u00e7ais vient de racheter Lampiris, fournisseur de gaz et d\u2019\u00e9lectricit\u00e9 qui se revendiquait <a href=\"http:\/\/www.greenpeace.org\/belgium\/fr\/electricite-verte\/lampiris\/\">100% vert<\/a> et 100% belge. Notre ranking de 2014 mettait d\u00e9j\u00e0 en \u00e9vidence une certaine nuance entre leur communication 100% verte et la r\u00e9alit\u00e9 de leurs mix \u00e9nerg\u00e9tiques (qui d\u00e9terminent d\u2019o\u00f9 provient r\u00e9ellement l\u2019\u00e9lectricit\u00e9 qu\u2019ils vendent).<\/p>\n<p>Total est le 4i\u00e8me plus grand producteur de p\u00e9trole au monde et se revendique aujourd\u2019hui d\u2019\u00eatre le premier producteur de photovolta\u00efque apr\u00e8s avoir rachet\u00e9 Sun Power. Entre le greenwashing et la vraie mutation, qu\u2019en est-il de ce g\u00e9ant du p\u00e9trole ?<\/p>\n<p>Apr\u00e8s la COP 21, il est clair que de grands groupes comme TOTAL doivent se poser des questions sur leur avenir car si les Etats s\u2019engagent r\u00e9ellement \u00e0 maintenir le r\u00e9chauffement global sous la barre des 1,5\u00b0c d\u2019augmentation il faudra d\u00e9finitivement se passer des hydrocarbures. Gros probl\u00e8me donc pour les groupes p\u00e9troliers qui tentent de diversifier leurs investissements. Du point de vue de TOTAL, racheter Lampiris est donc coh\u00e9rent.<\/p>\n<p>Apr\u00e8s avoir rachet\u00e9 Sun Power, le g\u00e9ant am\u00e9ricain du photovolta\u00efque, Saft, producteur de batteries de stockage, s\u2019octroyer les services de Lampiris pour s\u2019emparer du march\u00e9 de fourniture d\u2019\u00e9lectricit\u00e9 aux particuliers est une vision globale qui peut \u00eatre logique pour tenter d\u2019amorcer un virage \u00e9nerg\u00e9tique vers les \u00e9nergies renouvelables. Ils savent comme nous que ce sont les \u00e9nergies du futur !<\/p>\n<h3><strong>TOTAL : un pass\u00e9 sulfureux, un pr\u00e9sent encore flou<\/strong><\/h3>\n<p>Mais, parce qu\u2019il y a un mais bien s\u00fbr, n\u2019oublions pas que TOTAL est le 4\u00e8me leader mondial de production de gaz et de p\u00e9trole. Qu\u2019ils se sont engag\u00e9s \u00e0 ne plus forer en Arctique mais qu\u2019ils payent GAZPROM pour le faire. Ils ont d\u2019ailleurs sign\u00e9 avec eux un contrat de long terme en approvisionnement en hydrocarbure. Leur langage est donc TOTALement hypocrite \u00e0 cet \u00e9gard.<\/p>\n<p>TOTAL est \u00e9galement pr\u00e9sent dans l\u2019Alberta au Canada o\u00f9 ils participent \u00e0 l\u2019exploitation des schistes et des <a href=\"http:\/\/www.greenpeace.org\/archive-canada\/en\/campaigns\/Energy\/tarsands\/\">sables bitumineux<\/a> avec les cons\u00e9quences \u00e9cologiques graves que l\u2019on conna\u00eet. Et s\u2019ils disent qu\u2019ils ont r\u00e9duit leurs investissements aujourd\u2019hui, c\u2019est essentiellement car avec la baisse actuelle des prix du p\u00e9trole, l\u2019exploitation des sables bitumineux devient de moins en moins rentable.<\/p>\n<p>Enfin, TOTAL a une image d\u00e9plorable \u00e9galement pour tous ceux qui se soucient de l\u2019environnement, de l\u2019\u00e9thique, des droits de l\u2019homme de par les catastrophes du naufrage de \u00a0l\u2019Erika en 1999, des accusations de financement de la dictature militaire en Birmanie ou encore des accusations de corruption des autorit\u00e9s libyennes, du recours \u00e0 des paradis fiscaux pour ne citer que quelques exemples.<\/p>\n<h3><strong>LAMPIRIS est votre fournisseur d\u2019\u00e9lectricit\u00e9 et de gaz ?<\/strong><\/h3>\n<p>Bref, la question que l\u2019on se pose aujourd\u2019hui est de savoir ce que va faire Lampiris en rejoignant TOTAL et s\u2019il ne vend pas son \u00e2me au diable ? Seront-ils le faire-valoir de TOTAL ? La porte d\u2019entr\u00e9e pour nous s\u00e9duire tous ? Nous, consommateurs belges et fran\u00e7ais ? Mais comment faire confiance encore \u00e0 ceux qui faisaient de leur belgitude et vertitude leur marque de fabrique une fois absorb\u00e9s par ce producteur de p\u00e9trole ?<\/p>\n<p>Aujourd\u2019hui, nous invitons toutes les personnes d\u00e9\u00e7ues par ce rachat \u00e0 consulter notre ranking et \u00e0 se positionner en fonction. Ce ranking date de 2014, les nouveaux venus comme MEGA, POWEO, COCITER et les autres ne s\u2019y trouvent pas encore. Cette actualisation sera faite pour le mois de septembre et nous ne pouvons acc\u00e9l\u00e9rer le processus car il est fait de rencontres avec les fournisseurs et les producteurs afin de conna\u00eetre pr\u00e9cis\u00e9ment leurs mix \u00e9nerg\u00e9tiques et leur politique d\u2019investissement.<\/p>\n<p>N\u2019oubliez de toute fa\u00e7on pas qu\u2019il est tr\u00e8s facile de changer de fournisseur. Que vous pouvez changer \u00e0 tout moment et sans frais ; il vous suffit de vous inscrire chez un autre fournisseur, c\u2019est lui qui fera toutes les d\u00e9marches.<\/p>\n<p>Pr\u00e9f\u00e9rez donc ceux qui disposent d\u2019une meilleure cote que Lampiris dans <a href=\"http:\/\/www.greenpeace.org\/belgium\/fr\/electricite-verte\/\">notre ranking<\/a> ; qui produisent de l\u2019\u00e9lectricit\u00e9 en Belgique comme ENECO et, mieux encore, qui permettent une participation citoyenne comme ENERGIE 2030 ou COCITER, Wase Wind ou \u00a0ECOPOWER. Tous ne sont pas encore dans notre ranking mais s\u2019y trouveront en septembre.<\/p>\n<p>N\u2019h\u00e9sitez pas \u00e0 nous suivre, \u00e0 consulter<a style=\"text-decoration: none;\" href=\"http:\/\/www.ecoconso.be\/fr\/content\/cest-le-moment-de-passer-lenergie-verte\"> la fiche \u2013 avec comparateurs d\u2019\u00e9nergie \u2013 d\u2019Ecoconso<\/a> et rendez-vous en septembre pour plus de d\u00e9tails.<\/p>\n<\/div>\n<\/div>\n<div class=\"EmptyMessage\">Block content is empty. Check the block&rsquo;s settings or remove it.<\/div>","protected":false},"excerpt":{"rendered":"<p>Le rachat de Lampiris par Total est coh\u00e9rent avec la strat\u00e9gie du g\u00e9ant p\u00e9trolier fran\u00e7ais, mais pose des questions importantes aux consommateurs quant aux c\u00f4t\u00e9s vert et belge que Lampiris a toujours mis en avant.<\/p>\n","protected":false},"author":49,"featured_media":1051,"comment_status":"closed","ping_status":"closed","sticky":false,"template":"","format":"standard","meta":{"ep_exclude_from_search":false,"p4_og_title":"","p4_og_description":"","p4_og_image":"","p4_og_image_id":"","p4_seo_canonical_url":"","p4_campaign_name":"","p4_local_project":"","p4_basket_name":"","p4_department":"","footnotes":""},"categories":[106],"tags":[70,86],"p4-page-type":[116],"class_list":["post-1050","post","type-post","status-publish","format-standard","has-post-thumbnail","hentry","category-il-est-encore-temps","tag-energie","tag-climat","p4-page-type-actualites-blog"],"_links":{"self":[{"href":"https:\/\/www.greenpeace.org\/belgium\/fr\/wp-json\/wp\/v2\/posts\/1050","targetHints":{"allow":["GET"]}}],"collection":[{"href":"https:\/\/www.greenpeace.org\/belgium\/fr\/wp-json\/wp\/v2\/posts"}],"about":[{"href":"https:\/\/www.greenpeace.org\/belgium\/fr\/wp-json\/wp\/v2\/types\/post"}],"author":[{"embeddable":true,"href":"https:\/\/www.greenpeace.org\/belgium\/fr\/wp-json\/wp\/v2\/users\/49"}],"replies":[{"embeddable":true,"href":"https:\/\/www.greenpeace.org\/belgium\/fr\/wp-json\/wp\/v2\/comments?post=1050"}],"version-history":[{"count":3,"href":"https:\/\/www.greenpeace.org\/belgium\/fr\/wp-json\/wp\/v2\/posts\/1050\/revisions"}],"predecessor-version":[{"id":25622,"href":"https:\/\/www.greenpeace.org\/belgium\/fr\/wp-json\/wp\/v2\/posts\/1050\/revisions\/25622"}],"wp:featuredmedia":[{"embeddable":true,"href":"https:\/\/www.greenpeace.org\/belgium\/fr\/wp-json\/wp\/v2\/media\/1051"}],"wp:attachment":[{"href":"https:\/\/www.greenpeace.org\/belgium\/fr\/wp-json\/wp\/v2\/media?parent=1050"}],"wp:term":[{"taxonomy":"category","embeddable":true,"href":"https:\/\/www.greenpeace.org\/belgium\/fr\/wp-json\/wp\/v2\/categories?post=1050"},{"taxonomy":"post_tag","embeddable":true,"href":"https:\/\/www.greenpeace.org\/belgium\/fr\/wp-json\/wp\/v2\/tags?post=1050"},{"taxonomy":"p4-page-type","embeddable":true,"href":"https:\/\/www.greenpeace.org\/belgium\/fr\/wp-json\/wp\/v2\/p4-page-type?post=1050"}],"curies":[{"name":"wp","href":"https:\/\/api.w.org\/{rel}","templated":true}]}}