{"id":15109,"date":"2020-05-04T09:33:40","date_gmt":"2020-05-04T08:33:40","guid":{"rendered":"https:\/\/www.greenpeace.org\/belgium\/?p=15109"},"modified":"2020-05-04T09:34:17","modified_gmt":"2020-05-04T08:34:17","slug":"aides-detat-pour-les-compagnies-aeriennes-pas-sans-garanties-sociales-et-climatiques","status":"publish","type":"post","link":"https:\/\/www.greenpeace.org\/belgium\/fr\/rapport\/15109\/aides-detat-pour-les-compagnies-aeriennes-pas-sans-garanties-sociales-et-climatiques\/","title":{"rendered":"Aides d&rsquo;\u00c9tat pour les compagnies a\u00e9riennes: pas sans garanties sociales et climatiques"},"content":{"rendered":"\n<p><strong>Le secteur de l&rsquo;aviation est soumis \u00e0 une forte pression en raison de l&rsquo;\u00e9pid\u00e9mie de coronavirus. En r\u00e9ponse, plusieurs compagnies a\u00e9riennes demandent le soutien du gouvernement. Brussels Airlines souhaite obtenir 200 \u00e0 300 millions d&rsquo;euros de soutien de la part du gouvernement f\u00e9d\u00e9ral. TUI Fly Belgium et Air Belgium frappent \u00e9galement \u00e0 la porte pour demander de l&rsquo;aide. Bond Beter Leefmilieu, IEW, Greenpeace et Zomer Zonder Vliegen demandent aux politiciens de veiller \u00e0 faire bon usage des deniers publics.<\/strong><\/p>\n\n<figure class=\"wp-block-image size-large  caption-style-blue-overlay caption-alignment-center\"><img loading=\"lazy\" decoding=\"async\" width=\"999\" height=\"663\" src=\"https:\/\/www.greenpeace.org\/static\/planet4-belgium-stateless\/2020\/04\/b424ce70-airplanes.jpg\" alt=\"\" class=\"wp-image-15066\" srcset=\"https:\/\/www.greenpeace.org\/static\/planet4-belgium-stateless\/2020\/04\/b424ce70-airplanes.jpg 999w, https:\/\/www.greenpeace.org\/static\/planet4-belgium-stateless\/2020\/04\/b424ce70-airplanes-300x199.jpg 300w, https:\/\/www.greenpeace.org\/static\/planet4-belgium-stateless\/2020\/04\/b424ce70-airplanes-768x510.jpg 768w, https:\/\/www.greenpeace.org\/static\/planet4-belgium-stateless\/2020\/04\/b424ce70-airplanes-510x338.jpg 510w\" sizes=\"auto, (max-width: 999px) 100vw, 999px\" \/><\/figure>\n\n<p>Soutenir les compagnies a\u00e9riennes ne devrait se faire que dans le but de briser une spirale \u00e9conomique descendante et de prot\u00e9ger les droits des travailleurs. Cela ne doit pas servir \u00e0 relancer de plus belle un secteur qui ne contribue de fa\u00e7on \u00e9quitable ni \u00e0 notre soci\u00e9t\u00e9 ni aux objectifs climatique.<\/p>\n\n<p><a href=\"https:\/\/www.greenpeace.org\/static\/planet4-belgium-stateless\/2020\/05\/e7f521fb-policy_briefing_fr_aides_etat_compagnies_aeriennes.pdf\">Lire le briefing politique au format pdf.<\/a><\/p>\n","protected":false},"excerpt":{"rendered":"<p>Le secteur de l&rsquo;aviation est soumis \u00e0 une forte pression en raison de l&rsquo;\u00e9pid\u00e9mie de coronavirus. En r\u00e9ponse, plusieurs compagnies a\u00e9riennes demandent le soutien du gouvernement. Brussels Airlines souhaite obtenir&hellip;<\/p>\n","protected":false},"author":49,"featured_media":15066,"comment_status":"closed","ping_status":"closed","sticky":false,"template":"","format":"standard","meta":{"ep_exclude_from_search":false,"p4_og_title":"Aides d'\u00c9tat pour les compagnies a\u00e9riennes","p4_og_description":"Pas sans garanties sociales et climatiques.","p4_og_image":"","p4_og_image_id":"","p4_seo_canonical_url":"","p4_campaign_name":"not set","p4_local_project":"not set","p4_basket_name":"not set","p4_department":"","footnotes":""},"categories":[1],"tags":[74,86],"p4-page-type":[119],"class_list":["post-15109","post","type-post","status-publish","format-standard","has-post-thumbnail","hentry","category-non-classifiee","tag-mobilite","tag-climat","p4-page-type-rapport"],"_links":{"self":[{"href":"https:\/\/www.greenpeace.org\/belgium\/fr\/wp-json\/wp\/v2\/posts\/15109","targetHints":{"allow":["GET"]}}],"collection":[{"href":"https:\/\/www.greenpeace.org\/belgium\/fr\/wp-json\/wp\/v2\/posts"}],"about":[{"href":"https:\/\/www.greenpeace.org\/belgium\/fr\/wp-json\/wp\/v2\/types\/post"}],"author":[{"embeddable":true,"href":"https:\/\/www.greenpeace.org\/belgium\/fr\/wp-json\/wp\/v2\/users\/49"}],"replies":[{"embeddable":true,"href":"https:\/\/www.greenpeace.org\/belgium\/fr\/wp-json\/wp\/v2\/comments?post=15109"}],"version-history":[{"count":3,"href":"https:\/\/www.greenpeace.org\/belgium\/fr\/wp-json\/wp\/v2\/posts\/15109\/revisions"}],"predecessor-version":[{"id":15112,"href":"https:\/\/www.greenpeace.org\/belgium\/fr\/wp-json\/wp\/v2\/posts\/15109\/revisions\/15112"}],"wp:featuredmedia":[{"embeddable":true,"href":"https:\/\/www.greenpeace.org\/belgium\/fr\/wp-json\/wp\/v2\/media\/15066"}],"wp:attachment":[{"href":"https:\/\/www.greenpeace.org\/belgium\/fr\/wp-json\/wp\/v2\/media?parent=15109"}],"wp:term":[{"taxonomy":"category","embeddable":true,"href":"https:\/\/www.greenpeace.org\/belgium\/fr\/wp-json\/wp\/v2\/categories?post=15109"},{"taxonomy":"post_tag","embeddable":true,"href":"https:\/\/www.greenpeace.org\/belgium\/fr\/wp-json\/wp\/v2\/tags?post=15109"},{"taxonomy":"p4-page-type","embeddable":true,"href":"https:\/\/www.greenpeace.org\/belgium\/fr\/wp-json\/wp\/v2\/p4-page-type?post=15109"}],"curies":[{"name":"wp","href":"https:\/\/api.w.org\/{rel}","templated":true}]}}